{"id":443689,"date":"2026-04-14T09:47:27","date_gmt":"2026-04-14T12:47:27","guid":{"rendered":"https:\/\/portaltela.pt\/noticias\/2026\/04\/14\/nissan-juke-passa-a-ser-eletrico-com-design-radical\/"},"modified":"2026-04-14T09:47:27","modified_gmt":"2026-04-14T12:47:27","slug":"nissan-juke-passa-a-ser-eletrico-com-design-radical","status":"publish","type":"post","link":"https:\/\/portaltela.pt\/tecnologia\/2026\/04\/14\/nissan-juke-passa-a-ser-eletrico-com-design-radical\/","title":{"rendered":"Nissan Juke passa a ser el\u00e9trico com design radical"},"content":{"rendered":"<p>O Nissan Juke dar\u00e1 origem a uma terceira gera\u00e7\u00e3o totalmente el\u00e9ctrica, com um design angular inspirado no prot\u00f3tipo Hyper Punk. A transi\u00e7\u00e3o para a mobilidade el\u00e9ctrica est\u00e1 prevista para 2027, mantendo a irrever\u00eancia que marcou o modelo desde o seu lan\u00e7amento.<\/p>\n<p>A Nissan confirmou que o Juke EV ser\u00e1 constru\u00eddo sobre a plataforma CMF-EV, utilizada por outros modelos do grupo. Embora tenha considerado substituir as vers\u00f5es a combust\u00e3o, a marca decidiu manter uma vers\u00e3o atualizada a gasolina em paralelo, face \u00e0 incerteza do mercado.<\/p>\n<p>Do ponto de vista visual, o Juke EV dever\u00e1 destacar-se pela est\u00e9tica com formas poligonais e arestas vivas, lembrando modelos 3D de baixa resolu\u00e7\u00e3o. Cl\u00edodhna Lyons, vice-presidente da Nissan para a estrat\u00e9gia de produto na regi\u00e3o, ressalta que o modelo continuar\u00e1 a desafiar conven\u00e7\u00f5es, adaptando o esp\u00edrito do Juke \u00e0 era el\u00e9ctrica.<\/p>\n<p>J\u00e1 no cap\u00edtulo t\u00e9cnico, prev\u00ea-se que o Juke EV partilhe componentes com o novo Leaf, o que pode incluir baterias de 52 kWh e 75,1 kWh. A autonomia estimada sitaria-se, no ciclo WLTP, num patamar pr\u00f3ximo dos 620 quil\u00f3metros. A produ\u00e7\u00e3o ficar\u00e1 a cargo da unidade de Sunderland, no Reino Unido.<\/p>\n<p>Em termos de din\u00e2mica, o EV dever\u00e1 manter trac\u00e7\u00e3o dianteira, privilegiando a agilidade urbana. Embora partilhe a base com o Leaf, o Juke el\u00e9ctrico dever\u00e1 apresentar um comportamento mais desportivo, visando atrair um p\u00fablico jovem ligado ao design. O pre\u00e7o n\u00e3o foi ainda anunciado, sendo esperado que concorra com modelos como o Kia EV3 ou o Renault 4 E-Tech.<\/p>\n","protected":false},"excerpt":{"rendered":"<ul>\n<li>A terceira gera\u00e7\u00e3o do Nissan Juke ser\u00e1 totalmente el\u00e9ctrica, com lan\u00e7amento previsto para 2027.<\/li>\n<li>O design \u00e9 angular e futurista, inspirado no prot\u00f3tipo Hyper Punk, mantendo a irrever\u00eancia caracter\u00edstica da linha.<\/li>\n<li>O Juke EV usa a plataforma CMF-EV e dever\u00e1 partilhar componentes com o Nissan Leaf, com baterias de 52 kWh ou 75,1 kWh e autonomia em torno de 620 km (WLTP).<\/li>\n<li>A produ\u00e7\u00e3o fica a cargo da unidade de Sunderland, no Reino Unido, com foco no mercado europeu, mantendo para j\u00e1 uma vers\u00e3o a gasolina em paralelo.<\/li>\n<li>O modelo manter\u00e1 trac\u00e7\u00e3o dianteira, privilegiando a agilidade urbana, e o pre\u00e7o ainda n\u00e3o foi divulgado.<\/li>\n<\/ul>\n","protected":false},"author":2,"featured_media":443693,"comment_status":"closed","ping_status":"closed","sticky":false,"template":"","format":"standard","meta":{"footnotes":""},"categories":[6716],"tags":[2371,6042,174,2110,2111,153],"class_list":["post-443689","post","type-post","status-publish","format-standard","has-post-thumbnail","hentry","category-tecnologia","tag-automoveis","tag-carros","tag-energia","tag-mobilidade","tag-reino-unido","tag-tecnologia"],"yoast_head":"<!-- This site is optimized with the Yoast SEO plugin v27.2 - https:\/\/yoast.com\/product\/yoast-seo-wordpress\/ -->\n<title>Nissan Juke passa a ser el\u00e9trico com design radical - Portal Tela Portugal<\/title>\n<meta name=\"robots\" content=\"index, follow, max-snippet:-1, max-image-preview:large, max-video-preview:-1\" \/>\n<meta property=\"og:locale\" content=\"pt_PT\" \/>\n<meta property=\"og:type\" content=\"article\" \/>\n<meta property=\"og:title\" content=\"Nissan Juke passa a ser el\u00e9trico com design radical - Portal Tela Portugal\" \/>\n<meta property=\"og:description\" content=\"A terceira gera\u00e7\u00e3o do Nissan Juke ser\u00e1 totalmente el\u00e9ctrica, com lan\u00e7amento previsto para 2027. O design \u00e9 angular e futurista, inspirado no prot\u00f3tipo Hyper Punk, mantendo a irrever\u00eancia caracter\u00edstica da linha. O Juke EV usa a plataforma CMF-EV e dever\u00e1 partilhar componentes com o Nissan Leaf, com baterias de 52 kWh ou 75,1 kWh e autonomia em torno de 620 km (WLTP). A produ\u00e7\u00e3o fica a cargo da unidade de Sunderland, no Reino Unido, com foco no mercado europeu, mantendo para j\u00e1 uma vers\u00e3o a gasolina em paralelo. O modelo manter\u00e1 trac\u00e7\u00e3o dianteira, privilegiando a agilidade urbana, e o pre\u00e7o ainda n\u00e3o foi divulgado.\" \/>\n<meta property=\"og:url\" content=\"https:\/\/portaltela.pt\/noticias\/2026\/04\/14\/nissan-juke-passa-a-ser-eletrico-com-design-radical\/\" \/>\n<meta property=\"og:site_name\" content=\"Portal Tela Portugal\" \/>\n<meta property=\"article:published_time\" content=\"2026-04-14T12:47:27+00:00\" \/>\n<meta name=\"author\" content=\"Telinha\" \/>\n<meta name=\"twitter:card\" content=\"summary_large_image\" \/>\n<meta name=\"twitter:label1\" content=\"Escrito por\" \/>\n\t<meta name=\"twitter:data1\" content=\"Telinha\" \/>\n\t<meta name=\"twitter:label2\" content=\"Tempo estimado de leitura\" \/>\n\t<meta name=\"twitter:data2\" content=\"1 minuto\" \/>\n<script type=\"application\/ld+json\" class=\"yoast-schema-graph\">{\"@context\":\"https:\/\/schema.org\",\"@graph\":[{\"@type\":\"Article\",\"@id\":\"https:\/\/portaltela.pt\/noticias\/2026\/04\/14\/nissan-juke-passa-a-ser-eletrico-com-design-radical\/#article\",\"isPartOf\":{\"@id\":\"https:\/\/portaltela.pt\/noticias\/2026\/04\/14\/nissan-juke-passa-a-ser-eletrico-com-design-radical\/\"},\"author\":{\"name\":\"Telinha\",\"@id\":\"https:\/\/portaltela.pt\/#\/schema\/person\/c4278d4a6028830caff9ee44b42d32ed\"},\"headline\":\"Nissan Juke passa a ser el\u00e9trico com design radical\",\"datePublished\":\"2026-04-14T12:47:27+00:00\",\"mainEntityOfPage\":{\"@id\":\"https:\/\/portaltela.pt\/noticias\/2026\/04\/14\/nissan-juke-passa-a-ser-eletrico-com-design-radical\/\"},\"wordCount\":280,\"image\":{\"@id\":\"https:\/\/portaltela.pt\/noticias\/2026\/04\/14\/nissan-juke-passa-a-ser-eletrico-com-design-radical\/#primaryimage\"},\"thumbnailUrl\":\"https:\/\/portaltela.pt\/s.01k8rhncp4jt1\/2026\/04\/2081128.jpg\",\"keywords\":[\"Autom\u00f3veis\",\"carros\",\"energia\",\"mobilidade\",\"Reino Unido\",\"tecnologia\"],\"articleSection\":[\"Tecnologia\"],\"inLanguage\":\"pt-PT\"},{\"@type\":\"WebPage\",\"@id\":\"https:\/\/portaltela.pt\/noticias\/2026\/04\/14\/nissan-juke-passa-a-ser-eletrico-com-design-radical\/\",\"url\":\"https:\/\/portaltela.pt\/noticias\/2026\/04\/14\/nissan-juke-passa-a-ser-eletrico-com-design-radical\/\",\"name\":\"Nissan Juke passa a ser el\u00e9trico com design radical - Portal Tela Portugal\",\"isPartOf\":{\"@id\":\"https:\/\/portaltela.pt\/#website\"},\"primaryImageOfPage\":{\"@id\":\"https:\/\/portaltela.pt\/noticias\/2026\/04\/14\/nissan-juke-passa-a-ser-eletrico-com-design-radical\/#primaryimage\"},\"image\":{\"@id\":\"https:\/\/portaltela.pt\/noticias\/2026\/04\/14\/nissan-juke-passa-a-ser-eletrico-com-design-radical\/#primaryimage\"},\"thumbnailUrl\":\"https:\/\/portaltela.pt\/s.01k8rhncp4jt1\/2026\/04\/2081128.jpg\",\"datePublished\":\"2026-04-14T12:47:27+00:00\",\"author\":{\"@id\":\"https:\/\/portaltela.pt\/#\/schema\/person\/c4278d4a6028830caff9ee44b42d32ed\"},\"breadcrumb\":{\"@id\":\"https:\/\/portaltela.pt\/noticias\/2026\/04\/14\/nissan-juke-passa-a-ser-eletrico-com-design-radical\/#breadcrumb\"},\"inLanguage\":\"pt-PT\",\"potentialAction\":[{\"@type\":\"ReadAction\",\"target\":[\"https:\/\/portaltela.pt\/noticias\/2026\/04\/14\/nissan-juke-passa-a-ser-eletrico-com-design-radical\/\"]}]},{\"@type\":\"ImageObject\",\"inLanguage\":\"pt-PT\",\"@id\":\"https:\/\/portaltela.pt\/noticias\/2026\/04\/14\/nissan-juke-passa-a-ser-eletrico-com-design-radical\/#primaryimage\",\"url\":\"https:\/\/portaltela.pt\/s.01k8rhncp4jt1\/2026\/04\/2081128.jpg\",\"contentUrl\":\"https:\/\/portaltela.pt\/s.01k8rhncp4jt1\/2026\/04\/2081128.jpg\",\"width\":796,\"height\":448,\"caption\":\"O novo Juke 100% el\u00e9ctrico tem um design que vai dar que falar\"},{\"@type\":\"BreadcrumbList\",\"@id\":\"https:\/\/portaltela.pt\/noticias\/2026\/04\/14\/nissan-juke-passa-a-ser-eletrico-com-design-radical\/#breadcrumb\",\"itemListElement\":[{\"@type\":\"ListItem\",\"position\":1,\"name\":\"In\u00edcio\",\"item\":\"https:\/\/portaltela.pt\/\"},{\"@type\":\"ListItem\",\"position\":2,\"name\":\"Nissan Juke passa a ser el\u00e9trico com design radical\"}]},{\"@type\":\"WebSite\",\"@id\":\"https:\/\/portaltela.pt\/#website\",\"url\":\"https:\/\/portaltela.pt\/\",\"name\":\"Portal Tela Portugal\",\"description\":\"\",\"potentialAction\":[{\"@type\":\"SearchAction\",\"target\":{\"@type\":\"EntryPoint\",\"urlTemplate\":\"https:\/\/portaltela.pt\/?s={search_term_string}\"},\"query-input\":{\"@type\":\"PropertyValueSpecification\",\"valueRequired\":true,\"valueName\":\"search_term_string\"}}],\"inLanguage\":\"pt-PT\"},{\"@type\":\"Person\",\"@id\":\"https:\/\/portaltela.pt\/#\/schema\/person\/c4278d4a6028830caff9ee44b42d32ed\",\"name\":\"Telinha\",\"image\":{\"@type\":\"ImageObject\",\"inLanguage\":\"pt-PT\",\"@id\":\"https:\/\/portaltela.pt\/s.01k8rhncp4jt1\/2025\/11\/talking-bot-125x125.png\",\"url\":\"https:\/\/portaltela.pt\/s.01k8rhncp4jt1\/2025\/11\/talking-bot-125x125.png\",\"contentUrl\":\"https:\/\/portaltela.pt\/s.01k8rhncp4jt1\/2025\/11\/talking-bot-125x125.png\",\"caption\":\"Telinha\"},\"sameAs\":[\"https:\/\/portaltela.pt\/\"],\"url\":\"https:\/\/portaltela.pt\/por\/367410592786\/\"}]}<\/script>\n<!-- \/ Yoast SEO plugin. -->","yoast_head_json":{"title":"Nissan Juke passa a ser el\u00e9trico com design radical - Portal Tela Portugal","robots":{"index":"index","follow":"follow","max-snippet":"max-snippet:-1","max-image-preview":"max-image-preview:large","max-video-preview":"max-video-preview:-1"},"og_locale":"pt_PT","og_type":"article","og_title":"Nissan Juke passa a ser el\u00e9trico com design radical - Portal Tela Portugal","og_description":"A terceira gera\u00e7\u00e3o do Nissan Juke ser\u00e1 totalmente el\u00e9ctrica, com lan\u00e7amento previsto para 2027. O design \u00e9 angular e futurista, inspirado no prot\u00f3tipo Hyper Punk, mantendo a irrever\u00eancia caracter\u00edstica da linha. O Juke EV usa a plataforma CMF-EV e dever\u00e1 partilhar componentes com o Nissan Leaf, com baterias de 52 kWh ou 75,1 kWh e autonomia em torno de 620 km (WLTP). A produ\u00e7\u00e3o fica a cargo da unidade de Sunderland, no Reino Unido, com foco no mercado europeu, mantendo para j\u00e1 uma vers\u00e3o a gasolina em paralelo. O modelo manter\u00e1 trac\u00e7\u00e3o dianteira, privilegiando a agilidade urbana, e o pre\u00e7o ainda n\u00e3o foi divulgado.","og_url":"https:\/\/portaltela.pt\/noticias\/2026\/04\/14\/nissan-juke-passa-a-ser-eletrico-com-design-radical\/","og_site_name":"Portal Tela Portugal","article_published_time":"2026-04-14T12:47:27+00:00","author":"Telinha","twitter_card":"summary_large_image","twitter_misc":{"Escrito por":"Telinha","Tempo estimado de leitura":"1 minuto"},"schema":{"@context":"https:\/\/schema.org","@graph":[{"@type":"Article","@id":"https:\/\/portaltela.pt\/noticias\/2026\/04\/14\/nissan-juke-passa-a-ser-eletrico-com-design-radical\/#article","isPartOf":{"@id":"https:\/\/portaltela.pt\/noticias\/2026\/04\/14\/nissan-juke-passa-a-ser-eletrico-com-design-radical\/"},"author":{"name":"Telinha","@id":"https:\/\/portaltela.pt\/#\/schema\/person\/c4278d4a6028830caff9ee44b42d32ed"},"headline":"Nissan Juke passa a ser el\u00e9trico com design radical","datePublished":"2026-04-14T12:47:27+00:00","mainEntityOfPage":{"@id":"https:\/\/portaltela.pt\/noticias\/2026\/04\/14\/nissan-juke-passa-a-ser-eletrico-com-design-radical\/"},"wordCount":280,"image":{"@id":"https:\/\/portaltela.pt\/noticias\/2026\/04\/14\/nissan-juke-passa-a-ser-eletrico-com-design-radical\/#primaryimage"},"thumbnailUrl":"https:\/\/portaltela.pt\/s.01k8rhncp4jt1\/2026\/04\/2081128.jpg","keywords":["Autom\u00f3veis","carros","energia","mobilidade","Reino Unido","tecnologia"],"articleSection":["Tecnologia"],"inLanguage":"pt-PT"},{"@type":"WebPage","@id":"https:\/\/portaltela.pt\/noticias\/2026\/04\/14\/nissan-juke-passa-a-ser-eletrico-com-design-radical\/","url":"https:\/\/portaltela.pt\/noticias\/2026\/04\/14\/nissan-juke-passa-a-ser-eletrico-com-design-radical\/","name":"Nissan Juke passa a ser el\u00e9trico com design radical - Portal Tela Portugal","isPartOf":{"@id":"https:\/\/portaltela.pt\/#website"},"primaryImageOfPage":{"@id":"https:\/\/portaltela.pt\/noticias\/2026\/04\/14\/nissan-juke-passa-a-ser-eletrico-com-design-radical\/#primaryimage"},"image":{"@id":"https:\/\/portaltela.pt\/noticias\/2026\/04\/14\/nissan-juke-passa-a-ser-eletrico-com-design-radical\/#primaryimage"},"thumbnailUrl":"https:\/\/portaltela.pt\/s.01k8rhncp4jt1\/2026\/04\/2081128.jpg","datePublished":"2026-04-14T12:47:27+00:00","author":{"@id":"https:\/\/portaltela.pt\/#\/schema\/person\/c4278d4a6028830caff9ee44b42d32ed"},"breadcrumb":{"@id":"https:\/\/portaltela.pt\/noticias\/2026\/04\/14\/nissan-juke-passa-a-ser-eletrico-com-design-radical\/#breadcrumb"},"inLanguage":"pt-PT","potentialAction":[{"@type":"ReadAction","target":["https:\/\/portaltela.pt\/noticias\/2026\/04\/14\/nissan-juke-passa-a-ser-eletrico-com-design-radical\/"]}]},{"@type":"ImageObject","inLanguage":"pt-PT","@id":"https:\/\/portaltela.pt\/noticias\/2026\/04\/14\/nissan-juke-passa-a-ser-eletrico-com-design-radical\/#primaryimage","url":"https:\/\/portaltela.pt\/s.01k8rhncp4jt1\/2026\/04\/2081128.jpg","contentUrl":"https:\/\/portaltela.pt\/s.01k8rhncp4jt1\/2026\/04\/2081128.jpg","width":796,"height":448,"caption":"O novo Juke 100% el\u00e9ctrico tem um design que vai dar que falar"},{"@type":"BreadcrumbList","@id":"https:\/\/portaltela.pt\/noticias\/2026\/04\/14\/nissan-juke-passa-a-ser-eletrico-com-design-radical\/#breadcrumb","itemListElement":[{"@type":"ListItem","position":1,"name":"In\u00edcio","item":"https:\/\/portaltela.pt\/"},{"@type":"ListItem","position":2,"name":"Nissan Juke passa a ser el\u00e9trico com design radical"}]},{"@type":"WebSite","@id":"https:\/\/portaltela.pt\/#website","url":"https:\/\/portaltela.pt\/","name":"Portal Tela Portugal","description":"","potentialAction":[{"@type":"SearchAction","target":{"@type":"EntryPoint","urlTemplate":"https:\/\/portaltela.pt\/?s={search_term_string}"},"query-input":{"@type":"PropertyValueSpecification","valueRequired":true,"valueName":"search_term_string"}}],"inLanguage":"pt-PT"},{"@type":"Person","@id":"https:\/\/portaltela.pt\/#\/schema\/person\/c4278d4a6028830caff9ee44b42d32ed","name":"Telinha","image":{"@type":"ImageObject","inLanguage":"pt-PT","@id":"https:\/\/portaltela.pt\/s.01k8rhncp4jt1\/2025\/11\/talking-bot-125x125.png","url":"https:\/\/portaltela.pt\/s.01k8rhncp4jt1\/2025\/11\/talking-bot-125x125.png","contentUrl":"https:\/\/portaltela.pt\/s.01k8rhncp4jt1\/2025\/11\/talking-bot-125x125.png","caption":"Telinha"},"sameAs":["https:\/\/portaltela.pt\/"],"url":"https:\/\/portaltela.pt\/por\/367410592786\/"}]}},"_links":{"self":[{"href":"https:\/\/portaltela.pt\/api\/wp\/v2\/posts\/443689","targetHints":{"allow":["GET"]}}],"collection":[{"href":"https:\/\/portaltela.pt\/api\/wp\/v2\/posts"}],"about":[{"href":"https:\/\/portaltela.pt\/api\/wp\/v2\/types\/post"}],"author":[{"embeddable":true,"href":"https:\/\/portaltela.pt\/api\/wp\/v2\/users\/2"}],"replies":[{"embeddable":true,"href":"https:\/\/portaltela.pt\/api\/wp\/v2\/comments?post=443689"}],"version-history":[{"count":0,"href":"https:\/\/portaltela.pt\/api\/wp\/v2\/posts\/443689\/revisions"}],"wp:featuredmedia":[{"embeddable":true,"href":"https:\/\/portaltela.pt\/api\/wp\/v2\/media\/443693"}],"wp:attachment":[{"href":"https:\/\/portaltela.pt\/api\/wp\/v2\/media?parent=443689"}],"wp:term":[{"taxonomy":"category","embeddable":true,"href":"https:\/\/portaltela.pt\/api\/wp\/v2\/categories?post=443689"},{"taxonomy":"post_tag","embeddable":true,"href":"https:\/\/portaltela.pt\/api\/wp\/v2\/tags?post=443689"}],"curies":[{"name":"wp","href":"https:\/\/api.w.org\/{rel}","templated":true}]}}