{"id":443669,"date":"2026-04-14T09:32:41","date_gmt":"2026-04-14T12:32:41","guid":{"rendered":"https:\/\/portaltela.pt\/noticias\/2026\/04\/14\/carro-despista-se-sobe-passeio-e-embate-em-barreiras-junto-ao-egas-moniz\/"},"modified":"2026-04-14T09:32:41","modified_gmt":"2026-04-14T12:32:41","slug":"carro-despista-se-sobe-passeio-e-embate-em-barreiras-junto-ao-egas-moniz","status":"publish","type":"post","link":"https:\/\/portaltela.pt\/noticias\/2026\/04\/14\/carro-despista-se-sobe-passeio-e-embate-em-barreiras-junto-ao-egas-moniz\/","title":{"rendered":"Carro despista-se, sobe passeio e embate em barreiras junto ao Egas Moniz"},"content":{"rendered":"<p>Um carro despistou-se na Avenida Egas Moniz, em Lisboa, subiu o passeio e embateu contra barreiras de ferro junto ao Hospital Egas Moniz nesta ter\u00e7a-feira. O ve\u00edculo ficou parcialmente destru\u00eddo e o reboque foi acionado para remover o autom\u00f3vel.<\/p>\n<p>Segundo testemunhas, o condutor aparentava estar em estado de choque ap\u00f3s o acidente. N\u00e3o h\u00e1 informa\u00e7\u00f5es confirmadas sobre feridos ou o estado de sa\u00fade do motorista.<\/p>\n<p>A PSP esteve no local para apurar as causas e manter a ordem p\u00fablica. A via ficou parcialmente interditada durante a remo\u00e7\u00e3o do ve\u00edculo, com o tr\u00e2nsito a ser condicionado e, posteriormente, normalizado.<\/p>\n<h3>Interven\u00e7\u00e3o e consequ\u00eancias<\/h3>\n<p>O Hospital Egas Moniz informou que n\u00e3o houve danos \u00e0s instala\u00e7\u00f5es nem aos pacientes. A PSP recomenda que os condutores respeitem os limites de velocidade e dirijam com aten\u00e7\u00e3o, especialmente em \u00e1reas urbanas e nas proximidades de hospitais.<\/p>\n<p>O tr\u00e2nsito na Avenida Egas Moniz recuperou a normalidade ap\u00f3s a remo\u00e7\u00e3o do ve\u00edculo.<\/p>\n","protected":false},"excerpt":{"rendered":"<ul>\n<li>Um carro despistou-se na Avenida Egas Moniz, em Lisboa, subiu o passeio e embateu contra barreiras de ferro junto ao Hospital Egas Moniz.<\/li>\n<li>O ve\u00edculo ficou parcialmente destru\u00eddo; o reboque foi chamado para remover o carro e assegurar a via.<\/li>\n<li>Testemunhas indicam que o condutor aparentava estar em estado de choque; n\u00e3o h\u00e1 informa\u00e7\u00f5es sobre feridos ou o estado de sa\u00fade do condutor.<\/li>\n<li>A PSP esteve no local para apurar as causas e a via ficou parcialmente interditada durante a remo\u00e7\u00e3o; o tr\u00e2nsito foi condicionando e depois restabelecido.<\/li>\n<li>O Hospital Egas Moniz informou que n\u00e3o houve danos \u00e0s instala\u00e7\u00f5es nem aos pacientes; as autoridades recomendam cuidado e respeito pelos limites de velocidade, sobretudo em \u00e1reas urbanas pr\u00f3ximas de hospitais.<\/li>\n<\/ul>\n","protected":false},"author":2,"featured_media":443674,"comment_status":"closed","ping_status":"closed","sticky":false,"template":"","format":"standard","meta":{"footnotes":""},"categories":[6849,1],"tags":[7958,7974,8041,7878,7981,2891],"class_list":["post-443669","post","type-post","status-publish","format-standard","has-post-thumbnail","hentry","category-acidentes","category-noticias","tag-_acidente-rodoviario","tag-_lisboa","tag-_psp","tag-_seguranca-publica","tag-_seguranca-rodoviaria","tag-via-publica"],"yoast_head":"<!-- This site is optimized with the Yoast SEO plugin v27.2 - https:\/\/yoast.com\/product\/yoast-seo-wordpress\/ -->\n<title>Carro despista-se, sobe passeio e embate em barreiras junto ao Egas Moniz - Portal Tela Portugal<\/title>\n<meta name=\"robots\" content=\"index, follow, max-snippet:-1, max-image-preview:large, max-video-preview:-1\" \/>\n<meta property=\"og:locale\" content=\"pt_PT\" \/>\n<meta property=\"og:type\" content=\"article\" \/>\n<meta property=\"og:title\" content=\"Carro despista-se, sobe passeio e embate em barreiras junto ao Egas Moniz - Portal Tela Portugal\" \/>\n<meta property=\"og:description\" content=\"Um carro despistou-se na Avenida Egas Moniz, em Lisboa, subiu o passeio e embateu contra barreiras de ferro junto ao Hospital Egas Moniz. O ve\u00edculo ficou parcialmente destru\u00eddo; o reboque foi chamado para remover o carro e assegurar a via. Testemunhas indicam que o condutor aparentava estar em estado de choque; n\u00e3o h\u00e1 informa\u00e7\u00f5es sobre feridos ou o estado de sa\u00fade do condutor. A PSP esteve no local para apurar as causas e a via ficou parcialmente interditada durante a remo\u00e7\u00e3o; o tr\u00e2nsito foi condicionando e depois restabelecido. O Hospital Egas Moniz informou que n\u00e3o houve danos \u00e0s instala\u00e7\u00f5es nem aos pacientes; as autoridades recomendam cuidado e respeito pelos limites de velocidade, sobretudo em \u00e1reas urbanas pr\u00f3ximas de hospitais.\" \/>\n<meta property=\"og:url\" content=\"https:\/\/portaltela.pt\/noticias\/2026\/04\/14\/carro-despista-se-sobe-passeio-e-embate-em-barreiras-junto-ao-egas-moniz\/\" \/>\n<meta property=\"og:site_name\" content=\"Portal Tela Portugal\" \/>\n<meta property=\"article:published_time\" content=\"2026-04-14T12:32:41+00:00\" \/>\n<meta name=\"author\" content=\"Telinha\" \/>\n<meta name=\"twitter:card\" content=\"summary_large_image\" \/>\n<meta name=\"twitter:label1\" content=\"Escrito por\" \/>\n\t<meta name=\"twitter:data1\" content=\"Telinha\" \/>\n\t<meta name=\"twitter:label2\" content=\"Tempo estimado de leitura\" \/>\n\t<meta name=\"twitter:data2\" content=\"1 minuto\" \/>\n<script type=\"application\/ld+json\" class=\"yoast-schema-graph\">{\"@context\":\"https:\/\/schema.org\",\"@graph\":[{\"@type\":\"Article\",\"@id\":\"https:\/\/portaltela.pt\/noticias\/2026\/04\/14\/carro-despista-se-sobe-passeio-e-embate-em-barreiras-junto-ao-egas-moniz\/#article\",\"isPartOf\":{\"@id\":\"https:\/\/portaltela.pt\/noticias\/2026\/04\/14\/carro-despista-se-sobe-passeio-e-embate-em-barreiras-junto-ao-egas-moniz\/\"},\"author\":{\"name\":\"Telinha\",\"@id\":\"https:\/\/portaltela.pt\/#\/schema\/person\/c4278d4a6028830caff9ee44b42d32ed\"},\"headline\":\"Carro despista-se, sobe passeio e embate em barreiras junto ao Egas Moniz\",\"datePublished\":\"2026-04-14T12:32:41+00:00\",\"mainEntityOfPage\":{\"@id\":\"https:\/\/portaltela.pt\/noticias\/2026\/04\/14\/carro-despista-se-sobe-passeio-e-embate-em-barreiras-junto-ao-egas-moniz\/\"},\"wordCount\":186,\"image\":{\"@id\":\"https:\/\/portaltela.pt\/noticias\/2026\/04\/14\/carro-despista-se-sobe-passeio-e-embate-em-barreiras-junto-ao-egas-moniz\/#primaryimage\"},\"thumbnailUrl\":\"https:\/\/portaltela.pt\/s.01k8rhncp4jt1\/2026\/04\/img_1280x722uu2026-04-14-13-18-58-2278449.jpg\",\"keywords\":[\"_acidente rodovi\u00e1rio\",\"_Lisboa\",\"_PSP\",\"_seguran\u00e7a p\u00fablica\",\"_seguran\u00e7a rodovi\u00e1ria\",\"via p\u00fablica\"],\"articleSection\":[\"Acidentes\",\"Not\u00edcias\"],\"inLanguage\":\"pt-PT\"},{\"@type\":\"WebPage\",\"@id\":\"https:\/\/portaltela.pt\/noticias\/2026\/04\/14\/carro-despista-se-sobe-passeio-e-embate-em-barreiras-junto-ao-egas-moniz\/\",\"url\":\"https:\/\/portaltela.pt\/noticias\/2026\/04\/14\/carro-despista-se-sobe-passeio-e-embate-em-barreiras-junto-ao-egas-moniz\/\",\"name\":\"Carro despista-se, sobe passeio e embate em barreiras junto ao Egas Moniz - Portal Tela Portugal\",\"isPartOf\":{\"@id\":\"https:\/\/portaltela.pt\/#website\"},\"primaryImageOfPage\":{\"@id\":\"https:\/\/portaltela.pt\/noticias\/2026\/04\/14\/carro-despista-se-sobe-passeio-e-embate-em-barreiras-junto-ao-egas-moniz\/#primaryimage\"},\"image\":{\"@id\":\"https:\/\/portaltela.pt\/noticias\/2026\/04\/14\/carro-despista-se-sobe-passeio-e-embate-em-barreiras-junto-ao-egas-moniz\/#primaryimage\"},\"thumbnailUrl\":\"https:\/\/portaltela.pt\/s.01k8rhncp4jt1\/2026\/04\/img_1280x722uu2026-04-14-13-18-58-2278449.jpg\",\"datePublished\":\"2026-04-14T12:32:41+00:00\",\"author\":{\"@id\":\"https:\/\/portaltela.pt\/#\/schema\/person\/c4278d4a6028830caff9ee44b42d32ed\"},\"breadcrumb\":{\"@id\":\"https:\/\/portaltela.pt\/noticias\/2026\/04\/14\/carro-despista-se-sobe-passeio-e-embate-em-barreiras-junto-ao-egas-moniz\/#breadcrumb\"},\"inLanguage\":\"pt-PT\",\"potentialAction\":[{\"@type\":\"ReadAction\",\"target\":[\"https:\/\/portaltela.pt\/noticias\/2026\/04\/14\/carro-despista-se-sobe-passeio-e-embate-em-barreiras-junto-ao-egas-moniz\/\"]}]},{\"@type\":\"ImageObject\",\"inLanguage\":\"pt-PT\",\"@id\":\"https:\/\/portaltela.pt\/noticias\/2026\/04\/14\/carro-despista-se-sobe-passeio-e-embate-em-barreiras-junto-ao-egas-moniz\/#primaryimage\",\"url\":\"https:\/\/portaltela.pt\/s.01k8rhncp4jt1\/2026\/04\/img_1280x722uu2026-04-14-13-18-58-2278449.jpg\",\"contentUrl\":\"https:\/\/portaltela.pt\/s.01k8rhncp4jt1\/2026\/04\/img_1280x722uu2026-04-14-13-18-58-2278449.jpg\",\"width\":796,\"height\":448,\"caption\":\"Reboque retira carro que se despistou, subiu passeio e embateu contra barreiras junto ao Hospital Egas Moniz em Lisboa\"},{\"@type\":\"BreadcrumbList\",\"@id\":\"https:\/\/portaltela.pt\/noticias\/2026\/04\/14\/carro-despista-se-sobe-passeio-e-embate-em-barreiras-junto-ao-egas-moniz\/#breadcrumb\",\"itemListElement\":[{\"@type\":\"ListItem\",\"position\":1,\"name\":\"In\u00edcio\",\"item\":\"https:\/\/portaltela.pt\/\"},{\"@type\":\"ListItem\",\"position\":2,\"name\":\"Carro despista-se, sobe passeio e embate em barreiras junto ao Egas Moniz\"}]},{\"@type\":\"WebSite\",\"@id\":\"https:\/\/portaltela.pt\/#website\",\"url\":\"https:\/\/portaltela.pt\/\",\"name\":\"Portal Tela Portugal\",\"description\":\"\",\"potentialAction\":[{\"@type\":\"SearchAction\",\"target\":{\"@type\":\"EntryPoint\",\"urlTemplate\":\"https:\/\/portaltela.pt\/?s={search_term_string}\"},\"query-input\":{\"@type\":\"PropertyValueSpecification\",\"valueRequired\":true,\"valueName\":\"search_term_string\"}}],\"inLanguage\":\"pt-PT\"},{\"@type\":\"Person\",\"@id\":\"https:\/\/portaltela.pt\/#\/schema\/person\/c4278d4a6028830caff9ee44b42d32ed\",\"name\":\"Telinha\",\"image\":{\"@type\":\"ImageObject\",\"inLanguage\":\"pt-PT\",\"@id\":\"https:\/\/portaltela.pt\/s.01k8rhncp4jt1\/2025\/11\/talking-bot-125x125.png\",\"url\":\"https:\/\/portaltela.pt\/s.01k8rhncp4jt1\/2025\/11\/talking-bot-125x125.png\",\"contentUrl\":\"https:\/\/portaltela.pt\/s.01k8rhncp4jt1\/2025\/11\/talking-bot-125x125.png\",\"caption\":\"Telinha\"},\"sameAs\":[\"https:\/\/portaltela.pt\/\"],\"url\":\"https:\/\/portaltela.pt\/por\/367410592786\/\"}]}<\/script>\n<!-- \/ Yoast SEO plugin. -->","yoast_head_json":{"title":"Carro despista-se, sobe passeio e embate em barreiras junto ao Egas Moniz - Portal Tela Portugal","robots":{"index":"index","follow":"follow","max-snippet":"max-snippet:-1","max-image-preview":"max-image-preview:large","max-video-preview":"max-video-preview:-1"},"og_locale":"pt_PT","og_type":"article","og_title":"Carro despista-se, sobe passeio e embate em barreiras junto ao Egas Moniz - Portal Tela Portugal","og_description":"Um carro despistou-se na Avenida Egas Moniz, em Lisboa, subiu o passeio e embateu contra barreiras de ferro junto ao Hospital Egas Moniz. O ve\u00edculo ficou parcialmente destru\u00eddo; o reboque foi chamado para remover o carro e assegurar a via. Testemunhas indicam que o condutor aparentava estar em estado de choque; n\u00e3o h\u00e1 informa\u00e7\u00f5es sobre feridos ou o estado de sa\u00fade do condutor. A PSP esteve no local para apurar as causas e a via ficou parcialmente interditada durante a remo\u00e7\u00e3o; o tr\u00e2nsito foi condicionando e depois restabelecido. O Hospital Egas Moniz informou que n\u00e3o houve danos \u00e0s instala\u00e7\u00f5es nem aos pacientes; as autoridades recomendam cuidado e respeito pelos limites de velocidade, sobretudo em \u00e1reas urbanas pr\u00f3ximas de hospitais.","og_url":"https:\/\/portaltela.pt\/noticias\/2026\/04\/14\/carro-despista-se-sobe-passeio-e-embate-em-barreiras-junto-ao-egas-moniz\/","og_site_name":"Portal Tela Portugal","article_published_time":"2026-04-14T12:32:41+00:00","author":"Telinha","twitter_card":"summary_large_image","twitter_misc":{"Escrito por":"Telinha","Tempo estimado de leitura":"1 minuto"},"schema":{"@context":"https:\/\/schema.org","@graph":[{"@type":"Article","@id":"https:\/\/portaltela.pt\/noticias\/2026\/04\/14\/carro-despista-se-sobe-passeio-e-embate-em-barreiras-junto-ao-egas-moniz\/#article","isPartOf":{"@id":"https:\/\/portaltela.pt\/noticias\/2026\/04\/14\/carro-despista-se-sobe-passeio-e-embate-em-barreiras-junto-ao-egas-moniz\/"},"author":{"name":"Telinha","@id":"https:\/\/portaltela.pt\/#\/schema\/person\/c4278d4a6028830caff9ee44b42d32ed"},"headline":"Carro despista-se, sobe passeio e embate em barreiras junto ao Egas Moniz","datePublished":"2026-04-14T12:32:41+00:00","mainEntityOfPage":{"@id":"https:\/\/portaltela.pt\/noticias\/2026\/04\/14\/carro-despista-se-sobe-passeio-e-embate-em-barreiras-junto-ao-egas-moniz\/"},"wordCount":186,"image":{"@id":"https:\/\/portaltela.pt\/noticias\/2026\/04\/14\/carro-despista-se-sobe-passeio-e-embate-em-barreiras-junto-ao-egas-moniz\/#primaryimage"},"thumbnailUrl":"https:\/\/portaltela.pt\/s.01k8rhncp4jt1\/2026\/04\/img_1280x722uu2026-04-14-13-18-58-2278449.jpg","keywords":["_acidente rodovi\u00e1rio","_Lisboa","_PSP","_seguran\u00e7a p\u00fablica","_seguran\u00e7a rodovi\u00e1ria","via p\u00fablica"],"articleSection":["Acidentes","Not\u00edcias"],"inLanguage":"pt-PT"},{"@type":"WebPage","@id":"https:\/\/portaltela.pt\/noticias\/2026\/04\/14\/carro-despista-se-sobe-passeio-e-embate-em-barreiras-junto-ao-egas-moniz\/","url":"https:\/\/portaltela.pt\/noticias\/2026\/04\/14\/carro-despista-se-sobe-passeio-e-embate-em-barreiras-junto-ao-egas-moniz\/","name":"Carro despista-se, sobe passeio e embate em barreiras junto ao Egas Moniz - Portal Tela Portugal","isPartOf":{"@id":"https:\/\/portaltela.pt\/#website"},"primaryImageOfPage":{"@id":"https:\/\/portaltela.pt\/noticias\/2026\/04\/14\/carro-despista-se-sobe-passeio-e-embate-em-barreiras-junto-ao-egas-moniz\/#primaryimage"},"image":{"@id":"https:\/\/portaltela.pt\/noticias\/2026\/04\/14\/carro-despista-se-sobe-passeio-e-embate-em-barreiras-junto-ao-egas-moniz\/#primaryimage"},"thumbnailUrl":"https:\/\/portaltela.pt\/s.01k8rhncp4jt1\/2026\/04\/img_1280x722uu2026-04-14-13-18-58-2278449.jpg","datePublished":"2026-04-14T12:32:41+00:00","author":{"@id":"https:\/\/portaltela.pt\/#\/schema\/person\/c4278d4a6028830caff9ee44b42d32ed"},"breadcrumb":{"@id":"https:\/\/portaltela.pt\/noticias\/2026\/04\/14\/carro-despista-se-sobe-passeio-e-embate-em-barreiras-junto-ao-egas-moniz\/#breadcrumb"},"inLanguage":"pt-PT","potentialAction":[{"@type":"ReadAction","target":["https:\/\/portaltela.pt\/noticias\/2026\/04\/14\/carro-despista-se-sobe-passeio-e-embate-em-barreiras-junto-ao-egas-moniz\/"]}]},{"@type":"ImageObject","inLanguage":"pt-PT","@id":"https:\/\/portaltela.pt\/noticias\/2026\/04\/14\/carro-despista-se-sobe-passeio-e-embate-em-barreiras-junto-ao-egas-moniz\/#primaryimage","url":"https:\/\/portaltela.pt\/s.01k8rhncp4jt1\/2026\/04\/img_1280x722uu2026-04-14-13-18-58-2278449.jpg","contentUrl":"https:\/\/portaltela.pt\/s.01k8rhncp4jt1\/2026\/04\/img_1280x722uu2026-04-14-13-18-58-2278449.jpg","width":796,"height":448,"caption":"Reboque retira carro que se despistou, subiu passeio e embateu contra barreiras junto ao Hospital Egas Moniz em Lisboa"},{"@type":"BreadcrumbList","@id":"https:\/\/portaltela.pt\/noticias\/2026\/04\/14\/carro-despista-se-sobe-passeio-e-embate-em-barreiras-junto-ao-egas-moniz\/#breadcrumb","itemListElement":[{"@type":"ListItem","position":1,"name":"In\u00edcio","item":"https:\/\/portaltela.pt\/"},{"@type":"ListItem","position":2,"name":"Carro despista-se, sobe passeio e embate em barreiras junto ao Egas Moniz"}]},{"@type":"WebSite","@id":"https:\/\/portaltela.pt\/#website","url":"https:\/\/portaltela.pt\/","name":"Portal Tela Portugal","description":"","potentialAction":[{"@type":"SearchAction","target":{"@type":"EntryPoint","urlTemplate":"https:\/\/portaltela.pt\/?s={search_term_string}"},"query-input":{"@type":"PropertyValueSpecification","valueRequired":true,"valueName":"search_term_string"}}],"inLanguage":"pt-PT"},{"@type":"Person","@id":"https:\/\/portaltela.pt\/#\/schema\/person\/c4278d4a6028830caff9ee44b42d32ed","name":"Telinha","image":{"@type":"ImageObject","inLanguage":"pt-PT","@id":"https:\/\/portaltela.pt\/s.01k8rhncp4jt1\/2025\/11\/talking-bot-125x125.png","url":"https:\/\/portaltela.pt\/s.01k8rhncp4jt1\/2025\/11\/talking-bot-125x125.png","contentUrl":"https:\/\/portaltela.pt\/s.01k8rhncp4jt1\/2025\/11\/talking-bot-125x125.png","caption":"Telinha"},"sameAs":["https:\/\/portaltela.pt\/"],"url":"https:\/\/portaltela.pt\/por\/367410592786\/"}]}},"_links":{"self":[{"href":"https:\/\/portaltela.pt\/api\/wp\/v2\/posts\/443669","targetHints":{"allow":["GET"]}}],"collection":[{"href":"https:\/\/portaltela.pt\/api\/wp\/v2\/posts"}],"about":[{"href":"https:\/\/portaltela.pt\/api\/wp\/v2\/types\/post"}],"author":[{"embeddable":true,"href":"https:\/\/portaltela.pt\/api\/wp\/v2\/users\/2"}],"replies":[{"embeddable":true,"href":"https:\/\/portaltela.pt\/api\/wp\/v2\/comments?post=443669"}],"version-history":[{"count":0,"href":"https:\/\/portaltela.pt\/api\/wp\/v2\/posts\/443669\/revisions"}],"wp:featuredmedia":[{"embeddable":true,"href":"https:\/\/portaltela.pt\/api\/wp\/v2\/media\/443674"}],"wp:attachment":[{"href":"https:\/\/portaltela.pt\/api\/wp\/v2\/media?parent=443669"}],"wp:term":[{"taxonomy":"category","embeddable":true,"href":"https:\/\/portaltela.pt\/api\/wp\/v2\/categories?post=443669"},{"taxonomy":"post_tag","embeddable":true,"href":"https:\/\/portaltela.pt\/api\/wp\/v2\/tags?post=443669"}],"curies":[{"name":"wp","href":"https:\/\/api.w.org\/{rel}","templated":true}]}}