{"id":443610,"date":"2026-04-14T09:02:45","date_gmt":"2026-04-14T12:02:45","guid":{"rendered":"https:\/\/portaltela.pt\/noticias\/2026\/04\/14\/jovem-armado-dispara-numa-escola-secundaria-na-turquia-e-fere-16-pessoas\/"},"modified":"2026-04-14T09:02:45","modified_gmt":"2026-04-14T12:02:45","slug":"jovem-armado-dispara-numa-escola-secundaria-na-turquia-e-fere-16-pessoas","status":"publish","type":"post","link":"https:\/\/portaltela.pt\/policia\/2026\/04\/14\/jovem-armado-dispara-numa-escola-secundaria-na-turquia-e-fere-16-pessoas\/","title":{"rendered":"Jovem armado dispara numa escola secund\u00e1ria na Turquia e fere 16 pessoas"},"content":{"rendered":"<p>O ataque ocorreu na ter\u00e7a-feira numa escola secund\u00e1ria de Siverek, na prov\u00edncia turca de \u015eanl\u0131urfa. Um ex-aluno de 18 anos entrou no estabelecimento armado com uma ca\u00e7adeira e disparou de forma aleat\u00f3ria, ferindo pelo menos 16 pessoas e depois refugiando-se no interior do edif\u00edcio.<\/p>\n<p>Ap\u00f3s os disparos, o agressor suicidou-se com a mesma arma, dentro da escola, segundo o governador Hasan \u015e\u0131ldak. O ataque deixou 10 estudantes, quatro professores, um funcion\u00e1rio da cantina e um policial feridos.<\/p>\n<p>A maior parte dos feridos permanece em Siverek, mas cinco homens e mulheres, entre docentes e estudantes em estado grave, foram transferidos para um hospital na capital da prov\u00edncia. As unidades de opera\u00e7\u00f5es especiais foram mobilizadas para evacuarem os alunos.<\/p>\n<p>Imagens de v\u00eddeo mostraram dezenas de estudantes a fugir para o port\u00e3o da escola. As autoridades anunciaram uma investiga\u00e7\u00e3o exaustiva para apurar as causas do tiroteio e a eventual motiva\u00e7\u00e3o do agressor.<\/p>\n<p>Coment\u00e1rios indicam que o agressor teria amea\u00e7ado atacar a escola nas redes sociais antes do ataque, conforme reportado por v\u00e1rios meios. Um aluno relatou ter saltado pela janela para escapar ao agressor.<\/p>\n","protected":false},"excerpt":{"rendered":"<ul>\n<li>O ataque ocorreu numa escola secund\u00e1ria em Siverek, prov\u00edncia de \u015eanl\u0131urfa, Turquia, com o agressor a usar uma ca\u00e7adeira.<\/li>\n<li>Pelo menos dezasseis feridos: dez estudantes, quatro professores, um funcion\u00e1rio da cantina e um pol\u00edcia; cinco feridos graves foram transferidos para o hospital na capital da prov\u00edncia.<\/li>\n<li>O agressor, ex-aluno, refugiou-se no interior do edif\u00edcio e cometeu suic\u00eddio mais tarde com a mesma arma.<\/li>\n<li>A pol\u00edcia isolou a escola e enviou unidades de opera\u00e7\u00f5es especiais; o governador Hasan \u015e\u0131ldak afirmou que ser\u00e1 feita uma investiga\u00e7\u00e3o exaustiva \u00e0s causas.<\/li>\n<li>Imagens de v\u00eddeo mostram estudantes a correr para fora; alguns relatos indicam que o agressor amea\u00e7ou atacar a escola nas redes sociais antes do tiroteio.<\/li>\n<\/ul>\n","protected":false},"author":2,"featured_media":443615,"comment_status":"closed","ping_status":"closed","sticky":false,"template":"","format":"standard","meta":{"footnotes":""},"categories":[6907,6781],"tags":[7980,7943,7795,7875,7878,5445],"class_list":["post-443610","post","type-post","status-publish","format-standard","has-post-thumbnail","hentry","category-crime","category-policia","tag-_asia","tag-_crimes","tag-_educacao","tag-_educacao-publica","tag-_seguranca-publica","tag-tentativa-de-homicidio"],"yoast_head":"<!-- This site is optimized with the Yoast SEO plugin v27.2 - https:\/\/yoast.com\/product\/yoast-seo-wordpress\/ -->\n<title>Jovem armado dispara numa escola secund\u00e1ria na Turquia e fere 16 pessoas - Portal Tela Portugal<\/title>\n<meta name=\"robots\" content=\"index, follow, max-snippet:-1, max-image-preview:large, max-video-preview:-1\" \/>\n<meta property=\"og:locale\" content=\"pt_PT\" \/>\n<meta property=\"og:type\" content=\"article\" \/>\n<meta property=\"og:title\" content=\"Jovem armado dispara numa escola secund\u00e1ria na Turquia e fere 16 pessoas - Portal Tela Portugal\" \/>\n<meta property=\"og:description\" content=\"O ataque ocorreu numa escola secund\u00e1ria em Siverek, prov\u00edncia de \u015eanl\u0131urfa, Turquia, com o agressor a usar uma ca\u00e7adeira. Pelo menos dezasseis feridos: dez estudantes, quatro professores, um funcion\u00e1rio da cantina e um pol\u00edcia; cinco feridos graves foram transferidos para o hospital na capital da prov\u00edncia. O agressor, ex-aluno, refugiou-se no interior do edif\u00edcio e cometeu suic\u00eddio mais tarde com a mesma arma. A pol\u00edcia isolou a escola e enviou unidades de opera\u00e7\u00f5es especiais; o governador Hasan \u015e\u0131ldak afirmou que ser\u00e1 feita uma investiga\u00e7\u00e3o exaustiva \u00e0s causas. Imagens de v\u00eddeo mostram estudantes a correr para fora; alguns relatos indicam que o agressor amea\u00e7ou atacar a escola nas redes sociais antes do tiroteio.\" \/>\n<meta property=\"og:url\" content=\"https:\/\/portaltela.pt\/noticias\/2026\/04\/14\/jovem-armado-dispara-numa-escola-secundaria-na-turquia-e-fere-16-pessoas\/\" \/>\n<meta property=\"og:site_name\" content=\"Portal Tela Portugal\" \/>\n<meta property=\"article:published_time\" content=\"2026-04-14T12:02:45+00:00\" \/>\n<meta name=\"author\" content=\"Telinha\" \/>\n<meta name=\"twitter:card\" content=\"summary_large_image\" \/>\n<meta name=\"twitter:label1\" content=\"Escrito por\" \/>\n\t<meta name=\"twitter:data1\" content=\"Telinha\" \/>\n\t<meta name=\"twitter:label2\" content=\"Tempo estimado de leitura\" \/>\n\t<meta name=\"twitter:data2\" content=\"1 minuto\" \/>\n<script type=\"application\/ld+json\" class=\"yoast-schema-graph\">{\"@context\":\"https:\/\/schema.org\",\"@graph\":[{\"@type\":\"Article\",\"@id\":\"https:\/\/portaltela.pt\/noticias\/2026\/04\/14\/jovem-armado-dispara-numa-escola-secundaria-na-turquia-e-fere-16-pessoas\/#article\",\"isPartOf\":{\"@id\":\"https:\/\/portaltela.pt\/noticias\/2026\/04\/14\/jovem-armado-dispara-numa-escola-secundaria-na-turquia-e-fere-16-pessoas\/\"},\"author\":{\"name\":\"Telinha\",\"@id\":\"https:\/\/portaltela.pt\/#\/schema\/person\/c4278d4a6028830caff9ee44b42d32ed\"},\"headline\":\"Jovem armado dispara numa escola secund\u00e1ria na Turquia e fere 16 pessoas\",\"datePublished\":\"2026-04-14T12:02:45+00:00\",\"mainEntityOfPage\":{\"@id\":\"https:\/\/portaltela.pt\/noticias\/2026\/04\/14\/jovem-armado-dispara-numa-escola-secundaria-na-turquia-e-fere-16-pessoas\/\"},\"wordCount\":208,\"image\":{\"@id\":\"https:\/\/portaltela.pt\/noticias\/2026\/04\/14\/jovem-armado-dispara-numa-escola-secundaria-na-turquia-e-fere-16-pessoas\/#primaryimage\"},\"thumbnailUrl\":\"https:\/\/portaltela.pt\/s.01k8rhncp4jt1\/2026\/04\/1536x864_cmsv2_c73dbd7b-7bb0-5f8b-a8cf-1f07a97eb626-9721226.jpg\",\"keywords\":[\"_\u00c1sia\",\"_crimes\",\"_educa\u00e7\u00e3o\",\"_educa\u00e7\u00e3o p\u00fablica\",\"_seguran\u00e7a p\u00fablica\",\"tentativa de homic\u00eddio\"],\"articleSection\":[\"Crime\",\"Pol\u00edcia\"],\"inLanguage\":\"pt-PT\"},{\"@type\":\"WebPage\",\"@id\":\"https:\/\/portaltela.pt\/noticias\/2026\/04\/14\/jovem-armado-dispara-numa-escola-secundaria-na-turquia-e-fere-16-pessoas\/\",\"url\":\"https:\/\/portaltela.pt\/noticias\/2026\/04\/14\/jovem-armado-dispara-numa-escola-secundaria-na-turquia-e-fere-16-pessoas\/\",\"name\":\"Jovem armado dispara numa escola secund\u00e1ria na Turquia e fere 16 pessoas - Portal Tela Portugal\",\"isPartOf\":{\"@id\":\"https:\/\/portaltela.pt\/#website\"},\"primaryImageOfPage\":{\"@id\":\"https:\/\/portaltela.pt\/noticias\/2026\/04\/14\/jovem-armado-dispara-numa-escola-secundaria-na-turquia-e-fere-16-pessoas\/#primaryimage\"},\"image\":{\"@id\":\"https:\/\/portaltela.pt\/noticias\/2026\/04\/14\/jovem-armado-dispara-numa-escola-secundaria-na-turquia-e-fere-16-pessoas\/#primaryimage\"},\"thumbnailUrl\":\"https:\/\/portaltela.pt\/s.01k8rhncp4jt1\/2026\/04\/1536x864_cmsv2_c73dbd7b-7bb0-5f8b-a8cf-1f07a97eb626-9721226.jpg\",\"datePublished\":\"2026-04-14T12:02:45+00:00\",\"author\":{\"@id\":\"https:\/\/portaltela.pt\/#\/schema\/person\/c4278d4a6028830caff9ee44b42d32ed\"},\"breadcrumb\":{\"@id\":\"https:\/\/portaltela.pt\/noticias\/2026\/04\/14\/jovem-armado-dispara-numa-escola-secundaria-na-turquia-e-fere-16-pessoas\/#breadcrumb\"},\"inLanguage\":\"pt-PT\",\"potentialAction\":[{\"@type\":\"ReadAction\",\"target\":[\"https:\/\/portaltela.pt\/noticias\/2026\/04\/14\/jovem-armado-dispara-numa-escola-secundaria-na-turquia-e-fere-16-pessoas\/\"]}]},{\"@type\":\"ImageObject\",\"inLanguage\":\"pt-PT\",\"@id\":\"https:\/\/portaltela.pt\/noticias\/2026\/04\/14\/jovem-armado-dispara-numa-escola-secundaria-na-turquia-e-fere-16-pessoas\/#primaryimage\",\"url\":\"https:\/\/portaltela.pt\/s.01k8rhncp4jt1\/2026\/04\/1536x864_cmsv2_c73dbd7b-7bb0-5f8b-a8cf-1f07a97eb626-9721226.jpg\",\"contentUrl\":\"https:\/\/portaltela.pt\/s.01k8rhncp4jt1\/2026\/04\/1536x864_cmsv2_c73dbd7b-7bb0-5f8b-a8cf-1f07a97eb626-9721226.jpg\",\"width\":796,\"height\":448,\"caption\":\"For\u00e7as de seguran\u00e7a turcas e pessoal de emerg\u00eancia no p\u00e1tio de uma escola secund\u00e1ria onde um assaltante abriu fogo em Siverek, 14 de abril de 2026\"},{\"@type\":\"BreadcrumbList\",\"@id\":\"https:\/\/portaltela.pt\/noticias\/2026\/04\/14\/jovem-armado-dispara-numa-escola-secundaria-na-turquia-e-fere-16-pessoas\/#breadcrumb\",\"itemListElement\":[{\"@type\":\"ListItem\",\"position\":1,\"name\":\"In\u00edcio\",\"item\":\"https:\/\/portaltela.pt\/\"},{\"@type\":\"ListItem\",\"position\":2,\"name\":\"Jovem armado dispara numa escola secund\u00e1ria na Turquia e fere 16 pessoas\"}]},{\"@type\":\"WebSite\",\"@id\":\"https:\/\/portaltela.pt\/#website\",\"url\":\"https:\/\/portaltela.pt\/\",\"name\":\"Portal Tela Portugal\",\"description\":\"\",\"potentialAction\":[{\"@type\":\"SearchAction\",\"target\":{\"@type\":\"EntryPoint\",\"urlTemplate\":\"https:\/\/portaltela.pt\/?s={search_term_string}\"},\"query-input\":{\"@type\":\"PropertyValueSpecification\",\"valueRequired\":true,\"valueName\":\"search_term_string\"}}],\"inLanguage\":\"pt-PT\"},{\"@type\":\"Person\",\"@id\":\"https:\/\/portaltela.pt\/#\/schema\/person\/c4278d4a6028830caff9ee44b42d32ed\",\"name\":\"Telinha\",\"image\":{\"@type\":\"ImageObject\",\"inLanguage\":\"pt-PT\",\"@id\":\"https:\/\/portaltela.pt\/s.01k8rhncp4jt1\/2025\/11\/talking-bot-125x125.png\",\"url\":\"https:\/\/portaltela.pt\/s.01k8rhncp4jt1\/2025\/11\/talking-bot-125x125.png\",\"contentUrl\":\"https:\/\/portaltela.pt\/s.01k8rhncp4jt1\/2025\/11\/talking-bot-125x125.png\",\"caption\":\"Telinha\"},\"sameAs\":[\"https:\/\/portaltela.pt\/\"],\"url\":\"https:\/\/portaltela.pt\/por\/367410592786\/\"}]}<\/script>\n<!-- \/ Yoast SEO plugin. -->","yoast_head_json":{"title":"Jovem armado dispara numa escola secund\u00e1ria na Turquia e fere 16 pessoas - Portal Tela Portugal","robots":{"index":"index","follow":"follow","max-snippet":"max-snippet:-1","max-image-preview":"max-image-preview:large","max-video-preview":"max-video-preview:-1"},"og_locale":"pt_PT","og_type":"article","og_title":"Jovem armado dispara numa escola secund\u00e1ria na Turquia e fere 16 pessoas - Portal Tela Portugal","og_description":"O ataque ocorreu numa escola secund\u00e1ria em Siverek, prov\u00edncia de \u015eanl\u0131urfa, Turquia, com o agressor a usar uma ca\u00e7adeira. Pelo menos dezasseis feridos: dez estudantes, quatro professores, um funcion\u00e1rio da cantina e um pol\u00edcia; cinco feridos graves foram transferidos para o hospital na capital da prov\u00edncia. O agressor, ex-aluno, refugiou-se no interior do edif\u00edcio e cometeu suic\u00eddio mais tarde com a mesma arma. A pol\u00edcia isolou a escola e enviou unidades de opera\u00e7\u00f5es especiais; o governador Hasan \u015e\u0131ldak afirmou que ser\u00e1 feita uma investiga\u00e7\u00e3o exaustiva \u00e0s causas. Imagens de v\u00eddeo mostram estudantes a correr para fora; alguns relatos indicam que o agressor amea\u00e7ou atacar a escola nas redes sociais antes do tiroteio.","og_url":"https:\/\/portaltela.pt\/noticias\/2026\/04\/14\/jovem-armado-dispara-numa-escola-secundaria-na-turquia-e-fere-16-pessoas\/","og_site_name":"Portal Tela Portugal","article_published_time":"2026-04-14T12:02:45+00:00","author":"Telinha","twitter_card":"summary_large_image","twitter_misc":{"Escrito por":"Telinha","Tempo estimado de leitura":"1 minuto"},"schema":{"@context":"https:\/\/schema.org","@graph":[{"@type":"Article","@id":"https:\/\/portaltela.pt\/noticias\/2026\/04\/14\/jovem-armado-dispara-numa-escola-secundaria-na-turquia-e-fere-16-pessoas\/#article","isPartOf":{"@id":"https:\/\/portaltela.pt\/noticias\/2026\/04\/14\/jovem-armado-dispara-numa-escola-secundaria-na-turquia-e-fere-16-pessoas\/"},"author":{"name":"Telinha","@id":"https:\/\/portaltela.pt\/#\/schema\/person\/c4278d4a6028830caff9ee44b42d32ed"},"headline":"Jovem armado dispara numa escola secund\u00e1ria na Turquia e fere 16 pessoas","datePublished":"2026-04-14T12:02:45+00:00","mainEntityOfPage":{"@id":"https:\/\/portaltela.pt\/noticias\/2026\/04\/14\/jovem-armado-dispara-numa-escola-secundaria-na-turquia-e-fere-16-pessoas\/"},"wordCount":208,"image":{"@id":"https:\/\/portaltela.pt\/noticias\/2026\/04\/14\/jovem-armado-dispara-numa-escola-secundaria-na-turquia-e-fere-16-pessoas\/#primaryimage"},"thumbnailUrl":"https:\/\/portaltela.pt\/s.01k8rhncp4jt1\/2026\/04\/1536x864_cmsv2_c73dbd7b-7bb0-5f8b-a8cf-1f07a97eb626-9721226.jpg","keywords":["_\u00c1sia","_crimes","_educa\u00e7\u00e3o","_educa\u00e7\u00e3o p\u00fablica","_seguran\u00e7a p\u00fablica","tentativa de homic\u00eddio"],"articleSection":["Crime","Pol\u00edcia"],"inLanguage":"pt-PT"},{"@type":"WebPage","@id":"https:\/\/portaltela.pt\/noticias\/2026\/04\/14\/jovem-armado-dispara-numa-escola-secundaria-na-turquia-e-fere-16-pessoas\/","url":"https:\/\/portaltela.pt\/noticias\/2026\/04\/14\/jovem-armado-dispara-numa-escola-secundaria-na-turquia-e-fere-16-pessoas\/","name":"Jovem armado dispara numa escola secund\u00e1ria na Turquia e fere 16 pessoas - Portal Tela Portugal","isPartOf":{"@id":"https:\/\/portaltela.pt\/#website"},"primaryImageOfPage":{"@id":"https:\/\/portaltela.pt\/noticias\/2026\/04\/14\/jovem-armado-dispara-numa-escola-secundaria-na-turquia-e-fere-16-pessoas\/#primaryimage"},"image":{"@id":"https:\/\/portaltela.pt\/noticias\/2026\/04\/14\/jovem-armado-dispara-numa-escola-secundaria-na-turquia-e-fere-16-pessoas\/#primaryimage"},"thumbnailUrl":"https:\/\/portaltela.pt\/s.01k8rhncp4jt1\/2026\/04\/1536x864_cmsv2_c73dbd7b-7bb0-5f8b-a8cf-1f07a97eb626-9721226.jpg","datePublished":"2026-04-14T12:02:45+00:00","author":{"@id":"https:\/\/portaltela.pt\/#\/schema\/person\/c4278d4a6028830caff9ee44b42d32ed"},"breadcrumb":{"@id":"https:\/\/portaltela.pt\/noticias\/2026\/04\/14\/jovem-armado-dispara-numa-escola-secundaria-na-turquia-e-fere-16-pessoas\/#breadcrumb"},"inLanguage":"pt-PT","potentialAction":[{"@type":"ReadAction","target":["https:\/\/portaltela.pt\/noticias\/2026\/04\/14\/jovem-armado-dispara-numa-escola-secundaria-na-turquia-e-fere-16-pessoas\/"]}]},{"@type":"ImageObject","inLanguage":"pt-PT","@id":"https:\/\/portaltela.pt\/noticias\/2026\/04\/14\/jovem-armado-dispara-numa-escola-secundaria-na-turquia-e-fere-16-pessoas\/#primaryimage","url":"https:\/\/portaltela.pt\/s.01k8rhncp4jt1\/2026\/04\/1536x864_cmsv2_c73dbd7b-7bb0-5f8b-a8cf-1f07a97eb626-9721226.jpg","contentUrl":"https:\/\/portaltela.pt\/s.01k8rhncp4jt1\/2026\/04\/1536x864_cmsv2_c73dbd7b-7bb0-5f8b-a8cf-1f07a97eb626-9721226.jpg","width":796,"height":448,"caption":"For\u00e7as de seguran\u00e7a turcas e pessoal de emerg\u00eancia no p\u00e1tio de uma escola secund\u00e1ria onde um assaltante abriu fogo em Siverek, 14 de abril de 2026"},{"@type":"BreadcrumbList","@id":"https:\/\/portaltela.pt\/noticias\/2026\/04\/14\/jovem-armado-dispara-numa-escola-secundaria-na-turquia-e-fere-16-pessoas\/#breadcrumb","itemListElement":[{"@type":"ListItem","position":1,"name":"In\u00edcio","item":"https:\/\/portaltela.pt\/"},{"@type":"ListItem","position":2,"name":"Jovem armado dispara numa escola secund\u00e1ria na Turquia e fere 16 pessoas"}]},{"@type":"WebSite","@id":"https:\/\/portaltela.pt\/#website","url":"https:\/\/portaltela.pt\/","name":"Portal Tela Portugal","description":"","potentialAction":[{"@type":"SearchAction","target":{"@type":"EntryPoint","urlTemplate":"https:\/\/portaltela.pt\/?s={search_term_string}"},"query-input":{"@type":"PropertyValueSpecification","valueRequired":true,"valueName":"search_term_string"}}],"inLanguage":"pt-PT"},{"@type":"Person","@id":"https:\/\/portaltela.pt\/#\/schema\/person\/c4278d4a6028830caff9ee44b42d32ed","name":"Telinha","image":{"@type":"ImageObject","inLanguage":"pt-PT","@id":"https:\/\/portaltela.pt\/s.01k8rhncp4jt1\/2025\/11\/talking-bot-125x125.png","url":"https:\/\/portaltela.pt\/s.01k8rhncp4jt1\/2025\/11\/talking-bot-125x125.png","contentUrl":"https:\/\/portaltela.pt\/s.01k8rhncp4jt1\/2025\/11\/talking-bot-125x125.png","caption":"Telinha"},"sameAs":["https:\/\/portaltela.pt\/"],"url":"https:\/\/portaltela.pt\/por\/367410592786\/"}]}},"_links":{"self":[{"href":"https:\/\/portaltela.pt\/api\/wp\/v2\/posts\/443610","targetHints":{"allow":["GET"]}}],"collection":[{"href":"https:\/\/portaltela.pt\/api\/wp\/v2\/posts"}],"about":[{"href":"https:\/\/portaltela.pt\/api\/wp\/v2\/types\/post"}],"author":[{"embeddable":true,"href":"https:\/\/portaltela.pt\/api\/wp\/v2\/users\/2"}],"replies":[{"embeddable":true,"href":"https:\/\/portaltela.pt\/api\/wp\/v2\/comments?post=443610"}],"version-history":[{"count":0,"href":"https:\/\/portaltela.pt\/api\/wp\/v2\/posts\/443610\/revisions"}],"wp:featuredmedia":[{"embeddable":true,"href":"https:\/\/portaltela.pt\/api\/wp\/v2\/media\/443615"}],"wp:attachment":[{"href":"https:\/\/portaltela.pt\/api\/wp\/v2\/media?parent=443610"}],"wp:term":[{"taxonomy":"category","embeddable":true,"href":"https:\/\/portaltela.pt\/api\/wp\/v2\/categories?post=443610"},{"taxonomy":"post_tag","embeddable":true,"href":"https:\/\/portaltela.pt\/api\/wp\/v2\/tags?post=443610"}],"curies":[{"name":"wp","href":"https:\/\/api.w.org\/{rel}","templated":true}]}}