{"id":443533,"date":"2026-04-14T08:02:45","date_gmt":"2026-04-14T11:02:45","guid":{"rendered":"https:\/\/portaltela.pt\/noticias\/2026\/04\/14\/sporting-garante-vaga-nos-quartas-de-final-da-champions-2025-26\/"},"modified":"2026-04-14T08:02:45","modified_gmt":"2026-04-14T11:02:45","slug":"sporting-garante-vaga-nos-quartas-de-final-da-champions-2025-26","status":"publish","type":"post","link":"https:\/\/portaltela.pt\/desporto\/futebol\/2026\/04\/14\/sporting-garante-vaga-nos-quartas-de-final-da-champions-2025-26\/","title":{"rendered":"Sporting garante vaga nos quartas de final da Champions 2025\/26"},"content":{"rendered":"<p>O Sporting CP atingiu um feito in\u00e9dito no desporto nacional ao manter as suas equipas principais masculinas em quartos de final da Liga dos Campe\u00f5es em quatro modalidades diferentes na mesma temporada, 2025\/2026. O feito envolve Futebol, Andebol, H\u00f3quei em Patins e Futsal.<\/p>\n<p>Entre os quatro setores, o Futsal j\u00e1 est\u00e1 nas meias-finais da competi\u00e7\u00e3o, enquanto as restantes modalidades disputam os \u00faltimos desafios rumo aos quartos. Este desempenho marca uma presen\u00e7a simult\u00e2nea em fases de elite em v\u00e1rias frentes no mesmo curso competitivo.<\/p>\n<p>Atingiram este patamar gra\u00e7as a estruturas de alto n\u00edvel, treino exemplar e jogadores com contributos decisivos em cada modalidade. O contributo de treinadores e dirigentes tem sido reconhecido pela dire\u00e7\u00e3o do clube, nomeadamente pela SAD e pela equipa t\u00e9cnica.<\/p>\n<p>A palavra de ordem tem sido a continuidade do trabalho, com foco na consist\u00eancia, planeamento de temporada e desenvolvimento de talento. Segundo a administra\u00e7\u00e3o, o objetivo passa por consolidar o desempenho na Europa e manter a competitividade em todas as modalidades.<\/p>\n<p>Em rela\u00e7\u00e3o a manifesta\u00e7\u00f5es externas, o presidente do clube tem destacado a import\u00e2ncia do modelo desportivo do Sporting para alcan\u00e7ar o n\u00edvel atual. No entanto, surgiram observa\u00e7\u00f5es de que coment\u00e1rios de uma figura associada a outro clube, em privado, foram relatados pela administra\u00e7\u00e3o do Sporting. N\u00e3o cabem avalia\u00e7\u00f5es p\u00fablicas neste momento e continua a haver expectativa sobre respostas formais.<\/p>\n<p>O clube agradece, assim, aos treinadores, atletas e restantes profissionais pela dedica\u00e7\u00e3o. O foco permanece na continuidade da presen\u00e7a nos quartos de final e na melhoria cont\u00ednua de cada equipa.<\/p>\n","protected":false},"excerpt":{"rendered":"<ul>\n<li>Sporting colocou as quatro equipas masculinas nas meias-finais da Champions em quatro modalidades na mesma temporada, 2025\/2026 (futebol, andebol, h\u00f3quei em patins e futsal).<\/li>\n<li>O feito \u00e9 in\u00e9dito entre clubes portugueses, equivalente apenas a uma ocorr\u00eancia antiga de Barcelona no panorama europeu.<\/li>\n<li>O m\u00e9rito \u00e9 atribu\u00eddo a estruturas bem constru\u00eddas, treinadores competentes e jogadores de alto desempenho, que mant\u00e9m o clube num patamar de excel\u00eancia.<\/li>\n<li>Jos\u00e9 Alvalade afirmou o orgulho do Sporting com este aproveitamento hist\u00f3rico, destacando a vis\u00e3o de longo prazo do clube.<\/li>\n<li>Em nota, Frederico Varandas revelou que Andr\u00e9 Villas-Boas, presidente do FC Porto, considera o Apito Dourado uma vergonha, numa conversa privada.<\/li>\n<\/ul>\n","protected":false},"author":2,"featured_media":443534,"comment_status":"closed","ping_status":"closed","sticky":false,"template":"","format":"standard","meta":{"footnotes":""},"categories":[21,24],"tags":[3577,152,32,161,4849,1014],"class_list":["post-443533","post","type-post","status-publish","format-standard","has-post-thumbnail","hentry","category-desporto","category-futebol","tag-champions-league","tag-desporto","tag-futebol","tag-futsal","tag-handebol","tag-portugal"],"yoast_head":"<!-- This site is optimized with the Yoast SEO plugin v27.2 - https:\/\/yoast.com\/product\/yoast-seo-wordpress\/ -->\n<title>Sporting garante vaga nos quartas de final da Champions 2025\/26 - Portal Tela Portugal<\/title>\n<meta name=\"robots\" content=\"index, follow, max-snippet:-1, max-image-preview:large, max-video-preview:-1\" \/>\n<meta property=\"og:locale\" content=\"pt_PT\" \/>\n<meta property=\"og:type\" content=\"article\" \/>\n<meta property=\"og:title\" content=\"Sporting garante vaga nos quartas de final da Champions 2025\/26 - Portal Tela Portugal\" \/>\n<meta property=\"og:description\" content=\"Sporting colocou as quatro equipas masculinas nas meias-finais da Champions em quatro modalidades na mesma temporada, 2025\/2026 (futebol, andebol, h\u00f3quei em patins e futsal). O feito \u00e9 in\u00e9dito entre clubes portugueses, equivalente apenas a uma ocorr\u00eancia antiga de Barcelona no panorama europeu. O m\u00e9rito \u00e9 atribu\u00eddo a estruturas bem constru\u00eddas, treinadores competentes e jogadores de alto desempenho, que mant\u00e9m o clube num patamar de excel\u00eancia. Jos\u00e9 Alvalade afirmou o orgulho do Sporting com este aproveitamento hist\u00f3rico, destacando a vis\u00e3o de longo prazo do clube. Em nota, Frederico Varandas revelou que Andr\u00e9 Villas-Boas, presidente do FC Porto, considera o Apito Dourado uma vergonha, numa conversa privada.\" \/>\n<meta property=\"og:url\" content=\"https:\/\/portaltela.pt\/noticias\/2026\/04\/14\/sporting-garante-vaga-nos-quartas-de-final-da-champions-2025-26\/\" \/>\n<meta property=\"og:site_name\" content=\"Portal Tela Portugal\" \/>\n<meta property=\"article:published_time\" content=\"2026-04-14T11:02:45+00:00\" \/>\n<meta name=\"author\" content=\"Telinha\" \/>\n<meta name=\"twitter:card\" content=\"summary_large_image\" \/>\n<meta name=\"twitter:label1\" content=\"Escrito por\" \/>\n\t<meta name=\"twitter:data1\" content=\"Telinha\" \/>\n\t<meta name=\"twitter:label2\" content=\"Tempo estimado de leitura\" \/>\n\t<meta name=\"twitter:data2\" content=\"1 minuto\" \/>\n<script type=\"application\/ld+json\" class=\"yoast-schema-graph\">{\"@context\":\"https:\/\/schema.org\",\"@graph\":[{\"@type\":\"Article\",\"@id\":\"https:\/\/portaltela.pt\/noticias\/2026\/04\/14\/sporting-garante-vaga-nos-quartas-de-final-da-champions-2025-26\/#article\",\"isPartOf\":{\"@id\":\"https:\/\/portaltela.pt\/noticias\/2026\/04\/14\/sporting-garante-vaga-nos-quartas-de-final-da-champions-2025-26\/\"},\"author\":{\"name\":\"Telinha\",\"@id\":\"https:\/\/portaltela.pt\/#\/schema\/person\/c4278d4a6028830caff9ee44b42d32ed\"},\"headline\":\"Sporting garante vaga nos quartas de final da Champions 2025\/26\",\"datePublished\":\"2026-04-14T11:02:45+00:00\",\"mainEntityOfPage\":{\"@id\":\"https:\/\/portaltela.pt\/noticias\/2026\/04\/14\/sporting-garante-vaga-nos-quartas-de-final-da-champions-2025-26\/\"},\"wordCount\":287,\"image\":{\"@id\":\"https:\/\/portaltela.pt\/noticias\/2026\/04\/14\/sporting-garante-vaga-nos-quartas-de-final-da-champions-2025-26\/#primaryimage\"},\"thumbnailUrl\":\"https:\/\/portaltela.pt\/s.01k8rhncp4jt1\/2026\/04\/img_920x518uu2026-03-19-17-24-15-2428127.jpg\",\"keywords\":[\"Champions League\",\"desporto\",\"futebol\",\"futsal\",\"handebol\",\"Portugal\"],\"articleSection\":[\"Desporto\",\"Futebol\"],\"inLanguage\":\"pt-PT\"},{\"@type\":\"WebPage\",\"@id\":\"https:\/\/portaltela.pt\/noticias\/2026\/04\/14\/sporting-garante-vaga-nos-quartas-de-final-da-champions-2025-26\/\",\"url\":\"https:\/\/portaltela.pt\/noticias\/2026\/04\/14\/sporting-garante-vaga-nos-quartas-de-final-da-champions-2025-26\/\",\"name\":\"Sporting garante vaga nos quartas de final da Champions 2025\/26 - Portal Tela Portugal\",\"isPartOf\":{\"@id\":\"https:\/\/portaltela.pt\/#website\"},\"primaryImageOfPage\":{\"@id\":\"https:\/\/portaltela.pt\/noticias\/2026\/04\/14\/sporting-garante-vaga-nos-quartas-de-final-da-champions-2025-26\/#primaryimage\"},\"image\":{\"@id\":\"https:\/\/portaltela.pt\/noticias\/2026\/04\/14\/sporting-garante-vaga-nos-quartas-de-final-da-champions-2025-26\/#primaryimage\"},\"thumbnailUrl\":\"https:\/\/portaltela.pt\/s.01k8rhncp4jt1\/2026\/04\/img_920x518uu2026-03-19-17-24-15-2428127.jpg\",\"datePublished\":\"2026-04-14T11:02:45+00:00\",\"author\":{\"@id\":\"https:\/\/portaltela.pt\/#\/schema\/person\/c4278d4a6028830caff9ee44b42d32ed\"},\"breadcrumb\":{\"@id\":\"https:\/\/portaltela.pt\/noticias\/2026\/04\/14\/sporting-garante-vaga-nos-quartas-de-final-da-champions-2025-26\/#breadcrumb\"},\"inLanguage\":\"pt-PT\",\"potentialAction\":[{\"@type\":\"ReadAction\",\"target\":[\"https:\/\/portaltela.pt\/noticias\/2026\/04\/14\/sporting-garante-vaga-nos-quartas-de-final-da-champions-2025-26\/\"]}]},{\"@type\":\"ImageObject\",\"inLanguage\":\"pt-PT\",\"@id\":\"https:\/\/portaltela.pt\/noticias\/2026\/04\/14\/sporting-garante-vaga-nos-quartas-de-final-da-champions-2025-26\/#primaryimage\",\"url\":\"https:\/\/portaltela.pt\/s.01k8rhncp4jt1\/2026\/04\/img_920x518uu2026-03-19-17-24-15-2428127.jpg\",\"contentUrl\":\"https:\/\/portaltela.pt\/s.01k8rhncp4jt1\/2026\/04\/img_920x518uu2026-03-19-17-24-15-2428127.jpg\",\"width\":796,\"height\":448,\"caption\":\"Tito Arantes Fontes\"},{\"@type\":\"BreadcrumbList\",\"@id\":\"https:\/\/portaltela.pt\/noticias\/2026\/04\/14\/sporting-garante-vaga-nos-quartas-de-final-da-champions-2025-26\/#breadcrumb\",\"itemListElement\":[{\"@type\":\"ListItem\",\"position\":1,\"name\":\"In\u00edcio\",\"item\":\"https:\/\/portaltela.pt\/\"},{\"@type\":\"ListItem\",\"position\":2,\"name\":\"Sporting garante vaga nos quartas de final da Champions 2025\/26\"}]},{\"@type\":\"WebSite\",\"@id\":\"https:\/\/portaltela.pt\/#website\",\"url\":\"https:\/\/portaltela.pt\/\",\"name\":\"Portal Tela Portugal\",\"description\":\"\",\"potentialAction\":[{\"@type\":\"SearchAction\",\"target\":{\"@type\":\"EntryPoint\",\"urlTemplate\":\"https:\/\/portaltela.pt\/?s={search_term_string}\"},\"query-input\":{\"@type\":\"PropertyValueSpecification\",\"valueRequired\":true,\"valueName\":\"search_term_string\"}}],\"inLanguage\":\"pt-PT\"},{\"@type\":\"Person\",\"@id\":\"https:\/\/portaltela.pt\/#\/schema\/person\/c4278d4a6028830caff9ee44b42d32ed\",\"name\":\"Telinha\",\"image\":{\"@type\":\"ImageObject\",\"inLanguage\":\"pt-PT\",\"@id\":\"https:\/\/portaltela.pt\/s.01k8rhncp4jt1\/2025\/11\/talking-bot-125x125.png\",\"url\":\"https:\/\/portaltela.pt\/s.01k8rhncp4jt1\/2025\/11\/talking-bot-125x125.png\",\"contentUrl\":\"https:\/\/portaltela.pt\/s.01k8rhncp4jt1\/2025\/11\/talking-bot-125x125.png\",\"caption\":\"Telinha\"},\"sameAs\":[\"https:\/\/portaltela.pt\/\"],\"url\":\"https:\/\/portaltela.pt\/por\/367410592786\/\"}]}<\/script>\n<!-- \/ Yoast SEO plugin. -->","yoast_head_json":{"title":"Sporting garante vaga nos quartas de final da Champions 2025\/26 - Portal Tela Portugal","robots":{"index":"index","follow":"follow","max-snippet":"max-snippet:-1","max-image-preview":"max-image-preview:large","max-video-preview":"max-video-preview:-1"},"og_locale":"pt_PT","og_type":"article","og_title":"Sporting garante vaga nos quartas de final da Champions 2025\/26 - Portal Tela Portugal","og_description":"Sporting colocou as quatro equipas masculinas nas meias-finais da Champions em quatro modalidades na mesma temporada, 2025\/2026 (futebol, andebol, h\u00f3quei em patins e futsal). O feito \u00e9 in\u00e9dito entre clubes portugueses, equivalente apenas a uma ocorr\u00eancia antiga de Barcelona no panorama europeu. O m\u00e9rito \u00e9 atribu\u00eddo a estruturas bem constru\u00eddas, treinadores competentes e jogadores de alto desempenho, que mant\u00e9m o clube num patamar de excel\u00eancia. Jos\u00e9 Alvalade afirmou o orgulho do Sporting com este aproveitamento hist\u00f3rico, destacando a vis\u00e3o de longo prazo do clube. Em nota, Frederico Varandas revelou que Andr\u00e9 Villas-Boas, presidente do FC Porto, considera o Apito Dourado uma vergonha, numa conversa privada.","og_url":"https:\/\/portaltela.pt\/noticias\/2026\/04\/14\/sporting-garante-vaga-nos-quartas-de-final-da-champions-2025-26\/","og_site_name":"Portal Tela Portugal","article_published_time":"2026-04-14T11:02:45+00:00","author":"Telinha","twitter_card":"summary_large_image","twitter_misc":{"Escrito por":"Telinha","Tempo estimado de leitura":"1 minuto"},"schema":{"@context":"https:\/\/schema.org","@graph":[{"@type":"Article","@id":"https:\/\/portaltela.pt\/noticias\/2026\/04\/14\/sporting-garante-vaga-nos-quartas-de-final-da-champions-2025-26\/#article","isPartOf":{"@id":"https:\/\/portaltela.pt\/noticias\/2026\/04\/14\/sporting-garante-vaga-nos-quartas-de-final-da-champions-2025-26\/"},"author":{"name":"Telinha","@id":"https:\/\/portaltela.pt\/#\/schema\/person\/c4278d4a6028830caff9ee44b42d32ed"},"headline":"Sporting garante vaga nos quartas de final da Champions 2025\/26","datePublished":"2026-04-14T11:02:45+00:00","mainEntityOfPage":{"@id":"https:\/\/portaltela.pt\/noticias\/2026\/04\/14\/sporting-garante-vaga-nos-quartas-de-final-da-champions-2025-26\/"},"wordCount":287,"image":{"@id":"https:\/\/portaltela.pt\/noticias\/2026\/04\/14\/sporting-garante-vaga-nos-quartas-de-final-da-champions-2025-26\/#primaryimage"},"thumbnailUrl":"https:\/\/portaltela.pt\/s.01k8rhncp4jt1\/2026\/04\/img_920x518uu2026-03-19-17-24-15-2428127.jpg","keywords":["Champions League","desporto","futebol","futsal","handebol","Portugal"],"articleSection":["Desporto","Futebol"],"inLanguage":"pt-PT"},{"@type":"WebPage","@id":"https:\/\/portaltela.pt\/noticias\/2026\/04\/14\/sporting-garante-vaga-nos-quartas-de-final-da-champions-2025-26\/","url":"https:\/\/portaltela.pt\/noticias\/2026\/04\/14\/sporting-garante-vaga-nos-quartas-de-final-da-champions-2025-26\/","name":"Sporting garante vaga nos quartas de final da Champions 2025\/26 - Portal Tela Portugal","isPartOf":{"@id":"https:\/\/portaltela.pt\/#website"},"primaryImageOfPage":{"@id":"https:\/\/portaltela.pt\/noticias\/2026\/04\/14\/sporting-garante-vaga-nos-quartas-de-final-da-champions-2025-26\/#primaryimage"},"image":{"@id":"https:\/\/portaltela.pt\/noticias\/2026\/04\/14\/sporting-garante-vaga-nos-quartas-de-final-da-champions-2025-26\/#primaryimage"},"thumbnailUrl":"https:\/\/portaltela.pt\/s.01k8rhncp4jt1\/2026\/04\/img_920x518uu2026-03-19-17-24-15-2428127.jpg","datePublished":"2026-04-14T11:02:45+00:00","author":{"@id":"https:\/\/portaltela.pt\/#\/schema\/person\/c4278d4a6028830caff9ee44b42d32ed"},"breadcrumb":{"@id":"https:\/\/portaltela.pt\/noticias\/2026\/04\/14\/sporting-garante-vaga-nos-quartas-de-final-da-champions-2025-26\/#breadcrumb"},"inLanguage":"pt-PT","potentialAction":[{"@type":"ReadAction","target":["https:\/\/portaltela.pt\/noticias\/2026\/04\/14\/sporting-garante-vaga-nos-quartas-de-final-da-champions-2025-26\/"]}]},{"@type":"ImageObject","inLanguage":"pt-PT","@id":"https:\/\/portaltela.pt\/noticias\/2026\/04\/14\/sporting-garante-vaga-nos-quartas-de-final-da-champions-2025-26\/#primaryimage","url":"https:\/\/portaltela.pt\/s.01k8rhncp4jt1\/2026\/04\/img_920x518uu2026-03-19-17-24-15-2428127.jpg","contentUrl":"https:\/\/portaltela.pt\/s.01k8rhncp4jt1\/2026\/04\/img_920x518uu2026-03-19-17-24-15-2428127.jpg","width":796,"height":448,"caption":"Tito Arantes Fontes"},{"@type":"BreadcrumbList","@id":"https:\/\/portaltela.pt\/noticias\/2026\/04\/14\/sporting-garante-vaga-nos-quartas-de-final-da-champions-2025-26\/#breadcrumb","itemListElement":[{"@type":"ListItem","position":1,"name":"In\u00edcio","item":"https:\/\/portaltela.pt\/"},{"@type":"ListItem","position":2,"name":"Sporting garante vaga nos quartas de final da Champions 2025\/26"}]},{"@type":"WebSite","@id":"https:\/\/portaltela.pt\/#website","url":"https:\/\/portaltela.pt\/","name":"Portal Tela Portugal","description":"","potentialAction":[{"@type":"SearchAction","target":{"@type":"EntryPoint","urlTemplate":"https:\/\/portaltela.pt\/?s={search_term_string}"},"query-input":{"@type":"PropertyValueSpecification","valueRequired":true,"valueName":"search_term_string"}}],"inLanguage":"pt-PT"},{"@type":"Person","@id":"https:\/\/portaltela.pt\/#\/schema\/person\/c4278d4a6028830caff9ee44b42d32ed","name":"Telinha","image":{"@type":"ImageObject","inLanguage":"pt-PT","@id":"https:\/\/portaltela.pt\/s.01k8rhncp4jt1\/2025\/11\/talking-bot-125x125.png","url":"https:\/\/portaltela.pt\/s.01k8rhncp4jt1\/2025\/11\/talking-bot-125x125.png","contentUrl":"https:\/\/portaltela.pt\/s.01k8rhncp4jt1\/2025\/11\/talking-bot-125x125.png","caption":"Telinha"},"sameAs":["https:\/\/portaltela.pt\/"],"url":"https:\/\/portaltela.pt\/por\/367410592786\/"}]}},"_links":{"self":[{"href":"https:\/\/portaltela.pt\/api\/wp\/v2\/posts\/443533","targetHints":{"allow":["GET"]}}],"collection":[{"href":"https:\/\/portaltela.pt\/api\/wp\/v2\/posts"}],"about":[{"href":"https:\/\/portaltela.pt\/api\/wp\/v2\/types\/post"}],"author":[{"embeddable":true,"href":"https:\/\/portaltela.pt\/api\/wp\/v2\/users\/2"}],"replies":[{"embeddable":true,"href":"https:\/\/portaltela.pt\/api\/wp\/v2\/comments?post=443533"}],"version-history":[{"count":0,"href":"https:\/\/portaltela.pt\/api\/wp\/v2\/posts\/443533\/revisions"}],"wp:featuredmedia":[{"embeddable":true,"href":"https:\/\/portaltela.pt\/api\/wp\/v2\/media\/443534"}],"wp:attachment":[{"href":"https:\/\/portaltela.pt\/api\/wp\/v2\/media?parent=443533"}],"wp:term":[{"taxonomy":"category","embeddable":true,"href":"https:\/\/portaltela.pt\/api\/wp\/v2\/categories?post=443533"},{"taxonomy":"post_tag","embeddable":true,"href":"https:\/\/portaltela.pt\/api\/wp\/v2\/tags?post=443533"}],"curies":[{"name":"wp","href":"https:\/\/api.w.org\/{rel}","templated":true}]}}