{"id":443526,"date":"2026-04-14T08:02:40","date_gmt":"2026-04-14T11:02:40","guid":{"rendered":"https:\/\/portaltela.pt\/noticias\/2026\/04\/14\/onu-critica-possivel-aprovacao-de-novos-colonatos-na-cisjordania\/"},"modified":"2026-04-14T08:02:40","modified_gmt":"2026-04-14T11:02:40","slug":"onu-critica-possivel-aprovacao-de-novos-colonatos-na-cisjordania","status":"publish","type":"post","link":"https:\/\/portaltela.pt\/geopolitica\/2026\/04\/14\/onu-critica-possivel-aprovacao-de-novos-colonatos-na-cisjordania\/","title":{"rendered":"ONU critica poss\u00edvel aprova\u00e7\u00e3o de novos colonatos na Cisjord\u00e2nia"},"content":{"rendered":"<p>O Conselho de Seguran\u00e7a de Israel pode vir a aprovar, nesta semana, 34 novos colonatos na Cisjord\u00e2nia, territ\u00f3rio palestiniano ocupado. A possibilidade foi anunciada num contexto de debate pol\u00edtico interno no pa\u00eds, que envolve pol\u00edticas de ocupa\u00e7\u00e3o e gest\u00e3o de assentamentos.<\/p>\n<p>A not\u00edcia foi recebida com forte rea\u00e7\u00e3o internacional. O Alto-Comissariado das Na\u00e7\u00f5es Unidas para os Direitos Humanos, Volker T\u00fcrk, expressou grave preocupa\u00e7\u00e3o com o eventual anuncio, destacando que o n\u00fameros sugerido seria o maior j\u00e1 considerado. A institui\u00e7\u00e3o reiterou a oposi\u00e7\u00e3o a mudan\u00e7as territoriais que alterem o estatuto da regi\u00e3o.<\/p>\n<p>Segundo a ONU, a medida refor\u00e7aria uma tend\u00eancia de expans\u00e3o de colonatos que dificulta a viabilidade de uma solu\u00e7\u00e3o de dois Estados. A organiza\u00e7\u00e3o sustenta que o aumento de assentamentos tende a consolidar a ocupa\u00e7\u00e3o e a criar obst\u00e1culos ao esfor\u00e7o de paz na regi\u00e3o.<\/p>\n","protected":false},"excerpt":{"rendered":"<ul>\n<li>A ONU criticou a poss\u00edvel aprova\u00e7\u00e3o de 34 novos colonatos na Cisjord\u00e2nia pelo conselho de seguran\u00e7a de Israel.<\/li>\n<li>O Alto-comiss\u00e1rio das Na\u00e7\u00f5es Unidas para os Direitos Humanos, Volker T\u00fcrk, afirmou ter grave preocupa\u00e7\u00e3o com a not\u00edcia.<\/li>\n<li>Se concretizada, a medida pode representar o maior n\u00famero de colonatos j\u00e1 aprovado.<\/li>\n<li>A avalia\u00e7\u00e3o aponta que a decis\u00e3o continua a tend\u00eancia de crescimento da constru\u00e7\u00e3o ilegal de colonatos.<\/li>\n<li>A a\u00e7\u00e3o \u00e9 vista como uma passos que amplia e consolida a anexa\u00e7\u00e3o de territ\u00f3rio palestiniano ocupado por Israel.<\/li>\n<\/ul>\n","protected":false},"author":2,"featured_media":443529,"comment_status":"closed","ping_status":"closed","sticky":false,"template":"","format":"standard","meta":{"footnotes":""},"categories":[6814],"tags":[5720,2198,2633,7451,5123,2030],"class_list":["post-443526","post","type-post","status-publish","format-standard","has-post-thumbnail","hentry","category-geopolitica","tag-colonatos","tag-conflitos-internacionais","tag-direitos-humanos","tag-ocupacao","tag-onu","tag-palestina"],"yoast_head":"<!-- This site is optimized with the Yoast SEO plugin v27.2 - https:\/\/yoast.com\/product\/yoast-seo-wordpress\/ -->\n<title>ONU critica poss\u00edvel aprova\u00e7\u00e3o de novos colonatos na Cisjord\u00e2nia - Portal Tela Portugal<\/title>\n<meta name=\"robots\" content=\"index, follow, max-snippet:-1, max-image-preview:large, max-video-preview:-1\" \/>\n<meta property=\"og:locale\" content=\"pt_PT\" \/>\n<meta property=\"og:type\" content=\"article\" \/>\n<meta property=\"og:title\" content=\"ONU critica poss\u00edvel aprova\u00e7\u00e3o de novos colonatos na Cisjord\u00e2nia - Portal Tela Portugal\" \/>\n<meta property=\"og:description\" content=\"A ONU criticou a poss\u00edvel aprova\u00e7\u00e3o de 34 novos colonatos na Cisjord\u00e2nia pelo conselho de seguran\u00e7a de Israel. O Alto-comiss\u00e1rio das Na\u00e7\u00f5es Unidas para os Direitos Humanos, Volker T\u00fcrk, afirmou ter grave preocupa\u00e7\u00e3o com a not\u00edcia. Se concretizada, a medida pode representar o maior n\u00famero de colonatos j\u00e1 aprovado. A avalia\u00e7\u00e3o aponta que a decis\u00e3o continua a tend\u00eancia de crescimento da constru\u00e7\u00e3o ilegal de colonatos. A a\u00e7\u00e3o \u00e9 vista como uma passos que amplia e consolida a anexa\u00e7\u00e3o de territ\u00f3rio palestiniano ocupado por Israel.\" \/>\n<meta property=\"og:url\" content=\"https:\/\/portaltela.pt\/noticias\/2026\/04\/14\/onu-critica-possivel-aprovacao-de-novos-colonatos-na-cisjordania\/\" \/>\n<meta property=\"og:site_name\" content=\"Portal Tela Portugal\" \/>\n<meta property=\"article:published_time\" content=\"2026-04-14T11:02:40+00:00\" \/>\n<meta name=\"author\" content=\"Telinha\" \/>\n<meta name=\"twitter:card\" content=\"summary_large_image\" \/>\n<meta name=\"twitter:label1\" content=\"Escrito por\" \/>\n\t<meta name=\"twitter:data1\" content=\"Telinha\" \/>\n\t<meta name=\"twitter:label2\" content=\"Tempo estimado de leitura\" \/>\n\t<meta name=\"twitter:data2\" content=\"1 minuto\" \/>\n<script type=\"application\/ld+json\" class=\"yoast-schema-graph\">{\"@context\":\"https:\/\/schema.org\",\"@graph\":[{\"@type\":\"Article\",\"@id\":\"https:\/\/portaltela.pt\/noticias\/2026\/04\/14\/onu-critica-possivel-aprovacao-de-novos-colonatos-na-cisjordania\/#article\",\"isPartOf\":{\"@id\":\"https:\/\/portaltela.pt\/noticias\/2026\/04\/14\/onu-critica-possivel-aprovacao-de-novos-colonatos-na-cisjordania\/\"},\"author\":{\"name\":\"Telinha\",\"@id\":\"https:\/\/portaltela.pt\/#\/schema\/person\/c4278d4a6028830caff9ee44b42d32ed\"},\"headline\":\"ONU critica poss\u00edvel aprova\u00e7\u00e3o de novos colonatos na Cisjord\u00e2nia\",\"datePublished\":\"2026-04-14T11:02:40+00:00\",\"mainEntityOfPage\":{\"@id\":\"https:\/\/portaltela.pt\/noticias\/2026\/04\/14\/onu-critica-possivel-aprovacao-de-novos-colonatos-na-cisjordania\/\"},\"wordCount\":174,\"image\":{\"@id\":\"https:\/\/portaltela.pt\/noticias\/2026\/04\/14\/onu-critica-possivel-aprovacao-de-novos-colonatos-na-cisjordania\/#primaryimage\"},\"thumbnailUrl\":\"https:\/\/portaltela.pt\/s.01k8rhncp4jt1\/2026\/04\/img_1500x1000uu2025-12-10-11-36-16-2253576.jpg\",\"keywords\":[\"colonatos\",\"conflitos internacionais\",\"direitos humanos\",\"ocupa\u00e7\u00e3o\",\"ONU\",\"Palestina\"],\"articleSection\":[\"Geopol\u00edtica\"],\"inLanguage\":\"pt-PT\"},{\"@type\":\"WebPage\",\"@id\":\"https:\/\/portaltela.pt\/noticias\/2026\/04\/14\/onu-critica-possivel-aprovacao-de-novos-colonatos-na-cisjordania\/\",\"url\":\"https:\/\/portaltela.pt\/noticias\/2026\/04\/14\/onu-critica-possivel-aprovacao-de-novos-colonatos-na-cisjordania\/\",\"name\":\"ONU critica poss\u00edvel aprova\u00e7\u00e3o de novos colonatos na Cisjord\u00e2nia - Portal Tela Portugal\",\"isPartOf\":{\"@id\":\"https:\/\/portaltela.pt\/#website\"},\"primaryImageOfPage\":{\"@id\":\"https:\/\/portaltela.pt\/noticias\/2026\/04\/14\/onu-critica-possivel-aprovacao-de-novos-colonatos-na-cisjordania\/#primaryimage\"},\"image\":{\"@id\":\"https:\/\/portaltela.pt\/noticias\/2026\/04\/14\/onu-critica-possivel-aprovacao-de-novos-colonatos-na-cisjordania\/#primaryimage\"},\"thumbnailUrl\":\"https:\/\/portaltela.pt\/s.01k8rhncp4jt1\/2026\/04\/img_1500x1000uu2025-12-10-11-36-16-2253576.jpg\",\"datePublished\":\"2026-04-14T11:02:40+00:00\",\"author\":{\"@id\":\"https:\/\/portaltela.pt\/#\/schema\/person\/c4278d4a6028830caff9ee44b42d32ed\"},\"breadcrumb\":{\"@id\":\"https:\/\/portaltela.pt\/noticias\/2026\/04\/14\/onu-critica-possivel-aprovacao-de-novos-colonatos-na-cisjordania\/#breadcrumb\"},\"inLanguage\":\"pt-PT\",\"potentialAction\":[{\"@type\":\"ReadAction\",\"target\":[\"https:\/\/portaltela.pt\/noticias\/2026\/04\/14\/onu-critica-possivel-aprovacao-de-novos-colonatos-na-cisjordania\/\"]}]},{\"@type\":\"ImageObject\",\"inLanguage\":\"pt-PT\",\"@id\":\"https:\/\/portaltela.pt\/noticias\/2026\/04\/14\/onu-critica-possivel-aprovacao-de-novos-colonatos-na-cisjordania\/#primaryimage\",\"url\":\"https:\/\/portaltela.pt\/s.01k8rhncp4jt1\/2026\/04\/img_1500x1000uu2025-12-10-11-36-16-2253576.jpg\",\"contentUrl\":\"https:\/\/portaltela.pt\/s.01k8rhncp4jt1\/2026\/04\/img_1500x1000uu2025-12-10-11-36-16-2253576.jpg\",\"width\":796,\"height\":448,\"caption\":\"Volker T\u00fcrk, alto-comiss\u00e1rio das Na\u00e7\u00f5es Unidas para os Direitos Humanos\"},{\"@type\":\"BreadcrumbList\",\"@id\":\"https:\/\/portaltela.pt\/noticias\/2026\/04\/14\/onu-critica-possivel-aprovacao-de-novos-colonatos-na-cisjordania\/#breadcrumb\",\"itemListElement\":[{\"@type\":\"ListItem\",\"position\":1,\"name\":\"In\u00edcio\",\"item\":\"https:\/\/portaltela.pt\/\"},{\"@type\":\"ListItem\",\"position\":2,\"name\":\"ONU critica poss\u00edvel aprova\u00e7\u00e3o de novos colonatos na Cisjord\u00e2nia\"}]},{\"@type\":\"WebSite\",\"@id\":\"https:\/\/portaltela.pt\/#website\",\"url\":\"https:\/\/portaltela.pt\/\",\"name\":\"Portal Tela Portugal\",\"description\":\"\",\"potentialAction\":[{\"@type\":\"SearchAction\",\"target\":{\"@type\":\"EntryPoint\",\"urlTemplate\":\"https:\/\/portaltela.pt\/?s={search_term_string}\"},\"query-input\":{\"@type\":\"PropertyValueSpecification\",\"valueRequired\":true,\"valueName\":\"search_term_string\"}}],\"inLanguage\":\"pt-PT\"},{\"@type\":\"Person\",\"@id\":\"https:\/\/portaltela.pt\/#\/schema\/person\/c4278d4a6028830caff9ee44b42d32ed\",\"name\":\"Telinha\",\"image\":{\"@type\":\"ImageObject\",\"inLanguage\":\"pt-PT\",\"@id\":\"https:\/\/portaltela.pt\/s.01k8rhncp4jt1\/2025\/11\/talking-bot-125x125.png\",\"url\":\"https:\/\/portaltela.pt\/s.01k8rhncp4jt1\/2025\/11\/talking-bot-125x125.png\",\"contentUrl\":\"https:\/\/portaltela.pt\/s.01k8rhncp4jt1\/2025\/11\/talking-bot-125x125.png\",\"caption\":\"Telinha\"},\"sameAs\":[\"https:\/\/portaltela.pt\/\"],\"url\":\"https:\/\/portaltela.pt\/por\/367410592786\/\"}]}<\/script>\n<!-- \/ Yoast SEO plugin. -->","yoast_head_json":{"title":"ONU critica poss\u00edvel aprova\u00e7\u00e3o de novos colonatos na Cisjord\u00e2nia - Portal Tela Portugal","robots":{"index":"index","follow":"follow","max-snippet":"max-snippet:-1","max-image-preview":"max-image-preview:large","max-video-preview":"max-video-preview:-1"},"og_locale":"pt_PT","og_type":"article","og_title":"ONU critica poss\u00edvel aprova\u00e7\u00e3o de novos colonatos na Cisjord\u00e2nia - Portal Tela Portugal","og_description":"A ONU criticou a poss\u00edvel aprova\u00e7\u00e3o de 34 novos colonatos na Cisjord\u00e2nia pelo conselho de seguran\u00e7a de Israel. O Alto-comiss\u00e1rio das Na\u00e7\u00f5es Unidas para os Direitos Humanos, Volker T\u00fcrk, afirmou ter grave preocupa\u00e7\u00e3o com a not\u00edcia. Se concretizada, a medida pode representar o maior n\u00famero de colonatos j\u00e1 aprovado. A avalia\u00e7\u00e3o aponta que a decis\u00e3o continua a tend\u00eancia de crescimento da constru\u00e7\u00e3o ilegal de colonatos. A a\u00e7\u00e3o \u00e9 vista como uma passos que amplia e consolida a anexa\u00e7\u00e3o de territ\u00f3rio palestiniano ocupado por Israel.","og_url":"https:\/\/portaltela.pt\/noticias\/2026\/04\/14\/onu-critica-possivel-aprovacao-de-novos-colonatos-na-cisjordania\/","og_site_name":"Portal Tela Portugal","article_published_time":"2026-04-14T11:02:40+00:00","author":"Telinha","twitter_card":"summary_large_image","twitter_misc":{"Escrito por":"Telinha","Tempo estimado de leitura":"1 minuto"},"schema":{"@context":"https:\/\/schema.org","@graph":[{"@type":"Article","@id":"https:\/\/portaltela.pt\/noticias\/2026\/04\/14\/onu-critica-possivel-aprovacao-de-novos-colonatos-na-cisjordania\/#article","isPartOf":{"@id":"https:\/\/portaltela.pt\/noticias\/2026\/04\/14\/onu-critica-possivel-aprovacao-de-novos-colonatos-na-cisjordania\/"},"author":{"name":"Telinha","@id":"https:\/\/portaltela.pt\/#\/schema\/person\/c4278d4a6028830caff9ee44b42d32ed"},"headline":"ONU critica poss\u00edvel aprova\u00e7\u00e3o de novos colonatos na Cisjord\u00e2nia","datePublished":"2026-04-14T11:02:40+00:00","mainEntityOfPage":{"@id":"https:\/\/portaltela.pt\/noticias\/2026\/04\/14\/onu-critica-possivel-aprovacao-de-novos-colonatos-na-cisjordania\/"},"wordCount":174,"image":{"@id":"https:\/\/portaltela.pt\/noticias\/2026\/04\/14\/onu-critica-possivel-aprovacao-de-novos-colonatos-na-cisjordania\/#primaryimage"},"thumbnailUrl":"https:\/\/portaltela.pt\/s.01k8rhncp4jt1\/2026\/04\/img_1500x1000uu2025-12-10-11-36-16-2253576.jpg","keywords":["colonatos","conflitos internacionais","direitos humanos","ocupa\u00e7\u00e3o","ONU","Palestina"],"articleSection":["Geopol\u00edtica"],"inLanguage":"pt-PT"},{"@type":"WebPage","@id":"https:\/\/portaltela.pt\/noticias\/2026\/04\/14\/onu-critica-possivel-aprovacao-de-novos-colonatos-na-cisjordania\/","url":"https:\/\/portaltela.pt\/noticias\/2026\/04\/14\/onu-critica-possivel-aprovacao-de-novos-colonatos-na-cisjordania\/","name":"ONU critica poss\u00edvel aprova\u00e7\u00e3o de novos colonatos na Cisjord\u00e2nia - Portal Tela Portugal","isPartOf":{"@id":"https:\/\/portaltela.pt\/#website"},"primaryImageOfPage":{"@id":"https:\/\/portaltela.pt\/noticias\/2026\/04\/14\/onu-critica-possivel-aprovacao-de-novos-colonatos-na-cisjordania\/#primaryimage"},"image":{"@id":"https:\/\/portaltela.pt\/noticias\/2026\/04\/14\/onu-critica-possivel-aprovacao-de-novos-colonatos-na-cisjordania\/#primaryimage"},"thumbnailUrl":"https:\/\/portaltela.pt\/s.01k8rhncp4jt1\/2026\/04\/img_1500x1000uu2025-12-10-11-36-16-2253576.jpg","datePublished":"2026-04-14T11:02:40+00:00","author":{"@id":"https:\/\/portaltela.pt\/#\/schema\/person\/c4278d4a6028830caff9ee44b42d32ed"},"breadcrumb":{"@id":"https:\/\/portaltela.pt\/noticias\/2026\/04\/14\/onu-critica-possivel-aprovacao-de-novos-colonatos-na-cisjordania\/#breadcrumb"},"inLanguage":"pt-PT","potentialAction":[{"@type":"ReadAction","target":["https:\/\/portaltela.pt\/noticias\/2026\/04\/14\/onu-critica-possivel-aprovacao-de-novos-colonatos-na-cisjordania\/"]}]},{"@type":"ImageObject","inLanguage":"pt-PT","@id":"https:\/\/portaltela.pt\/noticias\/2026\/04\/14\/onu-critica-possivel-aprovacao-de-novos-colonatos-na-cisjordania\/#primaryimage","url":"https:\/\/portaltela.pt\/s.01k8rhncp4jt1\/2026\/04\/img_1500x1000uu2025-12-10-11-36-16-2253576.jpg","contentUrl":"https:\/\/portaltela.pt\/s.01k8rhncp4jt1\/2026\/04\/img_1500x1000uu2025-12-10-11-36-16-2253576.jpg","width":796,"height":448,"caption":"Volker T\u00fcrk, alto-comiss\u00e1rio das Na\u00e7\u00f5es Unidas para os Direitos Humanos"},{"@type":"BreadcrumbList","@id":"https:\/\/portaltela.pt\/noticias\/2026\/04\/14\/onu-critica-possivel-aprovacao-de-novos-colonatos-na-cisjordania\/#breadcrumb","itemListElement":[{"@type":"ListItem","position":1,"name":"In\u00edcio","item":"https:\/\/portaltela.pt\/"},{"@type":"ListItem","position":2,"name":"ONU critica poss\u00edvel aprova\u00e7\u00e3o de novos colonatos na Cisjord\u00e2nia"}]},{"@type":"WebSite","@id":"https:\/\/portaltela.pt\/#website","url":"https:\/\/portaltela.pt\/","name":"Portal Tela Portugal","description":"","potentialAction":[{"@type":"SearchAction","target":{"@type":"EntryPoint","urlTemplate":"https:\/\/portaltela.pt\/?s={search_term_string}"},"query-input":{"@type":"PropertyValueSpecification","valueRequired":true,"valueName":"search_term_string"}}],"inLanguage":"pt-PT"},{"@type":"Person","@id":"https:\/\/portaltela.pt\/#\/schema\/person\/c4278d4a6028830caff9ee44b42d32ed","name":"Telinha","image":{"@type":"ImageObject","inLanguage":"pt-PT","@id":"https:\/\/portaltela.pt\/s.01k8rhncp4jt1\/2025\/11\/talking-bot-125x125.png","url":"https:\/\/portaltela.pt\/s.01k8rhncp4jt1\/2025\/11\/talking-bot-125x125.png","contentUrl":"https:\/\/portaltela.pt\/s.01k8rhncp4jt1\/2025\/11\/talking-bot-125x125.png","caption":"Telinha"},"sameAs":["https:\/\/portaltela.pt\/"],"url":"https:\/\/portaltela.pt\/por\/367410592786\/"}]}},"_links":{"self":[{"href":"https:\/\/portaltela.pt\/api\/wp\/v2\/posts\/443526","targetHints":{"allow":["GET"]}}],"collection":[{"href":"https:\/\/portaltela.pt\/api\/wp\/v2\/posts"}],"about":[{"href":"https:\/\/portaltela.pt\/api\/wp\/v2\/types\/post"}],"author":[{"embeddable":true,"href":"https:\/\/portaltela.pt\/api\/wp\/v2\/users\/2"}],"replies":[{"embeddable":true,"href":"https:\/\/portaltela.pt\/api\/wp\/v2\/comments?post=443526"}],"version-history":[{"count":0,"href":"https:\/\/portaltela.pt\/api\/wp\/v2\/posts\/443526\/revisions"}],"wp:featuredmedia":[{"embeddable":true,"href":"https:\/\/portaltela.pt\/api\/wp\/v2\/media\/443529"}],"wp:attachment":[{"href":"https:\/\/portaltela.pt\/api\/wp\/v2\/media?parent=443526"}],"wp:term":[{"taxonomy":"category","embeddable":true,"href":"https:\/\/portaltela.pt\/api\/wp\/v2\/categories?post=443526"},{"taxonomy":"post_tag","embeddable":true,"href":"https:\/\/portaltela.pt\/api\/wp\/v2\/tags?post=443526"}],"curies":[{"name":"wp","href":"https:\/\/api.w.org\/{rel}","templated":true}]}}