{"id":443516,"date":"2026-04-14T08:02:30","date_gmt":"2026-04-14T11:02:30","guid":{"rendered":"https:\/\/portaltela.pt\/noticias\/2026\/04\/14\/provas-ensaio-arrancam-hoje-para-alunos-do-4-o-6-o-e-9-o-anos\/"},"modified":"2026-04-14T08:02:30","modified_gmt":"2026-04-14T11:02:30","slug":"provas-ensaio-arrancam-hoje-para-alunos-do-4-o-6-o-e-9-o-anos","status":"publish","type":"post","link":"https:\/\/portaltela.pt\/noticias\/politica\/2026\/04\/14\/provas-ensaio-arrancam-hoje-para-alunos-do-4-o-6-o-e-9-o-anos\/","title":{"rendered":"Provas-ensaio arrancam hoje para alunos do 4.\u00ba, 6.\u00ba e 9.\u00ba anos"},"content":{"rendered":"<p>As provas-ensaio arrancam hoje para alunos do 4.\u00ba, 6.\u00ba e 9.\u00ba anos. Trata-se de avalia\u00e7\u00f5es em formato digital, criadas para treinar os estudantes nas provas de monitoriza\u00e7\u00e3o das aprendizagens, conhecidas como Moda. Originalmente, estavam marcadas para 23 de fevereiro, mas foram adiadas devido \u00e0 tempestade.<\/p>\n<p>As provas visam preparar os alunos para as provas de monitoriza\u00e7\u00e3o das aprendizagens. Participam os estudantes do 4.\u00ba, 6.\u00ba e 9.\u00ba anos, com o objetivo de familiarizar os mais jovens \u00e0 estrutura, ao formato digital e ao tipo de itens que podem encontrar nas avalia\u00e7\u00f5es oficiais.<\/p>\n<h3>Formato digital e objetivos<\/h3>\n<p>Os testes s\u00e3o aplicados em formato digital, permitindo a quantidade de itens e o tempo de resposta serem monitorizados de forma autom\u00e1tica. As provas-ensaio procuram esclarecer d\u00favidas sobre o tipo de quest\u00f5es e o n\u00edvel de dificuldade que ser\u00e1 apresentado nas Moda.<\/p>\n<h3>Contexto e funcionamento<\/h3>\n<p>A iniciativa insere-se num conjunto de prepara\u00e7\u00f5es promovidas pelas entidades educativas para facilitar a transi\u00e7\u00e3o para as provas oficiais. As datas e hor\u00e1rios das sess\u00f5es s\u00e3o comunicados pelas escolas, com foco na boa organiza\u00e7\u00e3o e no cumprimento dos prazos.<\/p>\n","protected":false},"excerpt":{"rendered":"<ul>\n<li>As provas-ensaio s\u00e3o avalia\u00e7\u00f5es em formato digital criadas para treinar os alunos para as provas de monitoriza\u00e7\u00e3o das aprendizagens (Moda).<\/li>\n<li>Destinam-se aos alunos do 4.\u00ba, 6.\u00ba e 9.\u00ba anos de escolaridade.<\/li>\n<li>Estavam previstas para o dia 23 de fevereiro, mas foram adiadas devido \u00e0 tempestade.<\/li>\n<li>O objetivo \u00e9 preparar os estudantes para as provas de monitoriza\u00e7\u00e3o das aprendizagens, conhecidas como Moda.<\/li>\n<\/ul>\n","protected":false},"author":2,"featured_media":443518,"comment_status":"closed","ping_status":"closed","sticky":false,"template":"","format":"standard","meta":{"footnotes":""},"categories":[1,5],"tags":[5170,163,2917,2443,92,101],"class_list":["post-443516","post","type-post","status-publish","format-standard","has-post-thumbnail","hentry","category-noticias","category-politica","tag-calendario-escolar","tag-educacao","tag-educacao-digital","tag-educacao-publica","tag-ensino","tag-escolas"],"yoast_head":"<!-- This site is optimized with the Yoast SEO plugin v27.2 - https:\/\/yoast.com\/product\/yoast-seo-wordpress\/ -->\n<title>Provas-ensaio arrancam hoje para alunos do 4.\u00ba, 6.\u00ba e 9.\u00ba anos - Portal Tela Portugal<\/title>\n<meta name=\"robots\" content=\"index, follow, max-snippet:-1, max-image-preview:large, max-video-preview:-1\" \/>\n<meta property=\"og:locale\" content=\"pt_PT\" \/>\n<meta property=\"og:type\" content=\"article\" \/>\n<meta property=\"og:title\" content=\"Provas-ensaio arrancam hoje para alunos do 4.\u00ba, 6.\u00ba e 9.\u00ba anos - Portal Tela Portugal\" \/>\n<meta property=\"og:description\" content=\"As provas-ensaio s\u00e3o avalia\u00e7\u00f5es em formato digital criadas para treinar os alunos para as provas de monitoriza\u00e7\u00e3o das aprendizagens (Moda). Destinam-se aos alunos do 4.\u00ba, 6.\u00ba e 9.\u00ba anos de escolaridade. Estavam previstas para o dia 23 de fevereiro, mas foram adiadas devido \u00e0 tempestade. O objetivo \u00e9 preparar os estudantes para as provas de monitoriza\u00e7\u00e3o das aprendizagens, conhecidas como Moda.\" \/>\n<meta property=\"og:url\" content=\"https:\/\/portaltela.pt\/noticias\/2026\/04\/14\/provas-ensaio-arrancam-hoje-para-alunos-do-4-o-6-o-e-9-o-anos\/\" \/>\n<meta property=\"og:site_name\" content=\"Portal Tela Portugal\" \/>\n<meta property=\"article:published_time\" content=\"2026-04-14T11:02:30+00:00\" \/>\n<meta name=\"author\" content=\"Telinha\" \/>\n<meta name=\"twitter:card\" content=\"summary_large_image\" \/>\n<meta name=\"twitter:label1\" content=\"Escrito por\" \/>\n\t<meta name=\"twitter:data1\" content=\"Telinha\" \/>\n\t<meta name=\"twitter:label2\" content=\"Tempo estimado de leitura\" \/>\n\t<meta name=\"twitter:data2\" content=\"1 minuto\" \/>\n<script type=\"application\/ld+json\" class=\"yoast-schema-graph\">{\"@context\":\"https:\/\/schema.org\",\"@graph\":[{\"@type\":\"Article\",\"@id\":\"https:\/\/portaltela.pt\/noticias\/2026\/04\/14\/provas-ensaio-arrancam-hoje-para-alunos-do-4-o-6-o-e-9-o-anos\/#article\",\"isPartOf\":{\"@id\":\"https:\/\/portaltela.pt\/noticias\/2026\/04\/14\/provas-ensaio-arrancam-hoje-para-alunos-do-4-o-6-o-e-9-o-anos\/\"},\"author\":{\"name\":\"Telinha\",\"@id\":\"https:\/\/portaltela.pt\/#\/schema\/person\/c4278d4a6028830caff9ee44b42d32ed\"},\"headline\":\"Provas-ensaio arrancam hoje para alunos do 4.\u00ba, 6.\u00ba e 9.\u00ba anos\",\"datePublished\":\"2026-04-14T11:02:30+00:00\",\"mainEntityOfPage\":{\"@id\":\"https:\/\/portaltela.pt\/noticias\/2026\/04\/14\/provas-ensaio-arrancam-hoje-para-alunos-do-4-o-6-o-e-9-o-anos\/\"},\"wordCount\":193,\"image\":{\"@id\":\"https:\/\/portaltela.pt\/noticias\/2026\/04\/14\/provas-ensaio-arrancam-hoje-para-alunos-do-4-o-6-o-e-9-o-anos\/#primaryimage\"},\"thumbnailUrl\":\"https:\/\/portaltela.pt\/s.01k8rhncp4jt1\/2026\/04\/2081112.jpg\",\"keywords\":[\"calend\u00e1rio escolar\",\"educa\u00e7\u00e3o\",\"educa\u00e7\u00e3o digital\",\"educa\u00e7\u00e3o p\u00fablica\",\"ensino\",\"escolas\"],\"articleSection\":[\"Not\u00edcias\",\"Pol\u00edtica\"],\"inLanguage\":\"pt-PT\"},{\"@type\":\"WebPage\",\"@id\":\"https:\/\/portaltela.pt\/noticias\/2026\/04\/14\/provas-ensaio-arrancam-hoje-para-alunos-do-4-o-6-o-e-9-o-anos\/\",\"url\":\"https:\/\/portaltela.pt\/noticias\/2026\/04\/14\/provas-ensaio-arrancam-hoje-para-alunos-do-4-o-6-o-e-9-o-anos\/\",\"name\":\"Provas-ensaio arrancam hoje para alunos do 4.\u00ba, 6.\u00ba e 9.\u00ba anos - Portal Tela Portugal\",\"isPartOf\":{\"@id\":\"https:\/\/portaltela.pt\/#website\"},\"primaryImageOfPage\":{\"@id\":\"https:\/\/portaltela.pt\/noticias\/2026\/04\/14\/provas-ensaio-arrancam-hoje-para-alunos-do-4-o-6-o-e-9-o-anos\/#primaryimage\"},\"image\":{\"@id\":\"https:\/\/portaltela.pt\/noticias\/2026\/04\/14\/provas-ensaio-arrancam-hoje-para-alunos-do-4-o-6-o-e-9-o-anos\/#primaryimage\"},\"thumbnailUrl\":\"https:\/\/portaltela.pt\/s.01k8rhncp4jt1\/2026\/04\/2081112.jpg\",\"datePublished\":\"2026-04-14T11:02:30+00:00\",\"author\":{\"@id\":\"https:\/\/portaltela.pt\/#\/schema\/person\/c4278d4a6028830caff9ee44b42d32ed\"},\"breadcrumb\":{\"@id\":\"https:\/\/portaltela.pt\/noticias\/2026\/04\/14\/provas-ensaio-arrancam-hoje-para-alunos-do-4-o-6-o-e-9-o-anos\/#breadcrumb\"},\"inLanguage\":\"pt-PT\",\"potentialAction\":[{\"@type\":\"ReadAction\",\"target\":[\"https:\/\/portaltela.pt\/noticias\/2026\/04\/14\/provas-ensaio-arrancam-hoje-para-alunos-do-4-o-6-o-e-9-o-anos\/\"]}]},{\"@type\":\"ImageObject\",\"inLanguage\":\"pt-PT\",\"@id\":\"https:\/\/portaltela.pt\/noticias\/2026\/04\/14\/provas-ensaio-arrancam-hoje-para-alunos-do-4-o-6-o-e-9-o-anos\/#primaryimage\",\"url\":\"https:\/\/portaltela.pt\/s.01k8rhncp4jt1\/2026\/04\/2081112.jpg\",\"contentUrl\":\"https:\/\/portaltela.pt\/s.01k8rhncp4jt1\/2026\/04\/2081112.jpg\",\"width\":796,\"height\":448,\"caption\":\"Provas s\u00e3o em formato digital\"},{\"@type\":\"BreadcrumbList\",\"@id\":\"https:\/\/portaltela.pt\/noticias\/2026\/04\/14\/provas-ensaio-arrancam-hoje-para-alunos-do-4-o-6-o-e-9-o-anos\/#breadcrumb\",\"itemListElement\":[{\"@type\":\"ListItem\",\"position\":1,\"name\":\"In\u00edcio\",\"item\":\"https:\/\/portaltela.pt\/\"},{\"@type\":\"ListItem\",\"position\":2,\"name\":\"Provas-ensaio arrancam hoje para alunos do 4.\u00ba, 6.\u00ba e 9.\u00ba anos\"}]},{\"@type\":\"WebSite\",\"@id\":\"https:\/\/portaltela.pt\/#website\",\"url\":\"https:\/\/portaltela.pt\/\",\"name\":\"Portal Tela Portugal\",\"description\":\"\",\"potentialAction\":[{\"@type\":\"SearchAction\",\"target\":{\"@type\":\"EntryPoint\",\"urlTemplate\":\"https:\/\/portaltela.pt\/?s={search_term_string}\"},\"query-input\":{\"@type\":\"PropertyValueSpecification\",\"valueRequired\":true,\"valueName\":\"search_term_string\"}}],\"inLanguage\":\"pt-PT\"},{\"@type\":\"Person\",\"@id\":\"https:\/\/portaltela.pt\/#\/schema\/person\/c4278d4a6028830caff9ee44b42d32ed\",\"name\":\"Telinha\",\"image\":{\"@type\":\"ImageObject\",\"inLanguage\":\"pt-PT\",\"@id\":\"https:\/\/portaltela.pt\/s.01k8rhncp4jt1\/2025\/11\/talking-bot-125x125.png\",\"url\":\"https:\/\/portaltela.pt\/s.01k8rhncp4jt1\/2025\/11\/talking-bot-125x125.png\",\"contentUrl\":\"https:\/\/portaltela.pt\/s.01k8rhncp4jt1\/2025\/11\/talking-bot-125x125.png\",\"caption\":\"Telinha\"},\"sameAs\":[\"https:\/\/portaltela.pt\/\"],\"url\":\"https:\/\/portaltela.pt\/por\/367410592786\/\"}]}<\/script>\n<!-- \/ Yoast SEO plugin. -->","yoast_head_json":{"title":"Provas-ensaio arrancam hoje para alunos do 4.\u00ba, 6.\u00ba e 9.\u00ba anos - Portal Tela Portugal","robots":{"index":"index","follow":"follow","max-snippet":"max-snippet:-1","max-image-preview":"max-image-preview:large","max-video-preview":"max-video-preview:-1"},"og_locale":"pt_PT","og_type":"article","og_title":"Provas-ensaio arrancam hoje para alunos do 4.\u00ba, 6.\u00ba e 9.\u00ba anos - Portal Tela Portugal","og_description":"As provas-ensaio s\u00e3o avalia\u00e7\u00f5es em formato digital criadas para treinar os alunos para as provas de monitoriza\u00e7\u00e3o das aprendizagens (Moda). Destinam-se aos alunos do 4.\u00ba, 6.\u00ba e 9.\u00ba anos de escolaridade. Estavam previstas para o dia 23 de fevereiro, mas foram adiadas devido \u00e0 tempestade. O objetivo \u00e9 preparar os estudantes para as provas de monitoriza\u00e7\u00e3o das aprendizagens, conhecidas como Moda.","og_url":"https:\/\/portaltela.pt\/noticias\/2026\/04\/14\/provas-ensaio-arrancam-hoje-para-alunos-do-4-o-6-o-e-9-o-anos\/","og_site_name":"Portal Tela Portugal","article_published_time":"2026-04-14T11:02:30+00:00","author":"Telinha","twitter_card":"summary_large_image","twitter_misc":{"Escrito por":"Telinha","Tempo estimado de leitura":"1 minuto"},"schema":{"@context":"https:\/\/schema.org","@graph":[{"@type":"Article","@id":"https:\/\/portaltela.pt\/noticias\/2026\/04\/14\/provas-ensaio-arrancam-hoje-para-alunos-do-4-o-6-o-e-9-o-anos\/#article","isPartOf":{"@id":"https:\/\/portaltela.pt\/noticias\/2026\/04\/14\/provas-ensaio-arrancam-hoje-para-alunos-do-4-o-6-o-e-9-o-anos\/"},"author":{"name":"Telinha","@id":"https:\/\/portaltela.pt\/#\/schema\/person\/c4278d4a6028830caff9ee44b42d32ed"},"headline":"Provas-ensaio arrancam hoje para alunos do 4.\u00ba, 6.\u00ba e 9.\u00ba anos","datePublished":"2026-04-14T11:02:30+00:00","mainEntityOfPage":{"@id":"https:\/\/portaltela.pt\/noticias\/2026\/04\/14\/provas-ensaio-arrancam-hoje-para-alunos-do-4-o-6-o-e-9-o-anos\/"},"wordCount":193,"image":{"@id":"https:\/\/portaltela.pt\/noticias\/2026\/04\/14\/provas-ensaio-arrancam-hoje-para-alunos-do-4-o-6-o-e-9-o-anos\/#primaryimage"},"thumbnailUrl":"https:\/\/portaltela.pt\/s.01k8rhncp4jt1\/2026\/04\/2081112.jpg","keywords":["calend\u00e1rio escolar","educa\u00e7\u00e3o","educa\u00e7\u00e3o digital","educa\u00e7\u00e3o p\u00fablica","ensino","escolas"],"articleSection":["Not\u00edcias","Pol\u00edtica"],"inLanguage":"pt-PT"},{"@type":"WebPage","@id":"https:\/\/portaltela.pt\/noticias\/2026\/04\/14\/provas-ensaio-arrancam-hoje-para-alunos-do-4-o-6-o-e-9-o-anos\/","url":"https:\/\/portaltela.pt\/noticias\/2026\/04\/14\/provas-ensaio-arrancam-hoje-para-alunos-do-4-o-6-o-e-9-o-anos\/","name":"Provas-ensaio arrancam hoje para alunos do 4.\u00ba, 6.\u00ba e 9.\u00ba anos - Portal Tela Portugal","isPartOf":{"@id":"https:\/\/portaltela.pt\/#website"},"primaryImageOfPage":{"@id":"https:\/\/portaltela.pt\/noticias\/2026\/04\/14\/provas-ensaio-arrancam-hoje-para-alunos-do-4-o-6-o-e-9-o-anos\/#primaryimage"},"image":{"@id":"https:\/\/portaltela.pt\/noticias\/2026\/04\/14\/provas-ensaio-arrancam-hoje-para-alunos-do-4-o-6-o-e-9-o-anos\/#primaryimage"},"thumbnailUrl":"https:\/\/portaltela.pt\/s.01k8rhncp4jt1\/2026\/04\/2081112.jpg","datePublished":"2026-04-14T11:02:30+00:00","author":{"@id":"https:\/\/portaltela.pt\/#\/schema\/person\/c4278d4a6028830caff9ee44b42d32ed"},"breadcrumb":{"@id":"https:\/\/portaltela.pt\/noticias\/2026\/04\/14\/provas-ensaio-arrancam-hoje-para-alunos-do-4-o-6-o-e-9-o-anos\/#breadcrumb"},"inLanguage":"pt-PT","potentialAction":[{"@type":"ReadAction","target":["https:\/\/portaltela.pt\/noticias\/2026\/04\/14\/provas-ensaio-arrancam-hoje-para-alunos-do-4-o-6-o-e-9-o-anos\/"]}]},{"@type":"ImageObject","inLanguage":"pt-PT","@id":"https:\/\/portaltela.pt\/noticias\/2026\/04\/14\/provas-ensaio-arrancam-hoje-para-alunos-do-4-o-6-o-e-9-o-anos\/#primaryimage","url":"https:\/\/portaltela.pt\/s.01k8rhncp4jt1\/2026\/04\/2081112.jpg","contentUrl":"https:\/\/portaltela.pt\/s.01k8rhncp4jt1\/2026\/04\/2081112.jpg","width":796,"height":448,"caption":"Provas s\u00e3o em formato digital"},{"@type":"BreadcrumbList","@id":"https:\/\/portaltela.pt\/noticias\/2026\/04\/14\/provas-ensaio-arrancam-hoje-para-alunos-do-4-o-6-o-e-9-o-anos\/#breadcrumb","itemListElement":[{"@type":"ListItem","position":1,"name":"In\u00edcio","item":"https:\/\/portaltela.pt\/"},{"@type":"ListItem","position":2,"name":"Provas-ensaio arrancam hoje para alunos do 4.\u00ba, 6.\u00ba e 9.\u00ba anos"}]},{"@type":"WebSite","@id":"https:\/\/portaltela.pt\/#website","url":"https:\/\/portaltela.pt\/","name":"Portal Tela Portugal","description":"","potentialAction":[{"@type":"SearchAction","target":{"@type":"EntryPoint","urlTemplate":"https:\/\/portaltela.pt\/?s={search_term_string}"},"query-input":{"@type":"PropertyValueSpecification","valueRequired":true,"valueName":"search_term_string"}}],"inLanguage":"pt-PT"},{"@type":"Person","@id":"https:\/\/portaltela.pt\/#\/schema\/person\/c4278d4a6028830caff9ee44b42d32ed","name":"Telinha","image":{"@type":"ImageObject","inLanguage":"pt-PT","@id":"https:\/\/portaltela.pt\/s.01k8rhncp4jt1\/2025\/11\/talking-bot-125x125.png","url":"https:\/\/portaltela.pt\/s.01k8rhncp4jt1\/2025\/11\/talking-bot-125x125.png","contentUrl":"https:\/\/portaltela.pt\/s.01k8rhncp4jt1\/2025\/11\/talking-bot-125x125.png","caption":"Telinha"},"sameAs":["https:\/\/portaltela.pt\/"],"url":"https:\/\/portaltela.pt\/por\/367410592786\/"}]}},"_links":{"self":[{"href":"https:\/\/portaltela.pt\/api\/wp\/v2\/posts\/443516","targetHints":{"allow":["GET"]}}],"collection":[{"href":"https:\/\/portaltela.pt\/api\/wp\/v2\/posts"}],"about":[{"href":"https:\/\/portaltela.pt\/api\/wp\/v2\/types\/post"}],"author":[{"embeddable":true,"href":"https:\/\/portaltela.pt\/api\/wp\/v2\/users\/2"}],"replies":[{"embeddable":true,"href":"https:\/\/portaltela.pt\/api\/wp\/v2\/comments?post=443516"}],"version-history":[{"count":0,"href":"https:\/\/portaltela.pt\/api\/wp\/v2\/posts\/443516\/revisions"}],"wp:featuredmedia":[{"embeddable":true,"href":"https:\/\/portaltela.pt\/api\/wp\/v2\/media\/443518"}],"wp:attachment":[{"href":"https:\/\/portaltela.pt\/api\/wp\/v2\/media?parent=443516"}],"wp:term":[{"taxonomy":"category","embeddable":true,"href":"https:\/\/portaltela.pt\/api\/wp\/v2\/categories?post=443516"},{"taxonomy":"post_tag","embeddable":true,"href":"https:\/\/portaltela.pt\/api\/wp\/v2\/tags?post=443516"}],"curies":[{"name":"wp","href":"https:\/\/api.w.org\/{rel}","templated":true}]}}