{"id":443487,"date":"2026-04-14T07:47:11","date_gmt":"2026-04-14T10:47:11","guid":{"rendered":"https:\/\/portaltela.pt\/noticias\/2026\/04\/14\/aeroportos-registam-maximo-historico-de-89-milhoes-de-passageiros-ate-marco\/"},"modified":"2026-04-14T07:47:11","modified_gmt":"2026-04-14T10:47:11","slug":"aeroportos-registam-maximo-historico-de-89-milhoes-de-passageiros-ate-marco","status":"publish","type":"post","link":"https:\/\/portaltela.pt\/noticias\/economia\/2026\/04\/14\/aeroportos-registam-maximo-historico-de-89-milhoes-de-passageiros-ate-marco\/","title":{"rendered":"Aeroportos registam m\u00e1ximo hist\u00f3rico de 8,9 milh\u00f5es de passageiros at\u00e9 mar\u00e7o"},"content":{"rendered":"<p>Os aeroportos portugueses registaram um m\u00e1ximo hist\u00f3rico de 8,9 milh\u00f5es de passageiros at\u00e9 mar\u00e7o, segundo a ANA Aeroportos de Portugal. O crescimento face ao mesmo per\u00edodo de 2023 foi de 44,4%, impulsionado pelo aumento de passageiros internacionais e pela evolu\u00e7\u00e3o do tr\u00e1fego de carga.<\/p>\n<p>A Espanha foi, nos dois primeiros meses, o principal pa\u00eds de origem dos voos, seguida pela Fran\u00e7a e pelo Reino Unido. O tr\u00e1fego internacional representou 78,4% do total, e a carga a\u00e9rea aumentou 4,4%.<\/p>\n<h3>Desempenho por aeroporto<\/h3>\n<p>Lisboa liderou o crescimento, com +55,4% de passageiros, totalizando 4,2 milh\u00f5es. Porto segmentou 1,4 milh\u00f5es, registando +44,4%, e Funchal atingiu 0,4 milh\u00f5es, com +37,4%.<\/p>\n<p>A ANA destaca que o aumento do turismo internacional tem sustentado o crescimento do tr\u00e1fego. O Funchal, na Madeira, continua a superar o volume de passageiros de Faro, no Algarve, segundo dados at\u00e9 mar\u00e7o.<\/p>\n<p>A gestora aeroportu\u00e1ria espera manter a tend\u00eancia de aumento nos meses seguintes, apoiada pela retoma econ\u00f3mica e pelo incremento tur\u00edstico Read more?<\/p>\n","protected":false},"excerpt":{"rendered":"<ul>\n<li>Os aeroportos portugueses movimentaram 8,9 milh\u00f5es de passageiros at\u00e9 mar\u00e7o, m\u00e1ximo hist\u00f3rico, com um aumento de 44,4% face ao ano anterior.<\/li>\n<li>Passagens internacionais representaram 78,4% do total, e o tr\u00e1fego de carga cresceu 4,4%.<\/li>\n<li>Lisboa foi o principal motor de crescimento, com +55,4% (4,2 milh\u00f5es de passageiros at\u00e9 mar\u00e7o); Porto subiu 44,4% (1,4 milh\u00f5es) e Funchal 37,4% (0,4 milh\u00f5es).<\/li>\n<li>Nos primeiros dois meses do ano, Espanha foi o principal pa\u00eds de origem dos voos, seguida de Fran\u00e7a e Reino Unido.<\/li>\n<li>O Funchal continua a superar Faro em passageiros, com crescimento de 37,4% at\u00e9 mar\u00e7o, com perspetiva de manuten\u00e7\u00e3o do crescimento devido ao turismo e \u00e0 retoma econ\u00f3mica.<\/li>\n<\/ul>\n","protected":false},"author":2,"featured_media":443489,"comment_status":"closed","ping_status":"closed","sticky":false,"template":"","format":"standard","meta":{"footnotes":""},"categories":[2,6735],"tags":[7890,7183,8226,981,859,982],"class_list":["post-443487","post","type-post","status-publish","format-standard","has-post-thumbnail","hentry","category-economia","category-negocios","tag-_aeroportos","tag-aviacao","tag-carga-aerea","tag-lisboa","tag-madeira","tag-porto"],"yoast_head":"<!-- This site is optimized with the Yoast SEO plugin v27.2 - https:\/\/yoast.com\/product\/yoast-seo-wordpress\/ -->\n<title>Aeroportos registam m\u00e1ximo hist\u00f3rico de 8,9 milh\u00f5es de passageiros at\u00e9 mar\u00e7o - Portal Tela Portugal<\/title>\n<meta name=\"robots\" content=\"index, follow, max-snippet:-1, max-image-preview:large, max-video-preview:-1\" \/>\n<meta property=\"og:locale\" content=\"pt_PT\" \/>\n<meta property=\"og:type\" content=\"article\" \/>\n<meta property=\"og:title\" content=\"Aeroportos registam m\u00e1ximo hist\u00f3rico de 8,9 milh\u00f5es de passageiros at\u00e9 mar\u00e7o - Portal Tela Portugal\" \/>\n<meta property=\"og:description\" content=\"Os aeroportos portugueses movimentaram 8,9 milh\u00f5es de passageiros at\u00e9 mar\u00e7o, m\u00e1ximo hist\u00f3rico, com um aumento de 44,4% face ao ano anterior. Passagens internacionais representaram 78,4% do total, e o tr\u00e1fego de carga cresceu 4,4%. Lisboa foi o principal motor de crescimento, com +55,4% (4,2 milh\u00f5es de passageiros at\u00e9 mar\u00e7o); Porto subiu 44,4% (1,4 milh\u00f5es) e Funchal 37,4% (0,4 milh\u00f5es). Nos primeiros dois meses do ano, Espanha foi o principal pa\u00eds de origem dos voos, seguida de Fran\u00e7a e Reino Unido. O Funchal continua a superar Faro em passageiros, com crescimento de 37,4% at\u00e9 mar\u00e7o, com perspetiva de manuten\u00e7\u00e3o do crescimento devido ao turismo e \u00e0 retoma econ\u00f3mica.\" \/>\n<meta property=\"og:url\" content=\"https:\/\/portaltela.pt\/noticias\/2026\/04\/14\/aeroportos-registam-maximo-historico-de-89-milhoes-de-passageiros-ate-marco\/\" \/>\n<meta property=\"og:site_name\" content=\"Portal Tela Portugal\" \/>\n<meta property=\"article:published_time\" content=\"2026-04-14T10:47:11+00:00\" \/>\n<meta name=\"author\" content=\"Telinha\" \/>\n<meta name=\"twitter:card\" content=\"summary_large_image\" \/>\n<meta name=\"twitter:label1\" content=\"Escrito por\" \/>\n\t<meta name=\"twitter:data1\" content=\"Telinha\" \/>\n\t<meta name=\"twitter:label2\" content=\"Tempo estimado de leitura\" \/>\n\t<meta name=\"twitter:data2\" content=\"1 minuto\" \/>\n<script type=\"application\/ld+json\" class=\"yoast-schema-graph\">{\"@context\":\"https:\/\/schema.org\",\"@graph\":[{\"@type\":\"Article\",\"@id\":\"https:\/\/portaltela.pt\/noticias\/2026\/04\/14\/aeroportos-registam-maximo-historico-de-89-milhoes-de-passageiros-ate-marco\/#article\",\"isPartOf\":{\"@id\":\"https:\/\/portaltela.pt\/noticias\/2026\/04\/14\/aeroportos-registam-maximo-historico-de-89-milhoes-de-passageiros-ate-marco\/\"},\"author\":{\"name\":\"Telinha\",\"@id\":\"https:\/\/portaltela.pt\/#\/schema\/person\/c4278d4a6028830caff9ee44b42d32ed\"},\"headline\":\"Aeroportos registam m\u00e1ximo hist\u00f3rico de 8,9 milh\u00f5es de passageiros at\u00e9 mar\u00e7o\",\"datePublished\":\"2026-04-14T10:47:11+00:00\",\"mainEntityOfPage\":{\"@id\":\"https:\/\/portaltela.pt\/noticias\/2026\/04\/14\/aeroportos-registam-maximo-historico-de-89-milhoes-de-passageiros-ate-marco\/\"},\"wordCount\":184,\"image\":{\"@id\":\"https:\/\/portaltela.pt\/noticias\/2026\/04\/14\/aeroportos-registam-maximo-historico-de-89-milhoes-de-passageiros-ate-marco\/#primaryimage\"},\"thumbnailUrl\":\"https:\/\/portaltela.pt\/s.01k8rhncp4jt1\/2026\/04\/dn2F2025-01-132Flbdce5gh2F49977260DN26122024LN000001WEB.jpg\",\"keywords\":[\"_aeroportos\",\"avia\u00e7\u00e3o\",\"carga a\u00e9rea\",\"Lisboa\",\"Madeira\",\"Porto\"],\"articleSection\":[\"Economia\",\"Neg\u00f3cios\"],\"inLanguage\":\"pt-PT\"},{\"@type\":\"WebPage\",\"@id\":\"https:\/\/portaltela.pt\/noticias\/2026\/04\/14\/aeroportos-registam-maximo-historico-de-89-milhoes-de-passageiros-ate-marco\/\",\"url\":\"https:\/\/portaltela.pt\/noticias\/2026\/04\/14\/aeroportos-registam-maximo-historico-de-89-milhoes-de-passageiros-ate-marco\/\",\"name\":\"Aeroportos registam m\u00e1ximo hist\u00f3rico de 8,9 milh\u00f5es de passageiros at\u00e9 mar\u00e7o - Portal Tela Portugal\",\"isPartOf\":{\"@id\":\"https:\/\/portaltela.pt\/#website\"},\"primaryImageOfPage\":{\"@id\":\"https:\/\/portaltela.pt\/noticias\/2026\/04\/14\/aeroportos-registam-maximo-historico-de-89-milhoes-de-passageiros-ate-marco\/#primaryimage\"},\"image\":{\"@id\":\"https:\/\/portaltela.pt\/noticias\/2026\/04\/14\/aeroportos-registam-maximo-historico-de-89-milhoes-de-passageiros-ate-marco\/#primaryimage\"},\"thumbnailUrl\":\"https:\/\/portaltela.pt\/s.01k8rhncp4jt1\/2026\/04\/dn2F2025-01-132Flbdce5gh2F49977260DN26122024LN000001WEB.jpg\",\"datePublished\":\"2026-04-14T10:47:11+00:00\",\"author\":{\"@id\":\"https:\/\/portaltela.pt\/#\/schema\/person\/c4278d4a6028830caff9ee44b42d32ed\"},\"breadcrumb\":{\"@id\":\"https:\/\/portaltela.pt\/noticias\/2026\/04\/14\/aeroportos-registam-maximo-historico-de-89-milhoes-de-passageiros-ate-marco\/#breadcrumb\"},\"inLanguage\":\"pt-PT\",\"potentialAction\":[{\"@type\":\"ReadAction\",\"target\":[\"https:\/\/portaltela.pt\/noticias\/2026\/04\/14\/aeroportos-registam-maximo-historico-de-89-milhoes-de-passageiros-ate-marco\/\"]}]},{\"@type\":\"ImageObject\",\"inLanguage\":\"pt-PT\",\"@id\":\"https:\/\/portaltela.pt\/noticias\/2026\/04\/14\/aeroportos-registam-maximo-historico-de-89-milhoes-de-passageiros-ate-marco\/#primaryimage\",\"url\":\"https:\/\/portaltela.pt\/s.01k8rhncp4jt1\/2026\/04\/dn2F2025-01-132Flbdce5gh2F49977260DN26122024LN000001WEB.jpg\",\"contentUrl\":\"https:\/\/portaltela.pt\/s.01k8rhncp4jt1\/2026\/04\/dn2F2025-01-132Flbdce5gh2F49977260DN26122024LN000001WEB.jpg\",\"width\":1200,\"height\":763,\"caption\":\"Leonardo Negr\u00e3o\"},{\"@type\":\"BreadcrumbList\",\"@id\":\"https:\/\/portaltela.pt\/noticias\/2026\/04\/14\/aeroportos-registam-maximo-historico-de-89-milhoes-de-passageiros-ate-marco\/#breadcrumb\",\"itemListElement\":[{\"@type\":\"ListItem\",\"position\":1,\"name\":\"In\u00edcio\",\"item\":\"https:\/\/portaltela.pt\/\"},{\"@type\":\"ListItem\",\"position\":2,\"name\":\"Aeroportos registam m\u00e1ximo hist\u00f3rico de 8,9 milh\u00f5es de passageiros at\u00e9 mar\u00e7o\"}]},{\"@type\":\"WebSite\",\"@id\":\"https:\/\/portaltela.pt\/#website\",\"url\":\"https:\/\/portaltela.pt\/\",\"name\":\"Portal Tela Portugal\",\"description\":\"\",\"potentialAction\":[{\"@type\":\"SearchAction\",\"target\":{\"@type\":\"EntryPoint\",\"urlTemplate\":\"https:\/\/portaltela.pt\/?s={search_term_string}\"},\"query-input\":{\"@type\":\"PropertyValueSpecification\",\"valueRequired\":true,\"valueName\":\"search_term_string\"}}],\"inLanguage\":\"pt-PT\"},{\"@type\":\"Person\",\"@id\":\"https:\/\/portaltela.pt\/#\/schema\/person\/c4278d4a6028830caff9ee44b42d32ed\",\"name\":\"Telinha\",\"image\":{\"@type\":\"ImageObject\",\"inLanguage\":\"pt-PT\",\"@id\":\"https:\/\/portaltela.pt\/s.01k8rhncp4jt1\/2025\/11\/talking-bot-125x125.png\",\"url\":\"https:\/\/portaltela.pt\/s.01k8rhncp4jt1\/2025\/11\/talking-bot-125x125.png\",\"contentUrl\":\"https:\/\/portaltela.pt\/s.01k8rhncp4jt1\/2025\/11\/talking-bot-125x125.png\",\"caption\":\"Telinha\"},\"sameAs\":[\"https:\/\/portaltela.pt\/\"],\"url\":\"https:\/\/portaltela.pt\/por\/367410592786\/\"}]}<\/script>\n<!-- \/ Yoast SEO plugin. -->","yoast_head_json":{"title":"Aeroportos registam m\u00e1ximo hist\u00f3rico de 8,9 milh\u00f5es de passageiros at\u00e9 mar\u00e7o - Portal Tela Portugal","robots":{"index":"index","follow":"follow","max-snippet":"max-snippet:-1","max-image-preview":"max-image-preview:large","max-video-preview":"max-video-preview:-1"},"og_locale":"pt_PT","og_type":"article","og_title":"Aeroportos registam m\u00e1ximo hist\u00f3rico de 8,9 milh\u00f5es de passageiros at\u00e9 mar\u00e7o - Portal Tela Portugal","og_description":"Os aeroportos portugueses movimentaram 8,9 milh\u00f5es de passageiros at\u00e9 mar\u00e7o, m\u00e1ximo hist\u00f3rico, com um aumento de 44,4% face ao ano anterior. Passagens internacionais representaram 78,4% do total, e o tr\u00e1fego de carga cresceu 4,4%. Lisboa foi o principal motor de crescimento, com +55,4% (4,2 milh\u00f5es de passageiros at\u00e9 mar\u00e7o); Porto subiu 44,4% (1,4 milh\u00f5es) e Funchal 37,4% (0,4 milh\u00f5es). Nos primeiros dois meses do ano, Espanha foi o principal pa\u00eds de origem dos voos, seguida de Fran\u00e7a e Reino Unido. O Funchal continua a superar Faro em passageiros, com crescimento de 37,4% at\u00e9 mar\u00e7o, com perspetiva de manuten\u00e7\u00e3o do crescimento devido ao turismo e \u00e0 retoma econ\u00f3mica.","og_url":"https:\/\/portaltela.pt\/noticias\/2026\/04\/14\/aeroportos-registam-maximo-historico-de-89-milhoes-de-passageiros-ate-marco\/","og_site_name":"Portal Tela Portugal","article_published_time":"2026-04-14T10:47:11+00:00","author":"Telinha","twitter_card":"summary_large_image","twitter_misc":{"Escrito por":"Telinha","Tempo estimado de leitura":"1 minuto"},"schema":{"@context":"https:\/\/schema.org","@graph":[{"@type":"Article","@id":"https:\/\/portaltela.pt\/noticias\/2026\/04\/14\/aeroportos-registam-maximo-historico-de-89-milhoes-de-passageiros-ate-marco\/#article","isPartOf":{"@id":"https:\/\/portaltela.pt\/noticias\/2026\/04\/14\/aeroportos-registam-maximo-historico-de-89-milhoes-de-passageiros-ate-marco\/"},"author":{"name":"Telinha","@id":"https:\/\/portaltela.pt\/#\/schema\/person\/c4278d4a6028830caff9ee44b42d32ed"},"headline":"Aeroportos registam m\u00e1ximo hist\u00f3rico de 8,9 milh\u00f5es de passageiros at\u00e9 mar\u00e7o","datePublished":"2026-04-14T10:47:11+00:00","mainEntityOfPage":{"@id":"https:\/\/portaltela.pt\/noticias\/2026\/04\/14\/aeroportos-registam-maximo-historico-de-89-milhoes-de-passageiros-ate-marco\/"},"wordCount":184,"image":{"@id":"https:\/\/portaltela.pt\/noticias\/2026\/04\/14\/aeroportos-registam-maximo-historico-de-89-milhoes-de-passageiros-ate-marco\/#primaryimage"},"thumbnailUrl":"https:\/\/portaltela.pt\/s.01k8rhncp4jt1\/2026\/04\/dn2F2025-01-132Flbdce5gh2F49977260DN26122024LN000001WEB.jpg","keywords":["_aeroportos","avia\u00e7\u00e3o","carga a\u00e9rea","Lisboa","Madeira","Porto"],"articleSection":["Economia","Neg\u00f3cios"],"inLanguage":"pt-PT"},{"@type":"WebPage","@id":"https:\/\/portaltela.pt\/noticias\/2026\/04\/14\/aeroportos-registam-maximo-historico-de-89-milhoes-de-passageiros-ate-marco\/","url":"https:\/\/portaltela.pt\/noticias\/2026\/04\/14\/aeroportos-registam-maximo-historico-de-89-milhoes-de-passageiros-ate-marco\/","name":"Aeroportos registam m\u00e1ximo hist\u00f3rico de 8,9 milh\u00f5es de passageiros at\u00e9 mar\u00e7o - Portal Tela Portugal","isPartOf":{"@id":"https:\/\/portaltela.pt\/#website"},"primaryImageOfPage":{"@id":"https:\/\/portaltela.pt\/noticias\/2026\/04\/14\/aeroportos-registam-maximo-historico-de-89-milhoes-de-passageiros-ate-marco\/#primaryimage"},"image":{"@id":"https:\/\/portaltela.pt\/noticias\/2026\/04\/14\/aeroportos-registam-maximo-historico-de-89-milhoes-de-passageiros-ate-marco\/#primaryimage"},"thumbnailUrl":"https:\/\/portaltela.pt\/s.01k8rhncp4jt1\/2026\/04\/dn2F2025-01-132Flbdce5gh2F49977260DN26122024LN000001WEB.jpg","datePublished":"2026-04-14T10:47:11+00:00","author":{"@id":"https:\/\/portaltela.pt\/#\/schema\/person\/c4278d4a6028830caff9ee44b42d32ed"},"breadcrumb":{"@id":"https:\/\/portaltela.pt\/noticias\/2026\/04\/14\/aeroportos-registam-maximo-historico-de-89-milhoes-de-passageiros-ate-marco\/#breadcrumb"},"inLanguage":"pt-PT","potentialAction":[{"@type":"ReadAction","target":["https:\/\/portaltela.pt\/noticias\/2026\/04\/14\/aeroportos-registam-maximo-historico-de-89-milhoes-de-passageiros-ate-marco\/"]}]},{"@type":"ImageObject","inLanguage":"pt-PT","@id":"https:\/\/portaltela.pt\/noticias\/2026\/04\/14\/aeroportos-registam-maximo-historico-de-89-milhoes-de-passageiros-ate-marco\/#primaryimage","url":"https:\/\/portaltela.pt\/s.01k8rhncp4jt1\/2026\/04\/dn2F2025-01-132Flbdce5gh2F49977260DN26122024LN000001WEB.jpg","contentUrl":"https:\/\/portaltela.pt\/s.01k8rhncp4jt1\/2026\/04\/dn2F2025-01-132Flbdce5gh2F49977260DN26122024LN000001WEB.jpg","width":1200,"height":763,"caption":"Leonardo Negr\u00e3o"},{"@type":"BreadcrumbList","@id":"https:\/\/portaltela.pt\/noticias\/2026\/04\/14\/aeroportos-registam-maximo-historico-de-89-milhoes-de-passageiros-ate-marco\/#breadcrumb","itemListElement":[{"@type":"ListItem","position":1,"name":"In\u00edcio","item":"https:\/\/portaltela.pt\/"},{"@type":"ListItem","position":2,"name":"Aeroportos registam m\u00e1ximo hist\u00f3rico de 8,9 milh\u00f5es de passageiros at\u00e9 mar\u00e7o"}]},{"@type":"WebSite","@id":"https:\/\/portaltela.pt\/#website","url":"https:\/\/portaltela.pt\/","name":"Portal Tela Portugal","description":"","potentialAction":[{"@type":"SearchAction","target":{"@type":"EntryPoint","urlTemplate":"https:\/\/portaltela.pt\/?s={search_term_string}"},"query-input":{"@type":"PropertyValueSpecification","valueRequired":true,"valueName":"search_term_string"}}],"inLanguage":"pt-PT"},{"@type":"Person","@id":"https:\/\/portaltela.pt\/#\/schema\/person\/c4278d4a6028830caff9ee44b42d32ed","name":"Telinha","image":{"@type":"ImageObject","inLanguage":"pt-PT","@id":"https:\/\/portaltela.pt\/s.01k8rhncp4jt1\/2025\/11\/talking-bot-125x125.png","url":"https:\/\/portaltela.pt\/s.01k8rhncp4jt1\/2025\/11\/talking-bot-125x125.png","contentUrl":"https:\/\/portaltela.pt\/s.01k8rhncp4jt1\/2025\/11\/talking-bot-125x125.png","caption":"Telinha"},"sameAs":["https:\/\/portaltela.pt\/"],"url":"https:\/\/portaltela.pt\/por\/367410592786\/"}]}},"_links":{"self":[{"href":"https:\/\/portaltela.pt\/api\/wp\/v2\/posts\/443487","targetHints":{"allow":["GET"]}}],"collection":[{"href":"https:\/\/portaltela.pt\/api\/wp\/v2\/posts"}],"about":[{"href":"https:\/\/portaltela.pt\/api\/wp\/v2\/types\/post"}],"author":[{"embeddable":true,"href":"https:\/\/portaltela.pt\/api\/wp\/v2\/users\/2"}],"replies":[{"embeddable":true,"href":"https:\/\/portaltela.pt\/api\/wp\/v2\/comments?post=443487"}],"version-history":[{"count":0,"href":"https:\/\/portaltela.pt\/api\/wp\/v2\/posts\/443487\/revisions"}],"wp:featuredmedia":[{"embeddable":true,"href":"https:\/\/portaltela.pt\/api\/wp\/v2\/media\/443489"}],"wp:attachment":[{"href":"https:\/\/portaltela.pt\/api\/wp\/v2\/media?parent=443487"}],"wp:term":[{"taxonomy":"category","embeddable":true,"href":"https:\/\/portaltela.pt\/api\/wp\/v2\/categories?post=443487"},{"taxonomy":"post_tag","embeddable":true,"href":"https:\/\/portaltela.pt\/api\/wp\/v2\/tags?post=443487"}],"curies":[{"name":"wp","href":"https:\/\/api.w.org\/{rel}","templated":true}]}}