{"id":443477,"date":"2026-04-14T07:32:16","date_gmt":"2026-04-14T10:32:16","guid":{"rendered":"https:\/\/portaltela.pt\/noticias\/2026\/04\/14\/tres-detidos-em-desacatos-junto-ao-tribunal-de-ponte-de-sor-gnr-agredido\/"},"modified":"2026-04-14T07:32:16","modified_gmt":"2026-04-14T10:32:16","slug":"tres-detidos-em-desacatos-junto-ao-tribunal-de-ponte-de-sor-gnr-agredido","status":"publish","type":"post","link":"https:\/\/portaltela.pt\/noticias\/2026\/04\/14\/tres-detidos-em-desacatos-junto-ao-tribunal-de-ponte-de-sor-gnr-agredido\/","title":{"rendered":"Tr\u00eas detidos em desacatos junto ao tribunal de Ponte de Sor; GNR agredido"},"content":{"rendered":"<p>Tr\u00eas homens foram detidos em desacatos junto ao tribunal de Ponte de Sor, onde tamb\u00e9m foi agredido um militar da GNR. O incidente ocorreu no per\u00edmetro do complexo judicial, em contexto ainda por apurar.<\/p>\n<p>De acordo com as informa\u00e7\u00f5es dispon\u00edveis, os desacatos pareceram ter sido desencadeados por danos causados na viatura de um homem que estava a participar num julgamento naquele tribunal. N\u00e3o houve confirma\u00e7\u00e3o de ferimentos graves entre os cidad\u00e3os ou entre os agentes.<\/p>\n<p>A deten\u00e7\u00e3o foi efetuada pela Guarda Nacional Republicana, que interrompeu a resist\u00eancia e garantiu a manuten\u00e7\u00e3o da ordem no exterior do tribunal. N\u00e3o foram divulgadas informa\u00e7\u00f5es sobre identidades nem sobre a eventual motiva\u00e7\u00e3o dos envolvidos.<\/p>\n<p>As autoridades devem avan\u00e7ar com o inqu\u00e9rito para apurar as circunst\u00e2ncias do incidente, incluindo quem iniciou a alterca\u00e7\u00e3o, o dano \u00e0 viatura e a agress\u00e3o ao militar. At\u00e9 ao momento, n\u00e3o houve declara\u00e7\u00f5es oficiais adicionais.<\/p>\n","protected":false},"excerpt":{"rendered":"<ul>\n<li>Tr\u00eas homens foram detidos por desacatos junto ao tribunal de Ponte de Sor; um militar da GNR foi agredido durante o incidente.<\/li>\n<li>Os desacatos ter\u00e3o sido provocados por danos alegadamente causados na viatura de um homem que estava a ser julgado no mesmo tribunal.<\/li>\n<li>N\u00e3o foi divulgada informa\u00e7\u00e3o adicional sobre ferimentos graves ou quem ter\u00e1 desferido os golpes ao militar.<\/li>\n<li>O caso est\u00e1 a ser acompanhado pelas autoridades competentes, sem mais detalhes dispon\u00edveis.<\/li>\n<\/ul>\n","protected":false},"author":2,"featured_media":443482,"comment_status":"closed","ping_status":"closed","sticky":false,"template":"","format":"standard","meta":{"footnotes":""},"categories":[6815,1],"tags":[2079,3527,1380,1398,6208],"class_list":["post-443477","post","type-post","status-publish","format-standard","has-post-thumbnail","hentry","category-justica","category-noticias","tag-agressoes","tag-desacatos","tag-gnr","tag-guarda-nacional-republicana","tag-tribunais"],"yoast_head":"<!-- This site is optimized with the Yoast SEO plugin v27.2 - https:\/\/yoast.com\/product\/yoast-seo-wordpress\/ -->\n<title>Tr\u00eas detidos em desacatos junto ao tribunal de Ponte de Sor; GNR agredido - Portal Tela Portugal<\/title>\n<meta name=\"robots\" content=\"index, follow, max-snippet:-1, max-image-preview:large, max-video-preview:-1\" \/>\n<meta property=\"og:locale\" content=\"pt_PT\" \/>\n<meta property=\"og:type\" content=\"article\" \/>\n<meta property=\"og:title\" content=\"Tr\u00eas detidos em desacatos junto ao tribunal de Ponte de Sor; GNR agredido - Portal Tela Portugal\" \/>\n<meta property=\"og:description\" content=\"Tr\u00eas homens foram detidos por desacatos junto ao tribunal de Ponte de Sor; um militar da GNR foi agredido durante o incidente. Os desacatos ter\u00e3o sido provocados por danos alegadamente causados na viatura de um homem que estava a ser julgado no mesmo tribunal. N\u00e3o foi divulgada informa\u00e7\u00e3o adicional sobre ferimentos graves ou quem ter\u00e1 desferido os golpes ao militar. O caso est\u00e1 a ser acompanhado pelas autoridades competentes, sem mais detalhes dispon\u00edveis.\" \/>\n<meta property=\"og:url\" content=\"https:\/\/portaltela.pt\/noticias\/2026\/04\/14\/tres-detidos-em-desacatos-junto-ao-tribunal-de-ponte-de-sor-gnr-agredido\/\" \/>\n<meta property=\"og:site_name\" content=\"Portal Tela Portugal\" \/>\n<meta property=\"article:published_time\" content=\"2026-04-14T10:32:16+00:00\" \/>\n<meta name=\"author\" content=\"Telinha\" \/>\n<meta name=\"twitter:card\" content=\"summary_large_image\" \/>\n<meta name=\"twitter:label1\" content=\"Escrito por\" \/>\n\t<meta name=\"twitter:data1\" content=\"Telinha\" \/>\n\t<meta name=\"twitter:label2\" content=\"Tempo estimado de leitura\" \/>\n\t<meta name=\"twitter:data2\" content=\"1 minuto\" \/>\n<script type=\"application\/ld+json\" class=\"yoast-schema-graph\">{\"@context\":\"https:\/\/schema.org\",\"@graph\":[{\"@type\":\"Article\",\"@id\":\"https:\/\/portaltela.pt\/noticias\/2026\/04\/14\/tres-detidos-em-desacatos-junto-ao-tribunal-de-ponte-de-sor-gnr-agredido\/#article\",\"isPartOf\":{\"@id\":\"https:\/\/portaltela.pt\/noticias\/2026\/04\/14\/tres-detidos-em-desacatos-junto-ao-tribunal-de-ponte-de-sor-gnr-agredido\/\"},\"author\":{\"name\":\"Telinha\",\"@id\":\"https:\/\/portaltela.pt\/#\/schema\/person\/c4278d4a6028830caff9ee44b42d32ed\"},\"headline\":\"Tr\u00eas detidos em desacatos junto ao tribunal de Ponte de Sor; GNR agredido\",\"datePublished\":\"2026-04-14T10:32:16+00:00\",\"mainEntityOfPage\":{\"@id\":\"https:\/\/portaltela.pt\/noticias\/2026\/04\/14\/tres-detidos-em-desacatos-junto-ao-tribunal-de-ponte-de-sor-gnr-agredido\/\"},\"wordCount\":179,\"image\":{\"@id\":\"https:\/\/portaltela.pt\/noticias\/2026\/04\/14\/tres-detidos-em-desacatos-junto-ao-tribunal-de-ponte-de-sor-gnr-agredido\/#primaryimage\"},\"thumbnailUrl\":\"https:\/\/portaltela.pt\/s.01k8rhncp4jt1\/2026\/04\/img_1280x722uu2021-04-22-12-59-24-1031834.jpg\",\"keywords\":[\"agress\u00f5es\",\"desacatos\",\"GNR\",\"Guarda Nacional Republicana\",\"Tribunais\"],\"articleSection\":[\"Justi\u00e7a\",\"Not\u00edcias\"],\"inLanguage\":\"pt-PT\"},{\"@type\":\"WebPage\",\"@id\":\"https:\/\/portaltela.pt\/noticias\/2026\/04\/14\/tres-detidos-em-desacatos-junto-ao-tribunal-de-ponte-de-sor-gnr-agredido\/\",\"url\":\"https:\/\/portaltela.pt\/noticias\/2026\/04\/14\/tres-detidos-em-desacatos-junto-ao-tribunal-de-ponte-de-sor-gnr-agredido\/\",\"name\":\"Tr\u00eas detidos em desacatos junto ao tribunal de Ponte de Sor; GNR agredido - Portal Tela Portugal\",\"isPartOf\":{\"@id\":\"https:\/\/portaltela.pt\/#website\"},\"primaryImageOfPage\":{\"@id\":\"https:\/\/portaltela.pt\/noticias\/2026\/04\/14\/tres-detidos-em-desacatos-junto-ao-tribunal-de-ponte-de-sor-gnr-agredido\/#primaryimage\"},\"image\":{\"@id\":\"https:\/\/portaltela.pt\/noticias\/2026\/04\/14\/tres-detidos-em-desacatos-junto-ao-tribunal-de-ponte-de-sor-gnr-agredido\/#primaryimage\"},\"thumbnailUrl\":\"https:\/\/portaltela.pt\/s.01k8rhncp4jt1\/2026\/04\/img_1280x722uu2021-04-22-12-59-24-1031834.jpg\",\"datePublished\":\"2026-04-14T10:32:16+00:00\",\"author\":{\"@id\":\"https:\/\/portaltela.pt\/#\/schema\/person\/c4278d4a6028830caff9ee44b42d32ed\"},\"breadcrumb\":{\"@id\":\"https:\/\/portaltela.pt\/noticias\/2026\/04\/14\/tres-detidos-em-desacatos-junto-ao-tribunal-de-ponte-de-sor-gnr-agredido\/#breadcrumb\"},\"inLanguage\":\"pt-PT\",\"potentialAction\":[{\"@type\":\"ReadAction\",\"target\":[\"https:\/\/portaltela.pt\/noticias\/2026\/04\/14\/tres-detidos-em-desacatos-junto-ao-tribunal-de-ponte-de-sor-gnr-agredido\/\"]}]},{\"@type\":\"ImageObject\",\"inLanguage\":\"pt-PT\",\"@id\":\"https:\/\/portaltela.pt\/noticias\/2026\/04\/14\/tres-detidos-em-desacatos-junto-ao-tribunal-de-ponte-de-sor-gnr-agredido\/#primaryimage\",\"url\":\"https:\/\/portaltela.pt\/s.01k8rhncp4jt1\/2026\/04\/img_1280x722uu2021-04-22-12-59-24-1031834.jpg\",\"contentUrl\":\"https:\/\/portaltela.pt\/s.01k8rhncp4jt1\/2026\/04\/img_1280x722uu2021-04-22-12-59-24-1031834.jpg\",\"width\":796,\"height\":448,\"caption\":\"Photo\"},{\"@type\":\"BreadcrumbList\",\"@id\":\"https:\/\/portaltela.pt\/noticias\/2026\/04\/14\/tres-detidos-em-desacatos-junto-ao-tribunal-de-ponte-de-sor-gnr-agredido\/#breadcrumb\",\"itemListElement\":[{\"@type\":\"ListItem\",\"position\":1,\"name\":\"In\u00edcio\",\"item\":\"https:\/\/portaltela.pt\/\"},{\"@type\":\"ListItem\",\"position\":2,\"name\":\"Tr\u00eas detidos em desacatos junto ao tribunal de Ponte de Sor; GNR agredido\"}]},{\"@type\":\"WebSite\",\"@id\":\"https:\/\/portaltela.pt\/#website\",\"url\":\"https:\/\/portaltela.pt\/\",\"name\":\"Portal Tela Portugal\",\"description\":\"\",\"potentialAction\":[{\"@type\":\"SearchAction\",\"target\":{\"@type\":\"EntryPoint\",\"urlTemplate\":\"https:\/\/portaltela.pt\/?s={search_term_string}\"},\"query-input\":{\"@type\":\"PropertyValueSpecification\",\"valueRequired\":true,\"valueName\":\"search_term_string\"}}],\"inLanguage\":\"pt-PT\"},{\"@type\":\"Person\",\"@id\":\"https:\/\/portaltela.pt\/#\/schema\/person\/c4278d4a6028830caff9ee44b42d32ed\",\"name\":\"Telinha\",\"image\":{\"@type\":\"ImageObject\",\"inLanguage\":\"pt-PT\",\"@id\":\"https:\/\/portaltela.pt\/s.01k8rhncp4jt1\/2025\/11\/talking-bot-125x125.png\",\"url\":\"https:\/\/portaltela.pt\/s.01k8rhncp4jt1\/2025\/11\/talking-bot-125x125.png\",\"contentUrl\":\"https:\/\/portaltela.pt\/s.01k8rhncp4jt1\/2025\/11\/talking-bot-125x125.png\",\"caption\":\"Telinha\"},\"sameAs\":[\"https:\/\/portaltela.pt\/\"],\"url\":\"https:\/\/portaltela.pt\/por\/367410592786\/\"}]}<\/script>\n<!-- \/ Yoast SEO plugin. -->","yoast_head_json":{"title":"Tr\u00eas detidos em desacatos junto ao tribunal de Ponte de Sor; GNR agredido - Portal Tela Portugal","robots":{"index":"index","follow":"follow","max-snippet":"max-snippet:-1","max-image-preview":"max-image-preview:large","max-video-preview":"max-video-preview:-1"},"og_locale":"pt_PT","og_type":"article","og_title":"Tr\u00eas detidos em desacatos junto ao tribunal de Ponte de Sor; GNR agredido - Portal Tela Portugal","og_description":"Tr\u00eas homens foram detidos por desacatos junto ao tribunal de Ponte de Sor; um militar da GNR foi agredido durante o incidente. Os desacatos ter\u00e3o sido provocados por danos alegadamente causados na viatura de um homem que estava a ser julgado no mesmo tribunal. N\u00e3o foi divulgada informa\u00e7\u00e3o adicional sobre ferimentos graves ou quem ter\u00e1 desferido os golpes ao militar. O caso est\u00e1 a ser acompanhado pelas autoridades competentes, sem mais detalhes dispon\u00edveis.","og_url":"https:\/\/portaltela.pt\/noticias\/2026\/04\/14\/tres-detidos-em-desacatos-junto-ao-tribunal-de-ponte-de-sor-gnr-agredido\/","og_site_name":"Portal Tela Portugal","article_published_time":"2026-04-14T10:32:16+00:00","author":"Telinha","twitter_card":"summary_large_image","twitter_misc":{"Escrito por":"Telinha","Tempo estimado de leitura":"1 minuto"},"schema":{"@context":"https:\/\/schema.org","@graph":[{"@type":"Article","@id":"https:\/\/portaltela.pt\/noticias\/2026\/04\/14\/tres-detidos-em-desacatos-junto-ao-tribunal-de-ponte-de-sor-gnr-agredido\/#article","isPartOf":{"@id":"https:\/\/portaltela.pt\/noticias\/2026\/04\/14\/tres-detidos-em-desacatos-junto-ao-tribunal-de-ponte-de-sor-gnr-agredido\/"},"author":{"name":"Telinha","@id":"https:\/\/portaltela.pt\/#\/schema\/person\/c4278d4a6028830caff9ee44b42d32ed"},"headline":"Tr\u00eas detidos em desacatos junto ao tribunal de Ponte de Sor; GNR agredido","datePublished":"2026-04-14T10:32:16+00:00","mainEntityOfPage":{"@id":"https:\/\/portaltela.pt\/noticias\/2026\/04\/14\/tres-detidos-em-desacatos-junto-ao-tribunal-de-ponte-de-sor-gnr-agredido\/"},"wordCount":179,"image":{"@id":"https:\/\/portaltela.pt\/noticias\/2026\/04\/14\/tres-detidos-em-desacatos-junto-ao-tribunal-de-ponte-de-sor-gnr-agredido\/#primaryimage"},"thumbnailUrl":"https:\/\/portaltela.pt\/s.01k8rhncp4jt1\/2026\/04\/img_1280x722uu2021-04-22-12-59-24-1031834.jpg","keywords":["agress\u00f5es","desacatos","GNR","Guarda Nacional Republicana","Tribunais"],"articleSection":["Justi\u00e7a","Not\u00edcias"],"inLanguage":"pt-PT"},{"@type":"WebPage","@id":"https:\/\/portaltela.pt\/noticias\/2026\/04\/14\/tres-detidos-em-desacatos-junto-ao-tribunal-de-ponte-de-sor-gnr-agredido\/","url":"https:\/\/portaltela.pt\/noticias\/2026\/04\/14\/tres-detidos-em-desacatos-junto-ao-tribunal-de-ponte-de-sor-gnr-agredido\/","name":"Tr\u00eas detidos em desacatos junto ao tribunal de Ponte de Sor; GNR agredido - Portal Tela Portugal","isPartOf":{"@id":"https:\/\/portaltela.pt\/#website"},"primaryImageOfPage":{"@id":"https:\/\/portaltela.pt\/noticias\/2026\/04\/14\/tres-detidos-em-desacatos-junto-ao-tribunal-de-ponte-de-sor-gnr-agredido\/#primaryimage"},"image":{"@id":"https:\/\/portaltela.pt\/noticias\/2026\/04\/14\/tres-detidos-em-desacatos-junto-ao-tribunal-de-ponte-de-sor-gnr-agredido\/#primaryimage"},"thumbnailUrl":"https:\/\/portaltela.pt\/s.01k8rhncp4jt1\/2026\/04\/img_1280x722uu2021-04-22-12-59-24-1031834.jpg","datePublished":"2026-04-14T10:32:16+00:00","author":{"@id":"https:\/\/portaltela.pt\/#\/schema\/person\/c4278d4a6028830caff9ee44b42d32ed"},"breadcrumb":{"@id":"https:\/\/portaltela.pt\/noticias\/2026\/04\/14\/tres-detidos-em-desacatos-junto-ao-tribunal-de-ponte-de-sor-gnr-agredido\/#breadcrumb"},"inLanguage":"pt-PT","potentialAction":[{"@type":"ReadAction","target":["https:\/\/portaltela.pt\/noticias\/2026\/04\/14\/tres-detidos-em-desacatos-junto-ao-tribunal-de-ponte-de-sor-gnr-agredido\/"]}]},{"@type":"ImageObject","inLanguage":"pt-PT","@id":"https:\/\/portaltela.pt\/noticias\/2026\/04\/14\/tres-detidos-em-desacatos-junto-ao-tribunal-de-ponte-de-sor-gnr-agredido\/#primaryimage","url":"https:\/\/portaltela.pt\/s.01k8rhncp4jt1\/2026\/04\/img_1280x722uu2021-04-22-12-59-24-1031834.jpg","contentUrl":"https:\/\/portaltela.pt\/s.01k8rhncp4jt1\/2026\/04\/img_1280x722uu2021-04-22-12-59-24-1031834.jpg","width":796,"height":448,"caption":"Photo"},{"@type":"BreadcrumbList","@id":"https:\/\/portaltela.pt\/noticias\/2026\/04\/14\/tres-detidos-em-desacatos-junto-ao-tribunal-de-ponte-de-sor-gnr-agredido\/#breadcrumb","itemListElement":[{"@type":"ListItem","position":1,"name":"In\u00edcio","item":"https:\/\/portaltela.pt\/"},{"@type":"ListItem","position":2,"name":"Tr\u00eas detidos em desacatos junto ao tribunal de Ponte de Sor; GNR agredido"}]},{"@type":"WebSite","@id":"https:\/\/portaltela.pt\/#website","url":"https:\/\/portaltela.pt\/","name":"Portal Tela Portugal","description":"","potentialAction":[{"@type":"SearchAction","target":{"@type":"EntryPoint","urlTemplate":"https:\/\/portaltela.pt\/?s={search_term_string}"},"query-input":{"@type":"PropertyValueSpecification","valueRequired":true,"valueName":"search_term_string"}}],"inLanguage":"pt-PT"},{"@type":"Person","@id":"https:\/\/portaltela.pt\/#\/schema\/person\/c4278d4a6028830caff9ee44b42d32ed","name":"Telinha","image":{"@type":"ImageObject","inLanguage":"pt-PT","@id":"https:\/\/portaltela.pt\/s.01k8rhncp4jt1\/2025\/11\/talking-bot-125x125.png","url":"https:\/\/portaltela.pt\/s.01k8rhncp4jt1\/2025\/11\/talking-bot-125x125.png","contentUrl":"https:\/\/portaltela.pt\/s.01k8rhncp4jt1\/2025\/11\/talking-bot-125x125.png","caption":"Telinha"},"sameAs":["https:\/\/portaltela.pt\/"],"url":"https:\/\/portaltela.pt\/por\/367410592786\/"}]}},"_links":{"self":[{"href":"https:\/\/portaltela.pt\/api\/wp\/v2\/posts\/443477","targetHints":{"allow":["GET"]}}],"collection":[{"href":"https:\/\/portaltela.pt\/api\/wp\/v2\/posts"}],"about":[{"href":"https:\/\/portaltela.pt\/api\/wp\/v2\/types\/post"}],"author":[{"embeddable":true,"href":"https:\/\/portaltela.pt\/api\/wp\/v2\/users\/2"}],"replies":[{"embeddable":true,"href":"https:\/\/portaltela.pt\/api\/wp\/v2\/comments?post=443477"}],"version-history":[{"count":0,"href":"https:\/\/portaltela.pt\/api\/wp\/v2\/posts\/443477\/revisions"}],"wp:featuredmedia":[{"embeddable":true,"href":"https:\/\/portaltela.pt\/api\/wp\/v2\/media\/443482"}],"wp:attachment":[{"href":"https:\/\/portaltela.pt\/api\/wp\/v2\/media?parent=443477"}],"wp:term":[{"taxonomy":"category","embeddable":true,"href":"https:\/\/portaltela.pt\/api\/wp\/v2\/categories?post=443477"},{"taxonomy":"post_tag","embeddable":true,"href":"https:\/\/portaltela.pt\/api\/wp\/v2\/tags?post=443477"}],"curies":[{"name":"wp","href":"https:\/\/api.w.org\/{rel}","templated":true}]}}