{"id":443444,"date":"2026-04-14T07:16:55","date_gmt":"2026-04-14T10:16:55","guid":{"rendered":"https:\/\/portaltela.pt\/noticias\/2026\/04\/14\/video-mostra-panico-numa-escola-na-turquia-ex-aluno-atirou-em-16-pessoas\/"},"modified":"2026-04-14T07:16:55","modified_gmt":"2026-04-14T10:16:55","slug":"video-mostra-panico-numa-escola-na-turquia-ex-aluno-atirou-em-16-pessoas","status":"publish","type":"post","link":"https:\/\/portaltela.pt\/seguranca\/2026\/04\/14\/video-mostra-panico-numa-escola-na-turquia-ex-aluno-atirou-em-16-pessoas\/","title":{"rendered":"V\u00eddeo mostra p\u00e2nico numa escola na Turquia; ex-aluno atirou em 16 pessoas"},"content":{"rendered":"<p>Um ex-aluno abriu fogo numa escola secund\u00e1ria em Siverek, Turquia, nesta ter\u00e7a-feira. O ataque deixou pelo menos 16 pessoas feridas, segundo autoridades locais. O agressor suicidou-se pouco depois do ataque.<\/p>\n<p>As primeiras informa\u00e7\u00f5es indicam que as v\u00edtimas incluem alunos e trabalhadores da escola. A motiva\u00e7\u00f5es ainda est\u00e3o a ser investigadas pelas autoridades turcas, que instauraram procedimentos de emerg\u00eancia no recinto.<\/p>\n<p>A escola ficou sob controlo policial e de equipa de resgate no local. Testemunhas relataram momentos de p\u00e2nico entre estudantes durante o incidente, que ocorreu pela manh\u00e3.<\/p>\n<p>At\u00e9 ao momento n\u00e3o foram divulgados nomes oficiais dos feridos nem do agressor. A investiga\u00e7\u00e3o continua para confirmar o n\u00famero total de feridos e as circunst\u00e2ncias do ataque.<\/p>\n<p>Fonte: CM Jornal<\/p>\n","protected":false},"excerpt":{"rendered":"<ul>\n<li>Um ex-aluno abriu fogo numa escola secund\u00e1ria em Siverek, Turquia, nesta ter\u00e7a-feira.<\/li>\n<li>Pelo menos dezasseis pessoas ficaram feridas.<\/li>\n<li>O agressor suicidou-se logo ap\u00f3s o ataque.<\/li>\n<li>O incidente ocorreu na manh\u00e3 de hoje, 14 de abril de 2026.<\/li>\n<li>Ainda n\u00e3o foram divulgadas informa\u00e7\u00f5es oficiais sobre as motiva\u00e7\u00f5es do ataque.<\/li>\n<\/ul>\n","protected":false},"author":2,"featured_media":443447,"comment_status":"closed","ping_status":"closed","sticky":false,"template":"","format":"standard","meta":{"footnotes":""},"categories":[6907,6779],"tags":[5267,147,3449,40,4989,2126],"class_list":["post-443444","post","type-post","status-publish","format-standard","has-post-thumbnail","hentry","category-crime","category-seguranca","tag-ataques","tag-crime","tag-feridos","tag-pessoas","tag-terrorismo","tag-turquia"],"yoast_head":"<!-- This site is optimized with the Yoast SEO plugin v27.2 - https:\/\/yoast.com\/product\/yoast-seo-wordpress\/ -->\n<title>V\u00eddeo mostra p\u00e2nico numa escola na Turquia; ex-aluno atirou em 16 pessoas - Portal Tela Portugal<\/title>\n<meta name=\"robots\" content=\"index, follow, max-snippet:-1, max-image-preview:large, max-video-preview:-1\" \/>\n<meta property=\"og:locale\" content=\"pt_PT\" \/>\n<meta property=\"og:type\" content=\"article\" \/>\n<meta property=\"og:title\" content=\"V\u00eddeo mostra p\u00e2nico numa escola na Turquia; ex-aluno atirou em 16 pessoas - Portal Tela Portugal\" \/>\n<meta property=\"og:description\" content=\"Um ex-aluno abriu fogo numa escola secund\u00e1ria em Siverek, Turquia, nesta ter\u00e7a-feira. Pelo menos dezasseis pessoas ficaram feridas. O agressor suicidou-se logo ap\u00f3s o ataque. O incidente ocorreu na manh\u00e3 de hoje, 14 de abril de 2026. Ainda n\u00e3o foram divulgadas informa\u00e7\u00f5es oficiais sobre as motiva\u00e7\u00f5es do ataque.\" \/>\n<meta property=\"og:url\" content=\"https:\/\/portaltela.pt\/noticias\/2026\/04\/14\/video-mostra-panico-numa-escola-na-turquia-ex-aluno-atirou-em-16-pessoas\/\" \/>\n<meta property=\"og:site_name\" content=\"Portal Tela Portugal\" \/>\n<meta property=\"article:published_time\" content=\"2026-04-14T10:16:55+00:00\" \/>\n<meta name=\"author\" content=\"Telinha\" \/>\n<meta name=\"twitter:card\" content=\"summary_large_image\" \/>\n<meta name=\"twitter:label1\" content=\"Escrito por\" \/>\n\t<meta name=\"twitter:data1\" content=\"Telinha\" \/>\n\t<meta name=\"twitter:label2\" content=\"Tempo estimado de leitura\" \/>\n\t<meta name=\"twitter:data2\" content=\"1 minuto\" \/>\n<script type=\"application\/ld+json\" class=\"yoast-schema-graph\">{\"@context\":\"https:\/\/schema.org\",\"@graph\":[{\"@type\":\"Article\",\"@id\":\"https:\/\/portaltela.pt\/noticias\/2026\/04\/14\/video-mostra-panico-numa-escola-na-turquia-ex-aluno-atirou-em-16-pessoas\/#article\",\"isPartOf\":{\"@id\":\"https:\/\/portaltela.pt\/noticias\/2026\/04\/14\/video-mostra-panico-numa-escola-na-turquia-ex-aluno-atirou-em-16-pessoas\/\"},\"author\":{\"name\":\"Telinha\",\"@id\":\"https:\/\/portaltela.pt\/#\/schema\/person\/c4278d4a6028830caff9ee44b42d32ed\"},\"headline\":\"V\u00eddeo mostra p\u00e2nico numa escola na Turquia; ex-aluno atirou em 16 pessoas\",\"datePublished\":\"2026-04-14T10:16:55+00:00\",\"mainEntityOfPage\":{\"@id\":\"https:\/\/portaltela.pt\/noticias\/2026\/04\/14\/video-mostra-panico-numa-escola-na-turquia-ex-aluno-atirou-em-16-pessoas\/\"},\"wordCount\":142,\"image\":{\"@id\":\"https:\/\/portaltela.pt\/noticias\/2026\/04\/14\/video-mostra-panico-numa-escola-na-turquia-ex-aluno-atirou-em-16-pessoas\/#primaryimage\"},\"thumbnailUrl\":\"https:\/\/portaltela.pt\/s.01k8rhncp4jt1\/2026\/04\/img_1280x722uu2026-04-14-11-13-42-2278409.jpg\",\"keywords\":[\"ataques\",\"crime\",\"feridos\",\"pessoas\",\"terrorismo\",\"Turquia\"],\"articleSection\":[\"Crime\",\"Seguran\u00e7a\"],\"inLanguage\":\"pt-PT\"},{\"@type\":\"WebPage\",\"@id\":\"https:\/\/portaltela.pt\/noticias\/2026\/04\/14\/video-mostra-panico-numa-escola-na-turquia-ex-aluno-atirou-em-16-pessoas\/\",\"url\":\"https:\/\/portaltela.pt\/noticias\/2026\/04\/14\/video-mostra-panico-numa-escola-na-turquia-ex-aluno-atirou-em-16-pessoas\/\",\"name\":\"V\u00eddeo mostra p\u00e2nico numa escola na Turquia; ex-aluno atirou em 16 pessoas - Portal Tela Portugal\",\"isPartOf\":{\"@id\":\"https:\/\/portaltela.pt\/#website\"},\"primaryImageOfPage\":{\"@id\":\"https:\/\/portaltela.pt\/noticias\/2026\/04\/14\/video-mostra-panico-numa-escola-na-turquia-ex-aluno-atirou-em-16-pessoas\/#primaryimage\"},\"image\":{\"@id\":\"https:\/\/portaltela.pt\/noticias\/2026\/04\/14\/video-mostra-panico-numa-escola-na-turquia-ex-aluno-atirou-em-16-pessoas\/#primaryimage\"},\"thumbnailUrl\":\"https:\/\/portaltela.pt\/s.01k8rhncp4jt1\/2026\/04\/img_1280x722uu2026-04-14-11-13-42-2278409.jpg\",\"datePublished\":\"2026-04-14T10:16:55+00:00\",\"author\":{\"@id\":\"https:\/\/portaltela.pt\/#\/schema\/person\/c4278d4a6028830caff9ee44b42d32ed\"},\"breadcrumb\":{\"@id\":\"https:\/\/portaltela.pt\/noticias\/2026\/04\/14\/video-mostra-panico-numa-escola-na-turquia-ex-aluno-atirou-em-16-pessoas\/#breadcrumb\"},\"inLanguage\":\"pt-PT\",\"potentialAction\":[{\"@type\":\"ReadAction\",\"target\":[\"https:\/\/portaltela.pt\/noticias\/2026\/04\/14\/video-mostra-panico-numa-escola-na-turquia-ex-aluno-atirou-em-16-pessoas\/\"]}]},{\"@type\":\"ImageObject\",\"inLanguage\":\"pt-PT\",\"@id\":\"https:\/\/portaltela.pt\/noticias\/2026\/04\/14\/video-mostra-panico-numa-escola-na-turquia-ex-aluno-atirou-em-16-pessoas\/#primaryimage\",\"url\":\"https:\/\/portaltela.pt\/s.01k8rhncp4jt1\/2026\/04\/img_1280x722uu2026-04-14-11-13-42-2278409.jpg\",\"contentUrl\":\"https:\/\/portaltela.pt\/s.01k8rhncp4jt1\/2026\/04\/img_1280x722uu2026-04-14-11-13-42-2278409.jpg\",\"width\":796,\"height\":448,\"caption\":\"Photo\"},{\"@type\":\"BreadcrumbList\",\"@id\":\"https:\/\/portaltela.pt\/noticias\/2026\/04\/14\/video-mostra-panico-numa-escola-na-turquia-ex-aluno-atirou-em-16-pessoas\/#breadcrumb\",\"itemListElement\":[{\"@type\":\"ListItem\",\"position\":1,\"name\":\"In\u00edcio\",\"item\":\"https:\/\/portaltela.pt\/\"},{\"@type\":\"ListItem\",\"position\":2,\"name\":\"V\u00eddeo mostra p\u00e2nico numa escola na Turquia; ex-aluno atirou em 16 pessoas\"}]},{\"@type\":\"WebSite\",\"@id\":\"https:\/\/portaltela.pt\/#website\",\"url\":\"https:\/\/portaltela.pt\/\",\"name\":\"Portal Tela Portugal\",\"description\":\"\",\"potentialAction\":[{\"@type\":\"SearchAction\",\"target\":{\"@type\":\"EntryPoint\",\"urlTemplate\":\"https:\/\/portaltela.pt\/?s={search_term_string}\"},\"query-input\":{\"@type\":\"PropertyValueSpecification\",\"valueRequired\":true,\"valueName\":\"search_term_string\"}}],\"inLanguage\":\"pt-PT\"},{\"@type\":\"Person\",\"@id\":\"https:\/\/portaltela.pt\/#\/schema\/person\/c4278d4a6028830caff9ee44b42d32ed\",\"name\":\"Telinha\",\"image\":{\"@type\":\"ImageObject\",\"inLanguage\":\"pt-PT\",\"@id\":\"https:\/\/portaltela.pt\/s.01k8rhncp4jt1\/2025\/11\/talking-bot-125x125.png\",\"url\":\"https:\/\/portaltela.pt\/s.01k8rhncp4jt1\/2025\/11\/talking-bot-125x125.png\",\"contentUrl\":\"https:\/\/portaltela.pt\/s.01k8rhncp4jt1\/2025\/11\/talking-bot-125x125.png\",\"caption\":\"Telinha\"},\"sameAs\":[\"https:\/\/portaltela.pt\/\"],\"url\":\"https:\/\/portaltela.pt\/por\/367410592786\/\"}]}<\/script>\n<!-- \/ Yoast SEO plugin. -->","yoast_head_json":{"title":"V\u00eddeo mostra p\u00e2nico numa escola na Turquia; ex-aluno atirou em 16 pessoas - Portal Tela Portugal","robots":{"index":"index","follow":"follow","max-snippet":"max-snippet:-1","max-image-preview":"max-image-preview:large","max-video-preview":"max-video-preview:-1"},"og_locale":"pt_PT","og_type":"article","og_title":"V\u00eddeo mostra p\u00e2nico numa escola na Turquia; ex-aluno atirou em 16 pessoas - Portal Tela Portugal","og_description":"Um ex-aluno abriu fogo numa escola secund\u00e1ria em Siverek, Turquia, nesta ter\u00e7a-feira. Pelo menos dezasseis pessoas ficaram feridas. O agressor suicidou-se logo ap\u00f3s o ataque. O incidente ocorreu na manh\u00e3 de hoje, 14 de abril de 2026. Ainda n\u00e3o foram divulgadas informa\u00e7\u00f5es oficiais sobre as motiva\u00e7\u00f5es do ataque.","og_url":"https:\/\/portaltela.pt\/noticias\/2026\/04\/14\/video-mostra-panico-numa-escola-na-turquia-ex-aluno-atirou-em-16-pessoas\/","og_site_name":"Portal Tela Portugal","article_published_time":"2026-04-14T10:16:55+00:00","author":"Telinha","twitter_card":"summary_large_image","twitter_misc":{"Escrito por":"Telinha","Tempo estimado de leitura":"1 minuto"},"schema":{"@context":"https:\/\/schema.org","@graph":[{"@type":"Article","@id":"https:\/\/portaltela.pt\/noticias\/2026\/04\/14\/video-mostra-panico-numa-escola-na-turquia-ex-aluno-atirou-em-16-pessoas\/#article","isPartOf":{"@id":"https:\/\/portaltela.pt\/noticias\/2026\/04\/14\/video-mostra-panico-numa-escola-na-turquia-ex-aluno-atirou-em-16-pessoas\/"},"author":{"name":"Telinha","@id":"https:\/\/portaltela.pt\/#\/schema\/person\/c4278d4a6028830caff9ee44b42d32ed"},"headline":"V\u00eddeo mostra p\u00e2nico numa escola na Turquia; ex-aluno atirou em 16 pessoas","datePublished":"2026-04-14T10:16:55+00:00","mainEntityOfPage":{"@id":"https:\/\/portaltela.pt\/noticias\/2026\/04\/14\/video-mostra-panico-numa-escola-na-turquia-ex-aluno-atirou-em-16-pessoas\/"},"wordCount":142,"image":{"@id":"https:\/\/portaltela.pt\/noticias\/2026\/04\/14\/video-mostra-panico-numa-escola-na-turquia-ex-aluno-atirou-em-16-pessoas\/#primaryimage"},"thumbnailUrl":"https:\/\/portaltela.pt\/s.01k8rhncp4jt1\/2026\/04\/img_1280x722uu2026-04-14-11-13-42-2278409.jpg","keywords":["ataques","crime","feridos","pessoas","terrorismo","Turquia"],"articleSection":["Crime","Seguran\u00e7a"],"inLanguage":"pt-PT"},{"@type":"WebPage","@id":"https:\/\/portaltela.pt\/noticias\/2026\/04\/14\/video-mostra-panico-numa-escola-na-turquia-ex-aluno-atirou-em-16-pessoas\/","url":"https:\/\/portaltela.pt\/noticias\/2026\/04\/14\/video-mostra-panico-numa-escola-na-turquia-ex-aluno-atirou-em-16-pessoas\/","name":"V\u00eddeo mostra p\u00e2nico numa escola na Turquia; ex-aluno atirou em 16 pessoas - Portal Tela Portugal","isPartOf":{"@id":"https:\/\/portaltela.pt\/#website"},"primaryImageOfPage":{"@id":"https:\/\/portaltela.pt\/noticias\/2026\/04\/14\/video-mostra-panico-numa-escola-na-turquia-ex-aluno-atirou-em-16-pessoas\/#primaryimage"},"image":{"@id":"https:\/\/portaltela.pt\/noticias\/2026\/04\/14\/video-mostra-panico-numa-escola-na-turquia-ex-aluno-atirou-em-16-pessoas\/#primaryimage"},"thumbnailUrl":"https:\/\/portaltela.pt\/s.01k8rhncp4jt1\/2026\/04\/img_1280x722uu2026-04-14-11-13-42-2278409.jpg","datePublished":"2026-04-14T10:16:55+00:00","author":{"@id":"https:\/\/portaltela.pt\/#\/schema\/person\/c4278d4a6028830caff9ee44b42d32ed"},"breadcrumb":{"@id":"https:\/\/portaltela.pt\/noticias\/2026\/04\/14\/video-mostra-panico-numa-escola-na-turquia-ex-aluno-atirou-em-16-pessoas\/#breadcrumb"},"inLanguage":"pt-PT","potentialAction":[{"@type":"ReadAction","target":["https:\/\/portaltela.pt\/noticias\/2026\/04\/14\/video-mostra-panico-numa-escola-na-turquia-ex-aluno-atirou-em-16-pessoas\/"]}]},{"@type":"ImageObject","inLanguage":"pt-PT","@id":"https:\/\/portaltela.pt\/noticias\/2026\/04\/14\/video-mostra-panico-numa-escola-na-turquia-ex-aluno-atirou-em-16-pessoas\/#primaryimage","url":"https:\/\/portaltela.pt\/s.01k8rhncp4jt1\/2026\/04\/img_1280x722uu2026-04-14-11-13-42-2278409.jpg","contentUrl":"https:\/\/portaltela.pt\/s.01k8rhncp4jt1\/2026\/04\/img_1280x722uu2026-04-14-11-13-42-2278409.jpg","width":796,"height":448,"caption":"Photo"},{"@type":"BreadcrumbList","@id":"https:\/\/portaltela.pt\/noticias\/2026\/04\/14\/video-mostra-panico-numa-escola-na-turquia-ex-aluno-atirou-em-16-pessoas\/#breadcrumb","itemListElement":[{"@type":"ListItem","position":1,"name":"In\u00edcio","item":"https:\/\/portaltela.pt\/"},{"@type":"ListItem","position":2,"name":"V\u00eddeo mostra p\u00e2nico numa escola na Turquia; ex-aluno atirou em 16 pessoas"}]},{"@type":"WebSite","@id":"https:\/\/portaltela.pt\/#website","url":"https:\/\/portaltela.pt\/","name":"Portal Tela Portugal","description":"","potentialAction":[{"@type":"SearchAction","target":{"@type":"EntryPoint","urlTemplate":"https:\/\/portaltela.pt\/?s={search_term_string}"},"query-input":{"@type":"PropertyValueSpecification","valueRequired":true,"valueName":"search_term_string"}}],"inLanguage":"pt-PT"},{"@type":"Person","@id":"https:\/\/portaltela.pt\/#\/schema\/person\/c4278d4a6028830caff9ee44b42d32ed","name":"Telinha","image":{"@type":"ImageObject","inLanguage":"pt-PT","@id":"https:\/\/portaltela.pt\/s.01k8rhncp4jt1\/2025\/11\/talking-bot-125x125.png","url":"https:\/\/portaltela.pt\/s.01k8rhncp4jt1\/2025\/11\/talking-bot-125x125.png","contentUrl":"https:\/\/portaltela.pt\/s.01k8rhncp4jt1\/2025\/11\/talking-bot-125x125.png","caption":"Telinha"},"sameAs":["https:\/\/portaltela.pt\/"],"url":"https:\/\/portaltela.pt\/por\/367410592786\/"}]}},"_links":{"self":[{"href":"https:\/\/portaltela.pt\/api\/wp\/v2\/posts\/443444","targetHints":{"allow":["GET"]}}],"collection":[{"href":"https:\/\/portaltela.pt\/api\/wp\/v2\/posts"}],"about":[{"href":"https:\/\/portaltela.pt\/api\/wp\/v2\/types\/post"}],"author":[{"embeddable":true,"href":"https:\/\/portaltela.pt\/api\/wp\/v2\/users\/2"}],"replies":[{"embeddable":true,"href":"https:\/\/portaltela.pt\/api\/wp\/v2\/comments?post=443444"}],"version-history":[{"count":0,"href":"https:\/\/portaltela.pt\/api\/wp\/v2\/posts\/443444\/revisions"}],"wp:featuredmedia":[{"embeddable":true,"href":"https:\/\/portaltela.pt\/api\/wp\/v2\/media\/443447"}],"wp:attachment":[{"href":"https:\/\/portaltela.pt\/api\/wp\/v2\/media?parent=443444"}],"wp:term":[{"taxonomy":"category","embeddable":true,"href":"https:\/\/portaltela.pt\/api\/wp\/v2\/categories?post=443444"},{"taxonomy":"post_tag","embeddable":true,"href":"https:\/\/portaltela.pt\/api\/wp\/v2\/tags?post=443444"}],"curies":[{"name":"wp","href":"https:\/\/api.w.org\/{rel}","templated":true}]}}