{"id":443443,"date":"2026-04-14T07:16:55","date_gmt":"2026-04-14T10:16:55","guid":{"rendered":"https:\/\/portaltela.pt\/noticias\/2026\/04\/14\/chega-pede-sancoes-a-deputados-por-mau-comportamento-e-acusa-paulo-muacho-de-aldrabao\/"},"modified":"2026-04-14T07:16:55","modified_gmt":"2026-04-14T10:16:55","slug":"chega-pede-sancoes-a-deputados-por-mau-comportamento-e-acusa-paulo-muacho-de-aldrabao","status":"publish","type":"post","link":"https:\/\/portaltela.pt\/noticias\/politica\/2026\/04\/14\/chega-pede-sancoes-a-deputados-por-mau-comportamento-e-acusa-paulo-muacho-de-aldrabao\/","title":{"rendered":"Chega pede san\u00e7\u00f5es a deputados por mau comportamento e acusa Paulo Muacho de aldrab\u00e3o"},"content":{"rendered":"<p>O l\u00edder parlamentar do Chega, Pedro Pinto, pediu san\u00e7\u00f5es para comportamentos considerados inadequados de deputadas socialistas, durante a \u00faltima confer\u00eancia de l\u00edderes. A sugest\u00e3o visa tornar mais eficaz o aparato disciplinar do Parlamento.<\/p>\n<p>Pinto referiu especificamente Eva Cruzeiro e Isabel Moreira, duas deputadas socialistas envolvidas em situa\u00e7\u00f5es pol\u00e9micas. Cruzeiro foi alvo de condena\u00e7\u00e3o pela Comiss\u00e3o de Transpar\u00eancia por acusa\u00e7\u00f5es de racismo, mantendo cr\u00edticas no espa\u00e7o p\u00fablico.<\/p>\n<p>A mesma interven\u00e7\u00e3o associou Isabel Moreira a acusa\u00e7\u00f5es de ter usado termos fortes contra deputados que votaram a favor de medidas sobre mudan\u00e7as de g\u00e9nero. O objetivo, segundo o l\u00edder do Chega, \u00e9 prevenir condutas que prejudiquem o ambiente parlamentar.<\/p>\n<p>Os incidentes citados surgem num contexto de escrut\u00ednio crescente sobre o comportamento de deputados em tarefas legislativas e p\u00fablicas. Pedro Pinto defende san\u00e7\u00f5es mais eficazes, incluindo medidas disciplinares mais r\u00e1pidas e claras.<\/p>\n<p>A defesa de san\u00e7\u00f5es surge numa altura em que o Chega tem mantido posi\u00e7\u00e3o cr\u00edtica sobre decis\u00f5es de esquerda no Parlamento, usando epis\u00f3dios individuais para sustentar pedidos de conduta mais rigorosa entre os sociais-democratas.<\/p>\n","protected":false},"excerpt":{"rendered":"<ul>\n<li>O l\u00edder parlamentar do Chega, Pedro Pinto, defendeu em confer\u00eancia de l\u00edderes a necessidade de san\u00e7\u00f5es mais eficazes para deputados com mau comportamento.<\/li>\n<li>Citou as deputadas socialistas Eva Cruzeiro e Isabel Moreira como exemplos de situa\u00e7\u00f5es que mereceriam puni\u00e7\u00e3o.<\/li>\n<li>Cruzeiro foi condenada pela Comiss\u00e3o de Transpar\u00eancia por ter chamado racistas os deputados do seu pr\u00f3prio partido.<\/li>\n<li>Ainda assim, repetiu o mesmo r\u00f3tulo contra esses colegas na rede social X.<\/li>\n<li>Moreira chamou \u201cassassinos\u201d aos deputados que votaram a favor de iniciativas legislativas relativas \u00e0 mudan\u00e7a de g\u00e9nero.<\/li>\n<\/ul>\n","protected":false},"author":2,"featured_media":443445,"comment_status":"closed","ping_status":"closed","sticky":false,"template":"","format":"standard","meta":{"footnotes":""},"categories":[1,5],"tags":[8085,7913,1964,67,6371,8217],"class_list":["post-443443","post","type-post","status-publish","format-standard","has-post-thumbnail","hentry","category-noticias","category-politica","tag-_assembleia-nacional","tag-_politica","tag-conduta","tag-deputados","tag-sancoes","tag-socialistas"],"yoast_head":"<!-- This site is optimized with the Yoast SEO plugin v27.2 - https:\/\/yoast.com\/product\/yoast-seo-wordpress\/ -->\n<title>Chega pede san\u00e7\u00f5es a deputados por mau comportamento e acusa Paulo Muacho de aldrab\u00e3o - Portal Tela Portugal<\/title>\n<meta name=\"robots\" content=\"index, follow, max-snippet:-1, max-image-preview:large, max-video-preview:-1\" \/>\n<meta property=\"og:locale\" content=\"pt_PT\" \/>\n<meta property=\"og:type\" content=\"article\" \/>\n<meta property=\"og:title\" content=\"Chega pede san\u00e7\u00f5es a deputados por mau comportamento e acusa Paulo Muacho de aldrab\u00e3o - Portal Tela Portugal\" \/>\n<meta property=\"og:description\" content=\"O l\u00edder parlamentar do Chega, Pedro Pinto, defendeu em confer\u00eancia de l\u00edderes a necessidade de san\u00e7\u00f5es mais eficazes para deputados com mau comportamento. Citou as deputadas socialistas Eva Cruzeiro e Isabel Moreira como exemplos de situa\u00e7\u00f5es que mereceriam puni\u00e7\u00e3o. Cruzeiro foi condenada pela Comiss\u00e3o de Transpar\u00eancia por ter chamado racistas os deputados do seu pr\u00f3prio partido. Ainda assim, repetiu o mesmo r\u00f3tulo contra esses colegas na rede social X. Moreira chamou \u201cassassinos\u201d aos deputados que votaram a favor de iniciativas legislativas relativas \u00e0 mudan\u00e7a de g\u00e9nero.\" \/>\n<meta property=\"og:url\" content=\"https:\/\/portaltela.pt\/noticias\/2026\/04\/14\/chega-pede-sancoes-a-deputados-por-mau-comportamento-e-acusa-paulo-muacho-de-aldrabao\/\" \/>\n<meta property=\"og:site_name\" content=\"Portal Tela Portugal\" \/>\n<meta property=\"article:published_time\" content=\"2026-04-14T10:16:55+00:00\" \/>\n<meta name=\"author\" content=\"Telinha\" \/>\n<meta name=\"twitter:card\" content=\"summary_large_image\" \/>\n<meta name=\"twitter:label1\" content=\"Escrito por\" \/>\n\t<meta name=\"twitter:data1\" content=\"Telinha\" \/>\n\t<meta name=\"twitter:label2\" content=\"Tempo estimado de leitura\" \/>\n\t<meta name=\"twitter:data2\" content=\"1 minuto\" \/>\n<script type=\"application\/ld+json\" class=\"yoast-schema-graph\">{\"@context\":\"https:\/\/schema.org\",\"@graph\":[{\"@type\":\"Article\",\"@id\":\"https:\/\/portaltela.pt\/noticias\/2026\/04\/14\/chega-pede-sancoes-a-deputados-por-mau-comportamento-e-acusa-paulo-muacho-de-aldrabao\/#article\",\"isPartOf\":{\"@id\":\"https:\/\/portaltela.pt\/noticias\/2026\/04\/14\/chega-pede-sancoes-a-deputados-por-mau-comportamento-e-acusa-paulo-muacho-de-aldrabao\/\"},\"author\":{\"name\":\"Telinha\",\"@id\":\"https:\/\/portaltela.pt\/#\/schema\/person\/c4278d4a6028830caff9ee44b42d32ed\"},\"headline\":\"Chega pede san\u00e7\u00f5es a deputados por mau comportamento e acusa Paulo Muacho de aldrab\u00e3o\",\"datePublished\":\"2026-04-14T10:16:55+00:00\",\"mainEntityOfPage\":{\"@id\":\"https:\/\/portaltela.pt\/noticias\/2026\/04\/14\/chega-pede-sancoes-a-deputados-por-mau-comportamento-e-acusa-paulo-muacho-de-aldrabao\/\"},\"wordCount\":215,\"image\":{\"@id\":\"https:\/\/portaltela.pt\/noticias\/2026\/04\/14\/chega-pede-sancoes-a-deputados-por-mau-comportamento-e-acusa-paulo-muacho-de-aldrabao\/#primaryimage\"},\"thumbnailUrl\":\"https:\/\/portaltela.pt\/s.01k8rhncp4jt1\/2026\/04\/2081064.jpg\",\"keywords\":[\"_assembleia nacional\",\"_pol\u00edtica\",\"conduta\",\"deputados\",\"san\u00e7\u00f5es\",\"socialistas\"],\"articleSection\":[\"Not\u00edcias\",\"Pol\u00edtica\"],\"inLanguage\":\"pt-PT\"},{\"@type\":\"WebPage\",\"@id\":\"https:\/\/portaltela.pt\/noticias\/2026\/04\/14\/chega-pede-sancoes-a-deputados-por-mau-comportamento-e-acusa-paulo-muacho-de-aldrabao\/\",\"url\":\"https:\/\/portaltela.pt\/noticias\/2026\/04\/14\/chega-pede-sancoes-a-deputados-por-mau-comportamento-e-acusa-paulo-muacho-de-aldrabao\/\",\"name\":\"Chega pede san\u00e7\u00f5es a deputados por mau comportamento e acusa Paulo Muacho de aldrab\u00e3o - Portal Tela Portugal\",\"isPartOf\":{\"@id\":\"https:\/\/portaltela.pt\/#website\"},\"primaryImageOfPage\":{\"@id\":\"https:\/\/portaltela.pt\/noticias\/2026\/04\/14\/chega-pede-sancoes-a-deputados-por-mau-comportamento-e-acusa-paulo-muacho-de-aldrabao\/#primaryimage\"},\"image\":{\"@id\":\"https:\/\/portaltela.pt\/noticias\/2026\/04\/14\/chega-pede-sancoes-a-deputados-por-mau-comportamento-e-acusa-paulo-muacho-de-aldrabao\/#primaryimage\"},\"thumbnailUrl\":\"https:\/\/portaltela.pt\/s.01k8rhncp4jt1\/2026\/04\/2081064.jpg\",\"datePublished\":\"2026-04-14T10:16:55+00:00\",\"author\":{\"@id\":\"https:\/\/portaltela.pt\/#\/schema\/person\/c4278d4a6028830caff9ee44b42d32ed\"},\"breadcrumb\":{\"@id\":\"https:\/\/portaltela.pt\/noticias\/2026\/04\/14\/chega-pede-sancoes-a-deputados-por-mau-comportamento-e-acusa-paulo-muacho-de-aldrabao\/#breadcrumb\"},\"inLanguage\":\"pt-PT\",\"potentialAction\":[{\"@type\":\"ReadAction\",\"target\":[\"https:\/\/portaltela.pt\/noticias\/2026\/04\/14\/chega-pede-sancoes-a-deputados-por-mau-comportamento-e-acusa-paulo-muacho-de-aldrabao\/\"]}]},{\"@type\":\"ImageObject\",\"inLanguage\":\"pt-PT\",\"@id\":\"https:\/\/portaltela.pt\/noticias\/2026\/04\/14\/chega-pede-sancoes-a-deputados-por-mau-comportamento-e-acusa-paulo-muacho-de-aldrabao\/#primaryimage\",\"url\":\"https:\/\/portaltela.pt\/s.01k8rhncp4jt1\/2026\/04\/2081064.jpg\",\"contentUrl\":\"https:\/\/portaltela.pt\/s.01k8rhncp4jt1\/2026\/04\/2081064.jpg\",\"width\":796,\"height\":448,\"caption\":\"O l\u00edder parlamentar do Chega chamou \\\"aldrab\u00e3o\\\" a um deputado do Livre no mesmo dia em que pediu san\u00e7\u00f5es a comportamentos dos deputados\"},{\"@type\":\"BreadcrumbList\",\"@id\":\"https:\/\/portaltela.pt\/noticias\/2026\/04\/14\/chega-pede-sancoes-a-deputados-por-mau-comportamento-e-acusa-paulo-muacho-de-aldrabao\/#breadcrumb\",\"itemListElement\":[{\"@type\":\"ListItem\",\"position\":1,\"name\":\"In\u00edcio\",\"item\":\"https:\/\/portaltela.pt\/\"},{\"@type\":\"ListItem\",\"position\":2,\"name\":\"Chega pede san\u00e7\u00f5es a deputados por mau comportamento e acusa Paulo Muacho de aldrab\u00e3o\"}]},{\"@type\":\"WebSite\",\"@id\":\"https:\/\/portaltela.pt\/#website\",\"url\":\"https:\/\/portaltela.pt\/\",\"name\":\"Portal Tela Portugal\",\"description\":\"\",\"potentialAction\":[{\"@type\":\"SearchAction\",\"target\":{\"@type\":\"EntryPoint\",\"urlTemplate\":\"https:\/\/portaltela.pt\/?s={search_term_string}\"},\"query-input\":{\"@type\":\"PropertyValueSpecification\",\"valueRequired\":true,\"valueName\":\"search_term_string\"}}],\"inLanguage\":\"pt-PT\"},{\"@type\":\"Person\",\"@id\":\"https:\/\/portaltela.pt\/#\/schema\/person\/c4278d4a6028830caff9ee44b42d32ed\",\"name\":\"Telinha\",\"image\":{\"@type\":\"ImageObject\",\"inLanguage\":\"pt-PT\",\"@id\":\"https:\/\/portaltela.pt\/s.01k8rhncp4jt1\/2025\/11\/talking-bot-125x125.png\",\"url\":\"https:\/\/portaltela.pt\/s.01k8rhncp4jt1\/2025\/11\/talking-bot-125x125.png\",\"contentUrl\":\"https:\/\/portaltela.pt\/s.01k8rhncp4jt1\/2025\/11\/talking-bot-125x125.png\",\"caption\":\"Telinha\"},\"sameAs\":[\"https:\/\/portaltela.pt\/\"],\"url\":\"https:\/\/portaltela.pt\/por\/367410592786\/\"}]}<\/script>\n<!-- \/ Yoast SEO plugin. -->","yoast_head_json":{"title":"Chega pede san\u00e7\u00f5es a deputados por mau comportamento e acusa Paulo Muacho de aldrab\u00e3o - Portal Tela Portugal","robots":{"index":"index","follow":"follow","max-snippet":"max-snippet:-1","max-image-preview":"max-image-preview:large","max-video-preview":"max-video-preview:-1"},"og_locale":"pt_PT","og_type":"article","og_title":"Chega pede san\u00e7\u00f5es a deputados por mau comportamento e acusa Paulo Muacho de aldrab\u00e3o - Portal Tela Portugal","og_description":"O l\u00edder parlamentar do Chega, Pedro Pinto, defendeu em confer\u00eancia de l\u00edderes a necessidade de san\u00e7\u00f5es mais eficazes para deputados com mau comportamento. Citou as deputadas socialistas Eva Cruzeiro e Isabel Moreira como exemplos de situa\u00e7\u00f5es que mereceriam puni\u00e7\u00e3o. Cruzeiro foi condenada pela Comiss\u00e3o de Transpar\u00eancia por ter chamado racistas os deputados do seu pr\u00f3prio partido. Ainda assim, repetiu o mesmo r\u00f3tulo contra esses colegas na rede social X. Moreira chamou \u201cassassinos\u201d aos deputados que votaram a favor de iniciativas legislativas relativas \u00e0 mudan\u00e7a de g\u00e9nero.","og_url":"https:\/\/portaltela.pt\/noticias\/2026\/04\/14\/chega-pede-sancoes-a-deputados-por-mau-comportamento-e-acusa-paulo-muacho-de-aldrabao\/","og_site_name":"Portal Tela Portugal","article_published_time":"2026-04-14T10:16:55+00:00","author":"Telinha","twitter_card":"summary_large_image","twitter_misc":{"Escrito por":"Telinha","Tempo estimado de leitura":"1 minuto"},"schema":{"@context":"https:\/\/schema.org","@graph":[{"@type":"Article","@id":"https:\/\/portaltela.pt\/noticias\/2026\/04\/14\/chega-pede-sancoes-a-deputados-por-mau-comportamento-e-acusa-paulo-muacho-de-aldrabao\/#article","isPartOf":{"@id":"https:\/\/portaltela.pt\/noticias\/2026\/04\/14\/chega-pede-sancoes-a-deputados-por-mau-comportamento-e-acusa-paulo-muacho-de-aldrabao\/"},"author":{"name":"Telinha","@id":"https:\/\/portaltela.pt\/#\/schema\/person\/c4278d4a6028830caff9ee44b42d32ed"},"headline":"Chega pede san\u00e7\u00f5es a deputados por mau comportamento e acusa Paulo Muacho de aldrab\u00e3o","datePublished":"2026-04-14T10:16:55+00:00","mainEntityOfPage":{"@id":"https:\/\/portaltela.pt\/noticias\/2026\/04\/14\/chega-pede-sancoes-a-deputados-por-mau-comportamento-e-acusa-paulo-muacho-de-aldrabao\/"},"wordCount":215,"image":{"@id":"https:\/\/portaltela.pt\/noticias\/2026\/04\/14\/chega-pede-sancoes-a-deputados-por-mau-comportamento-e-acusa-paulo-muacho-de-aldrabao\/#primaryimage"},"thumbnailUrl":"https:\/\/portaltela.pt\/s.01k8rhncp4jt1\/2026\/04\/2081064.jpg","keywords":["_assembleia nacional","_pol\u00edtica","conduta","deputados","san\u00e7\u00f5es","socialistas"],"articleSection":["Not\u00edcias","Pol\u00edtica"],"inLanguage":"pt-PT"},{"@type":"WebPage","@id":"https:\/\/portaltela.pt\/noticias\/2026\/04\/14\/chega-pede-sancoes-a-deputados-por-mau-comportamento-e-acusa-paulo-muacho-de-aldrabao\/","url":"https:\/\/portaltela.pt\/noticias\/2026\/04\/14\/chega-pede-sancoes-a-deputados-por-mau-comportamento-e-acusa-paulo-muacho-de-aldrabao\/","name":"Chega pede san\u00e7\u00f5es a deputados por mau comportamento e acusa Paulo Muacho de aldrab\u00e3o - Portal Tela Portugal","isPartOf":{"@id":"https:\/\/portaltela.pt\/#website"},"primaryImageOfPage":{"@id":"https:\/\/portaltela.pt\/noticias\/2026\/04\/14\/chega-pede-sancoes-a-deputados-por-mau-comportamento-e-acusa-paulo-muacho-de-aldrabao\/#primaryimage"},"image":{"@id":"https:\/\/portaltela.pt\/noticias\/2026\/04\/14\/chega-pede-sancoes-a-deputados-por-mau-comportamento-e-acusa-paulo-muacho-de-aldrabao\/#primaryimage"},"thumbnailUrl":"https:\/\/portaltela.pt\/s.01k8rhncp4jt1\/2026\/04\/2081064.jpg","datePublished":"2026-04-14T10:16:55+00:00","author":{"@id":"https:\/\/portaltela.pt\/#\/schema\/person\/c4278d4a6028830caff9ee44b42d32ed"},"breadcrumb":{"@id":"https:\/\/portaltela.pt\/noticias\/2026\/04\/14\/chega-pede-sancoes-a-deputados-por-mau-comportamento-e-acusa-paulo-muacho-de-aldrabao\/#breadcrumb"},"inLanguage":"pt-PT","potentialAction":[{"@type":"ReadAction","target":["https:\/\/portaltela.pt\/noticias\/2026\/04\/14\/chega-pede-sancoes-a-deputados-por-mau-comportamento-e-acusa-paulo-muacho-de-aldrabao\/"]}]},{"@type":"ImageObject","inLanguage":"pt-PT","@id":"https:\/\/portaltela.pt\/noticias\/2026\/04\/14\/chega-pede-sancoes-a-deputados-por-mau-comportamento-e-acusa-paulo-muacho-de-aldrabao\/#primaryimage","url":"https:\/\/portaltela.pt\/s.01k8rhncp4jt1\/2026\/04\/2081064.jpg","contentUrl":"https:\/\/portaltela.pt\/s.01k8rhncp4jt1\/2026\/04\/2081064.jpg","width":796,"height":448,"caption":"O l\u00edder parlamentar do Chega chamou \"aldrab\u00e3o\" a um deputado do Livre no mesmo dia em que pediu san\u00e7\u00f5es a comportamentos dos deputados"},{"@type":"BreadcrumbList","@id":"https:\/\/portaltela.pt\/noticias\/2026\/04\/14\/chega-pede-sancoes-a-deputados-por-mau-comportamento-e-acusa-paulo-muacho-de-aldrabao\/#breadcrumb","itemListElement":[{"@type":"ListItem","position":1,"name":"In\u00edcio","item":"https:\/\/portaltela.pt\/"},{"@type":"ListItem","position":2,"name":"Chega pede san\u00e7\u00f5es a deputados por mau comportamento e acusa Paulo Muacho de aldrab\u00e3o"}]},{"@type":"WebSite","@id":"https:\/\/portaltela.pt\/#website","url":"https:\/\/portaltela.pt\/","name":"Portal Tela Portugal","description":"","potentialAction":[{"@type":"SearchAction","target":{"@type":"EntryPoint","urlTemplate":"https:\/\/portaltela.pt\/?s={search_term_string}"},"query-input":{"@type":"PropertyValueSpecification","valueRequired":true,"valueName":"search_term_string"}}],"inLanguage":"pt-PT"},{"@type":"Person","@id":"https:\/\/portaltela.pt\/#\/schema\/person\/c4278d4a6028830caff9ee44b42d32ed","name":"Telinha","image":{"@type":"ImageObject","inLanguage":"pt-PT","@id":"https:\/\/portaltela.pt\/s.01k8rhncp4jt1\/2025\/11\/talking-bot-125x125.png","url":"https:\/\/portaltela.pt\/s.01k8rhncp4jt1\/2025\/11\/talking-bot-125x125.png","contentUrl":"https:\/\/portaltela.pt\/s.01k8rhncp4jt1\/2025\/11\/talking-bot-125x125.png","caption":"Telinha"},"sameAs":["https:\/\/portaltela.pt\/"],"url":"https:\/\/portaltela.pt\/por\/367410592786\/"}]}},"_links":{"self":[{"href":"https:\/\/portaltela.pt\/api\/wp\/v2\/posts\/443443","targetHints":{"allow":["GET"]}}],"collection":[{"href":"https:\/\/portaltela.pt\/api\/wp\/v2\/posts"}],"about":[{"href":"https:\/\/portaltela.pt\/api\/wp\/v2\/types\/post"}],"author":[{"embeddable":true,"href":"https:\/\/portaltela.pt\/api\/wp\/v2\/users\/2"}],"replies":[{"embeddable":true,"href":"https:\/\/portaltela.pt\/api\/wp\/v2\/comments?post=443443"}],"version-history":[{"count":0,"href":"https:\/\/portaltela.pt\/api\/wp\/v2\/posts\/443443\/revisions"}],"wp:featuredmedia":[{"embeddable":true,"href":"https:\/\/portaltela.pt\/api\/wp\/v2\/media\/443445"}],"wp:attachment":[{"href":"https:\/\/portaltela.pt\/api\/wp\/v2\/media?parent=443443"}],"wp:term":[{"taxonomy":"category","embeddable":true,"href":"https:\/\/portaltela.pt\/api\/wp\/v2\/categories?post=443443"},{"taxonomy":"post_tag","embeddable":true,"href":"https:\/\/portaltela.pt\/api\/wp\/v2\/tags?post=443443"}],"curies":[{"name":"wp","href":"https:\/\/api.w.org\/{rel}","templated":true}]}}