{"id":443440,"date":"2026-04-14T07:16:42","date_gmt":"2026-04-14T10:16:42","guid":{"rendered":"https:\/\/portaltela.pt\/noticias\/2026\/04\/14\/uccla-propoe-cooperacao-entre-cidades-lusofonas-com-macau-na-presidencia\/"},"modified":"2026-04-14T07:16:42","modified_gmt":"2026-04-14T10:16:42","slug":"uccla-propoe-cooperacao-entre-cidades-lusofonas-com-macau-na-presidencia","status":"publish","type":"post","link":"https:\/\/portaltela.pt\/noticias\/economia\/2026\/04\/14\/uccla-propoe-cooperacao-entre-cidades-lusofonas-com-macau-na-presidencia\/","title":{"rendered":"UCCLA prop\u00f5e coopera\u00e7\u00e3o entre cidades lus\u00f3fonas com Macau na presid\u00eancia"},"content":{"rendered":"<p>A Uni\u00e3o das Cidades Capitais de L\u00edngua Portuguesa (UCCLA) defende promover a coopera\u00e7\u00e3o econ\u00f3mica entre cidades lus\u00f3fonas. A proposta surge com Macau na presid\u00eancia da organiza\u00e7\u00e3o.<\/p>\n<p>A meta \u00e9 facilitar parcerias comerciais, interc\u00e2mbio de investimentos e partilha de boas pr\u00e1ticas entre as cidades associadas, fortalecendo o papel econ\u00f3mico da lusofonia.<\/p>\n<p>Macau assume a presid\u00eancia da UCCLA, segundo o an\u00fancio oficial, com o objectivo de impulsionar iniciativas conjuntas entre as cidades-membros e atrair financiamento para projetos conjuntos.<\/p>\n<p>N\u00e3o h\u00e1 datas concretas anunciadas para a implementa\u00e7\u00e3o das medidas, nem detalhes sobre os sectores priorit\u00e1rios. A UCCLA continuar\u00e1 a divulgar desenvolvimentos oficiais.<\/p>\n","protected":false},"excerpt":{"rendered":"<ul>\n<li>A Uni\u00e3o das Cidades Lus\u00f3fonas (UCCLA) quer promover a coopera\u00e7\u00e3o econ\u00f3mica entre cidades de l\u00edngua portuguesa.<\/li>\n<li>Macau est\u00e1 na presid\u00eancia do grupo, potencializando a coordena\u00e7\u00e3o entre as cidades lus\u00f3fonas.<\/li>\n<li>O objetivo \u00e9 facilitar liga\u00e7\u00f5es comerciais, investimentos e projetos conjuntos entre os membros.<\/li>\n<li>As a\u00e7\u00f5es previstas abrangem \u00e1reas como com\u00e9rcio, turismo, inova\u00e7\u00e3o e desenvolvimento urbano.<\/li>\n<li>O an\u00fancio n\u00e3o detalha datas ou pormenores operacionais no momento dispon\u00edvel.<\/li>\n<\/ul>\n","protected":false},"author":2,"featured_media":443441,"comment_status":"closed","ping_status":"closed","sticky":false,"template":"","format":"standard","meta":{"footnotes":""},"categories":[2,6735],"tags":[256,190,3861,5386,1014],"class_list":["post-443440","post","type-post","status-publish","format-standard","has-post-thumbnail","hentry","category-economia","category-negocios","tag-cooperacao-internacional","tag-desenvolvimento-economico","tag-economia-internacional","tag-macau","tag-portugal"],"yoast_head":"<!-- This site is optimized with the Yoast SEO plugin v27.2 - https:\/\/yoast.com\/product\/yoast-seo-wordpress\/ -->\n<title>UCCLA prop\u00f5e coopera\u00e7\u00e3o entre cidades lus\u00f3fonas com Macau na presid\u00eancia - Portal Tela Portugal<\/title>\n<meta name=\"robots\" content=\"index, follow, max-snippet:-1, max-image-preview:large, max-video-preview:-1\" \/>\n<meta property=\"og:locale\" content=\"pt_PT\" \/>\n<meta property=\"og:type\" content=\"article\" \/>\n<meta property=\"og:title\" content=\"UCCLA prop\u00f5e coopera\u00e7\u00e3o entre cidades lus\u00f3fonas com Macau na presid\u00eancia - Portal Tela Portugal\" \/>\n<meta property=\"og:description\" content=\"A Uni\u00e3o das Cidades Lus\u00f3fonas (UCCLA) quer promover a coopera\u00e7\u00e3o econ\u00f3mica entre cidades de l\u00edngua portuguesa. Macau est\u00e1 na presid\u00eancia do grupo, potencializando a coordena\u00e7\u00e3o entre as cidades lus\u00f3fonas. O objetivo \u00e9 facilitar liga\u00e7\u00f5es comerciais, investimentos e projetos conjuntos entre os membros. As a\u00e7\u00f5es previstas abrangem \u00e1reas como com\u00e9rcio, turismo, inova\u00e7\u00e3o e desenvolvimento urbano. O an\u00fancio n\u00e3o detalha datas ou pormenores operacionais no momento dispon\u00edvel.\" \/>\n<meta property=\"og:url\" content=\"https:\/\/portaltela.pt\/noticias\/2026\/04\/14\/uccla-propoe-cooperacao-entre-cidades-lusofonas-com-macau-na-presidencia\/\" \/>\n<meta property=\"og:site_name\" content=\"Portal Tela Portugal\" \/>\n<meta property=\"article:published_time\" content=\"2026-04-14T10:16:42+00:00\" \/>\n<meta name=\"author\" content=\"Telinha\" \/>\n<meta name=\"twitter:card\" content=\"summary_large_image\" \/>\n<meta name=\"twitter:label1\" content=\"Escrito por\" \/>\n\t<meta name=\"twitter:data1\" content=\"Telinha\" \/>\n\t<meta name=\"twitter:label2\" content=\"Tempo estimado de leitura\" \/>\n\t<meta name=\"twitter:data2\" content=\"1 minuto\" \/>\n<script type=\"application\/ld+json\" class=\"yoast-schema-graph\">{\"@context\":\"https:\/\/schema.org\",\"@graph\":[{\"@type\":\"Article\",\"@id\":\"https:\/\/portaltela.pt\/noticias\/2026\/04\/14\/uccla-propoe-cooperacao-entre-cidades-lusofonas-com-macau-na-presidencia\/#article\",\"isPartOf\":{\"@id\":\"https:\/\/portaltela.pt\/noticias\/2026\/04\/14\/uccla-propoe-cooperacao-entre-cidades-lusofonas-com-macau-na-presidencia\/\"},\"author\":{\"name\":\"Telinha\",\"@id\":\"https:\/\/portaltela.pt\/#\/schema\/person\/c4278d4a6028830caff9ee44b42d32ed\"},\"headline\":\"UCCLA prop\u00f5e coopera\u00e7\u00e3o entre cidades lus\u00f3fonas com Macau na presid\u00eancia\",\"datePublished\":\"2026-04-14T10:16:42+00:00\",\"mainEntityOfPage\":{\"@id\":\"https:\/\/portaltela.pt\/noticias\/2026\/04\/14\/uccla-propoe-cooperacao-entre-cidades-lusofonas-com-macau-na-presidencia\/\"},\"wordCount\":127,\"image\":{\"@id\":\"https:\/\/portaltela.pt\/noticias\/2026\/04\/14\/uccla-propoe-cooperacao-entre-cidades-lusofonas-com-macau-na-presidencia\/#primaryimage\"},\"thumbnailUrl\":\"https:\/\/portaltela.pt\/s.01k8rhncp4jt1\/2026\/04\/CACHE_780X1200_ANALOG_WATERMARKED_46920620_6940819_13042026021033-1.jpg\",\"keywords\":[\"coopera\u00e7\u00e3o internacional\",\"Desenvolvimento econ\u00f3mico\",\"economia internacional\",\"Macau\",\"Portugal\"],\"articleSection\":[\"Economia\",\"Neg\u00f3cios\"],\"inLanguage\":\"pt-PT\"},{\"@type\":\"WebPage\",\"@id\":\"https:\/\/portaltela.pt\/noticias\/2026\/04\/14\/uccla-propoe-cooperacao-entre-cidades-lusofonas-com-macau-na-presidencia\/\",\"url\":\"https:\/\/portaltela.pt\/noticias\/2026\/04\/14\/uccla-propoe-cooperacao-entre-cidades-lusofonas-com-macau-na-presidencia\/\",\"name\":\"UCCLA prop\u00f5e coopera\u00e7\u00e3o entre cidades lus\u00f3fonas com Macau na presid\u00eancia - Portal Tela Portugal\",\"isPartOf\":{\"@id\":\"https:\/\/portaltela.pt\/#website\"},\"primaryImageOfPage\":{\"@id\":\"https:\/\/portaltela.pt\/noticias\/2026\/04\/14\/uccla-propoe-cooperacao-entre-cidades-lusofonas-com-macau-na-presidencia\/#primaryimage\"},\"image\":{\"@id\":\"https:\/\/portaltela.pt\/noticias\/2026\/04\/14\/uccla-propoe-cooperacao-entre-cidades-lusofonas-com-macau-na-presidencia\/#primaryimage\"},\"thumbnailUrl\":\"https:\/\/portaltela.pt\/s.01k8rhncp4jt1\/2026\/04\/CACHE_780X1200_ANALOG_WATERMARKED_46920620_6940819_13042026021033-1.jpg\",\"datePublished\":\"2026-04-14T10:16:42+00:00\",\"author\":{\"@id\":\"https:\/\/portaltela.pt\/#\/schema\/person\/c4278d4a6028830caff9ee44b42d32ed\"},\"breadcrumb\":{\"@id\":\"https:\/\/portaltela.pt\/noticias\/2026\/04\/14\/uccla-propoe-cooperacao-entre-cidades-lusofonas-com-macau-na-presidencia\/#breadcrumb\"},\"inLanguage\":\"pt-PT\",\"potentialAction\":[{\"@type\":\"ReadAction\",\"target\":[\"https:\/\/portaltela.pt\/noticias\/2026\/04\/14\/uccla-propoe-cooperacao-entre-cidades-lusofonas-com-macau-na-presidencia\/\"]}]},{\"@type\":\"ImageObject\",\"inLanguage\":\"pt-PT\",\"@id\":\"https:\/\/portaltela.pt\/noticias\/2026\/04\/14\/uccla-propoe-cooperacao-entre-cidades-lusofonas-com-macau-na-presidencia\/#primaryimage\",\"url\":\"https:\/\/portaltela.pt\/s.01k8rhncp4jt1\/2026\/04\/CACHE_780X1200_ANALOG_WATERMARKED_46920620_6940819_13042026021033-1.jpg\",\"contentUrl\":\"https:\/\/portaltela.pt\/s.01k8rhncp4jt1\/2026\/04\/CACHE_780X1200_ANALOG_WATERMARKED_46920620_6940819_13042026021033-1.jpg\",\"width\":768,\"height\":512,\"caption\":\"UCCLA quer coopera\u00e7\u00e3o econ\u00f3mica entre cidades lus\u00f3fonas com Macau na presid\u00eancia\"},{\"@type\":\"BreadcrumbList\",\"@id\":\"https:\/\/portaltela.pt\/noticias\/2026\/04\/14\/uccla-propoe-cooperacao-entre-cidades-lusofonas-com-macau-na-presidencia\/#breadcrumb\",\"itemListElement\":[{\"@type\":\"ListItem\",\"position\":1,\"name\":\"In\u00edcio\",\"item\":\"https:\/\/portaltela.pt\/\"},{\"@type\":\"ListItem\",\"position\":2,\"name\":\"UCCLA prop\u00f5e coopera\u00e7\u00e3o entre cidades lus\u00f3fonas com Macau na presid\u00eancia\"}]},{\"@type\":\"WebSite\",\"@id\":\"https:\/\/portaltela.pt\/#website\",\"url\":\"https:\/\/portaltela.pt\/\",\"name\":\"Portal Tela Portugal\",\"description\":\"\",\"potentialAction\":[{\"@type\":\"SearchAction\",\"target\":{\"@type\":\"EntryPoint\",\"urlTemplate\":\"https:\/\/portaltela.pt\/?s={search_term_string}\"},\"query-input\":{\"@type\":\"PropertyValueSpecification\",\"valueRequired\":true,\"valueName\":\"search_term_string\"}}],\"inLanguage\":\"pt-PT\"},{\"@type\":\"Person\",\"@id\":\"https:\/\/portaltela.pt\/#\/schema\/person\/c4278d4a6028830caff9ee44b42d32ed\",\"name\":\"Telinha\",\"image\":{\"@type\":\"ImageObject\",\"inLanguage\":\"pt-PT\",\"@id\":\"https:\/\/portaltela.pt\/s.01k8rhncp4jt1\/2025\/11\/talking-bot-125x125.png\",\"url\":\"https:\/\/portaltela.pt\/s.01k8rhncp4jt1\/2025\/11\/talking-bot-125x125.png\",\"contentUrl\":\"https:\/\/portaltela.pt\/s.01k8rhncp4jt1\/2025\/11\/talking-bot-125x125.png\",\"caption\":\"Telinha\"},\"sameAs\":[\"https:\/\/portaltela.pt\/\"],\"url\":\"https:\/\/portaltela.pt\/por\/367410592786\/\"}]}<\/script>\n<!-- \/ Yoast SEO plugin. -->","yoast_head_json":{"title":"UCCLA prop\u00f5e coopera\u00e7\u00e3o entre cidades lus\u00f3fonas com Macau na presid\u00eancia - Portal Tela Portugal","robots":{"index":"index","follow":"follow","max-snippet":"max-snippet:-1","max-image-preview":"max-image-preview:large","max-video-preview":"max-video-preview:-1"},"og_locale":"pt_PT","og_type":"article","og_title":"UCCLA prop\u00f5e coopera\u00e7\u00e3o entre cidades lus\u00f3fonas com Macau na presid\u00eancia - Portal Tela Portugal","og_description":"A Uni\u00e3o das Cidades Lus\u00f3fonas (UCCLA) quer promover a coopera\u00e7\u00e3o econ\u00f3mica entre cidades de l\u00edngua portuguesa. Macau est\u00e1 na presid\u00eancia do grupo, potencializando a coordena\u00e7\u00e3o entre as cidades lus\u00f3fonas. O objetivo \u00e9 facilitar liga\u00e7\u00f5es comerciais, investimentos e projetos conjuntos entre os membros. As a\u00e7\u00f5es previstas abrangem \u00e1reas como com\u00e9rcio, turismo, inova\u00e7\u00e3o e desenvolvimento urbano. O an\u00fancio n\u00e3o detalha datas ou pormenores operacionais no momento dispon\u00edvel.","og_url":"https:\/\/portaltela.pt\/noticias\/2026\/04\/14\/uccla-propoe-cooperacao-entre-cidades-lusofonas-com-macau-na-presidencia\/","og_site_name":"Portal Tela Portugal","article_published_time":"2026-04-14T10:16:42+00:00","author":"Telinha","twitter_card":"summary_large_image","twitter_misc":{"Escrito por":"Telinha","Tempo estimado de leitura":"1 minuto"},"schema":{"@context":"https:\/\/schema.org","@graph":[{"@type":"Article","@id":"https:\/\/portaltela.pt\/noticias\/2026\/04\/14\/uccla-propoe-cooperacao-entre-cidades-lusofonas-com-macau-na-presidencia\/#article","isPartOf":{"@id":"https:\/\/portaltela.pt\/noticias\/2026\/04\/14\/uccla-propoe-cooperacao-entre-cidades-lusofonas-com-macau-na-presidencia\/"},"author":{"name":"Telinha","@id":"https:\/\/portaltela.pt\/#\/schema\/person\/c4278d4a6028830caff9ee44b42d32ed"},"headline":"UCCLA prop\u00f5e coopera\u00e7\u00e3o entre cidades lus\u00f3fonas com Macau na presid\u00eancia","datePublished":"2026-04-14T10:16:42+00:00","mainEntityOfPage":{"@id":"https:\/\/portaltela.pt\/noticias\/2026\/04\/14\/uccla-propoe-cooperacao-entre-cidades-lusofonas-com-macau-na-presidencia\/"},"wordCount":127,"image":{"@id":"https:\/\/portaltela.pt\/noticias\/2026\/04\/14\/uccla-propoe-cooperacao-entre-cidades-lusofonas-com-macau-na-presidencia\/#primaryimage"},"thumbnailUrl":"https:\/\/portaltela.pt\/s.01k8rhncp4jt1\/2026\/04\/CACHE_780X1200_ANALOG_WATERMARKED_46920620_6940819_13042026021033-1.jpg","keywords":["coopera\u00e7\u00e3o internacional","Desenvolvimento econ\u00f3mico","economia internacional","Macau","Portugal"],"articleSection":["Economia","Neg\u00f3cios"],"inLanguage":"pt-PT"},{"@type":"WebPage","@id":"https:\/\/portaltela.pt\/noticias\/2026\/04\/14\/uccla-propoe-cooperacao-entre-cidades-lusofonas-com-macau-na-presidencia\/","url":"https:\/\/portaltela.pt\/noticias\/2026\/04\/14\/uccla-propoe-cooperacao-entre-cidades-lusofonas-com-macau-na-presidencia\/","name":"UCCLA prop\u00f5e coopera\u00e7\u00e3o entre cidades lus\u00f3fonas com Macau na presid\u00eancia - Portal Tela Portugal","isPartOf":{"@id":"https:\/\/portaltela.pt\/#website"},"primaryImageOfPage":{"@id":"https:\/\/portaltela.pt\/noticias\/2026\/04\/14\/uccla-propoe-cooperacao-entre-cidades-lusofonas-com-macau-na-presidencia\/#primaryimage"},"image":{"@id":"https:\/\/portaltela.pt\/noticias\/2026\/04\/14\/uccla-propoe-cooperacao-entre-cidades-lusofonas-com-macau-na-presidencia\/#primaryimage"},"thumbnailUrl":"https:\/\/portaltela.pt\/s.01k8rhncp4jt1\/2026\/04\/CACHE_780X1200_ANALOG_WATERMARKED_46920620_6940819_13042026021033-1.jpg","datePublished":"2026-04-14T10:16:42+00:00","author":{"@id":"https:\/\/portaltela.pt\/#\/schema\/person\/c4278d4a6028830caff9ee44b42d32ed"},"breadcrumb":{"@id":"https:\/\/portaltela.pt\/noticias\/2026\/04\/14\/uccla-propoe-cooperacao-entre-cidades-lusofonas-com-macau-na-presidencia\/#breadcrumb"},"inLanguage":"pt-PT","potentialAction":[{"@type":"ReadAction","target":["https:\/\/portaltela.pt\/noticias\/2026\/04\/14\/uccla-propoe-cooperacao-entre-cidades-lusofonas-com-macau-na-presidencia\/"]}]},{"@type":"ImageObject","inLanguage":"pt-PT","@id":"https:\/\/portaltela.pt\/noticias\/2026\/04\/14\/uccla-propoe-cooperacao-entre-cidades-lusofonas-com-macau-na-presidencia\/#primaryimage","url":"https:\/\/portaltela.pt\/s.01k8rhncp4jt1\/2026\/04\/CACHE_780X1200_ANALOG_WATERMARKED_46920620_6940819_13042026021033-1.jpg","contentUrl":"https:\/\/portaltela.pt\/s.01k8rhncp4jt1\/2026\/04\/CACHE_780X1200_ANALOG_WATERMARKED_46920620_6940819_13042026021033-1.jpg","width":768,"height":512,"caption":"UCCLA quer coopera\u00e7\u00e3o econ\u00f3mica entre cidades lus\u00f3fonas com Macau na presid\u00eancia"},{"@type":"BreadcrumbList","@id":"https:\/\/portaltela.pt\/noticias\/2026\/04\/14\/uccla-propoe-cooperacao-entre-cidades-lusofonas-com-macau-na-presidencia\/#breadcrumb","itemListElement":[{"@type":"ListItem","position":1,"name":"In\u00edcio","item":"https:\/\/portaltela.pt\/"},{"@type":"ListItem","position":2,"name":"UCCLA prop\u00f5e coopera\u00e7\u00e3o entre cidades lus\u00f3fonas com Macau na presid\u00eancia"}]},{"@type":"WebSite","@id":"https:\/\/portaltela.pt\/#website","url":"https:\/\/portaltela.pt\/","name":"Portal Tela Portugal","description":"","potentialAction":[{"@type":"SearchAction","target":{"@type":"EntryPoint","urlTemplate":"https:\/\/portaltela.pt\/?s={search_term_string}"},"query-input":{"@type":"PropertyValueSpecification","valueRequired":true,"valueName":"search_term_string"}}],"inLanguage":"pt-PT"},{"@type":"Person","@id":"https:\/\/portaltela.pt\/#\/schema\/person\/c4278d4a6028830caff9ee44b42d32ed","name":"Telinha","image":{"@type":"ImageObject","inLanguage":"pt-PT","@id":"https:\/\/portaltela.pt\/s.01k8rhncp4jt1\/2025\/11\/talking-bot-125x125.png","url":"https:\/\/portaltela.pt\/s.01k8rhncp4jt1\/2025\/11\/talking-bot-125x125.png","contentUrl":"https:\/\/portaltela.pt\/s.01k8rhncp4jt1\/2025\/11\/talking-bot-125x125.png","caption":"Telinha"},"sameAs":["https:\/\/portaltela.pt\/"],"url":"https:\/\/portaltela.pt\/por\/367410592786\/"}]}},"_links":{"self":[{"href":"https:\/\/portaltela.pt\/api\/wp\/v2\/posts\/443440","targetHints":{"allow":["GET"]}}],"collection":[{"href":"https:\/\/portaltela.pt\/api\/wp\/v2\/posts"}],"about":[{"href":"https:\/\/portaltela.pt\/api\/wp\/v2\/types\/post"}],"author":[{"embeddable":true,"href":"https:\/\/portaltela.pt\/api\/wp\/v2\/users\/2"}],"replies":[{"embeddable":true,"href":"https:\/\/portaltela.pt\/api\/wp\/v2\/comments?post=443440"}],"version-history":[{"count":0,"href":"https:\/\/portaltela.pt\/api\/wp\/v2\/posts\/443440\/revisions"}],"wp:featuredmedia":[{"embeddable":true,"href":"https:\/\/portaltela.pt\/api\/wp\/v2\/media\/443441"}],"wp:attachment":[{"href":"https:\/\/portaltela.pt\/api\/wp\/v2\/media?parent=443440"}],"wp:term":[{"taxonomy":"category","embeddable":true,"href":"https:\/\/portaltela.pt\/api\/wp\/v2\/categories?post=443440"},{"taxonomy":"post_tag","embeddable":true,"href":"https:\/\/portaltela.pt\/api\/wp\/v2\/tags?post=443440"}],"curies":[{"name":"wp","href":"https:\/\/api.w.org\/{rel}","templated":true}]}}