{"id":443423,"date":"2026-04-14T07:02:27","date_gmt":"2026-04-14T10:02:27","guid":{"rendered":"https:\/\/portaltela.pt\/noticias\/2026\/04\/14\/ex-aluno-invade-escola-na-turquia-e-dispara-contra-16-pessoas\/"},"modified":"2026-04-14T07:02:27","modified_gmt":"2026-04-14T10:02:27","slug":"ex-aluno-invade-escola-na-turquia-e-dispara-contra-16-pessoas","status":"publish","type":"post","link":"https:\/\/portaltela.pt\/noticias\/2026\/04\/14\/ex-aluno-invade-escola-na-turquia-e-dispara-contra-16-pessoas\/","title":{"rendered":"Ex-aluno invade escola na Turquia e dispara contra 16 pessoas"},"content":{"rendered":"<p>Um ex-aluno invadiu a antiga escola profissional onde estudou at\u00e9 ao 9.\u00ba ano, em Siverek, na prov\u00edncia turca de Sanliurfa. O ataque a tiro deixou 16 feridos e o agressor suicidou-se de seguida, utilizando a mesma arma.<\/p>\n<p>Entre as v\u00edtimas est\u00e3o 10 alunos, quatro professores, um funcion\u00e1rio da cantina e um agente da pol\u00edcia. O ataque ocorreu nesta ter\u00e7a-feira, no interior do edif\u00edcio da escola.<\/p>\n<h3>Detalhes do ataque<\/h3>\n<p>Segundo a Associated Press, o agressor \u00d6mer Ket, de 19 anos, disparou de forma aleat\u00f3ria com uma espingarda, entrou pelo port\u00e3o principal e acomodou-se no interior do edif\u00edcio antes de se suicidar. Dois professores e dois alunos foram transferidos para hospitais no centro da cidade com ferimentos leves; os 12 restantes ficaram no Hospital de Siverek.<\/p>\n<p>Relatos de testemunhas citados pelo Hurriyet indicam que o atacante avan\u00e7ou pela escola, atirando em v\u00e1rias dire\u00e7\u00f5es e provocando o p\u00e2nico entre os alunos, que fugiram para reduzir o risco. Al\u00e9m dos feridos diretamente, alguns alunos sofreram ferimentos ao tentarem fugir pela fuga pelas janelas.<\/p>\n<p>\u00d6mer Ket era aluno da escola atacada at\u00e9 ao 9.\u00ba ano e, depois, matriculou-se numa institui\u00e7\u00e3o com ensino \u00e0 dist\u00e2ncia. A motiva\u00e7\u00e3o do ataque ainda n\u00e3o foi divulgada pelas autoridades.<\/p>\n","protected":false},"excerpt":{"rendered":"<ul>\n<li>Um ex-aluno invadiu a escola secund\u00e1ria profissional em Siverek, na prov\u00edncia de Sanliurfa, Turquia, na ter\u00e7a-feira, disparando com uma espingarda.<\/li>\n<li>16 pessoas ficaram feridas: 10 alunos, 4 professores, 1 funcion\u00e1rio da cantina e 1 agente da pol\u00edcia; o agressor suicidou-se com a mesma arma.<\/li>\n<li>O agressor, \u00d6mer Ket, tinha 19 anos e estudou na escola at\u00e9 ao 9.\u00ba ano, tendo depois ingressado numa institui\u00e7\u00e3o com ensino \u00e0 dist\u00e2ncia.<\/li>\n<li>Dois professores e dois alunos foram transferidos para hospitais no centro da cidade com ferimentos ligeiros; os restantes 12 permanecem no Hospital de Siverek.<\/li>\n<li>Testemunhas relataram que o atacante entrou pela porta da frente, disparou de forma indiscriminada e perseguiu alunos dentro do edif\u00edcio; alguns ficaram feridos ao saltar de janelas para fugir.<\/li>\n<\/ul>\n","protected":false},"author":2,"featured_media":443426,"comment_status":"closed","ping_status":"closed","sticky":false,"template":"","format":"standard","meta":{"footnotes":""},"categories":[6907,1],"tags":[5342,5267,147,177,163,250],"class_list":["post-443423","post","type-post","status-publish","format-standard","has-post-thumbnail","hentry","category-crime","category-noticias","tag-asia","tag-ataques","tag-crime","tag-crimes","tag-educacao","tag-seguranca-publica"],"yoast_head":"<!-- This site is optimized with the Yoast SEO plugin v27.2 - https:\/\/yoast.com\/product\/yoast-seo-wordpress\/ -->\n<title>Ex-aluno invade escola na Turquia e dispara contra 16 pessoas - Portal Tela Portugal<\/title>\n<meta name=\"robots\" content=\"index, follow, max-snippet:-1, max-image-preview:large, max-video-preview:-1\" \/>\n<meta property=\"og:locale\" content=\"pt_PT\" \/>\n<meta property=\"og:type\" content=\"article\" \/>\n<meta property=\"og:title\" content=\"Ex-aluno invade escola na Turquia e dispara contra 16 pessoas - Portal Tela Portugal\" \/>\n<meta property=\"og:description\" content=\"Um ex-aluno invadiu a escola secund\u00e1ria profissional em Siverek, na prov\u00edncia de Sanliurfa, Turquia, na ter\u00e7a-feira, disparando com uma espingarda. 16 pessoas ficaram feridas: 10 alunos, 4 professores, 1 funcion\u00e1rio da cantina e 1 agente da pol\u00edcia; o agressor suicidou-se com a mesma arma. O agressor, \u00d6mer Ket, tinha 19 anos e estudou na escola at\u00e9 ao 9.\u00ba ano, tendo depois ingressado numa institui\u00e7\u00e3o com ensino \u00e0 dist\u00e2ncia. Dois professores e dois alunos foram transferidos para hospitais no centro da cidade com ferimentos ligeiros; os restantes 12 permanecem no Hospital de Siverek. Testemunhas relataram que o atacante entrou pela porta da frente, disparou de forma indiscriminada e perseguiu alunos dentro do edif\u00edcio; alguns ficaram feridos ao saltar de janelas para fugir.\" \/>\n<meta property=\"og:url\" content=\"https:\/\/portaltela.pt\/noticias\/2026\/04\/14\/ex-aluno-invade-escola-na-turquia-e-dispara-contra-16-pessoas\/\" \/>\n<meta property=\"og:site_name\" content=\"Portal Tela Portugal\" \/>\n<meta property=\"article:published_time\" content=\"2026-04-14T10:02:27+00:00\" \/>\n<meta name=\"author\" content=\"Telinha\" \/>\n<meta name=\"twitter:card\" content=\"summary_large_image\" \/>\n<meta name=\"twitter:label1\" content=\"Escrito por\" \/>\n\t<meta name=\"twitter:data1\" content=\"Telinha\" \/>\n\t<meta name=\"twitter:label2\" content=\"Tempo estimado de leitura\" \/>\n\t<meta name=\"twitter:data2\" content=\"1 minuto\" \/>\n<script type=\"application\/ld+json\" class=\"yoast-schema-graph\">{\"@context\":\"https:\/\/schema.org\",\"@graph\":[{\"@type\":\"Article\",\"@id\":\"https:\/\/portaltela.pt\/noticias\/2026\/04\/14\/ex-aluno-invade-escola-na-turquia-e-dispara-contra-16-pessoas\/#article\",\"isPartOf\":{\"@id\":\"https:\/\/portaltela.pt\/noticias\/2026\/04\/14\/ex-aluno-invade-escola-na-turquia-e-dispara-contra-16-pessoas\/\"},\"author\":{\"name\":\"Telinha\",\"@id\":\"https:\/\/portaltela.pt\/#\/schema\/person\/c4278d4a6028830caff9ee44b42d32ed\"},\"headline\":\"Ex-aluno invade escola na Turquia e dispara contra 16 pessoas\",\"datePublished\":\"2026-04-14T10:02:27+00:00\",\"mainEntityOfPage\":{\"@id\":\"https:\/\/portaltela.pt\/noticias\/2026\/04\/14\/ex-aluno-invade-escola-na-turquia-e-dispara-contra-16-pessoas\/\"},\"wordCount\":220,\"image\":{\"@id\":\"https:\/\/portaltela.pt\/noticias\/2026\/04\/14\/ex-aluno-invade-escola-na-turquia-e-dispara-contra-16-pessoas\/#primaryimage\"},\"thumbnailUrl\":\"https:\/\/portaltela.pt\/s.01k8rhncp4jt1\/2026\/04\/img_920x518uu2026-04-14-10-48-31-2432953.jpg\",\"keywords\":[\"\u00c1sia\",\"ataques\",\"crime\",\"crimes\",\"educa\u00e7\u00e3o\",\"seguran\u00e7a p\u00fablica\"],\"articleSection\":[\"Crime\",\"Not\u00edcias\"],\"inLanguage\":\"pt-PT\"},{\"@type\":\"WebPage\",\"@id\":\"https:\/\/portaltela.pt\/noticias\/2026\/04\/14\/ex-aluno-invade-escola-na-turquia-e-dispara-contra-16-pessoas\/\",\"url\":\"https:\/\/portaltela.pt\/noticias\/2026\/04\/14\/ex-aluno-invade-escola-na-turquia-e-dispara-contra-16-pessoas\/\",\"name\":\"Ex-aluno invade escola na Turquia e dispara contra 16 pessoas - Portal Tela Portugal\",\"isPartOf\":{\"@id\":\"https:\/\/portaltela.pt\/#website\"},\"primaryImageOfPage\":{\"@id\":\"https:\/\/portaltela.pt\/noticias\/2026\/04\/14\/ex-aluno-invade-escola-na-turquia-e-dispara-contra-16-pessoas\/#primaryimage\"},\"image\":{\"@id\":\"https:\/\/portaltela.pt\/noticias\/2026\/04\/14\/ex-aluno-invade-escola-na-turquia-e-dispara-contra-16-pessoas\/#primaryimage\"},\"thumbnailUrl\":\"https:\/\/portaltela.pt\/s.01k8rhncp4jt1\/2026\/04\/img_920x518uu2026-04-14-10-48-31-2432953.jpg\",\"datePublished\":\"2026-04-14T10:02:27+00:00\",\"author\":{\"@id\":\"https:\/\/portaltela.pt\/#\/schema\/person\/c4278d4a6028830caff9ee44b42d32ed\"},\"breadcrumb\":{\"@id\":\"https:\/\/portaltela.pt\/noticias\/2026\/04\/14\/ex-aluno-invade-escola-na-turquia-e-dispara-contra-16-pessoas\/#breadcrumb\"},\"inLanguage\":\"pt-PT\",\"potentialAction\":[{\"@type\":\"ReadAction\",\"target\":[\"https:\/\/portaltela.pt\/noticias\/2026\/04\/14\/ex-aluno-invade-escola-na-turquia-e-dispara-contra-16-pessoas\/\"]}]},{\"@type\":\"ImageObject\",\"inLanguage\":\"pt-PT\",\"@id\":\"https:\/\/portaltela.pt\/noticias\/2026\/04\/14\/ex-aluno-invade-escola-na-turquia-e-dispara-contra-16-pessoas\/#primaryimage\",\"url\":\"https:\/\/portaltela.pt\/s.01k8rhncp4jt1\/2026\/04\/img_920x518uu2026-04-14-10-48-31-2432953.jpg\",\"contentUrl\":\"https:\/\/portaltela.pt\/s.01k8rhncp4jt1\/2026\/04\/img_920x518uu2026-04-14-10-48-31-2432953.jpg\",\"width\":796,\"height\":448,\"caption\":\"Antigo estudante invade escola na Turquia e ataca a tiro 16 pessoas\"},{\"@type\":\"BreadcrumbList\",\"@id\":\"https:\/\/portaltela.pt\/noticias\/2026\/04\/14\/ex-aluno-invade-escola-na-turquia-e-dispara-contra-16-pessoas\/#breadcrumb\",\"itemListElement\":[{\"@type\":\"ListItem\",\"position\":1,\"name\":\"In\u00edcio\",\"item\":\"https:\/\/portaltela.pt\/\"},{\"@type\":\"ListItem\",\"position\":2,\"name\":\"Ex-aluno invade escola na Turquia e dispara contra 16 pessoas\"}]},{\"@type\":\"WebSite\",\"@id\":\"https:\/\/portaltela.pt\/#website\",\"url\":\"https:\/\/portaltela.pt\/\",\"name\":\"Portal Tela Portugal\",\"description\":\"\",\"potentialAction\":[{\"@type\":\"SearchAction\",\"target\":{\"@type\":\"EntryPoint\",\"urlTemplate\":\"https:\/\/portaltela.pt\/?s={search_term_string}\"},\"query-input\":{\"@type\":\"PropertyValueSpecification\",\"valueRequired\":true,\"valueName\":\"search_term_string\"}}],\"inLanguage\":\"pt-PT\"},{\"@type\":\"Person\",\"@id\":\"https:\/\/portaltela.pt\/#\/schema\/person\/c4278d4a6028830caff9ee44b42d32ed\",\"name\":\"Telinha\",\"image\":{\"@type\":\"ImageObject\",\"inLanguage\":\"pt-PT\",\"@id\":\"https:\/\/portaltela.pt\/s.01k8rhncp4jt1\/2025\/11\/talking-bot-125x125.png\",\"url\":\"https:\/\/portaltela.pt\/s.01k8rhncp4jt1\/2025\/11\/talking-bot-125x125.png\",\"contentUrl\":\"https:\/\/portaltela.pt\/s.01k8rhncp4jt1\/2025\/11\/talking-bot-125x125.png\",\"caption\":\"Telinha\"},\"sameAs\":[\"https:\/\/portaltela.pt\/\"],\"url\":\"https:\/\/portaltela.pt\/por\/367410592786\/\"}]}<\/script>\n<!-- \/ Yoast SEO plugin. -->","yoast_head_json":{"title":"Ex-aluno invade escola na Turquia e dispara contra 16 pessoas - Portal Tela Portugal","robots":{"index":"index","follow":"follow","max-snippet":"max-snippet:-1","max-image-preview":"max-image-preview:large","max-video-preview":"max-video-preview:-1"},"og_locale":"pt_PT","og_type":"article","og_title":"Ex-aluno invade escola na Turquia e dispara contra 16 pessoas - Portal Tela Portugal","og_description":"Um ex-aluno invadiu a escola secund\u00e1ria profissional em Siverek, na prov\u00edncia de Sanliurfa, Turquia, na ter\u00e7a-feira, disparando com uma espingarda. 16 pessoas ficaram feridas: 10 alunos, 4 professores, 1 funcion\u00e1rio da cantina e 1 agente da pol\u00edcia; o agressor suicidou-se com a mesma arma. O agressor, \u00d6mer Ket, tinha 19 anos e estudou na escola at\u00e9 ao 9.\u00ba ano, tendo depois ingressado numa institui\u00e7\u00e3o com ensino \u00e0 dist\u00e2ncia. Dois professores e dois alunos foram transferidos para hospitais no centro da cidade com ferimentos ligeiros; os restantes 12 permanecem no Hospital de Siverek. Testemunhas relataram que o atacante entrou pela porta da frente, disparou de forma indiscriminada e perseguiu alunos dentro do edif\u00edcio; alguns ficaram feridos ao saltar de janelas para fugir.","og_url":"https:\/\/portaltela.pt\/noticias\/2026\/04\/14\/ex-aluno-invade-escola-na-turquia-e-dispara-contra-16-pessoas\/","og_site_name":"Portal Tela Portugal","article_published_time":"2026-04-14T10:02:27+00:00","author":"Telinha","twitter_card":"summary_large_image","twitter_misc":{"Escrito por":"Telinha","Tempo estimado de leitura":"1 minuto"},"schema":{"@context":"https:\/\/schema.org","@graph":[{"@type":"Article","@id":"https:\/\/portaltela.pt\/noticias\/2026\/04\/14\/ex-aluno-invade-escola-na-turquia-e-dispara-contra-16-pessoas\/#article","isPartOf":{"@id":"https:\/\/portaltela.pt\/noticias\/2026\/04\/14\/ex-aluno-invade-escola-na-turquia-e-dispara-contra-16-pessoas\/"},"author":{"name":"Telinha","@id":"https:\/\/portaltela.pt\/#\/schema\/person\/c4278d4a6028830caff9ee44b42d32ed"},"headline":"Ex-aluno invade escola na Turquia e dispara contra 16 pessoas","datePublished":"2026-04-14T10:02:27+00:00","mainEntityOfPage":{"@id":"https:\/\/portaltela.pt\/noticias\/2026\/04\/14\/ex-aluno-invade-escola-na-turquia-e-dispara-contra-16-pessoas\/"},"wordCount":220,"image":{"@id":"https:\/\/portaltela.pt\/noticias\/2026\/04\/14\/ex-aluno-invade-escola-na-turquia-e-dispara-contra-16-pessoas\/#primaryimage"},"thumbnailUrl":"https:\/\/portaltela.pt\/s.01k8rhncp4jt1\/2026\/04\/img_920x518uu2026-04-14-10-48-31-2432953.jpg","keywords":["\u00c1sia","ataques","crime","crimes","educa\u00e7\u00e3o","seguran\u00e7a p\u00fablica"],"articleSection":["Crime","Not\u00edcias"],"inLanguage":"pt-PT"},{"@type":"WebPage","@id":"https:\/\/portaltela.pt\/noticias\/2026\/04\/14\/ex-aluno-invade-escola-na-turquia-e-dispara-contra-16-pessoas\/","url":"https:\/\/portaltela.pt\/noticias\/2026\/04\/14\/ex-aluno-invade-escola-na-turquia-e-dispara-contra-16-pessoas\/","name":"Ex-aluno invade escola na Turquia e dispara contra 16 pessoas - Portal Tela Portugal","isPartOf":{"@id":"https:\/\/portaltela.pt\/#website"},"primaryImageOfPage":{"@id":"https:\/\/portaltela.pt\/noticias\/2026\/04\/14\/ex-aluno-invade-escola-na-turquia-e-dispara-contra-16-pessoas\/#primaryimage"},"image":{"@id":"https:\/\/portaltela.pt\/noticias\/2026\/04\/14\/ex-aluno-invade-escola-na-turquia-e-dispara-contra-16-pessoas\/#primaryimage"},"thumbnailUrl":"https:\/\/portaltela.pt\/s.01k8rhncp4jt1\/2026\/04\/img_920x518uu2026-04-14-10-48-31-2432953.jpg","datePublished":"2026-04-14T10:02:27+00:00","author":{"@id":"https:\/\/portaltela.pt\/#\/schema\/person\/c4278d4a6028830caff9ee44b42d32ed"},"breadcrumb":{"@id":"https:\/\/portaltela.pt\/noticias\/2026\/04\/14\/ex-aluno-invade-escola-na-turquia-e-dispara-contra-16-pessoas\/#breadcrumb"},"inLanguage":"pt-PT","potentialAction":[{"@type":"ReadAction","target":["https:\/\/portaltela.pt\/noticias\/2026\/04\/14\/ex-aluno-invade-escola-na-turquia-e-dispara-contra-16-pessoas\/"]}]},{"@type":"ImageObject","inLanguage":"pt-PT","@id":"https:\/\/portaltela.pt\/noticias\/2026\/04\/14\/ex-aluno-invade-escola-na-turquia-e-dispara-contra-16-pessoas\/#primaryimage","url":"https:\/\/portaltela.pt\/s.01k8rhncp4jt1\/2026\/04\/img_920x518uu2026-04-14-10-48-31-2432953.jpg","contentUrl":"https:\/\/portaltela.pt\/s.01k8rhncp4jt1\/2026\/04\/img_920x518uu2026-04-14-10-48-31-2432953.jpg","width":796,"height":448,"caption":"Antigo estudante invade escola na Turquia e ataca a tiro 16 pessoas"},{"@type":"BreadcrumbList","@id":"https:\/\/portaltela.pt\/noticias\/2026\/04\/14\/ex-aluno-invade-escola-na-turquia-e-dispara-contra-16-pessoas\/#breadcrumb","itemListElement":[{"@type":"ListItem","position":1,"name":"In\u00edcio","item":"https:\/\/portaltela.pt\/"},{"@type":"ListItem","position":2,"name":"Ex-aluno invade escola na Turquia e dispara contra 16 pessoas"}]},{"@type":"WebSite","@id":"https:\/\/portaltela.pt\/#website","url":"https:\/\/portaltela.pt\/","name":"Portal Tela Portugal","description":"","potentialAction":[{"@type":"SearchAction","target":{"@type":"EntryPoint","urlTemplate":"https:\/\/portaltela.pt\/?s={search_term_string}"},"query-input":{"@type":"PropertyValueSpecification","valueRequired":true,"valueName":"search_term_string"}}],"inLanguage":"pt-PT"},{"@type":"Person","@id":"https:\/\/portaltela.pt\/#\/schema\/person\/c4278d4a6028830caff9ee44b42d32ed","name":"Telinha","image":{"@type":"ImageObject","inLanguage":"pt-PT","@id":"https:\/\/portaltela.pt\/s.01k8rhncp4jt1\/2025\/11\/talking-bot-125x125.png","url":"https:\/\/portaltela.pt\/s.01k8rhncp4jt1\/2025\/11\/talking-bot-125x125.png","contentUrl":"https:\/\/portaltela.pt\/s.01k8rhncp4jt1\/2025\/11\/talking-bot-125x125.png","caption":"Telinha"},"sameAs":["https:\/\/portaltela.pt\/"],"url":"https:\/\/portaltela.pt\/por\/367410592786\/"}]}},"_links":{"self":[{"href":"https:\/\/portaltela.pt\/api\/wp\/v2\/posts\/443423","targetHints":{"allow":["GET"]}}],"collection":[{"href":"https:\/\/portaltela.pt\/api\/wp\/v2\/posts"}],"about":[{"href":"https:\/\/portaltela.pt\/api\/wp\/v2\/types\/post"}],"author":[{"embeddable":true,"href":"https:\/\/portaltela.pt\/api\/wp\/v2\/users\/2"}],"replies":[{"embeddable":true,"href":"https:\/\/portaltela.pt\/api\/wp\/v2\/comments?post=443423"}],"version-history":[{"count":0,"href":"https:\/\/portaltela.pt\/api\/wp\/v2\/posts\/443423\/revisions"}],"wp:featuredmedia":[{"embeddable":true,"href":"https:\/\/portaltela.pt\/api\/wp\/v2\/media\/443426"}],"wp:attachment":[{"href":"https:\/\/portaltela.pt\/api\/wp\/v2\/media?parent=443423"}],"wp:term":[{"taxonomy":"category","embeddable":true,"href":"https:\/\/portaltela.pt\/api\/wp\/v2\/categories?post=443423"},{"taxonomy":"post_tag","embeddable":true,"href":"https:\/\/portaltela.pt\/api\/wp\/v2\/tags?post=443423"}],"curies":[{"name":"wp","href":"https:\/\/api.w.org\/{rel}","templated":true}]}}