{"id":443403,"date":"2026-04-14T06:47:23","date_gmt":"2026-04-14T09:47:23","guid":{"rendered":"https:\/\/portaltela.pt\/noticias\/2026\/04\/14\/israel-sirenes-pararam-o-pais-no-dia-do-holocausto-antisemitismo-em-alta\/"},"modified":"2026-04-14T06:47:23","modified_gmt":"2026-04-14T09:47:23","slug":"israel-sirenes-pararam-o-pais-no-dia-do-holocausto-antisemitismo-em-alta","status":"publish","type":"post","link":"https:\/\/portaltela.pt\/internacionais\/2026\/04\/14\/israel-sirenes-pararam-o-pais-no-dia-do-holocausto-antisemitismo-em-alta\/","title":{"rendered":"Israel: sirenes pararam o pa\u00eds no Dia do Holocausto, antisemitismo em alta"},"content":{"rendered":"<p>Israel celebrou o Dia da Mem\u00f3ria do Holocausto na ter\u00e7a-feira, 14 de abril de 2026, com dois minutos de sil\u00eancio em todo o pa\u00eds para lembrar as v\u00edtimas.<\/p>\n<p>\u00c0s 10:00, as sirenes tocaram em Jerusal\u00e9m, Telavive e outras cidades, levando as pessoas a fica\u00adrem im\u00f3veis e os condutores a pararem os ve\u00edculos. O dia relembra os seis milh\u00f5es de judeus mortos na Segunda Guerra Mundial.<\/p>\n<p>As cerim\u00f3nias decoraram-se em Yad Vashem, Jerusal\u00e9m, com a presen\u00e7a do presidente Isaac Herzog e do primeiro-ministro Benjamin Netanyahu. Houve deposi\u00e7\u00e3o de coroas, leitura de nomes e testemunhos de familiares de sobreviventes.<\/p>\n<h3>Antissemitismo global<\/h3>\n<p>Em 2025, a Universidade de Telavive confirmou 20 mortos por ataques antissemitas em todo o mundo, o n\u00famero mais alto em mais de 30 anos. Os investigadores associam o aumento ao contexto internacional de viol\u00eancia.<\/p>\n<p>O relat\u00f3rio refor\u00e7a o apelo \u00e0 vigil\u00e2ncia, \u00e0 educa\u00e7\u00e3o e \u00e0 prote\u00e7\u00e3o das comunidades judaicas, alinhando-se com as mensagens das cerim\u00f3nias em Israel. O objetivo \u00e9 manter a mem\u00f3ria e combater o antissemitismo em diferentes regi\u00f5es.<\/p>\n","protected":false},"excerpt":{"rendered":"<ul>\n<li>Israel celebrou o Dia da Mem\u00f3ria do Holocausto a 14 de abril de 2026 com dois minutos de sil\u00eancio em todo o pa\u00eds, provocando a paralisia de ruas e transportes em cidades como Jerusal\u00e9m e Telavive.<\/li>\n<li>As cerim\u00f3nias oficiais realizaram-se no memorial de Yad Vashem, em Jerusal\u00e9m, com a presen\u00e7a do presidente Isaac Herzog e do primeiro-ministro Benjamin Netanyahu, incluindo deposi\u00e7\u00e3o de coroas, leitura de nomes e testemunhos de familiares de sobreviventes.<\/li>\n<li>O dia \u00e9 dedicado \u00e0 mem\u00f3ria dos seis milh\u00f5es de judeus assassinados durante a Segunda Guerra Mundial.<\/li>\n<li>Na v\u00e9spera, a Universidade de Telavive indicou que, em 2025, houve vinte mortes em ataques antissemitas no mundo, o n\u00famero mais elevado em mais de trinta anos.<\/li>\n<li>Investigadores alertam para o aumento do antissemitismo a n\u00edvel global, refor\u00e7ando o apelo \u00e0 vigil\u00e2ncia, \u00e0 educa\u00e7\u00e3o e \u00e0 prote\u00e7\u00e3o das comunidades judaicas.<\/li>\n<\/ul>\n","protected":false},"author":2,"featured_media":443405,"comment_status":"closed","ping_status":"closed","sticky":false,"template":"","format":"standard","meta":{"footnotes":""},"categories":[6912],"tags":[1383,299,81,3708,27,250],"class_list":["post-443403","post","type-post","status-publish","format-standard","has-post-thumbnail","hentry","category-internacionais","tag-antissemitismo","tag-historia","tag-internacionais","tag-israel","tag-relacoes-internacionais","tag-seguranca-publica"],"yoast_head":"<!-- This site is optimized with the Yoast SEO plugin v27.2 - https:\/\/yoast.com\/product\/yoast-seo-wordpress\/ -->\n<title>Israel: sirenes pararam o pa\u00eds no Dia do Holocausto, antisemitismo em alta - Portal Tela Portugal<\/title>\n<meta name=\"robots\" content=\"index, follow, max-snippet:-1, max-image-preview:large, max-video-preview:-1\" \/>\n<meta property=\"og:locale\" content=\"pt_PT\" \/>\n<meta property=\"og:type\" content=\"article\" \/>\n<meta property=\"og:title\" content=\"Israel: sirenes pararam o pa\u00eds no Dia do Holocausto, antisemitismo em alta - Portal Tela Portugal\" \/>\n<meta property=\"og:description\" content=\"Israel celebrou o Dia da Mem\u00f3ria do Holocausto a 14 de abril de 2026 com dois minutos de sil\u00eancio em todo o pa\u00eds, provocando a paralisia de ruas e transportes em cidades como Jerusal\u00e9m e Telavive. As cerim\u00f3nias oficiais realizaram-se no memorial de Yad Vashem, em Jerusal\u00e9m, com a presen\u00e7a do presidente Isaac Herzog e do primeiro-ministro Benjamin Netanyahu, incluindo deposi\u00e7\u00e3o de coroas, leitura de nomes e testemunhos de familiares de sobreviventes. O dia \u00e9 dedicado \u00e0 mem\u00f3ria dos seis milh\u00f5es de judeus assassinados durante a Segunda Guerra Mundial. Na v\u00e9spera, a Universidade de Telavive indicou que, em 2025, houve vinte mortes em ataques antissemitas no mundo, o n\u00famero mais elevado em mais de trinta anos. Investigadores alertam para o aumento do antissemitismo a n\u00edvel global, refor\u00e7ando o apelo \u00e0 vigil\u00e2ncia, \u00e0 educa\u00e7\u00e3o e \u00e0 prote\u00e7\u00e3o das comunidades judaicas.\" \/>\n<meta property=\"og:url\" content=\"https:\/\/portaltela.pt\/noticias\/2026\/04\/14\/israel-sirenes-pararam-o-pais-no-dia-do-holocausto-antisemitismo-em-alta\/\" \/>\n<meta property=\"og:site_name\" content=\"Portal Tela Portugal\" \/>\n<meta property=\"article:published_time\" content=\"2026-04-14T09:47:23+00:00\" \/>\n<meta name=\"author\" content=\"Telinha\" \/>\n<meta name=\"twitter:card\" content=\"summary_large_image\" \/>\n<meta name=\"twitter:label1\" content=\"Escrito por\" \/>\n\t<meta name=\"twitter:data1\" content=\"Telinha\" \/>\n\t<meta name=\"twitter:label2\" content=\"Tempo estimado de leitura\" \/>\n\t<meta name=\"twitter:data2\" content=\"1 minuto\" \/>\n<script type=\"application\/ld+json\" class=\"yoast-schema-graph\">{\"@context\":\"https:\/\/schema.org\",\"@graph\":[{\"@type\":\"Article\",\"@id\":\"https:\/\/portaltela.pt\/noticias\/2026\/04\/14\/israel-sirenes-pararam-o-pais-no-dia-do-holocausto-antisemitismo-em-alta\/#article\",\"isPartOf\":{\"@id\":\"https:\/\/portaltela.pt\/noticias\/2026\/04\/14\/israel-sirenes-pararam-o-pais-no-dia-do-holocausto-antisemitismo-em-alta\/\"},\"author\":{\"name\":\"Telinha\",\"@id\":\"https:\/\/portaltela.pt\/#\/schema\/person\/c4278d4a6028830caff9ee44b42d32ed\"},\"headline\":\"Israel: sirenes pararam o pa\u00eds no Dia do Holocausto, antisemitismo em alta\",\"datePublished\":\"2026-04-14T09:47:23+00:00\",\"mainEntityOfPage\":{\"@id\":\"https:\/\/portaltela.pt\/noticias\/2026\/04\/14\/israel-sirenes-pararam-o-pais-no-dia-do-holocausto-antisemitismo-em-alta\/\"},\"wordCount\":197,\"image\":{\"@id\":\"https:\/\/portaltela.pt\/noticias\/2026\/04\/14\/israel-sirenes-pararam-o-pais-no-dia-do-holocausto-antisemitismo-em-alta\/#primaryimage\"},\"thumbnailUrl\":\"https:\/\/portaltela.pt\/s.01k8rhncp4jt1\/2026\/04\/1536x864_cmsv2_24090b1c-a31c-583b-9d16-dfd7cd2faaa9-9721189.jpg\",\"keywords\":[\"antissemitismo\",\"hist\u00f3ria\",\"internacionais\",\"Israel\",\"rela\u00e7\u00f5es internacionais\",\"seguran\u00e7a p\u00fablica\"],\"articleSection\":[\"Internacionais\"],\"inLanguage\":\"pt-PT\"},{\"@type\":\"WebPage\",\"@id\":\"https:\/\/portaltela.pt\/noticias\/2026\/04\/14\/israel-sirenes-pararam-o-pais-no-dia-do-holocausto-antisemitismo-em-alta\/\",\"url\":\"https:\/\/portaltela.pt\/noticias\/2026\/04\/14\/israel-sirenes-pararam-o-pais-no-dia-do-holocausto-antisemitismo-em-alta\/\",\"name\":\"Israel: sirenes pararam o pa\u00eds no Dia do Holocausto, antisemitismo em alta - Portal Tela Portugal\",\"isPartOf\":{\"@id\":\"https:\/\/portaltela.pt\/#website\"},\"primaryImageOfPage\":{\"@id\":\"https:\/\/portaltela.pt\/noticias\/2026\/04\/14\/israel-sirenes-pararam-o-pais-no-dia-do-holocausto-antisemitismo-em-alta\/#primaryimage\"},\"image\":{\"@id\":\"https:\/\/portaltela.pt\/noticias\/2026\/04\/14\/israel-sirenes-pararam-o-pais-no-dia-do-holocausto-antisemitismo-em-alta\/#primaryimage\"},\"thumbnailUrl\":\"https:\/\/portaltela.pt\/s.01k8rhncp4jt1\/2026\/04\/1536x864_cmsv2_24090b1c-a31c-583b-9d16-dfd7cd2faaa9-9721189.jpg\",\"datePublished\":\"2026-04-14T09:47:23+00:00\",\"author\":{\"@id\":\"https:\/\/portaltela.pt\/#\/schema\/person\/c4278d4a6028830caff9ee44b42d32ed\"},\"breadcrumb\":{\"@id\":\"https:\/\/portaltela.pt\/noticias\/2026\/04\/14\/israel-sirenes-pararam-o-pais-no-dia-do-holocausto-antisemitismo-em-alta\/#breadcrumb\"},\"inLanguage\":\"pt-PT\",\"potentialAction\":[{\"@type\":\"ReadAction\",\"target\":[\"https:\/\/portaltela.pt\/noticias\/2026\/04\/14\/israel-sirenes-pararam-o-pais-no-dia-do-holocausto-antisemitismo-em-alta\/\"]}]},{\"@type\":\"ImageObject\",\"inLanguage\":\"pt-PT\",\"@id\":\"https:\/\/portaltela.pt\/noticias\/2026\/04\/14\/israel-sirenes-pararam-o-pais-no-dia-do-holocausto-antisemitismo-em-alta\/#primaryimage\",\"url\":\"https:\/\/portaltela.pt\/s.01k8rhncp4jt1\/2026\/04\/1536x864_cmsv2_24090b1c-a31c-583b-9d16-dfd7cd2faaa9-9721189.jpg\",\"contentUrl\":\"https:\/\/portaltela.pt\/s.01k8rhncp4jt1\/2026\/04\/1536x864_cmsv2_24090b1c-a31c-583b-9d16-dfd7cd2faaa9-9721189.jpg\",\"width\":796,\"height\":448,\"caption\":\"Primeiro-ministro israelita Benjamin Netanyahu deposita coroa de flores numa cerim\u00f3nia que assinala o Dia anual da Mem\u00f3ria do Holocausto\"},{\"@type\":\"BreadcrumbList\",\"@id\":\"https:\/\/portaltela.pt\/noticias\/2026\/04\/14\/israel-sirenes-pararam-o-pais-no-dia-do-holocausto-antisemitismo-em-alta\/#breadcrumb\",\"itemListElement\":[{\"@type\":\"ListItem\",\"position\":1,\"name\":\"In\u00edcio\",\"item\":\"https:\/\/portaltela.pt\/\"},{\"@type\":\"ListItem\",\"position\":2,\"name\":\"Israel: sirenes pararam o pa\u00eds no Dia do Holocausto, antisemitismo em alta\"}]},{\"@type\":\"WebSite\",\"@id\":\"https:\/\/portaltela.pt\/#website\",\"url\":\"https:\/\/portaltela.pt\/\",\"name\":\"Portal Tela Portugal\",\"description\":\"\",\"potentialAction\":[{\"@type\":\"SearchAction\",\"target\":{\"@type\":\"EntryPoint\",\"urlTemplate\":\"https:\/\/portaltela.pt\/?s={search_term_string}\"},\"query-input\":{\"@type\":\"PropertyValueSpecification\",\"valueRequired\":true,\"valueName\":\"search_term_string\"}}],\"inLanguage\":\"pt-PT\"},{\"@type\":\"Person\",\"@id\":\"https:\/\/portaltela.pt\/#\/schema\/person\/c4278d4a6028830caff9ee44b42d32ed\",\"name\":\"Telinha\",\"image\":{\"@type\":\"ImageObject\",\"inLanguage\":\"pt-PT\",\"@id\":\"https:\/\/portaltela.pt\/s.01k8rhncp4jt1\/2025\/11\/talking-bot-125x125.png\",\"url\":\"https:\/\/portaltela.pt\/s.01k8rhncp4jt1\/2025\/11\/talking-bot-125x125.png\",\"contentUrl\":\"https:\/\/portaltela.pt\/s.01k8rhncp4jt1\/2025\/11\/talking-bot-125x125.png\",\"caption\":\"Telinha\"},\"sameAs\":[\"https:\/\/portaltela.pt\/\"],\"url\":\"https:\/\/portaltela.pt\/por\/367410592786\/\"}]}<\/script>\n<!-- \/ Yoast SEO plugin. -->","yoast_head_json":{"title":"Israel: sirenes pararam o pa\u00eds no Dia do Holocausto, antisemitismo em alta - Portal Tela Portugal","robots":{"index":"index","follow":"follow","max-snippet":"max-snippet:-1","max-image-preview":"max-image-preview:large","max-video-preview":"max-video-preview:-1"},"og_locale":"pt_PT","og_type":"article","og_title":"Israel: sirenes pararam o pa\u00eds no Dia do Holocausto, antisemitismo em alta - Portal Tela Portugal","og_description":"Israel celebrou o Dia da Mem\u00f3ria do Holocausto a 14 de abril de 2026 com dois minutos de sil\u00eancio em todo o pa\u00eds, provocando a paralisia de ruas e transportes em cidades como Jerusal\u00e9m e Telavive. As cerim\u00f3nias oficiais realizaram-se no memorial de Yad Vashem, em Jerusal\u00e9m, com a presen\u00e7a do presidente Isaac Herzog e do primeiro-ministro Benjamin Netanyahu, incluindo deposi\u00e7\u00e3o de coroas, leitura de nomes e testemunhos de familiares de sobreviventes. O dia \u00e9 dedicado \u00e0 mem\u00f3ria dos seis milh\u00f5es de judeus assassinados durante a Segunda Guerra Mundial. Na v\u00e9spera, a Universidade de Telavive indicou que, em 2025, houve vinte mortes em ataques antissemitas no mundo, o n\u00famero mais elevado em mais de trinta anos. Investigadores alertam para o aumento do antissemitismo a n\u00edvel global, refor\u00e7ando o apelo \u00e0 vigil\u00e2ncia, \u00e0 educa\u00e7\u00e3o e \u00e0 prote\u00e7\u00e3o das comunidades judaicas.","og_url":"https:\/\/portaltela.pt\/noticias\/2026\/04\/14\/israel-sirenes-pararam-o-pais-no-dia-do-holocausto-antisemitismo-em-alta\/","og_site_name":"Portal Tela Portugal","article_published_time":"2026-04-14T09:47:23+00:00","author":"Telinha","twitter_card":"summary_large_image","twitter_misc":{"Escrito por":"Telinha","Tempo estimado de leitura":"1 minuto"},"schema":{"@context":"https:\/\/schema.org","@graph":[{"@type":"Article","@id":"https:\/\/portaltela.pt\/noticias\/2026\/04\/14\/israel-sirenes-pararam-o-pais-no-dia-do-holocausto-antisemitismo-em-alta\/#article","isPartOf":{"@id":"https:\/\/portaltela.pt\/noticias\/2026\/04\/14\/israel-sirenes-pararam-o-pais-no-dia-do-holocausto-antisemitismo-em-alta\/"},"author":{"name":"Telinha","@id":"https:\/\/portaltela.pt\/#\/schema\/person\/c4278d4a6028830caff9ee44b42d32ed"},"headline":"Israel: sirenes pararam o pa\u00eds no Dia do Holocausto, antisemitismo em alta","datePublished":"2026-04-14T09:47:23+00:00","mainEntityOfPage":{"@id":"https:\/\/portaltela.pt\/noticias\/2026\/04\/14\/israel-sirenes-pararam-o-pais-no-dia-do-holocausto-antisemitismo-em-alta\/"},"wordCount":197,"image":{"@id":"https:\/\/portaltela.pt\/noticias\/2026\/04\/14\/israel-sirenes-pararam-o-pais-no-dia-do-holocausto-antisemitismo-em-alta\/#primaryimage"},"thumbnailUrl":"https:\/\/portaltela.pt\/s.01k8rhncp4jt1\/2026\/04\/1536x864_cmsv2_24090b1c-a31c-583b-9d16-dfd7cd2faaa9-9721189.jpg","keywords":["antissemitismo","hist\u00f3ria","internacionais","Israel","rela\u00e7\u00f5es internacionais","seguran\u00e7a p\u00fablica"],"articleSection":["Internacionais"],"inLanguage":"pt-PT"},{"@type":"WebPage","@id":"https:\/\/portaltela.pt\/noticias\/2026\/04\/14\/israel-sirenes-pararam-o-pais-no-dia-do-holocausto-antisemitismo-em-alta\/","url":"https:\/\/portaltela.pt\/noticias\/2026\/04\/14\/israel-sirenes-pararam-o-pais-no-dia-do-holocausto-antisemitismo-em-alta\/","name":"Israel: sirenes pararam o pa\u00eds no Dia do Holocausto, antisemitismo em alta - Portal Tela Portugal","isPartOf":{"@id":"https:\/\/portaltela.pt\/#website"},"primaryImageOfPage":{"@id":"https:\/\/portaltela.pt\/noticias\/2026\/04\/14\/israel-sirenes-pararam-o-pais-no-dia-do-holocausto-antisemitismo-em-alta\/#primaryimage"},"image":{"@id":"https:\/\/portaltela.pt\/noticias\/2026\/04\/14\/israel-sirenes-pararam-o-pais-no-dia-do-holocausto-antisemitismo-em-alta\/#primaryimage"},"thumbnailUrl":"https:\/\/portaltela.pt\/s.01k8rhncp4jt1\/2026\/04\/1536x864_cmsv2_24090b1c-a31c-583b-9d16-dfd7cd2faaa9-9721189.jpg","datePublished":"2026-04-14T09:47:23+00:00","author":{"@id":"https:\/\/portaltela.pt\/#\/schema\/person\/c4278d4a6028830caff9ee44b42d32ed"},"breadcrumb":{"@id":"https:\/\/portaltela.pt\/noticias\/2026\/04\/14\/israel-sirenes-pararam-o-pais-no-dia-do-holocausto-antisemitismo-em-alta\/#breadcrumb"},"inLanguage":"pt-PT","potentialAction":[{"@type":"ReadAction","target":["https:\/\/portaltela.pt\/noticias\/2026\/04\/14\/israel-sirenes-pararam-o-pais-no-dia-do-holocausto-antisemitismo-em-alta\/"]}]},{"@type":"ImageObject","inLanguage":"pt-PT","@id":"https:\/\/portaltela.pt\/noticias\/2026\/04\/14\/israel-sirenes-pararam-o-pais-no-dia-do-holocausto-antisemitismo-em-alta\/#primaryimage","url":"https:\/\/portaltela.pt\/s.01k8rhncp4jt1\/2026\/04\/1536x864_cmsv2_24090b1c-a31c-583b-9d16-dfd7cd2faaa9-9721189.jpg","contentUrl":"https:\/\/portaltela.pt\/s.01k8rhncp4jt1\/2026\/04\/1536x864_cmsv2_24090b1c-a31c-583b-9d16-dfd7cd2faaa9-9721189.jpg","width":796,"height":448,"caption":"Primeiro-ministro israelita Benjamin Netanyahu deposita coroa de flores numa cerim\u00f3nia que assinala o Dia anual da Mem\u00f3ria do Holocausto"},{"@type":"BreadcrumbList","@id":"https:\/\/portaltela.pt\/noticias\/2026\/04\/14\/israel-sirenes-pararam-o-pais-no-dia-do-holocausto-antisemitismo-em-alta\/#breadcrumb","itemListElement":[{"@type":"ListItem","position":1,"name":"In\u00edcio","item":"https:\/\/portaltela.pt\/"},{"@type":"ListItem","position":2,"name":"Israel: sirenes pararam o pa\u00eds no Dia do Holocausto, antisemitismo em alta"}]},{"@type":"WebSite","@id":"https:\/\/portaltela.pt\/#website","url":"https:\/\/portaltela.pt\/","name":"Portal Tela Portugal","description":"","potentialAction":[{"@type":"SearchAction","target":{"@type":"EntryPoint","urlTemplate":"https:\/\/portaltela.pt\/?s={search_term_string}"},"query-input":{"@type":"PropertyValueSpecification","valueRequired":true,"valueName":"search_term_string"}}],"inLanguage":"pt-PT"},{"@type":"Person","@id":"https:\/\/portaltela.pt\/#\/schema\/person\/c4278d4a6028830caff9ee44b42d32ed","name":"Telinha","image":{"@type":"ImageObject","inLanguage":"pt-PT","@id":"https:\/\/portaltela.pt\/s.01k8rhncp4jt1\/2025\/11\/talking-bot-125x125.png","url":"https:\/\/portaltela.pt\/s.01k8rhncp4jt1\/2025\/11\/talking-bot-125x125.png","contentUrl":"https:\/\/portaltela.pt\/s.01k8rhncp4jt1\/2025\/11\/talking-bot-125x125.png","caption":"Telinha"},"sameAs":["https:\/\/portaltela.pt\/"],"url":"https:\/\/portaltela.pt\/por\/367410592786\/"}]}},"_links":{"self":[{"href":"https:\/\/portaltela.pt\/api\/wp\/v2\/posts\/443403","targetHints":{"allow":["GET"]}}],"collection":[{"href":"https:\/\/portaltela.pt\/api\/wp\/v2\/posts"}],"about":[{"href":"https:\/\/portaltela.pt\/api\/wp\/v2\/types\/post"}],"author":[{"embeddable":true,"href":"https:\/\/portaltela.pt\/api\/wp\/v2\/users\/2"}],"replies":[{"embeddable":true,"href":"https:\/\/portaltela.pt\/api\/wp\/v2\/comments?post=443403"}],"version-history":[{"count":0,"href":"https:\/\/portaltela.pt\/api\/wp\/v2\/posts\/443403\/revisions"}],"wp:featuredmedia":[{"embeddable":true,"href":"https:\/\/portaltela.pt\/api\/wp\/v2\/media\/443405"}],"wp:attachment":[{"href":"https:\/\/portaltela.pt\/api\/wp\/v2\/media?parent=443403"}],"wp:term":[{"taxonomy":"category","embeddable":true,"href":"https:\/\/portaltela.pt\/api\/wp\/v2\/categories?post=443403"},{"taxonomy":"post_tag","embeddable":true,"href":"https:\/\/portaltela.pt\/api\/wp\/v2\/tags?post=443403"}],"curies":[{"name":"wp","href":"https:\/\/api.w.org\/{rel}","templated":true}]}}