{"id":443364,"date":"2026-04-14T06:17:12","date_gmt":"2026-04-14T09:17:12","guid":{"rendered":"https:\/\/portaltela.pt\/noticias\/2026\/04\/14\/relato-descreve-como-a-pornografia-drenou-fisicamente-e-mentalmente\/"},"modified":"2026-04-14T06:17:12","modified_gmt":"2026-04-14T09:17:12","slug":"relato-descreve-como-a-pornografia-drenou-fisicamente-e-mentalmente","status":"publish","type":"post","link":"https:\/\/portaltela.pt\/saude\/2026\/04\/14\/relato-descreve-como-a-pornografia-drenou-fisicamente-e-mentalmente\/","title":{"rendered":"Relato descreve como a pornografia drenou fisicamente e mentalmente"},"content":{"rendered":"<p>A pornografia est\u00e1 a afetar cada vez mais jovens, aponta o debate entre psic\u00f3logos e associa\u00e7\u00f5es. Embora n\u00e3o reconhecida formalmente como depend\u00eancia, a procura de ajuda tem aumentado e a exposi\u00e7\u00e3o de crian\u00e7as \u00e9 cada vez maior. Especialistas destacam a necessidade de resposta educativa e cl\u00ednica.<\/p>\n<p>Frederico, que prefere manter o anonimato, come\u00e7ou a usar pornografia aos 12 anos. Inicialmente espor\u00e1dico, tornou-se parte da rotina at\u00e9 somar largas horas di\u00e1rias. Hoje tem 29 anos e conta que s\u00f3 mais tarde reconheceu que o consumo passava a ser obsessivo.<\/p>\n<p>Jo\u00e3o come\u00e7ou aos 10, com uma pr\u00e1tica r\u00e1pida de curiosidade que evoluiu para um h\u00e1bito mais estruturado. Os epis\u00f3dios mais cr\u00edticos chegaram a alcan\u00e7ar v\u00e1rias horas de consumo seguidas, segundo relatos recolhidos pela reportagem.<\/p>\n<h3>Contexto e impactos<\/h3>\n<p>Especialistas explicam que a transi\u00e7\u00e3o para o consumo di\u00e1rio coincidia com dificuldades pessoais. A fam\u00edlia de Frederico enfrentou problemas financeiros, separa\u00e7\u00e3o dos pais e a m\u00e3e teve de emigrar quando ele ainda era menor de idade, o que agravou o contexto de vulnerabilidade.<\/p>\n<p>Aten\u00e7\u00e3o cl\u00ednica tem vindo a aumentar, com psic\u00f3logos a observar que crian\u00e7as e jovens ficam expostos a conte\u00fados cada vez mais cedo. O fen\u00f3meno \u00e9 acompanhado por pedidos de apoio que refletem preocupa\u00e7\u00f5es sobre sa\u00fade mental, autoestima e rela\u00e7\u00f5es interpessoais.<\/p>\n","protected":false},"excerpt":{"rendered":"<ul>\n<li>O tema aborda o consumo compulsivo de pornografia entre menores, com Frederico a come\u00e7ar aos 12 anos e Jo\u00e3o aos 10.<\/li>\n<li>Frederico descreve um in\u00edcio espor\u00e1dico que evoluiu para ver pornografia todos os dias, chegando a seis horas di\u00e1rias, e depois oito horas em fases cr\u00edticas.<\/li>\n<li>O consumo \u00e9 visto como obsessivo, embora n\u00e3o haja reconhecimento formal de depend\u00eancia; psic\u00f3logos e associa\u00e7\u00f5es confirmam aumento de pedidos de ajuda e maior exposi\u00e7\u00e3o de crian\u00e7as.<\/li>\n<li>Frederico, hoje com 29 anos, relata que o consumo come\u00e7ou por curiosidade e pela facilidade de alcan\u00e7ar o orgasmo, antes de tornar-se um h\u00e1bito.<\/li>\n<li>A trajet\u00f3ria coincide com uma inf\u00e2ncia e adolesc\u00eancia marcadas por dificuldades financeiras, separa\u00e7\u00e3o dos pais e emigrac\u0327\u00e3o da m\u00e3e antes de completar 18 anos.<\/li>\n<\/ul>\n","protected":false},"author":2,"featured_media":443368,"comment_status":"closed","ping_status":"closed","sticky":false,"template":"","format":"standard","meta":{"footnotes":""},"categories":[1,6745],"tags":[7683,3953,2844,1432,2249,172],"class_list":["post-443364","post","type-post","status-publish","format-standard","has-post-thumbnail","hentry","category-noticias","category-saude","tag-abuso-sexual","tag-criancas","tag-jovens","tag-pornografia-de-menores","tag-psicologia","tag-saude"],"yoast_head":"<!-- This site is optimized with the Yoast SEO plugin v27.2 - https:\/\/yoast.com\/product\/yoast-seo-wordpress\/ -->\n<title>Relato descreve como a pornografia drenou fisicamente e mentalmente - Portal Tela Portugal<\/title>\n<meta name=\"robots\" content=\"index, follow, max-snippet:-1, max-image-preview:large, max-video-preview:-1\" \/>\n<meta property=\"og:locale\" content=\"pt_PT\" \/>\n<meta property=\"og:type\" content=\"article\" \/>\n<meta property=\"og:title\" content=\"Relato descreve como a pornografia drenou fisicamente e mentalmente - Portal Tela Portugal\" \/>\n<meta property=\"og:description\" content=\"O tema aborda o consumo compulsivo de pornografia entre menores, com Frederico a come\u00e7ar aos 12 anos e Jo\u00e3o aos 10. Frederico descreve um in\u00edcio espor\u00e1dico que evoluiu para ver pornografia todos os dias, chegando a seis horas di\u00e1rias, e depois oito horas em fases cr\u00edticas. O consumo \u00e9 visto como obsessivo, embora n\u00e3o haja reconhecimento formal de depend\u00eancia; psic\u00f3logos e associa\u00e7\u00f5es confirmam aumento de pedidos de ajuda e maior exposi\u00e7\u00e3o de crian\u00e7as. Frederico, hoje com 29 anos, relata que o consumo come\u00e7ou por curiosidade e pela facilidade de alcan\u00e7ar o orgasmo, antes de tornar-se um h\u00e1bito. A trajet\u00f3ria coincide com uma inf\u00e2ncia e adolesc\u00eancia marcadas por dificuldades financeiras, separa\u00e7\u00e3o dos pais e emigrac\u0327\u00e3o da m\u00e3e antes de completar 18 anos.\" \/>\n<meta property=\"og:url\" content=\"https:\/\/portaltela.pt\/noticias\/2026\/04\/14\/relato-descreve-como-a-pornografia-drenou-fisicamente-e-mentalmente\/\" \/>\n<meta property=\"og:site_name\" content=\"Portal Tela Portugal\" \/>\n<meta property=\"article:published_time\" content=\"2026-04-14T09:17:12+00:00\" \/>\n<meta name=\"author\" content=\"Telinha\" \/>\n<meta name=\"twitter:card\" content=\"summary_large_image\" \/>\n<meta name=\"twitter:label1\" content=\"Escrito por\" \/>\n\t<meta name=\"twitter:data1\" content=\"Telinha\" \/>\n\t<meta name=\"twitter:label2\" content=\"Tempo estimado de leitura\" \/>\n\t<meta name=\"twitter:data2\" content=\"1 minuto\" \/>\n<script type=\"application\/ld+json\" class=\"yoast-schema-graph\">{\"@context\":\"https:\/\/schema.org\",\"@graph\":[{\"@type\":\"Article\",\"@id\":\"https:\/\/portaltela.pt\/noticias\/2026\/04\/14\/relato-descreve-como-a-pornografia-drenou-fisicamente-e-mentalmente\/#article\",\"isPartOf\":{\"@id\":\"https:\/\/portaltela.pt\/noticias\/2026\/04\/14\/relato-descreve-como-a-pornografia-drenou-fisicamente-e-mentalmente\/\"},\"author\":{\"name\":\"Telinha\",\"@id\":\"https:\/\/portaltela.pt\/#\/schema\/person\/c4278d4a6028830caff9ee44b42d32ed\"},\"headline\":\"Relato descreve como a pornografia drenou fisicamente e mentalmente\",\"datePublished\":\"2026-04-14T09:17:12+00:00\",\"mainEntityOfPage\":{\"@id\":\"https:\/\/portaltela.pt\/noticias\/2026\/04\/14\/relato-descreve-como-a-pornografia-drenou-fisicamente-e-mentalmente\/\"},\"wordCount\":245,\"image\":{\"@id\":\"https:\/\/portaltela.pt\/noticias\/2026\/04\/14\/relato-descreve-como-a-pornografia-drenou-fisicamente-e-mentalmente\/#primaryimage\"},\"thumbnailUrl\":\"https:\/\/portaltela.pt\/s.01k8rhncp4jt1\/2026\/04\/image-832.jpg\",\"keywords\":[\"abuso sexual\",\"crian\u00e7as\",\"jovens\",\"pornografia de menores\",\"psicologia\",\"sa\u00fade\"],\"articleSection\":[\"Not\u00edcias\",\"Sa\u00fade\"],\"inLanguage\":\"pt-PT\"},{\"@type\":\"WebPage\",\"@id\":\"https:\/\/portaltela.pt\/noticias\/2026\/04\/14\/relato-descreve-como-a-pornografia-drenou-fisicamente-e-mentalmente\/\",\"url\":\"https:\/\/portaltela.pt\/noticias\/2026\/04\/14\/relato-descreve-como-a-pornografia-drenou-fisicamente-e-mentalmente\/\",\"name\":\"Relato descreve como a pornografia drenou fisicamente e mentalmente - Portal Tela Portugal\",\"isPartOf\":{\"@id\":\"https:\/\/portaltela.pt\/#website\"},\"primaryImageOfPage\":{\"@id\":\"https:\/\/portaltela.pt\/noticias\/2026\/04\/14\/relato-descreve-como-a-pornografia-drenou-fisicamente-e-mentalmente\/#primaryimage\"},\"image\":{\"@id\":\"https:\/\/portaltela.pt\/noticias\/2026\/04\/14\/relato-descreve-como-a-pornografia-drenou-fisicamente-e-mentalmente\/#primaryimage\"},\"thumbnailUrl\":\"https:\/\/portaltela.pt\/s.01k8rhncp4jt1\/2026\/04\/image-832.jpg\",\"datePublished\":\"2026-04-14T09:17:12+00:00\",\"author\":{\"@id\":\"https:\/\/portaltela.pt\/#\/schema\/person\/c4278d4a6028830caff9ee44b42d32ed\"},\"breadcrumb\":{\"@id\":\"https:\/\/portaltela.pt\/noticias\/2026\/04\/14\/relato-descreve-como-a-pornografia-drenou-fisicamente-e-mentalmente\/#breadcrumb\"},\"inLanguage\":\"pt-PT\",\"potentialAction\":[{\"@type\":\"ReadAction\",\"target\":[\"https:\/\/portaltela.pt\/noticias\/2026\/04\/14\/relato-descreve-como-a-pornografia-drenou-fisicamente-e-mentalmente\/\"]}]},{\"@type\":\"ImageObject\",\"inLanguage\":\"pt-PT\",\"@id\":\"https:\/\/portaltela.pt\/noticias\/2026\/04\/14\/relato-descreve-como-a-pornografia-drenou-fisicamente-e-mentalmente\/#primaryimage\",\"url\":\"https:\/\/portaltela.pt\/s.01k8rhncp4jt1\/2026\/04\/image-832.jpg\",\"contentUrl\":\"https:\/\/portaltela.pt\/s.01k8rhncp4jt1\/2026\/04\/image-832.jpg\",\"width\":796,\"height\":448,\"caption\":\"Frederico era viciado em pornografia. Os psic\u00f3logos alertam para o aumento dos casos\"},{\"@type\":\"BreadcrumbList\",\"@id\":\"https:\/\/portaltela.pt\/noticias\/2026\/04\/14\/relato-descreve-como-a-pornografia-drenou-fisicamente-e-mentalmente\/#breadcrumb\",\"itemListElement\":[{\"@type\":\"ListItem\",\"position\":1,\"name\":\"In\u00edcio\",\"item\":\"https:\/\/portaltela.pt\/\"},{\"@type\":\"ListItem\",\"position\":2,\"name\":\"Relato descreve como a pornografia drenou fisicamente e mentalmente\"}]},{\"@type\":\"WebSite\",\"@id\":\"https:\/\/portaltela.pt\/#website\",\"url\":\"https:\/\/portaltela.pt\/\",\"name\":\"Portal Tela Portugal\",\"description\":\"\",\"potentialAction\":[{\"@type\":\"SearchAction\",\"target\":{\"@type\":\"EntryPoint\",\"urlTemplate\":\"https:\/\/portaltela.pt\/?s={search_term_string}\"},\"query-input\":{\"@type\":\"PropertyValueSpecification\",\"valueRequired\":true,\"valueName\":\"search_term_string\"}}],\"inLanguage\":\"pt-PT\"},{\"@type\":\"Person\",\"@id\":\"https:\/\/portaltela.pt\/#\/schema\/person\/c4278d4a6028830caff9ee44b42d32ed\",\"name\":\"Telinha\",\"image\":{\"@type\":\"ImageObject\",\"inLanguage\":\"pt-PT\",\"@id\":\"https:\/\/portaltela.pt\/s.01k8rhncp4jt1\/2025\/11\/talking-bot-125x125.png\",\"url\":\"https:\/\/portaltela.pt\/s.01k8rhncp4jt1\/2025\/11\/talking-bot-125x125.png\",\"contentUrl\":\"https:\/\/portaltela.pt\/s.01k8rhncp4jt1\/2025\/11\/talking-bot-125x125.png\",\"caption\":\"Telinha\"},\"sameAs\":[\"https:\/\/portaltela.pt\/\"],\"url\":\"https:\/\/portaltela.pt\/por\/367410592786\/\"}]}<\/script>\n<!-- \/ Yoast SEO plugin. -->","yoast_head_json":{"title":"Relato descreve como a pornografia drenou fisicamente e mentalmente - Portal Tela Portugal","robots":{"index":"index","follow":"follow","max-snippet":"max-snippet:-1","max-image-preview":"max-image-preview:large","max-video-preview":"max-video-preview:-1"},"og_locale":"pt_PT","og_type":"article","og_title":"Relato descreve como a pornografia drenou fisicamente e mentalmente - Portal Tela Portugal","og_description":"O tema aborda o consumo compulsivo de pornografia entre menores, com Frederico a come\u00e7ar aos 12 anos e Jo\u00e3o aos 10. Frederico descreve um in\u00edcio espor\u00e1dico que evoluiu para ver pornografia todos os dias, chegando a seis horas di\u00e1rias, e depois oito horas em fases cr\u00edticas. O consumo \u00e9 visto como obsessivo, embora n\u00e3o haja reconhecimento formal de depend\u00eancia; psic\u00f3logos e associa\u00e7\u00f5es confirmam aumento de pedidos de ajuda e maior exposi\u00e7\u00e3o de crian\u00e7as. Frederico, hoje com 29 anos, relata que o consumo come\u00e7ou por curiosidade e pela facilidade de alcan\u00e7ar o orgasmo, antes de tornar-se um h\u00e1bito. A trajet\u00f3ria coincide com uma inf\u00e2ncia e adolesc\u00eancia marcadas por dificuldades financeiras, separa\u00e7\u00e3o dos pais e emigrac\u0327\u00e3o da m\u00e3e antes de completar 18 anos.","og_url":"https:\/\/portaltela.pt\/noticias\/2026\/04\/14\/relato-descreve-como-a-pornografia-drenou-fisicamente-e-mentalmente\/","og_site_name":"Portal Tela Portugal","article_published_time":"2026-04-14T09:17:12+00:00","author":"Telinha","twitter_card":"summary_large_image","twitter_misc":{"Escrito por":"Telinha","Tempo estimado de leitura":"1 minuto"},"schema":{"@context":"https:\/\/schema.org","@graph":[{"@type":"Article","@id":"https:\/\/portaltela.pt\/noticias\/2026\/04\/14\/relato-descreve-como-a-pornografia-drenou-fisicamente-e-mentalmente\/#article","isPartOf":{"@id":"https:\/\/portaltela.pt\/noticias\/2026\/04\/14\/relato-descreve-como-a-pornografia-drenou-fisicamente-e-mentalmente\/"},"author":{"name":"Telinha","@id":"https:\/\/portaltela.pt\/#\/schema\/person\/c4278d4a6028830caff9ee44b42d32ed"},"headline":"Relato descreve como a pornografia drenou fisicamente e mentalmente","datePublished":"2026-04-14T09:17:12+00:00","mainEntityOfPage":{"@id":"https:\/\/portaltela.pt\/noticias\/2026\/04\/14\/relato-descreve-como-a-pornografia-drenou-fisicamente-e-mentalmente\/"},"wordCount":245,"image":{"@id":"https:\/\/portaltela.pt\/noticias\/2026\/04\/14\/relato-descreve-como-a-pornografia-drenou-fisicamente-e-mentalmente\/#primaryimage"},"thumbnailUrl":"https:\/\/portaltela.pt\/s.01k8rhncp4jt1\/2026\/04\/image-832.jpg","keywords":["abuso sexual","crian\u00e7as","jovens","pornografia de menores","psicologia","sa\u00fade"],"articleSection":["Not\u00edcias","Sa\u00fade"],"inLanguage":"pt-PT"},{"@type":"WebPage","@id":"https:\/\/portaltela.pt\/noticias\/2026\/04\/14\/relato-descreve-como-a-pornografia-drenou-fisicamente-e-mentalmente\/","url":"https:\/\/portaltela.pt\/noticias\/2026\/04\/14\/relato-descreve-como-a-pornografia-drenou-fisicamente-e-mentalmente\/","name":"Relato descreve como a pornografia drenou fisicamente e mentalmente - Portal Tela Portugal","isPartOf":{"@id":"https:\/\/portaltela.pt\/#website"},"primaryImageOfPage":{"@id":"https:\/\/portaltela.pt\/noticias\/2026\/04\/14\/relato-descreve-como-a-pornografia-drenou-fisicamente-e-mentalmente\/#primaryimage"},"image":{"@id":"https:\/\/portaltela.pt\/noticias\/2026\/04\/14\/relato-descreve-como-a-pornografia-drenou-fisicamente-e-mentalmente\/#primaryimage"},"thumbnailUrl":"https:\/\/portaltela.pt\/s.01k8rhncp4jt1\/2026\/04\/image-832.jpg","datePublished":"2026-04-14T09:17:12+00:00","author":{"@id":"https:\/\/portaltela.pt\/#\/schema\/person\/c4278d4a6028830caff9ee44b42d32ed"},"breadcrumb":{"@id":"https:\/\/portaltela.pt\/noticias\/2026\/04\/14\/relato-descreve-como-a-pornografia-drenou-fisicamente-e-mentalmente\/#breadcrumb"},"inLanguage":"pt-PT","potentialAction":[{"@type":"ReadAction","target":["https:\/\/portaltela.pt\/noticias\/2026\/04\/14\/relato-descreve-como-a-pornografia-drenou-fisicamente-e-mentalmente\/"]}]},{"@type":"ImageObject","inLanguage":"pt-PT","@id":"https:\/\/portaltela.pt\/noticias\/2026\/04\/14\/relato-descreve-como-a-pornografia-drenou-fisicamente-e-mentalmente\/#primaryimage","url":"https:\/\/portaltela.pt\/s.01k8rhncp4jt1\/2026\/04\/image-832.jpg","contentUrl":"https:\/\/portaltela.pt\/s.01k8rhncp4jt1\/2026\/04\/image-832.jpg","width":796,"height":448,"caption":"Frederico era viciado em pornografia. Os psic\u00f3logos alertam para o aumento dos casos"},{"@type":"BreadcrumbList","@id":"https:\/\/portaltela.pt\/noticias\/2026\/04\/14\/relato-descreve-como-a-pornografia-drenou-fisicamente-e-mentalmente\/#breadcrumb","itemListElement":[{"@type":"ListItem","position":1,"name":"In\u00edcio","item":"https:\/\/portaltela.pt\/"},{"@type":"ListItem","position":2,"name":"Relato descreve como a pornografia drenou fisicamente e mentalmente"}]},{"@type":"WebSite","@id":"https:\/\/portaltela.pt\/#website","url":"https:\/\/portaltela.pt\/","name":"Portal Tela Portugal","description":"","potentialAction":[{"@type":"SearchAction","target":{"@type":"EntryPoint","urlTemplate":"https:\/\/portaltela.pt\/?s={search_term_string}"},"query-input":{"@type":"PropertyValueSpecification","valueRequired":true,"valueName":"search_term_string"}}],"inLanguage":"pt-PT"},{"@type":"Person","@id":"https:\/\/portaltela.pt\/#\/schema\/person\/c4278d4a6028830caff9ee44b42d32ed","name":"Telinha","image":{"@type":"ImageObject","inLanguage":"pt-PT","@id":"https:\/\/portaltela.pt\/s.01k8rhncp4jt1\/2025\/11\/talking-bot-125x125.png","url":"https:\/\/portaltela.pt\/s.01k8rhncp4jt1\/2025\/11\/talking-bot-125x125.png","contentUrl":"https:\/\/portaltela.pt\/s.01k8rhncp4jt1\/2025\/11\/talking-bot-125x125.png","caption":"Telinha"},"sameAs":["https:\/\/portaltela.pt\/"],"url":"https:\/\/portaltela.pt\/por\/367410592786\/"}]}},"_links":{"self":[{"href":"https:\/\/portaltela.pt\/api\/wp\/v2\/posts\/443364","targetHints":{"allow":["GET"]}}],"collection":[{"href":"https:\/\/portaltela.pt\/api\/wp\/v2\/posts"}],"about":[{"href":"https:\/\/portaltela.pt\/api\/wp\/v2\/types\/post"}],"author":[{"embeddable":true,"href":"https:\/\/portaltela.pt\/api\/wp\/v2\/users\/2"}],"replies":[{"embeddable":true,"href":"https:\/\/portaltela.pt\/api\/wp\/v2\/comments?post=443364"}],"version-history":[{"count":0,"href":"https:\/\/portaltela.pt\/api\/wp\/v2\/posts\/443364\/revisions"}],"wp:featuredmedia":[{"embeddable":true,"href":"https:\/\/portaltela.pt\/api\/wp\/v2\/media\/443368"}],"wp:attachment":[{"href":"https:\/\/portaltela.pt\/api\/wp\/v2\/media?parent=443364"}],"wp:term":[{"taxonomy":"category","embeddable":true,"href":"https:\/\/portaltela.pt\/api\/wp\/v2\/categories?post=443364"},{"taxonomy":"post_tag","embeddable":true,"href":"https:\/\/portaltela.pt\/api\/wp\/v2\/tags?post=443364"}],"curies":[{"name":"wp","href":"https:\/\/api.w.org\/{rel}","templated":true}]}}