{"id":443348,"date":"2026-04-14T06:02:19","date_gmt":"2026-04-14T09:02:19","guid":{"rendered":"https:\/\/portaltela.pt\/noticias\/2026\/04\/14\/mia-couto-selecionado-para-coletanea-global-de-melhores-contos\/"},"modified":"2026-04-14T06:02:19","modified_gmt":"2026-04-14T09:02:19","slug":"mia-couto-selecionado-para-coletanea-global-de-melhores-contos","status":"publish","type":"post","link":"https:\/\/portaltela.pt\/noticias\/2026\/04\/14\/mia-couto-selecionado-para-coletanea-global-de-melhores-contos\/","title":{"rendered":"Mia Couto selecionado para colet\u00e2nea global de melhores contos"},"content":{"rendered":"<p>O escritor mo\u00e7ambicano Mia Couto foi escolhido para integrar a colet\u00e2nea global intitulada &#8220;melhor dos contos&#8221;. A decis\u00e3o foi anunciada recentemente pela editora respons\u00e1vel pela obra.<\/p>\n<p>O reconhecimento coloca Couto entre autores de v\u00e1rias nacionalidades que comp\u00f5em a antologia internacional de contos de maior renome.<\/p>\n<p>A colet\u00e2nea re\u00fane trabalhos premiados de diferentes regi\u00f5es, destacando qualidade liter\u00e1ria e diversidade de temas.<\/p>\n<p>Fontes oficiais n\u00e3o avan\u00e7aram uma data de publica\u00e7\u00e3o, mas confirmar\u00e3o detalhes sobre o lan\u00e7amento e a distribui\u00e7\u00e3o.<\/p>\n<p>Para a literatura mo\u00e7ambicana, a participa\u00e7\u00e3o de Couto representa uma visibilidade internacional que pode estimular novas leituras da obra do autor.<\/p>\n","protected":false},"excerpt":{"rendered":"<ul>\n<li>Mo\u00e7ambicano Mia Couto foi eleito para integrar a colet\u00e2nea global do \u201cmelhor dos contos\u201d.<\/li>\n<li>A colet\u00e2nea re\u00fane os melhores contos a n\u00edvel mundial.<\/li>\n<li>A informa\u00e7\u00e3o \u00e9 divulgada pela ag\u00eancia Lusa.<\/li>\n<\/ul>\n","protected":false},"author":2,"featured_media":443351,"comment_status":"closed","ping_status":"closed","sticky":false,"template":"","format":"standard","meta":{"footnotes":""},"categories":[7375,1],"tags":[4787,145,6654,81,106,1911],"class_list":["post-443348","post","type-post","status-publish","format-standard","has-post-thumbnail","hentry","category-cultura","category-noticias","tag-colaboracao-internacional","tag-cultura","tag-escritores","tag-internacionais","tag-literatura","tag-mocambique"],"yoast_head":"<!-- This site is optimized with the Yoast SEO plugin v27.2 - https:\/\/yoast.com\/product\/yoast-seo-wordpress\/ -->\n<title>Mia Couto selecionado para colet\u00e2nea global de melhores contos - Portal Tela Portugal<\/title>\n<meta name=\"robots\" content=\"index, follow, max-snippet:-1, max-image-preview:large, max-video-preview:-1\" \/>\n<meta property=\"og:locale\" content=\"pt_PT\" \/>\n<meta property=\"og:type\" content=\"article\" \/>\n<meta property=\"og:title\" content=\"Mia Couto selecionado para colet\u00e2nea global de melhores contos - Portal Tela Portugal\" \/>\n<meta property=\"og:description\" content=\"Mo\u00e7ambicano Mia Couto foi eleito para integrar a colet\u00e2nea global do \u201cmelhor dos contos\u201d. A colet\u00e2nea re\u00fane os melhores contos a n\u00edvel mundial. A informa\u00e7\u00e3o \u00e9 divulgada pela ag\u00eancia Lusa.\" \/>\n<meta property=\"og:url\" content=\"https:\/\/portaltela.pt\/noticias\/2026\/04\/14\/mia-couto-selecionado-para-coletanea-global-de-melhores-contos\/\" \/>\n<meta property=\"og:site_name\" content=\"Portal Tela Portugal\" \/>\n<meta property=\"article:published_time\" content=\"2026-04-14T09:02:19+00:00\" \/>\n<meta name=\"author\" content=\"Telinha\" \/>\n<meta name=\"twitter:card\" content=\"summary_large_image\" \/>\n<meta name=\"twitter:label1\" content=\"Escrito por\" \/>\n\t<meta name=\"twitter:data1\" content=\"Telinha\" \/>\n\t<meta name=\"twitter:label2\" content=\"Tempo estimado de leitura\" \/>\n\t<meta name=\"twitter:data2\" content=\"1 minuto\" \/>\n<script type=\"application\/ld+json\" class=\"yoast-schema-graph\">{\"@context\":\"https:\/\/schema.org\",\"@graph\":[{\"@type\":\"Article\",\"@id\":\"https:\/\/portaltela.pt\/noticias\/2026\/04\/14\/mia-couto-selecionado-para-coletanea-global-de-melhores-contos\/#article\",\"isPartOf\":{\"@id\":\"https:\/\/portaltela.pt\/noticias\/2026\/04\/14\/mia-couto-selecionado-para-coletanea-global-de-melhores-contos\/\"},\"author\":{\"name\":\"Telinha\",\"@id\":\"https:\/\/portaltela.pt\/#\/schema\/person\/c4278d4a6028830caff9ee44b42d32ed\"},\"headline\":\"Mia Couto selecionado para colet\u00e2nea global de melhores contos\",\"datePublished\":\"2026-04-14T09:02:19+00:00\",\"mainEntityOfPage\":{\"@id\":\"https:\/\/portaltela.pt\/noticias\/2026\/04\/14\/mia-couto-selecionado-para-coletanea-global-de-melhores-contos\/\"},\"wordCount\":126,\"image\":{\"@id\":\"https:\/\/portaltela.pt\/noticias\/2026\/04\/14\/mia-couto-selecionado-para-coletanea-global-de-melhores-contos\/#primaryimage\"},\"thumbnailUrl\":\"https:\/\/portaltela.pt\/s.01k8rhncp4jt1\/2026\/04\/CACHE_780X1200_ANALOG_WATERMARKED_27231898_1963517_11102019033257.jpg\",\"keywords\":[\"colabora\u00e7\u00e3o internacional\",\"cultura\",\"escritores\",\"internacionais\",\"literatura\",\"Mo\u00e7ambique\"],\"articleSection\":[\"Cultura\",\"Not\u00edcias\"],\"inLanguage\":\"pt-PT\"},{\"@type\":\"WebPage\",\"@id\":\"https:\/\/portaltela.pt\/noticias\/2026\/04\/14\/mia-couto-selecionado-para-coletanea-global-de-melhores-contos\/\",\"url\":\"https:\/\/portaltela.pt\/noticias\/2026\/04\/14\/mia-couto-selecionado-para-coletanea-global-de-melhores-contos\/\",\"name\":\"Mia Couto selecionado para colet\u00e2nea global de melhores contos - Portal Tela Portugal\",\"isPartOf\":{\"@id\":\"https:\/\/portaltela.pt\/#website\"},\"primaryImageOfPage\":{\"@id\":\"https:\/\/portaltela.pt\/noticias\/2026\/04\/14\/mia-couto-selecionado-para-coletanea-global-de-melhores-contos\/#primaryimage\"},\"image\":{\"@id\":\"https:\/\/portaltela.pt\/noticias\/2026\/04\/14\/mia-couto-selecionado-para-coletanea-global-de-melhores-contos\/#primaryimage\"},\"thumbnailUrl\":\"https:\/\/portaltela.pt\/s.01k8rhncp4jt1\/2026\/04\/CACHE_780X1200_ANALOG_WATERMARKED_27231898_1963517_11102019033257.jpg\",\"datePublished\":\"2026-04-14T09:02:19+00:00\",\"author\":{\"@id\":\"https:\/\/portaltela.pt\/#\/schema\/person\/c4278d4a6028830caff9ee44b42d32ed\"},\"breadcrumb\":{\"@id\":\"https:\/\/portaltela.pt\/noticias\/2026\/04\/14\/mia-couto-selecionado-para-coletanea-global-de-melhores-contos\/#breadcrumb\"},\"inLanguage\":\"pt-PT\",\"potentialAction\":[{\"@type\":\"ReadAction\",\"target\":[\"https:\/\/portaltela.pt\/noticias\/2026\/04\/14\/mia-couto-selecionado-para-coletanea-global-de-melhores-contos\/\"]}]},{\"@type\":\"ImageObject\",\"inLanguage\":\"pt-PT\",\"@id\":\"https:\/\/portaltela.pt\/noticias\/2026\/04\/14\/mia-couto-selecionado-para-coletanea-global-de-melhores-contos\/#primaryimage\",\"url\":\"https:\/\/portaltela.pt\/s.01k8rhncp4jt1\/2026\/04\/CACHE_780X1200_ANALOG_WATERMARKED_27231898_1963517_11102019033257.jpg\",\"contentUrl\":\"https:\/\/portaltela.pt\/s.01k8rhncp4jt1\/2026\/04\/CACHE_780X1200_ANALOG_WATERMARKED_27231898_1963517_11102019033257.jpg\",\"width\":796,\"height\":448,\"caption\":\"Mo\u00e7ambicano Mia Couto escolhido para colet\u00e2nea do \u201cmelhor dos contos\u201d a n\u00edvel global\"},{\"@type\":\"BreadcrumbList\",\"@id\":\"https:\/\/portaltela.pt\/noticias\/2026\/04\/14\/mia-couto-selecionado-para-coletanea-global-de-melhores-contos\/#breadcrumb\",\"itemListElement\":[{\"@type\":\"ListItem\",\"position\":1,\"name\":\"In\u00edcio\",\"item\":\"https:\/\/portaltela.pt\/\"},{\"@type\":\"ListItem\",\"position\":2,\"name\":\"Mia Couto selecionado para colet\u00e2nea global de melhores contos\"}]},{\"@type\":\"WebSite\",\"@id\":\"https:\/\/portaltela.pt\/#website\",\"url\":\"https:\/\/portaltela.pt\/\",\"name\":\"Portal Tela Portugal\",\"description\":\"\",\"potentialAction\":[{\"@type\":\"SearchAction\",\"target\":{\"@type\":\"EntryPoint\",\"urlTemplate\":\"https:\/\/portaltela.pt\/?s={search_term_string}\"},\"query-input\":{\"@type\":\"PropertyValueSpecification\",\"valueRequired\":true,\"valueName\":\"search_term_string\"}}],\"inLanguage\":\"pt-PT\"},{\"@type\":\"Person\",\"@id\":\"https:\/\/portaltela.pt\/#\/schema\/person\/c4278d4a6028830caff9ee44b42d32ed\",\"name\":\"Telinha\",\"image\":{\"@type\":\"ImageObject\",\"inLanguage\":\"pt-PT\",\"@id\":\"https:\/\/portaltela.pt\/s.01k8rhncp4jt1\/2025\/11\/talking-bot-125x125.png\",\"url\":\"https:\/\/portaltela.pt\/s.01k8rhncp4jt1\/2025\/11\/talking-bot-125x125.png\",\"contentUrl\":\"https:\/\/portaltela.pt\/s.01k8rhncp4jt1\/2025\/11\/talking-bot-125x125.png\",\"caption\":\"Telinha\"},\"sameAs\":[\"https:\/\/portaltela.pt\/\"],\"url\":\"https:\/\/portaltela.pt\/por\/367410592786\/\"}]}<\/script>\n<!-- \/ Yoast SEO plugin. -->","yoast_head_json":{"title":"Mia Couto selecionado para colet\u00e2nea global de melhores contos - Portal Tela Portugal","robots":{"index":"index","follow":"follow","max-snippet":"max-snippet:-1","max-image-preview":"max-image-preview:large","max-video-preview":"max-video-preview:-1"},"og_locale":"pt_PT","og_type":"article","og_title":"Mia Couto selecionado para colet\u00e2nea global de melhores contos - Portal Tela Portugal","og_description":"Mo\u00e7ambicano Mia Couto foi eleito para integrar a colet\u00e2nea global do \u201cmelhor dos contos\u201d. A colet\u00e2nea re\u00fane os melhores contos a n\u00edvel mundial. A informa\u00e7\u00e3o \u00e9 divulgada pela ag\u00eancia Lusa.","og_url":"https:\/\/portaltela.pt\/noticias\/2026\/04\/14\/mia-couto-selecionado-para-coletanea-global-de-melhores-contos\/","og_site_name":"Portal Tela Portugal","article_published_time":"2026-04-14T09:02:19+00:00","author":"Telinha","twitter_card":"summary_large_image","twitter_misc":{"Escrito por":"Telinha","Tempo estimado de leitura":"1 minuto"},"schema":{"@context":"https:\/\/schema.org","@graph":[{"@type":"Article","@id":"https:\/\/portaltela.pt\/noticias\/2026\/04\/14\/mia-couto-selecionado-para-coletanea-global-de-melhores-contos\/#article","isPartOf":{"@id":"https:\/\/portaltela.pt\/noticias\/2026\/04\/14\/mia-couto-selecionado-para-coletanea-global-de-melhores-contos\/"},"author":{"name":"Telinha","@id":"https:\/\/portaltela.pt\/#\/schema\/person\/c4278d4a6028830caff9ee44b42d32ed"},"headline":"Mia Couto selecionado para colet\u00e2nea global de melhores contos","datePublished":"2026-04-14T09:02:19+00:00","mainEntityOfPage":{"@id":"https:\/\/portaltela.pt\/noticias\/2026\/04\/14\/mia-couto-selecionado-para-coletanea-global-de-melhores-contos\/"},"wordCount":126,"image":{"@id":"https:\/\/portaltela.pt\/noticias\/2026\/04\/14\/mia-couto-selecionado-para-coletanea-global-de-melhores-contos\/#primaryimage"},"thumbnailUrl":"https:\/\/portaltela.pt\/s.01k8rhncp4jt1\/2026\/04\/CACHE_780X1200_ANALOG_WATERMARKED_27231898_1963517_11102019033257.jpg","keywords":["colabora\u00e7\u00e3o internacional","cultura","escritores","internacionais","literatura","Mo\u00e7ambique"],"articleSection":["Cultura","Not\u00edcias"],"inLanguage":"pt-PT"},{"@type":"WebPage","@id":"https:\/\/portaltela.pt\/noticias\/2026\/04\/14\/mia-couto-selecionado-para-coletanea-global-de-melhores-contos\/","url":"https:\/\/portaltela.pt\/noticias\/2026\/04\/14\/mia-couto-selecionado-para-coletanea-global-de-melhores-contos\/","name":"Mia Couto selecionado para colet\u00e2nea global de melhores contos - Portal Tela Portugal","isPartOf":{"@id":"https:\/\/portaltela.pt\/#website"},"primaryImageOfPage":{"@id":"https:\/\/portaltela.pt\/noticias\/2026\/04\/14\/mia-couto-selecionado-para-coletanea-global-de-melhores-contos\/#primaryimage"},"image":{"@id":"https:\/\/portaltela.pt\/noticias\/2026\/04\/14\/mia-couto-selecionado-para-coletanea-global-de-melhores-contos\/#primaryimage"},"thumbnailUrl":"https:\/\/portaltela.pt\/s.01k8rhncp4jt1\/2026\/04\/CACHE_780X1200_ANALOG_WATERMARKED_27231898_1963517_11102019033257.jpg","datePublished":"2026-04-14T09:02:19+00:00","author":{"@id":"https:\/\/portaltela.pt\/#\/schema\/person\/c4278d4a6028830caff9ee44b42d32ed"},"breadcrumb":{"@id":"https:\/\/portaltela.pt\/noticias\/2026\/04\/14\/mia-couto-selecionado-para-coletanea-global-de-melhores-contos\/#breadcrumb"},"inLanguage":"pt-PT","potentialAction":[{"@type":"ReadAction","target":["https:\/\/portaltela.pt\/noticias\/2026\/04\/14\/mia-couto-selecionado-para-coletanea-global-de-melhores-contos\/"]}]},{"@type":"ImageObject","inLanguage":"pt-PT","@id":"https:\/\/portaltela.pt\/noticias\/2026\/04\/14\/mia-couto-selecionado-para-coletanea-global-de-melhores-contos\/#primaryimage","url":"https:\/\/portaltela.pt\/s.01k8rhncp4jt1\/2026\/04\/CACHE_780X1200_ANALOG_WATERMARKED_27231898_1963517_11102019033257.jpg","contentUrl":"https:\/\/portaltela.pt\/s.01k8rhncp4jt1\/2026\/04\/CACHE_780X1200_ANALOG_WATERMARKED_27231898_1963517_11102019033257.jpg","width":796,"height":448,"caption":"Mo\u00e7ambicano Mia Couto escolhido para colet\u00e2nea do \u201cmelhor dos contos\u201d a n\u00edvel global"},{"@type":"BreadcrumbList","@id":"https:\/\/portaltela.pt\/noticias\/2026\/04\/14\/mia-couto-selecionado-para-coletanea-global-de-melhores-contos\/#breadcrumb","itemListElement":[{"@type":"ListItem","position":1,"name":"In\u00edcio","item":"https:\/\/portaltela.pt\/"},{"@type":"ListItem","position":2,"name":"Mia Couto selecionado para colet\u00e2nea global de melhores contos"}]},{"@type":"WebSite","@id":"https:\/\/portaltela.pt\/#website","url":"https:\/\/portaltela.pt\/","name":"Portal Tela Portugal","description":"","potentialAction":[{"@type":"SearchAction","target":{"@type":"EntryPoint","urlTemplate":"https:\/\/portaltela.pt\/?s={search_term_string}"},"query-input":{"@type":"PropertyValueSpecification","valueRequired":true,"valueName":"search_term_string"}}],"inLanguage":"pt-PT"},{"@type":"Person","@id":"https:\/\/portaltela.pt\/#\/schema\/person\/c4278d4a6028830caff9ee44b42d32ed","name":"Telinha","image":{"@type":"ImageObject","inLanguage":"pt-PT","@id":"https:\/\/portaltela.pt\/s.01k8rhncp4jt1\/2025\/11\/talking-bot-125x125.png","url":"https:\/\/portaltela.pt\/s.01k8rhncp4jt1\/2025\/11\/talking-bot-125x125.png","contentUrl":"https:\/\/portaltela.pt\/s.01k8rhncp4jt1\/2025\/11\/talking-bot-125x125.png","caption":"Telinha"},"sameAs":["https:\/\/portaltela.pt\/"],"url":"https:\/\/portaltela.pt\/por\/367410592786\/"}]}},"_links":{"self":[{"href":"https:\/\/portaltela.pt\/api\/wp\/v2\/posts\/443348","targetHints":{"allow":["GET"]}}],"collection":[{"href":"https:\/\/portaltela.pt\/api\/wp\/v2\/posts"}],"about":[{"href":"https:\/\/portaltela.pt\/api\/wp\/v2\/types\/post"}],"author":[{"embeddable":true,"href":"https:\/\/portaltela.pt\/api\/wp\/v2\/users\/2"}],"replies":[{"embeddable":true,"href":"https:\/\/portaltela.pt\/api\/wp\/v2\/comments?post=443348"}],"version-history":[{"count":0,"href":"https:\/\/portaltela.pt\/api\/wp\/v2\/posts\/443348\/revisions"}],"wp:featuredmedia":[{"embeddable":true,"href":"https:\/\/portaltela.pt\/api\/wp\/v2\/media\/443351"}],"wp:attachment":[{"href":"https:\/\/portaltela.pt\/api\/wp\/v2\/media?parent=443348"}],"wp:term":[{"taxonomy":"category","embeddable":true,"href":"https:\/\/portaltela.pt\/api\/wp\/v2\/categories?post=443348"},{"taxonomy":"post_tag","embeddable":true,"href":"https:\/\/portaltela.pt\/api\/wp\/v2\/tags?post=443348"}],"curies":[{"name":"wp","href":"https:\/\/api.w.org\/{rel}","templated":true}]}}