{"id":443311,"date":"2026-04-14T02:24:00","date_gmt":"2026-04-14T05:24:00","guid":{"rendered":"https:\/\/portaltela.pt\/noticias\/2026\/04\/14\/provas-ensaio-do-4-o-6-o-e-9-o-anos-arrancam-hoje-para-avaliacoes-digitais\/"},"modified":"2026-04-14T02:24:00","modified_gmt":"2026-04-14T05:24:00","slug":"provas-ensaio-do-4-o-6-o-e-9-o-anos-arrancam-hoje-para-avaliacoes-digitais","status":"publish","type":"post","link":"https:\/\/portaltela.pt\/noticias\/politica\/2026\/04\/14\/provas-ensaio-do-4-o-6-o-e-9-o-anos-arrancam-hoje-para-avaliacoes-digitais\/","title":{"rendered":"Provas-ensaio do 4.\u00ba, 6.\u00ba e 9.\u00ba anos arrancam hoje para avalia\u00e7\u00f5es digitais"},"content":{"rendered":"<p>Hoje arrancam as provas-ensaio para os 4.\u00ba, 6.\u00ba e 9.\u00ba anos, destinadas a preparar as avalia\u00e7\u00f5es digitais dos alunos. O objetivo \u00e9 familiarizar-se com o formato e com as plataformas de resposta.<\/p>\n<p>Os estudantes dessas turmas v\u00e3o realizar atividades semelhantes aos exames finais, com foco em formatos digitais, ferramentas de resposta e gest\u00e3o de tempo. As provas ajudam a identificar eventuais dificuldades t\u00e9cnicas antes das avalia\u00e7\u00f5es oficiais.<\/p>\n<p>As provas visam testar compet\u00eancias e adaptar-se \u00e0s plataformas online utilizadas pela escola, minimizando surpresas nas avalia\u00e7\u00f5es oficiais. O ensaio permite ajustar procedimentos e fluxos de trabalho dos alunos.<\/p>\n<p>Quem participa s\u00e3o os alunos dos referidos anos, sob supervis\u00e3o de docentes e t\u00e9cnicos da institui\u00e7\u00e3o. O turno e o hor\u00e1rio dependem do calend\u00e1rio escolar local.<\/p>\n<p>O calend\u00e1rio de hoje ainda n\u00e3o foi detalhado publicamente, mas os respons\u00e1veis indicam que os ensaios decorrem ao longo do dia. A organiza\u00e7\u00e3o refor\u00e7a que o objetivo \u00e9 obter dados para melhoria pedag\u00f3gica.<\/p>\n<h3>Conte\u00fado para subscritores<\/h3>\n<p>O conte\u00fado completo est\u00e1 dispon\u00edvel apenas para subscritores, segundo o an\u00fancio da institui\u00e7\u00e3o. A escola n\u00e3o revelou detalhes adicionais sobre o acesso ao material nem prazos.<\/p>\n","protected":false},"excerpt":{"rendered":"<ul>\n<li>As provas-ensaio dos quatro, seis e nove anos arrancam hoje para preparar as avalia\u00e7\u00f5es digitais.<\/li>\n<li>Destinam-se a alunos dessas s\u00e9ries e visam familiarizar os estudantes com o formato digital.<\/li>\n<li>O conte\u00fado completo das provas est\u00e1 dispon\u00edvel apenas para subscritores.<\/li>\n<li>O acesso \u00e9 feito mediante login\/entrada na plataforma para ver o material completo.<\/li>\n<\/ul>\n","protected":false},"author":2,"featured_media":443317,"comment_status":"closed","ping_status":"closed","sticky":false,"template":"","format":"standard","meta":{"footnotes":""},"categories":[1,5],"tags":[100,163,2443,92,97,153],"class_list":["post-443311","post","type-post","status-publish","format-standard","has-post-thumbnail","hentry","category-noticias","category-politica","tag-alunos","tag-educacao","tag-educacao-publica","tag-ensino","tag-professores","tag-tecnologia"],"yoast_head":"<!-- This site is optimized with the Yoast SEO plugin v27.2 - https:\/\/yoast.com\/product\/yoast-seo-wordpress\/ -->\n<title>Provas-ensaio do 4.\u00ba, 6.\u00ba e 9.\u00ba anos arrancam hoje para avalia\u00e7\u00f5es digitais - Portal Tela Portugal<\/title>\n<meta name=\"robots\" content=\"index, follow, max-snippet:-1, max-image-preview:large, max-video-preview:-1\" \/>\n<meta property=\"og:locale\" content=\"pt_PT\" \/>\n<meta property=\"og:type\" content=\"article\" \/>\n<meta property=\"og:title\" content=\"Provas-ensaio do 4.\u00ba, 6.\u00ba e 9.\u00ba anos arrancam hoje para avalia\u00e7\u00f5es digitais - Portal Tela Portugal\" \/>\n<meta property=\"og:description\" content=\"As provas-ensaio dos quatro, seis e nove anos arrancam hoje para preparar as avalia\u00e7\u00f5es digitais. Destinam-se a alunos dessas s\u00e9ries e visam familiarizar os estudantes com o formato digital. O conte\u00fado completo das provas est\u00e1 dispon\u00edvel apenas para subscritores. O acesso \u00e9 feito mediante login\/entrada na plataforma para ver o material completo.\" \/>\n<meta property=\"og:url\" content=\"https:\/\/portaltela.pt\/noticias\/2026\/04\/14\/provas-ensaio-do-4-o-6-o-e-9-o-anos-arrancam-hoje-para-avaliacoes-digitais\/\" \/>\n<meta property=\"og:site_name\" content=\"Portal Tela Portugal\" \/>\n<meta property=\"article:published_time\" content=\"2026-04-14T05:24:00+00:00\" \/>\n<meta name=\"author\" content=\"Telinha\" \/>\n<meta name=\"twitter:card\" content=\"summary_large_image\" \/>\n<meta name=\"twitter:label1\" content=\"Escrito por\" \/>\n\t<meta name=\"twitter:data1\" content=\"Telinha\" \/>\n\t<meta name=\"twitter:label2\" content=\"Tempo estimado de leitura\" \/>\n\t<meta name=\"twitter:data2\" content=\"1 minuto\" \/>\n<script type=\"application\/ld+json\" class=\"yoast-schema-graph\">{\"@context\":\"https:\/\/schema.org\",\"@graph\":[{\"@type\":\"Article\",\"@id\":\"https:\/\/portaltela.pt\/noticias\/2026\/04\/14\/provas-ensaio-do-4-o-6-o-e-9-o-anos-arrancam-hoje-para-avaliacoes-digitais\/#article\",\"isPartOf\":{\"@id\":\"https:\/\/portaltela.pt\/noticias\/2026\/04\/14\/provas-ensaio-do-4-o-6-o-e-9-o-anos-arrancam-hoje-para-avaliacoes-digitais\/\"},\"author\":{\"name\":\"Telinha\",\"@id\":\"https:\/\/portaltela.pt\/#\/schema\/person\/c4278d4a6028830caff9ee44b42d32ed\"},\"headline\":\"Provas-ensaio do 4.\u00ba, 6.\u00ba e 9.\u00ba anos arrancam hoje para avalia\u00e7\u00f5es digitais\",\"datePublished\":\"2026-04-14T05:24:00+00:00\",\"mainEntityOfPage\":{\"@id\":\"https:\/\/portaltela.pt\/noticias\/2026\/04\/14\/provas-ensaio-do-4-o-6-o-e-9-o-anos-arrancam-hoje-para-avaliacoes-digitais\/\"},\"wordCount\":214,\"image\":{\"@id\":\"https:\/\/portaltela.pt\/noticias\/2026\/04\/14\/provas-ensaio-do-4-o-6-o-e-9-o-anos-arrancam-hoje-para-avaliacoes-digitais\/#primaryimage\"},\"thumbnailUrl\":\"https:\/\/portaltela.pt\/s.01k8rhncp4jt1\/2026\/04\/CACHE_780X1200_ANALOG_WATERMARKED_44711596_3247813_03042025070624.jpg\",\"keywords\":[\"alunos\",\"educa\u00e7\u00e3o\",\"educa\u00e7\u00e3o p\u00fablica\",\"ensino\",\"professores\",\"tecnologia\"],\"articleSection\":[\"Not\u00edcias\",\"Pol\u00edtica\"],\"inLanguage\":\"pt-PT\"},{\"@type\":\"WebPage\",\"@id\":\"https:\/\/portaltela.pt\/noticias\/2026\/04\/14\/provas-ensaio-do-4-o-6-o-e-9-o-anos-arrancam-hoje-para-avaliacoes-digitais\/\",\"url\":\"https:\/\/portaltela.pt\/noticias\/2026\/04\/14\/provas-ensaio-do-4-o-6-o-e-9-o-anos-arrancam-hoje-para-avaliacoes-digitais\/\",\"name\":\"Provas-ensaio do 4.\u00ba, 6.\u00ba e 9.\u00ba anos arrancam hoje para avalia\u00e7\u00f5es digitais - Portal Tela Portugal\",\"isPartOf\":{\"@id\":\"https:\/\/portaltela.pt\/#website\"},\"primaryImageOfPage\":{\"@id\":\"https:\/\/portaltela.pt\/noticias\/2026\/04\/14\/provas-ensaio-do-4-o-6-o-e-9-o-anos-arrancam-hoje-para-avaliacoes-digitais\/#primaryimage\"},\"image\":{\"@id\":\"https:\/\/portaltela.pt\/noticias\/2026\/04\/14\/provas-ensaio-do-4-o-6-o-e-9-o-anos-arrancam-hoje-para-avaliacoes-digitais\/#primaryimage\"},\"thumbnailUrl\":\"https:\/\/portaltela.pt\/s.01k8rhncp4jt1\/2026\/04\/CACHE_780X1200_ANALOG_WATERMARKED_44711596_3247813_03042025070624.jpg\",\"datePublished\":\"2026-04-14T05:24:00+00:00\",\"author\":{\"@id\":\"https:\/\/portaltela.pt\/#\/schema\/person\/c4278d4a6028830caff9ee44b42d32ed\"},\"breadcrumb\":{\"@id\":\"https:\/\/portaltela.pt\/noticias\/2026\/04\/14\/provas-ensaio-do-4-o-6-o-e-9-o-anos-arrancam-hoje-para-avaliacoes-digitais\/#breadcrumb\"},\"inLanguage\":\"pt-PT\",\"potentialAction\":[{\"@type\":\"ReadAction\",\"target\":[\"https:\/\/portaltela.pt\/noticias\/2026\/04\/14\/provas-ensaio-do-4-o-6-o-e-9-o-anos-arrancam-hoje-para-avaliacoes-digitais\/\"]}]},{\"@type\":\"ImageObject\",\"inLanguage\":\"pt-PT\",\"@id\":\"https:\/\/portaltela.pt\/noticias\/2026\/04\/14\/provas-ensaio-do-4-o-6-o-e-9-o-anos-arrancam-hoje-para-avaliacoes-digitais\/#primaryimage\",\"url\":\"https:\/\/portaltela.pt\/s.01k8rhncp4jt1\/2026\/04\/CACHE_780X1200_ANALOG_WATERMARKED_44711596_3247813_03042025070624.jpg\",\"contentUrl\":\"https:\/\/portaltela.pt\/s.01k8rhncp4jt1\/2026\/04\/CACHE_780X1200_ANALOG_WATERMARKED_44711596_3247813_03042025070624.jpg\",\"width\":796,\"height\":448,\"caption\":\"Provas-ensaio dos 4.\u00ba, 6.\u00ba e 9.\u00ba anos come\u00e7am hoje para preparar avalia\u00e7\u00f5es digitais\"},{\"@type\":\"BreadcrumbList\",\"@id\":\"https:\/\/portaltela.pt\/noticias\/2026\/04\/14\/provas-ensaio-do-4-o-6-o-e-9-o-anos-arrancam-hoje-para-avaliacoes-digitais\/#breadcrumb\",\"itemListElement\":[{\"@type\":\"ListItem\",\"position\":1,\"name\":\"In\u00edcio\",\"item\":\"https:\/\/portaltela.pt\/\"},{\"@type\":\"ListItem\",\"position\":2,\"name\":\"Provas-ensaio do 4.\u00ba, 6.\u00ba e 9.\u00ba anos arrancam hoje para avalia\u00e7\u00f5es digitais\"}]},{\"@type\":\"WebSite\",\"@id\":\"https:\/\/portaltela.pt\/#website\",\"url\":\"https:\/\/portaltela.pt\/\",\"name\":\"Portal Tela Portugal\",\"description\":\"\",\"potentialAction\":[{\"@type\":\"SearchAction\",\"target\":{\"@type\":\"EntryPoint\",\"urlTemplate\":\"https:\/\/portaltela.pt\/?s={search_term_string}\"},\"query-input\":{\"@type\":\"PropertyValueSpecification\",\"valueRequired\":true,\"valueName\":\"search_term_string\"}}],\"inLanguage\":\"pt-PT\"},{\"@type\":\"Person\",\"@id\":\"https:\/\/portaltela.pt\/#\/schema\/person\/c4278d4a6028830caff9ee44b42d32ed\",\"name\":\"Telinha\",\"image\":{\"@type\":\"ImageObject\",\"inLanguage\":\"pt-PT\",\"@id\":\"https:\/\/portaltela.pt\/s.01k8rhncp4jt1\/2025\/11\/talking-bot-125x125.png\",\"url\":\"https:\/\/portaltela.pt\/s.01k8rhncp4jt1\/2025\/11\/talking-bot-125x125.png\",\"contentUrl\":\"https:\/\/portaltela.pt\/s.01k8rhncp4jt1\/2025\/11\/talking-bot-125x125.png\",\"caption\":\"Telinha\"},\"sameAs\":[\"https:\/\/portaltela.pt\/\"],\"url\":\"https:\/\/portaltela.pt\/por\/367410592786\/\"}]}<\/script>\n<!-- \/ Yoast SEO plugin. -->","yoast_head_json":{"title":"Provas-ensaio do 4.\u00ba, 6.\u00ba e 9.\u00ba anos arrancam hoje para avalia\u00e7\u00f5es digitais - Portal Tela Portugal","robots":{"index":"index","follow":"follow","max-snippet":"max-snippet:-1","max-image-preview":"max-image-preview:large","max-video-preview":"max-video-preview:-1"},"og_locale":"pt_PT","og_type":"article","og_title":"Provas-ensaio do 4.\u00ba, 6.\u00ba e 9.\u00ba anos arrancam hoje para avalia\u00e7\u00f5es digitais - Portal Tela Portugal","og_description":"As provas-ensaio dos quatro, seis e nove anos arrancam hoje para preparar as avalia\u00e7\u00f5es digitais. Destinam-se a alunos dessas s\u00e9ries e visam familiarizar os estudantes com o formato digital. O conte\u00fado completo das provas est\u00e1 dispon\u00edvel apenas para subscritores. O acesso \u00e9 feito mediante login\/entrada na plataforma para ver o material completo.","og_url":"https:\/\/portaltela.pt\/noticias\/2026\/04\/14\/provas-ensaio-do-4-o-6-o-e-9-o-anos-arrancam-hoje-para-avaliacoes-digitais\/","og_site_name":"Portal Tela Portugal","article_published_time":"2026-04-14T05:24:00+00:00","author":"Telinha","twitter_card":"summary_large_image","twitter_misc":{"Escrito por":"Telinha","Tempo estimado de leitura":"1 minuto"},"schema":{"@context":"https:\/\/schema.org","@graph":[{"@type":"Article","@id":"https:\/\/portaltela.pt\/noticias\/2026\/04\/14\/provas-ensaio-do-4-o-6-o-e-9-o-anos-arrancam-hoje-para-avaliacoes-digitais\/#article","isPartOf":{"@id":"https:\/\/portaltela.pt\/noticias\/2026\/04\/14\/provas-ensaio-do-4-o-6-o-e-9-o-anos-arrancam-hoje-para-avaliacoes-digitais\/"},"author":{"name":"Telinha","@id":"https:\/\/portaltela.pt\/#\/schema\/person\/c4278d4a6028830caff9ee44b42d32ed"},"headline":"Provas-ensaio do 4.\u00ba, 6.\u00ba e 9.\u00ba anos arrancam hoje para avalia\u00e7\u00f5es digitais","datePublished":"2026-04-14T05:24:00+00:00","mainEntityOfPage":{"@id":"https:\/\/portaltela.pt\/noticias\/2026\/04\/14\/provas-ensaio-do-4-o-6-o-e-9-o-anos-arrancam-hoje-para-avaliacoes-digitais\/"},"wordCount":214,"image":{"@id":"https:\/\/portaltela.pt\/noticias\/2026\/04\/14\/provas-ensaio-do-4-o-6-o-e-9-o-anos-arrancam-hoje-para-avaliacoes-digitais\/#primaryimage"},"thumbnailUrl":"https:\/\/portaltela.pt\/s.01k8rhncp4jt1\/2026\/04\/CACHE_780X1200_ANALOG_WATERMARKED_44711596_3247813_03042025070624.jpg","keywords":["alunos","educa\u00e7\u00e3o","educa\u00e7\u00e3o p\u00fablica","ensino","professores","tecnologia"],"articleSection":["Not\u00edcias","Pol\u00edtica"],"inLanguage":"pt-PT"},{"@type":"WebPage","@id":"https:\/\/portaltela.pt\/noticias\/2026\/04\/14\/provas-ensaio-do-4-o-6-o-e-9-o-anos-arrancam-hoje-para-avaliacoes-digitais\/","url":"https:\/\/portaltela.pt\/noticias\/2026\/04\/14\/provas-ensaio-do-4-o-6-o-e-9-o-anos-arrancam-hoje-para-avaliacoes-digitais\/","name":"Provas-ensaio do 4.\u00ba, 6.\u00ba e 9.\u00ba anos arrancam hoje para avalia\u00e7\u00f5es digitais - Portal Tela Portugal","isPartOf":{"@id":"https:\/\/portaltela.pt\/#website"},"primaryImageOfPage":{"@id":"https:\/\/portaltela.pt\/noticias\/2026\/04\/14\/provas-ensaio-do-4-o-6-o-e-9-o-anos-arrancam-hoje-para-avaliacoes-digitais\/#primaryimage"},"image":{"@id":"https:\/\/portaltela.pt\/noticias\/2026\/04\/14\/provas-ensaio-do-4-o-6-o-e-9-o-anos-arrancam-hoje-para-avaliacoes-digitais\/#primaryimage"},"thumbnailUrl":"https:\/\/portaltela.pt\/s.01k8rhncp4jt1\/2026\/04\/CACHE_780X1200_ANALOG_WATERMARKED_44711596_3247813_03042025070624.jpg","datePublished":"2026-04-14T05:24:00+00:00","author":{"@id":"https:\/\/portaltela.pt\/#\/schema\/person\/c4278d4a6028830caff9ee44b42d32ed"},"breadcrumb":{"@id":"https:\/\/portaltela.pt\/noticias\/2026\/04\/14\/provas-ensaio-do-4-o-6-o-e-9-o-anos-arrancam-hoje-para-avaliacoes-digitais\/#breadcrumb"},"inLanguage":"pt-PT","potentialAction":[{"@type":"ReadAction","target":["https:\/\/portaltela.pt\/noticias\/2026\/04\/14\/provas-ensaio-do-4-o-6-o-e-9-o-anos-arrancam-hoje-para-avaliacoes-digitais\/"]}]},{"@type":"ImageObject","inLanguage":"pt-PT","@id":"https:\/\/portaltela.pt\/noticias\/2026\/04\/14\/provas-ensaio-do-4-o-6-o-e-9-o-anos-arrancam-hoje-para-avaliacoes-digitais\/#primaryimage","url":"https:\/\/portaltela.pt\/s.01k8rhncp4jt1\/2026\/04\/CACHE_780X1200_ANALOG_WATERMARKED_44711596_3247813_03042025070624.jpg","contentUrl":"https:\/\/portaltela.pt\/s.01k8rhncp4jt1\/2026\/04\/CACHE_780X1200_ANALOG_WATERMARKED_44711596_3247813_03042025070624.jpg","width":796,"height":448,"caption":"Provas-ensaio dos 4.\u00ba, 6.\u00ba e 9.\u00ba anos come\u00e7am hoje para preparar avalia\u00e7\u00f5es digitais"},{"@type":"BreadcrumbList","@id":"https:\/\/portaltela.pt\/noticias\/2026\/04\/14\/provas-ensaio-do-4-o-6-o-e-9-o-anos-arrancam-hoje-para-avaliacoes-digitais\/#breadcrumb","itemListElement":[{"@type":"ListItem","position":1,"name":"In\u00edcio","item":"https:\/\/portaltela.pt\/"},{"@type":"ListItem","position":2,"name":"Provas-ensaio do 4.\u00ba, 6.\u00ba e 9.\u00ba anos arrancam hoje para avalia\u00e7\u00f5es digitais"}]},{"@type":"WebSite","@id":"https:\/\/portaltela.pt\/#website","url":"https:\/\/portaltela.pt\/","name":"Portal Tela Portugal","description":"","potentialAction":[{"@type":"SearchAction","target":{"@type":"EntryPoint","urlTemplate":"https:\/\/portaltela.pt\/?s={search_term_string}"},"query-input":{"@type":"PropertyValueSpecification","valueRequired":true,"valueName":"search_term_string"}}],"inLanguage":"pt-PT"},{"@type":"Person","@id":"https:\/\/portaltela.pt\/#\/schema\/person\/c4278d4a6028830caff9ee44b42d32ed","name":"Telinha","image":{"@type":"ImageObject","inLanguage":"pt-PT","@id":"https:\/\/portaltela.pt\/s.01k8rhncp4jt1\/2025\/11\/talking-bot-125x125.png","url":"https:\/\/portaltela.pt\/s.01k8rhncp4jt1\/2025\/11\/talking-bot-125x125.png","contentUrl":"https:\/\/portaltela.pt\/s.01k8rhncp4jt1\/2025\/11\/talking-bot-125x125.png","caption":"Telinha"},"sameAs":["https:\/\/portaltela.pt\/"],"url":"https:\/\/portaltela.pt\/por\/367410592786\/"}]}},"_links":{"self":[{"href":"https:\/\/portaltela.pt\/api\/wp\/v2\/posts\/443311","targetHints":{"allow":["GET"]}}],"collection":[{"href":"https:\/\/portaltela.pt\/api\/wp\/v2\/posts"}],"about":[{"href":"https:\/\/portaltela.pt\/api\/wp\/v2\/types\/post"}],"author":[{"embeddable":true,"href":"https:\/\/portaltela.pt\/api\/wp\/v2\/users\/2"}],"replies":[{"embeddable":true,"href":"https:\/\/portaltela.pt\/api\/wp\/v2\/comments?post=443311"}],"version-history":[{"count":0,"href":"https:\/\/portaltela.pt\/api\/wp\/v2\/posts\/443311\/revisions"}],"wp:featuredmedia":[{"embeddable":true,"href":"https:\/\/portaltela.pt\/api\/wp\/v2\/media\/443317"}],"wp:attachment":[{"href":"https:\/\/portaltela.pt\/api\/wp\/v2\/media?parent=443311"}],"wp:term":[{"taxonomy":"category","embeddable":true,"href":"https:\/\/portaltela.pt\/api\/wp\/v2\/categories?post=443311"},{"taxonomy":"post_tag","embeddable":true,"href":"https:\/\/portaltela.pt\/api\/wp\/v2\/tags?post=443311"}],"curies":[{"name":"wp","href":"https:\/\/api.w.org\/{rel}","templated":true}]}}