{"id":443308,"date":"2026-04-14T05:31:58","date_gmt":"2026-04-14T08:31:58","guid":{"rendered":"https:\/\/portaltela.pt\/noticias\/2026\/04\/14\/mocambique-regista-150-casos-de-colera-na-ultima-semana-sem-obitos\/"},"modified":"2026-04-14T05:31:58","modified_gmt":"2026-04-14T08:31:58","slug":"mocambique-regista-150-casos-de-colera-na-ultima-semana-sem-obitos","status":"publish","type":"post","link":"https:\/\/portaltela.pt\/saude\/2026\/04\/14\/mocambique-regista-150-casos-de-colera-na-ultima-semana-sem-obitos\/","title":{"rendered":"Mo\u00e7ambique regista 150 casos de c\u00f3lera na \u00faltima semana, sem \u00f3bitos"},"content":{"rendered":"<p>Mo\u00e7ambique registou 150 casos de c\u00f3lera na \u00faltima semana, sem registo de \u00f3bitos. A informa\u00e7\u00e3o foi disponibilizada pelas autoridades de sa\u00fade do pa\u00eds. A situa\u00e7\u00e3o manteve-se est\u00e1vel em compara\u00e7\u00e3o com semanas anteriores.<\/p>\n<p>Segundo as autoridades, os casos concentram-se em v\u00e1rias regi\u00f5es, com a\u00e7\u00f5es de vigil\u00e2ncia epidemiol\u00f3gica e tratamento sendo refor\u00e7adas nos servi\u00e7os de sa\u00fade. N\u00e3o h\u00e1 confirma\u00e7\u00e3o de clusters espec\u00edficos no momento.<\/p>\n<p>A comunica\u00e7\u00e3o oficial indica que as autoridades continuam a monitorizar a evolu\u00e7\u00e3o da doen\u00e7a, manter a popula\u00e7\u00e3o informada e assegurar meios de resposta r\u00e1pida. A situa\u00e7\u00e3o permanece sob vigil\u00e2ncia constante.<\/p>\n","protected":false},"excerpt":{"rendered":"<ul>\n<li>Mo\u00e7ambique teve 150 casos de c\u00f3lera na \u00faltima semana.<\/li>\n<li>N\u00e3o houve registo de \u00f3bitos na mesma semana.<\/li>\n<li>A informa\u00e7\u00e3o \u00e9 referente a uma tend\u00eancia recente no pa\u00eds.<\/li>\n<li>O conte\u00fado completo da not\u00edcia est\u00e1 dispon\u00edvel apenas para subscritores.<\/li>\n<\/ul>\n","protected":false},"author":2,"featured_media":443313,"comment_status":"closed","ping_status":"closed","sticky":false,"template":"","format":"standard","meta":{"footnotes":""},"categories":[1,6745],"tags":[5227,61,4684,271],"class_list":["post-443308","post","type-post","status-publish","format-standard","has-post-thumbnail","hentry","category-noticias","category-saude","tag-africa","tag-doencas","tag-epidemiologia","tag-saude-publica"],"yoast_head":"<!-- This site is optimized with the Yoast SEO plugin v27.2 - https:\/\/yoast.com\/product\/yoast-seo-wordpress\/ -->\n<title>Mo\u00e7ambique regista 150 casos de c\u00f3lera na \u00faltima semana, sem \u00f3bitos - Portal Tela Portugal<\/title>\n<meta name=\"robots\" content=\"index, follow, max-snippet:-1, max-image-preview:large, max-video-preview:-1\" \/>\n<meta property=\"og:locale\" content=\"pt_PT\" \/>\n<meta property=\"og:type\" content=\"article\" \/>\n<meta property=\"og:title\" content=\"Mo\u00e7ambique regista 150 casos de c\u00f3lera na \u00faltima semana, sem \u00f3bitos - Portal Tela Portugal\" \/>\n<meta property=\"og:description\" content=\"Mo\u00e7ambique teve 150 casos de c\u00f3lera na \u00faltima semana. N\u00e3o houve registo de \u00f3bitos na mesma semana. A informa\u00e7\u00e3o \u00e9 referente a uma tend\u00eancia recente no pa\u00eds. O conte\u00fado completo da not\u00edcia est\u00e1 dispon\u00edvel apenas para subscritores.\" \/>\n<meta property=\"og:url\" content=\"https:\/\/portaltela.pt\/noticias\/2026\/04\/14\/mocambique-regista-150-casos-de-colera-na-ultima-semana-sem-obitos\/\" \/>\n<meta property=\"og:site_name\" content=\"Portal Tela Portugal\" \/>\n<meta property=\"article:published_time\" content=\"2026-04-14T08:31:58+00:00\" \/>\n<meta name=\"author\" content=\"Telinha\" \/>\n<meta name=\"twitter:card\" content=\"summary_large_image\" \/>\n<meta name=\"twitter:label1\" content=\"Escrito por\" \/>\n\t<meta name=\"twitter:data1\" content=\"Telinha\" \/>\n\t<meta name=\"twitter:label2\" content=\"Tempo estimado de leitura\" \/>\n\t<meta name=\"twitter:data2\" content=\"1 minuto\" \/>\n<script type=\"application\/ld+json\" class=\"yoast-schema-graph\">{\"@context\":\"https:\/\/schema.org\",\"@graph\":[{\"@type\":\"Article\",\"@id\":\"https:\/\/portaltela.pt\/noticias\/2026\/04\/14\/mocambique-regista-150-casos-de-colera-na-ultima-semana-sem-obitos\/#article\",\"isPartOf\":{\"@id\":\"https:\/\/portaltela.pt\/noticias\/2026\/04\/14\/mocambique-regista-150-casos-de-colera-na-ultima-semana-sem-obitos\/\"},\"author\":{\"name\":\"Telinha\",\"@id\":\"https:\/\/portaltela.pt\/#\/schema\/person\/c4278d4a6028830caff9ee44b42d32ed\"},\"headline\":\"Mo\u00e7ambique regista 150 casos de c\u00f3lera na \u00faltima semana, sem \u00f3bitos\",\"datePublished\":\"2026-04-14T08:31:58+00:00\",\"mainEntityOfPage\":{\"@id\":\"https:\/\/portaltela.pt\/noticias\/2026\/04\/14\/mocambique-regista-150-casos-de-colera-na-ultima-semana-sem-obitos\/\"},\"wordCount\":129,\"image\":{\"@id\":\"https:\/\/portaltela.pt\/noticias\/2026\/04\/14\/mocambique-regista-150-casos-de-colera-na-ultima-semana-sem-obitos\/#primaryimage\"},\"thumbnailUrl\":\"https:\/\/portaltela.pt\/s.01k8rhncp4jt1\/2026\/04\/CACHE_780X1200_ANALOG_WATERMARKED_9188818_1270463_24042019032839.jpg\",\"keywords\":[\"\u00c1frica\",\"doen\u00e7as\",\"epidemiologia\",\"sa\u00fade p\u00fablica\"],\"articleSection\":[\"Not\u00edcias\",\"Sa\u00fade\"],\"inLanguage\":\"pt-PT\"},{\"@type\":\"WebPage\",\"@id\":\"https:\/\/portaltela.pt\/noticias\/2026\/04\/14\/mocambique-regista-150-casos-de-colera-na-ultima-semana-sem-obitos\/\",\"url\":\"https:\/\/portaltela.pt\/noticias\/2026\/04\/14\/mocambique-regista-150-casos-de-colera-na-ultima-semana-sem-obitos\/\",\"name\":\"Mo\u00e7ambique regista 150 casos de c\u00f3lera na \u00faltima semana, sem \u00f3bitos - Portal Tela Portugal\",\"isPartOf\":{\"@id\":\"https:\/\/portaltela.pt\/#website\"},\"primaryImageOfPage\":{\"@id\":\"https:\/\/portaltela.pt\/noticias\/2026\/04\/14\/mocambique-regista-150-casos-de-colera-na-ultima-semana-sem-obitos\/#primaryimage\"},\"image\":{\"@id\":\"https:\/\/portaltela.pt\/noticias\/2026\/04\/14\/mocambique-regista-150-casos-de-colera-na-ultima-semana-sem-obitos\/#primaryimage\"},\"thumbnailUrl\":\"https:\/\/portaltela.pt\/s.01k8rhncp4jt1\/2026\/04\/CACHE_780X1200_ANALOG_WATERMARKED_9188818_1270463_24042019032839.jpg\",\"datePublished\":\"2026-04-14T08:31:58+00:00\",\"author\":{\"@id\":\"https:\/\/portaltela.pt\/#\/schema\/person\/c4278d4a6028830caff9ee44b42d32ed\"},\"breadcrumb\":{\"@id\":\"https:\/\/portaltela.pt\/noticias\/2026\/04\/14\/mocambique-regista-150-casos-de-colera-na-ultima-semana-sem-obitos\/#breadcrumb\"},\"inLanguage\":\"pt-PT\",\"potentialAction\":[{\"@type\":\"ReadAction\",\"target\":[\"https:\/\/portaltela.pt\/noticias\/2026\/04\/14\/mocambique-regista-150-casos-de-colera-na-ultima-semana-sem-obitos\/\"]}]},{\"@type\":\"ImageObject\",\"inLanguage\":\"pt-PT\",\"@id\":\"https:\/\/portaltela.pt\/noticias\/2026\/04\/14\/mocambique-regista-150-casos-de-colera-na-ultima-semana-sem-obitos\/#primaryimage\",\"url\":\"https:\/\/portaltela.pt\/s.01k8rhncp4jt1\/2026\/04\/CACHE_780X1200_ANALOG_WATERMARKED_9188818_1270463_24042019032839.jpg\",\"contentUrl\":\"https:\/\/portaltela.pt\/s.01k8rhncp4jt1\/2026\/04\/CACHE_780X1200_ANALOG_WATERMARKED_9188818_1270463_24042019032839.jpg\",\"width\":796,\"height\":448,\"caption\":\"Mo\u00e7ambique com 150 casos de c\u00f3lera na \u00faltima semana mas sem \u00f3bitos\"},{\"@type\":\"BreadcrumbList\",\"@id\":\"https:\/\/portaltela.pt\/noticias\/2026\/04\/14\/mocambique-regista-150-casos-de-colera-na-ultima-semana-sem-obitos\/#breadcrumb\",\"itemListElement\":[{\"@type\":\"ListItem\",\"position\":1,\"name\":\"In\u00edcio\",\"item\":\"https:\/\/portaltela.pt\/\"},{\"@type\":\"ListItem\",\"position\":2,\"name\":\"Mo\u00e7ambique regista 150 casos de c\u00f3lera na \u00faltima semana, sem \u00f3bitos\"}]},{\"@type\":\"WebSite\",\"@id\":\"https:\/\/portaltela.pt\/#website\",\"url\":\"https:\/\/portaltela.pt\/\",\"name\":\"Portal Tela Portugal\",\"description\":\"\",\"potentialAction\":[{\"@type\":\"SearchAction\",\"target\":{\"@type\":\"EntryPoint\",\"urlTemplate\":\"https:\/\/portaltela.pt\/?s={search_term_string}\"},\"query-input\":{\"@type\":\"PropertyValueSpecification\",\"valueRequired\":true,\"valueName\":\"search_term_string\"}}],\"inLanguage\":\"pt-PT\"},{\"@type\":\"Person\",\"@id\":\"https:\/\/portaltela.pt\/#\/schema\/person\/c4278d4a6028830caff9ee44b42d32ed\",\"name\":\"Telinha\",\"image\":{\"@type\":\"ImageObject\",\"inLanguage\":\"pt-PT\",\"@id\":\"https:\/\/portaltela.pt\/s.01k8rhncp4jt1\/2025\/11\/talking-bot-125x125.png\",\"url\":\"https:\/\/portaltela.pt\/s.01k8rhncp4jt1\/2025\/11\/talking-bot-125x125.png\",\"contentUrl\":\"https:\/\/portaltela.pt\/s.01k8rhncp4jt1\/2025\/11\/talking-bot-125x125.png\",\"caption\":\"Telinha\"},\"sameAs\":[\"https:\/\/portaltela.pt\/\"],\"url\":\"https:\/\/portaltela.pt\/por\/367410592786\/\"}]}<\/script>\n<!-- \/ Yoast SEO plugin. -->","yoast_head_json":{"title":"Mo\u00e7ambique regista 150 casos de c\u00f3lera na \u00faltima semana, sem \u00f3bitos - Portal Tela Portugal","robots":{"index":"index","follow":"follow","max-snippet":"max-snippet:-1","max-image-preview":"max-image-preview:large","max-video-preview":"max-video-preview:-1"},"og_locale":"pt_PT","og_type":"article","og_title":"Mo\u00e7ambique regista 150 casos de c\u00f3lera na \u00faltima semana, sem \u00f3bitos - Portal Tela Portugal","og_description":"Mo\u00e7ambique teve 150 casos de c\u00f3lera na \u00faltima semana. N\u00e3o houve registo de \u00f3bitos na mesma semana. A informa\u00e7\u00e3o \u00e9 referente a uma tend\u00eancia recente no pa\u00eds. O conte\u00fado completo da not\u00edcia est\u00e1 dispon\u00edvel apenas para subscritores.","og_url":"https:\/\/portaltela.pt\/noticias\/2026\/04\/14\/mocambique-regista-150-casos-de-colera-na-ultima-semana-sem-obitos\/","og_site_name":"Portal Tela Portugal","article_published_time":"2026-04-14T08:31:58+00:00","author":"Telinha","twitter_card":"summary_large_image","twitter_misc":{"Escrito por":"Telinha","Tempo estimado de leitura":"1 minuto"},"schema":{"@context":"https:\/\/schema.org","@graph":[{"@type":"Article","@id":"https:\/\/portaltela.pt\/noticias\/2026\/04\/14\/mocambique-regista-150-casos-de-colera-na-ultima-semana-sem-obitos\/#article","isPartOf":{"@id":"https:\/\/portaltela.pt\/noticias\/2026\/04\/14\/mocambique-regista-150-casos-de-colera-na-ultima-semana-sem-obitos\/"},"author":{"name":"Telinha","@id":"https:\/\/portaltela.pt\/#\/schema\/person\/c4278d4a6028830caff9ee44b42d32ed"},"headline":"Mo\u00e7ambique regista 150 casos de c\u00f3lera na \u00faltima semana, sem \u00f3bitos","datePublished":"2026-04-14T08:31:58+00:00","mainEntityOfPage":{"@id":"https:\/\/portaltela.pt\/noticias\/2026\/04\/14\/mocambique-regista-150-casos-de-colera-na-ultima-semana-sem-obitos\/"},"wordCount":129,"image":{"@id":"https:\/\/portaltela.pt\/noticias\/2026\/04\/14\/mocambique-regista-150-casos-de-colera-na-ultima-semana-sem-obitos\/#primaryimage"},"thumbnailUrl":"https:\/\/portaltela.pt\/s.01k8rhncp4jt1\/2026\/04\/CACHE_780X1200_ANALOG_WATERMARKED_9188818_1270463_24042019032839.jpg","keywords":["\u00c1frica","doen\u00e7as","epidemiologia","sa\u00fade p\u00fablica"],"articleSection":["Not\u00edcias","Sa\u00fade"],"inLanguage":"pt-PT"},{"@type":"WebPage","@id":"https:\/\/portaltela.pt\/noticias\/2026\/04\/14\/mocambique-regista-150-casos-de-colera-na-ultima-semana-sem-obitos\/","url":"https:\/\/portaltela.pt\/noticias\/2026\/04\/14\/mocambique-regista-150-casos-de-colera-na-ultima-semana-sem-obitos\/","name":"Mo\u00e7ambique regista 150 casos de c\u00f3lera na \u00faltima semana, sem \u00f3bitos - Portal Tela Portugal","isPartOf":{"@id":"https:\/\/portaltela.pt\/#website"},"primaryImageOfPage":{"@id":"https:\/\/portaltela.pt\/noticias\/2026\/04\/14\/mocambique-regista-150-casos-de-colera-na-ultima-semana-sem-obitos\/#primaryimage"},"image":{"@id":"https:\/\/portaltela.pt\/noticias\/2026\/04\/14\/mocambique-regista-150-casos-de-colera-na-ultima-semana-sem-obitos\/#primaryimage"},"thumbnailUrl":"https:\/\/portaltela.pt\/s.01k8rhncp4jt1\/2026\/04\/CACHE_780X1200_ANALOG_WATERMARKED_9188818_1270463_24042019032839.jpg","datePublished":"2026-04-14T08:31:58+00:00","author":{"@id":"https:\/\/portaltela.pt\/#\/schema\/person\/c4278d4a6028830caff9ee44b42d32ed"},"breadcrumb":{"@id":"https:\/\/portaltela.pt\/noticias\/2026\/04\/14\/mocambique-regista-150-casos-de-colera-na-ultima-semana-sem-obitos\/#breadcrumb"},"inLanguage":"pt-PT","potentialAction":[{"@type":"ReadAction","target":["https:\/\/portaltela.pt\/noticias\/2026\/04\/14\/mocambique-regista-150-casos-de-colera-na-ultima-semana-sem-obitos\/"]}]},{"@type":"ImageObject","inLanguage":"pt-PT","@id":"https:\/\/portaltela.pt\/noticias\/2026\/04\/14\/mocambique-regista-150-casos-de-colera-na-ultima-semana-sem-obitos\/#primaryimage","url":"https:\/\/portaltela.pt\/s.01k8rhncp4jt1\/2026\/04\/CACHE_780X1200_ANALOG_WATERMARKED_9188818_1270463_24042019032839.jpg","contentUrl":"https:\/\/portaltela.pt\/s.01k8rhncp4jt1\/2026\/04\/CACHE_780X1200_ANALOG_WATERMARKED_9188818_1270463_24042019032839.jpg","width":796,"height":448,"caption":"Mo\u00e7ambique com 150 casos de c\u00f3lera na \u00faltima semana mas sem \u00f3bitos"},{"@type":"BreadcrumbList","@id":"https:\/\/portaltela.pt\/noticias\/2026\/04\/14\/mocambique-regista-150-casos-de-colera-na-ultima-semana-sem-obitos\/#breadcrumb","itemListElement":[{"@type":"ListItem","position":1,"name":"In\u00edcio","item":"https:\/\/portaltela.pt\/"},{"@type":"ListItem","position":2,"name":"Mo\u00e7ambique regista 150 casos de c\u00f3lera na \u00faltima semana, sem \u00f3bitos"}]},{"@type":"WebSite","@id":"https:\/\/portaltela.pt\/#website","url":"https:\/\/portaltela.pt\/","name":"Portal Tela Portugal","description":"","potentialAction":[{"@type":"SearchAction","target":{"@type":"EntryPoint","urlTemplate":"https:\/\/portaltela.pt\/?s={search_term_string}"},"query-input":{"@type":"PropertyValueSpecification","valueRequired":true,"valueName":"search_term_string"}}],"inLanguage":"pt-PT"},{"@type":"Person","@id":"https:\/\/portaltela.pt\/#\/schema\/person\/c4278d4a6028830caff9ee44b42d32ed","name":"Telinha","image":{"@type":"ImageObject","inLanguage":"pt-PT","@id":"https:\/\/portaltela.pt\/s.01k8rhncp4jt1\/2025\/11\/talking-bot-125x125.png","url":"https:\/\/portaltela.pt\/s.01k8rhncp4jt1\/2025\/11\/talking-bot-125x125.png","contentUrl":"https:\/\/portaltela.pt\/s.01k8rhncp4jt1\/2025\/11\/talking-bot-125x125.png","caption":"Telinha"},"sameAs":["https:\/\/portaltela.pt\/"],"url":"https:\/\/portaltela.pt\/por\/367410592786\/"}]}},"_links":{"self":[{"href":"https:\/\/portaltela.pt\/api\/wp\/v2\/posts\/443308","targetHints":{"allow":["GET"]}}],"collection":[{"href":"https:\/\/portaltela.pt\/api\/wp\/v2\/posts"}],"about":[{"href":"https:\/\/portaltela.pt\/api\/wp\/v2\/types\/post"}],"author":[{"embeddable":true,"href":"https:\/\/portaltela.pt\/api\/wp\/v2\/users\/2"}],"replies":[{"embeddable":true,"href":"https:\/\/portaltela.pt\/api\/wp\/v2\/comments?post=443308"}],"version-history":[{"count":0,"href":"https:\/\/portaltela.pt\/api\/wp\/v2\/posts\/443308\/revisions"}],"wp:featuredmedia":[{"embeddable":true,"href":"https:\/\/portaltela.pt\/api\/wp\/v2\/media\/443313"}],"wp:attachment":[{"href":"https:\/\/portaltela.pt\/api\/wp\/v2\/media?parent=443308"}],"wp:term":[{"taxonomy":"category","embeddable":true,"href":"https:\/\/portaltela.pt\/api\/wp\/v2\/categories?post=443308"},{"taxonomy":"post_tag","embeddable":true,"href":"https:\/\/portaltela.pt\/api\/wp\/v2\/tags?post=443308"}],"curies":[{"name":"wp","href":"https:\/\/api.w.org\/{rel}","templated":true}]}}