{"id":443280,"date":"2026-04-14T05:02:09","date_gmt":"2026-04-14T08:02:09","guid":{"rendered":"https:\/\/portaltela.pt\/noticias\/2026\/04\/14\/era-pavlidis-falhanco-no-dragao-e-o-impacto-da-chegada-de-rafa-silva\/"},"modified":"2026-04-14T05:02:09","modified_gmt":"2026-04-14T08:02:09","slug":"era-pavlidis-falhanco-no-dragao-e-o-impacto-da-chegada-de-rafa-silva","status":"publish","type":"post","link":"https:\/\/portaltela.pt\/desporto\/futebol\/2026\/04\/14\/era-pavlidis-falhanco-no-dragao-e-o-impacto-da-chegada-de-rafa-silva\/","title":{"rendered":"Era Pavlidis: falhan\u00e7o no Drag\u00e3o e o impacto da chegada de Rafa Silva"},"content":{"rendered":"<p>Pavlidis pode deixar o Benfica no ver\u00e3o, segundo declara\u00e7\u00f5es do pr\u00f3prio avan\u00e7ado divulgadas pela imprensa da Gr\u00e9cia. A possibilidade foi comentada por Pedro Sousa, diretor executivo da CM R\u00e1dio, no espa\u00e7o Record na Hora, da plataforma Now.<\/p>\n<p>De acordo com Sousa, a \u00e9poca do atacante tem dois momentos marcantes: o falhan\u00e7o no Drag\u00e3o e um per\u00edodo de melhoria ap\u00f3s a chegada de Rafa Silva. A an\u00e1lise recorre a essas situa\u00e7\u00f5es para discutir o desempenho do jogador.<\/p>\n<p>As declara\u00e7\u00f5es sobre o eventual adeus surgem num contexto em que a imprensa grega revelou coment\u00e1rios de Pavlidis. O tema foi alvo de debate no programa Record na Hora, sem que haja confirma\u00e7\u00e3o oficial at\u00e9 ao momento.<\/p>\n","protected":false},"excerpt":{"rendered":"<ul>\n<li>O jornalista recorda dois momentos na \u00e9poca de Pavlidis: o falhan\u00e7o estrondoso no Drag\u00e3o e uma mudan\u00e7a de antes para depois da chegada de Rafa Silva.<\/li>\n<li>Pedro Sousa, diretor executivo da CM R\u00e1dio, comenta a possibilidade de o avan\u00e7ado sair do Benfica no ver\u00e3o.<\/li>\n<li>Pavlidis tinha admitido, em declara\u00e7\u00f5es na imprensa da Gr\u00e9cia, a possibilidade de deixar o Benfica no pr\u00f3ximo mercado.<\/li>\n<li>O tema \u00e9 analisado no programa Record na Hora, dispon\u00edvel no Now.<\/li>\n<\/ul>\n","protected":false},"author":2,"featured_media":443281,"comment_status":"closed","ping_status":"closed","sticky":false,"template":"","format":"standard","meta":{"footnotes":""},"categories":[21,24],"tags":[1946,32,3071,1014,2050],"class_list":["post-443280","post","type-post","status-publish","format-standard","has-post-thumbnail","hentry","category-desporto","category-futebol","tag-benfica","tag-futebol","tag-pavlidis","tag-portugal","tag-transferencias"],"yoast_head":"<!-- This site is optimized with the Yoast SEO plugin v27.2 - https:\/\/yoast.com\/product\/yoast-seo-wordpress\/ -->\n<title>Era Pavlidis: falhan\u00e7o no Drag\u00e3o e o impacto da chegada de Rafa Silva - Portal Tela Portugal<\/title>\n<meta name=\"robots\" content=\"index, follow, max-snippet:-1, max-image-preview:large, max-video-preview:-1\" \/>\n<meta property=\"og:locale\" content=\"pt_PT\" \/>\n<meta property=\"og:type\" content=\"article\" \/>\n<meta property=\"og:title\" content=\"Era Pavlidis: falhan\u00e7o no Drag\u00e3o e o impacto da chegada de Rafa Silva - Portal Tela Portugal\" \/>\n<meta property=\"og:description\" content=\"O jornalista recorda dois momentos na \u00e9poca de Pavlidis: o falhan\u00e7o estrondoso no Drag\u00e3o e uma mudan\u00e7a de antes para depois da chegada de Rafa Silva. Pedro Sousa, diretor executivo da CM R\u00e1dio, comenta a possibilidade de o avan\u00e7ado sair do Benfica no ver\u00e3o. Pavlidis tinha admitido, em declara\u00e7\u00f5es na imprensa da Gr\u00e9cia, a possibilidade de deixar o Benfica no pr\u00f3ximo mercado. O tema \u00e9 analisado no programa Record na Hora, dispon\u00edvel no Now.\" \/>\n<meta property=\"og:url\" content=\"https:\/\/portaltela.pt\/noticias\/2026\/04\/14\/era-pavlidis-falhanco-no-dragao-e-o-impacto-da-chegada-de-rafa-silva\/\" \/>\n<meta property=\"og:site_name\" content=\"Portal Tela Portugal\" \/>\n<meta property=\"article:published_time\" content=\"2026-04-14T08:02:09+00:00\" \/>\n<meta name=\"author\" content=\"Telinha\" \/>\n<meta name=\"twitter:card\" content=\"summary_large_image\" \/>\n<meta name=\"twitter:label1\" content=\"Escrito por\" \/>\n\t<meta name=\"twitter:data1\" content=\"Telinha\" \/>\n\t<meta name=\"twitter:label2\" content=\"Tempo estimado de leitura\" \/>\n\t<meta name=\"twitter:data2\" content=\"1 minuto\" \/>\n<script type=\"application\/ld+json\" class=\"yoast-schema-graph\">{\"@context\":\"https:\/\/schema.org\",\"@graph\":[{\"@type\":\"Article\",\"@id\":\"https:\/\/portaltela.pt\/noticias\/2026\/04\/14\/era-pavlidis-falhanco-no-dragao-e-o-impacto-da-chegada-de-rafa-silva\/#article\",\"isPartOf\":{\"@id\":\"https:\/\/portaltela.pt\/noticias\/2026\/04\/14\/era-pavlidis-falhanco-no-dragao-e-o-impacto-da-chegada-de-rafa-silva\/\"},\"author\":{\"name\":\"Telinha\",\"@id\":\"https:\/\/portaltela.pt\/#\/schema\/person\/c4278d4a6028830caff9ee44b42d32ed\"},\"headline\":\"Era Pavlidis: falhan\u00e7o no Drag\u00e3o e o impacto da chegada de Rafa Silva\",\"datePublished\":\"2026-04-14T08:02:09+00:00\",\"mainEntityOfPage\":{\"@id\":\"https:\/\/portaltela.pt\/noticias\/2026\/04\/14\/era-pavlidis-falhanco-no-dragao-e-o-impacto-da-chegada-de-rafa-silva\/\"},\"wordCount\":144,\"image\":{\"@id\":\"https:\/\/portaltela.pt\/noticias\/2026\/04\/14\/era-pavlidis-falhanco-no-dragao-e-o-impacto-da-chegada-de-rafa-silva\/#primaryimage\"},\"thumbnailUrl\":\"https:\/\/portaltela.pt\/s.01k8rhncp4jt1\/2026\/04\/img_1200x721uu2026-04-13-22-36-38-2432907.jpg\",\"keywords\":[\"Benfica\",\"futebol\",\"Pavlidis\",\"Portugal\",\"transfer\u00eancias\"],\"articleSection\":[\"Desporto\",\"Futebol\"],\"inLanguage\":\"pt-PT\"},{\"@type\":\"WebPage\",\"@id\":\"https:\/\/portaltela.pt\/noticias\/2026\/04\/14\/era-pavlidis-falhanco-no-dragao-e-o-impacto-da-chegada-de-rafa-silva\/\",\"url\":\"https:\/\/portaltela.pt\/noticias\/2026\/04\/14\/era-pavlidis-falhanco-no-dragao-e-o-impacto-da-chegada-de-rafa-silva\/\",\"name\":\"Era Pavlidis: falhan\u00e7o no Drag\u00e3o e o impacto da chegada de Rafa Silva - Portal Tela Portugal\",\"isPartOf\":{\"@id\":\"https:\/\/portaltela.pt\/#website\"},\"primaryImageOfPage\":{\"@id\":\"https:\/\/portaltela.pt\/noticias\/2026\/04\/14\/era-pavlidis-falhanco-no-dragao-e-o-impacto-da-chegada-de-rafa-silva\/#primaryimage\"},\"image\":{\"@id\":\"https:\/\/portaltela.pt\/noticias\/2026\/04\/14\/era-pavlidis-falhanco-no-dragao-e-o-impacto-da-chegada-de-rafa-silva\/#primaryimage\"},\"thumbnailUrl\":\"https:\/\/portaltela.pt\/s.01k8rhncp4jt1\/2026\/04\/img_1200x721uu2026-04-13-22-36-38-2432907.jpg\",\"datePublished\":\"2026-04-14T08:02:09+00:00\",\"author\":{\"@id\":\"https:\/\/portaltela.pt\/#\/schema\/person\/c4278d4a6028830caff9ee44b42d32ed\"},\"breadcrumb\":{\"@id\":\"https:\/\/portaltela.pt\/noticias\/2026\/04\/14\/era-pavlidis-falhanco-no-dragao-e-o-impacto-da-chegada-de-rafa-silva\/#breadcrumb\"},\"inLanguage\":\"pt-PT\",\"potentialAction\":[{\"@type\":\"ReadAction\",\"target\":[\"https:\/\/portaltela.pt\/noticias\/2026\/04\/14\/era-pavlidis-falhanco-no-dragao-e-o-impacto-da-chegada-de-rafa-silva\/\"]}]},{\"@type\":\"ImageObject\",\"inLanguage\":\"pt-PT\",\"@id\":\"https:\/\/portaltela.pt\/noticias\/2026\/04\/14\/era-pavlidis-falhanco-no-dragao-e-o-impacto-da-chegada-de-rafa-silva\/#primaryimage\",\"url\":\"https:\/\/portaltela.pt\/s.01k8rhncp4jt1\/2026\/04\/img_1200x721uu2026-04-13-22-36-38-2432907.jpg\",\"contentUrl\":\"https:\/\/portaltela.pt\/s.01k8rhncp4jt1\/2026\/04\/img_1200x721uu2026-04-13-22-36-38-2432907.jpg\",\"width\":796,\"height\":448,\"caption\":\"\u00abH\u00e1 dois momentos na \u00e9poca de Pavlidis: o falhan\u00e7o estrondoso no Drag\u00e3o e um antes e depois da chegada de Rafa Silva\u00bb\"},{\"@type\":\"BreadcrumbList\",\"@id\":\"https:\/\/portaltela.pt\/noticias\/2026\/04\/14\/era-pavlidis-falhanco-no-dragao-e-o-impacto-da-chegada-de-rafa-silva\/#breadcrumb\",\"itemListElement\":[{\"@type\":\"ListItem\",\"position\":1,\"name\":\"In\u00edcio\",\"item\":\"https:\/\/portaltela.pt\/\"},{\"@type\":\"ListItem\",\"position\":2,\"name\":\"Era Pavlidis: falhan\u00e7o no Drag\u00e3o e o impacto da chegada de Rafa Silva\"}]},{\"@type\":\"WebSite\",\"@id\":\"https:\/\/portaltela.pt\/#website\",\"url\":\"https:\/\/portaltela.pt\/\",\"name\":\"Portal Tela Portugal\",\"description\":\"\",\"potentialAction\":[{\"@type\":\"SearchAction\",\"target\":{\"@type\":\"EntryPoint\",\"urlTemplate\":\"https:\/\/portaltela.pt\/?s={search_term_string}\"},\"query-input\":{\"@type\":\"PropertyValueSpecification\",\"valueRequired\":true,\"valueName\":\"search_term_string\"}}],\"inLanguage\":\"pt-PT\"},{\"@type\":\"Person\",\"@id\":\"https:\/\/portaltela.pt\/#\/schema\/person\/c4278d4a6028830caff9ee44b42d32ed\",\"name\":\"Telinha\",\"image\":{\"@type\":\"ImageObject\",\"inLanguage\":\"pt-PT\",\"@id\":\"https:\/\/portaltela.pt\/s.01k8rhncp4jt1\/2025\/11\/talking-bot-125x125.png\",\"url\":\"https:\/\/portaltela.pt\/s.01k8rhncp4jt1\/2025\/11\/talking-bot-125x125.png\",\"contentUrl\":\"https:\/\/portaltela.pt\/s.01k8rhncp4jt1\/2025\/11\/talking-bot-125x125.png\",\"caption\":\"Telinha\"},\"sameAs\":[\"https:\/\/portaltela.pt\/\"],\"url\":\"https:\/\/portaltela.pt\/por\/367410592786\/\"}]}<\/script>\n<!-- \/ Yoast SEO plugin. -->","yoast_head_json":{"title":"Era Pavlidis: falhan\u00e7o no Drag\u00e3o e o impacto da chegada de Rafa Silva - Portal Tela Portugal","robots":{"index":"index","follow":"follow","max-snippet":"max-snippet:-1","max-image-preview":"max-image-preview:large","max-video-preview":"max-video-preview:-1"},"og_locale":"pt_PT","og_type":"article","og_title":"Era Pavlidis: falhan\u00e7o no Drag\u00e3o e o impacto da chegada de Rafa Silva - Portal Tela Portugal","og_description":"O jornalista recorda dois momentos na \u00e9poca de Pavlidis: o falhan\u00e7o estrondoso no Drag\u00e3o e uma mudan\u00e7a de antes para depois da chegada de Rafa Silva. Pedro Sousa, diretor executivo da CM R\u00e1dio, comenta a possibilidade de o avan\u00e7ado sair do Benfica no ver\u00e3o. Pavlidis tinha admitido, em declara\u00e7\u00f5es na imprensa da Gr\u00e9cia, a possibilidade de deixar o Benfica no pr\u00f3ximo mercado. O tema \u00e9 analisado no programa Record na Hora, dispon\u00edvel no Now.","og_url":"https:\/\/portaltela.pt\/noticias\/2026\/04\/14\/era-pavlidis-falhanco-no-dragao-e-o-impacto-da-chegada-de-rafa-silva\/","og_site_name":"Portal Tela Portugal","article_published_time":"2026-04-14T08:02:09+00:00","author":"Telinha","twitter_card":"summary_large_image","twitter_misc":{"Escrito por":"Telinha","Tempo estimado de leitura":"1 minuto"},"schema":{"@context":"https:\/\/schema.org","@graph":[{"@type":"Article","@id":"https:\/\/portaltela.pt\/noticias\/2026\/04\/14\/era-pavlidis-falhanco-no-dragao-e-o-impacto-da-chegada-de-rafa-silva\/#article","isPartOf":{"@id":"https:\/\/portaltela.pt\/noticias\/2026\/04\/14\/era-pavlidis-falhanco-no-dragao-e-o-impacto-da-chegada-de-rafa-silva\/"},"author":{"name":"Telinha","@id":"https:\/\/portaltela.pt\/#\/schema\/person\/c4278d4a6028830caff9ee44b42d32ed"},"headline":"Era Pavlidis: falhan\u00e7o no Drag\u00e3o e o impacto da chegada de Rafa Silva","datePublished":"2026-04-14T08:02:09+00:00","mainEntityOfPage":{"@id":"https:\/\/portaltela.pt\/noticias\/2026\/04\/14\/era-pavlidis-falhanco-no-dragao-e-o-impacto-da-chegada-de-rafa-silva\/"},"wordCount":144,"image":{"@id":"https:\/\/portaltela.pt\/noticias\/2026\/04\/14\/era-pavlidis-falhanco-no-dragao-e-o-impacto-da-chegada-de-rafa-silva\/#primaryimage"},"thumbnailUrl":"https:\/\/portaltela.pt\/s.01k8rhncp4jt1\/2026\/04\/img_1200x721uu2026-04-13-22-36-38-2432907.jpg","keywords":["Benfica","futebol","Pavlidis","Portugal","transfer\u00eancias"],"articleSection":["Desporto","Futebol"],"inLanguage":"pt-PT"},{"@type":"WebPage","@id":"https:\/\/portaltela.pt\/noticias\/2026\/04\/14\/era-pavlidis-falhanco-no-dragao-e-o-impacto-da-chegada-de-rafa-silva\/","url":"https:\/\/portaltela.pt\/noticias\/2026\/04\/14\/era-pavlidis-falhanco-no-dragao-e-o-impacto-da-chegada-de-rafa-silva\/","name":"Era Pavlidis: falhan\u00e7o no Drag\u00e3o e o impacto da chegada de Rafa Silva - Portal Tela Portugal","isPartOf":{"@id":"https:\/\/portaltela.pt\/#website"},"primaryImageOfPage":{"@id":"https:\/\/portaltela.pt\/noticias\/2026\/04\/14\/era-pavlidis-falhanco-no-dragao-e-o-impacto-da-chegada-de-rafa-silva\/#primaryimage"},"image":{"@id":"https:\/\/portaltela.pt\/noticias\/2026\/04\/14\/era-pavlidis-falhanco-no-dragao-e-o-impacto-da-chegada-de-rafa-silva\/#primaryimage"},"thumbnailUrl":"https:\/\/portaltela.pt\/s.01k8rhncp4jt1\/2026\/04\/img_1200x721uu2026-04-13-22-36-38-2432907.jpg","datePublished":"2026-04-14T08:02:09+00:00","author":{"@id":"https:\/\/portaltela.pt\/#\/schema\/person\/c4278d4a6028830caff9ee44b42d32ed"},"breadcrumb":{"@id":"https:\/\/portaltela.pt\/noticias\/2026\/04\/14\/era-pavlidis-falhanco-no-dragao-e-o-impacto-da-chegada-de-rafa-silva\/#breadcrumb"},"inLanguage":"pt-PT","potentialAction":[{"@type":"ReadAction","target":["https:\/\/portaltela.pt\/noticias\/2026\/04\/14\/era-pavlidis-falhanco-no-dragao-e-o-impacto-da-chegada-de-rafa-silva\/"]}]},{"@type":"ImageObject","inLanguage":"pt-PT","@id":"https:\/\/portaltela.pt\/noticias\/2026\/04\/14\/era-pavlidis-falhanco-no-dragao-e-o-impacto-da-chegada-de-rafa-silva\/#primaryimage","url":"https:\/\/portaltela.pt\/s.01k8rhncp4jt1\/2026\/04\/img_1200x721uu2026-04-13-22-36-38-2432907.jpg","contentUrl":"https:\/\/portaltela.pt\/s.01k8rhncp4jt1\/2026\/04\/img_1200x721uu2026-04-13-22-36-38-2432907.jpg","width":796,"height":448,"caption":"\u00abH\u00e1 dois momentos na \u00e9poca de Pavlidis: o falhan\u00e7o estrondoso no Drag\u00e3o e um antes e depois da chegada de Rafa Silva\u00bb"},{"@type":"BreadcrumbList","@id":"https:\/\/portaltela.pt\/noticias\/2026\/04\/14\/era-pavlidis-falhanco-no-dragao-e-o-impacto-da-chegada-de-rafa-silva\/#breadcrumb","itemListElement":[{"@type":"ListItem","position":1,"name":"In\u00edcio","item":"https:\/\/portaltela.pt\/"},{"@type":"ListItem","position":2,"name":"Era Pavlidis: falhan\u00e7o no Drag\u00e3o e o impacto da chegada de Rafa Silva"}]},{"@type":"WebSite","@id":"https:\/\/portaltela.pt\/#website","url":"https:\/\/portaltela.pt\/","name":"Portal Tela Portugal","description":"","potentialAction":[{"@type":"SearchAction","target":{"@type":"EntryPoint","urlTemplate":"https:\/\/portaltela.pt\/?s={search_term_string}"},"query-input":{"@type":"PropertyValueSpecification","valueRequired":true,"valueName":"search_term_string"}}],"inLanguage":"pt-PT"},{"@type":"Person","@id":"https:\/\/portaltela.pt\/#\/schema\/person\/c4278d4a6028830caff9ee44b42d32ed","name":"Telinha","image":{"@type":"ImageObject","inLanguage":"pt-PT","@id":"https:\/\/portaltela.pt\/s.01k8rhncp4jt1\/2025\/11\/talking-bot-125x125.png","url":"https:\/\/portaltela.pt\/s.01k8rhncp4jt1\/2025\/11\/talking-bot-125x125.png","contentUrl":"https:\/\/portaltela.pt\/s.01k8rhncp4jt1\/2025\/11\/talking-bot-125x125.png","caption":"Telinha"},"sameAs":["https:\/\/portaltela.pt\/"],"url":"https:\/\/portaltela.pt\/por\/367410592786\/"}]}},"_links":{"self":[{"href":"https:\/\/portaltela.pt\/api\/wp\/v2\/posts\/443280","targetHints":{"allow":["GET"]}}],"collection":[{"href":"https:\/\/portaltela.pt\/api\/wp\/v2\/posts"}],"about":[{"href":"https:\/\/portaltela.pt\/api\/wp\/v2\/types\/post"}],"author":[{"embeddable":true,"href":"https:\/\/portaltela.pt\/api\/wp\/v2\/users\/2"}],"replies":[{"embeddable":true,"href":"https:\/\/portaltela.pt\/api\/wp\/v2\/comments?post=443280"}],"version-history":[{"count":0,"href":"https:\/\/portaltela.pt\/api\/wp\/v2\/posts\/443280\/revisions"}],"wp:featuredmedia":[{"embeddable":true,"href":"https:\/\/portaltela.pt\/api\/wp\/v2\/media\/443281"}],"wp:attachment":[{"href":"https:\/\/portaltela.pt\/api\/wp\/v2\/media?parent=443280"}],"wp:term":[{"taxonomy":"category","embeddable":true,"href":"https:\/\/portaltela.pt\/api\/wp\/v2\/categories?post=443280"},{"taxonomy":"post_tag","embeddable":true,"href":"https:\/\/portaltela.pt\/api\/wp\/v2\/tags?post=443280"}],"curies":[{"name":"wp","href":"https:\/\/api.w.org\/{rel}","templated":true}]}}