{"id":443258,"date":"2026-04-14T04:32:09","date_gmt":"2026-04-14T07:32:09","guid":{"rendered":"https:\/\/portaltela.pt\/noticias\/2026\/04\/14\/milhares-de-profissionais-contestam-fusao-paramount-warner\/"},"modified":"2026-04-14T04:32:09","modified_gmt":"2026-04-14T07:32:09","slug":"milhares-de-profissionais-contestam-fusao-paramount-warner","status":"publish","type":"post","link":"https:\/\/portaltela.pt\/series-e-filmes\/2026\/04\/14\/milhares-de-profissionais-contestam-fusao-paramount-warner\/","title":{"rendered":"Milhares de profissionais contestam fus\u00e3o Paramount-Warner"},"content":{"rendered":"<p>A fus\u00e3o entre Paramount Skydance e Warner Bros. Discovery continua a ser alvo de contesta\u00e7\u00e3o p\u00fablica por parte de mais de mil profissionais da ind\u00fastria do cinema e da televis\u00e3o. A documenta\u00e7\u00e3o em carta aberta insta a suspens\u00e3o do neg\u00f3cio, que envolve cerca de 111 mil milh\u00f5es de d\u00f3lares, at\u00e9 que haja garantias de concorr\u00eancia e diversidade criativa.<\/p>\n<p>Joaquin Phoenix, Emma Thompson, Javier Bardem e outros nomes de peso assinam o manifesto, junto de cineastas e criativos como Jane Fonda, Denis Villeneuve, David Fincher e Mark Ruffalo. O grupo alerta para riscos para empregos, produ\u00e7\u00e3o independente e variedade de conte\u00fados, caso a fus\u00e3o se concretize.<\/p>\n<p>A aquisi\u00e7\u00e3o foi anunciada no final de fevereiro, ap\u00f3s a Netflix ter retirado a sua proposta. O acordo envolve dois dos maiores est\u00fadios de Hollywood, o que pode reduzir o n\u00famero de grandes est\u00fadios nos EUA para quatro e afetar a qualidade de cinema.<\/p>\n<p>A carta argumenta que a concentra\u00e7\u00e3o atual j\u00e1 prejudica a ind\u00fastria, reduzindo oportunidades para criadores, aumentando custos e limitando a liberdade de escolhas do p\u00fablico. O documento defende uma regula\u00e7\u00e3o rigorosa para preservar a integridade do setor.<\/p>\n<p>Em resposta, a Paramount divulgou comunicado enfatizando a import\u00e2ncia de manter a criatividade e de investir na arte de contar hist\u00f3rias. A empresa afirma que a fus\u00e3o pode ampliar produ\u00e7\u00e3o, apoiar talentos em v\u00e1rias fases das carreiras e fortalecer a concorr\u00eancia de forma global.<\/p>\n<p>O neg\u00f3cio ainda depende da aprova\u00e7\u00e3o dos acionistas e de autoridades regulat\u00f3rias. A carta aberta conclui pedindo escrut\u00ednio p\u00fablico adicional e apoio de estados, incluindo a\u00e7\u00f5es judiciais que possam bloquear o acordo.<\/p>\n<h3>Subt\u00edtulo<\/h3>\n<p>Quem assina a contesta\u00e7\u00e3o<\/p>\n<p>A lista de signat\u00e1rios inclui protagonistas, realizadores e produtores reconhecidos internacionalmente, refor\u00e7ando a defesa de um ecossistema criativo diverso. O objetivo \u00e9 manter o cinema e a televis\u00e3o com acesso a m\u00faltiplos parceiros e estilos narrativos.<\/p>\n<h3>Subt\u00edtulo<\/h3>\n<p>Impacto regulat\u00f3rio<\/p>\n<p>Especialistas apontam que reguladores poder\u00e3o exigir concess\u00f5es ou at\u00e9 bloquear a fus\u00e3o, para evitar redu\u00e7\u00e3o de concorr\u00eancia. O caso continua em an\u00e1lise, com decis\u00e3o prevista para os pr\u00f3ximos meses.<\/p>\n","protected":false},"excerpt":{"rendered":"<ul>\n<li>Mais de mil estrelas e criativos, entre eles Joaquin Phoenix, Emma Thompson e Javier Bardem, assinaram uma carta aberta contra a fus\u00e3o da Paramount Skydance com a Warner Bros. Discovery.<\/li>\n<li>A aquisi\u00e7\u00e3o, avaliada em 111 mil milh\u00f5es de d\u00f3lares, ainda depende da aprova\u00e7\u00e3o dos acionistas e dos reguladores p\u00fablicos.<\/li>\n<li>Cr\u00edticos alertam que a opera\u00e7\u00e3o reduziria o n\u00famero de grandes est\u00fadios de cinema nos EUA, com potenciais impactos na qualidade e no emprego.<\/li>\n<li>A Paramount afirmou que a fus\u00e3o fortalece a criatividade, comprometendo-se a produzir pelo menos 30 longas\u2011metragens de qualidade por ano e a manter marcas ic\u00f3nicas com lideran\u00e7a criativa independente.<\/li>\n<li>O procurador\u2011geral da Calif\u00f3rnia, Rob Bonta, e outros colegas ponderam a\u00e7\u00e3o judicial para bloquear o neg\u00f3cio, com apoio de outras jurisdi\u00e7\u00f5es.<\/li>\n<\/ul>\n","protected":false},"author":2,"featured_media":443267,"comment_status":"closed","ping_status":"closed","sticky":false,"template":"","format":"standard","meta":{"footnotes":""},"categories":[12,7368],"tags":[112,4787,2207,5242,255,81],"class_list":["post-443258","post","type-post","status-publish","format-standard","has-post-thumbnail","hentry","category-entretenimento","category-series-e-filmes","tag-cinema","tag-colaboracao-internacional","tag-concorrencia","tag-filmes","tag-industria","tag-internacionais"],"yoast_head":"<!-- This site is optimized with the Yoast SEO plugin v27.2 - https:\/\/yoast.com\/product\/yoast-seo-wordpress\/ -->\n<title>Milhares de profissionais contestam fus\u00e3o Paramount-Warner - Portal Tela Portugal<\/title>\n<meta name=\"robots\" content=\"index, follow, max-snippet:-1, max-image-preview:large, max-video-preview:-1\" \/>\n<meta property=\"og:locale\" content=\"pt_PT\" \/>\n<meta property=\"og:type\" content=\"article\" \/>\n<meta property=\"og:title\" content=\"Milhares de profissionais contestam fus\u00e3o Paramount-Warner - Portal Tela Portugal\" \/>\n<meta property=\"og:description\" content=\"Mais de mil estrelas e criativos, entre eles Joaquin Phoenix, Emma Thompson e Javier Bardem, assinaram uma carta aberta contra a fus\u00e3o da Paramount Skydance com a Warner Bros. Discovery. A aquisi\u00e7\u00e3o, avaliada em 111 mil milh\u00f5es de d\u00f3lares, ainda depende da aprova\u00e7\u00e3o dos acionistas e dos reguladores p\u00fablicos. Cr\u00edticos alertam que a opera\u00e7\u00e3o reduziria o n\u00famero de grandes est\u00fadios de cinema nos EUA, com potenciais impactos na qualidade e no emprego. A Paramount afirmou que a fus\u00e3o fortalece a criatividade, comprometendo-se a produzir pelo menos 30 longas\u2011metragens de qualidade por ano e a manter marcas ic\u00f3nicas com lideran\u00e7a criativa independente. O procurador\u2011geral da Calif\u00f3rnia, Rob Bonta, e outros colegas ponderam a\u00e7\u00e3o judicial para bloquear o neg\u00f3cio, com apoio de outras jurisdi\u00e7\u00f5es.\" \/>\n<meta property=\"og:url\" content=\"https:\/\/portaltela.pt\/noticias\/2026\/04\/14\/milhares-de-profissionais-contestam-fusao-paramount-warner\/\" \/>\n<meta property=\"og:site_name\" content=\"Portal Tela Portugal\" \/>\n<meta property=\"article:published_time\" content=\"2026-04-14T07:32:09+00:00\" \/>\n<meta name=\"author\" content=\"Telinha\" \/>\n<meta name=\"twitter:card\" content=\"summary_large_image\" \/>\n<meta name=\"twitter:label1\" content=\"Escrito por\" \/>\n\t<meta name=\"twitter:data1\" content=\"Telinha\" \/>\n\t<meta name=\"twitter:label2\" content=\"Tempo estimado de leitura\" \/>\n\t<meta name=\"twitter:data2\" content=\"2 minutos\" \/>\n<script type=\"application\/ld+json\" class=\"yoast-schema-graph\">{\"@context\":\"https:\/\/schema.org\",\"@graph\":[{\"@type\":\"Article\",\"@id\":\"https:\/\/portaltela.pt\/noticias\/2026\/04\/14\/milhares-de-profissionais-contestam-fusao-paramount-warner\/#article\",\"isPartOf\":{\"@id\":\"https:\/\/portaltela.pt\/noticias\/2026\/04\/14\/milhares-de-profissionais-contestam-fusao-paramount-warner\/\"},\"author\":{\"name\":\"Telinha\",\"@id\":\"https:\/\/portaltela.pt\/#\/schema\/person\/c4278d4a6028830caff9ee44b42d32ed\"},\"headline\":\"Milhares de profissionais contestam fus\u00e3o Paramount-Warner\",\"datePublished\":\"2026-04-14T07:32:09+00:00\",\"mainEntityOfPage\":{\"@id\":\"https:\/\/portaltela.pt\/noticias\/2026\/04\/14\/milhares-de-profissionais-contestam-fusao-paramount-warner\/\"},\"wordCount\":391,\"image\":{\"@id\":\"https:\/\/portaltela.pt\/noticias\/2026\/04\/14\/milhares-de-profissionais-contestam-fusao-paramount-warner\/#primaryimage\"},\"thumbnailUrl\":\"https:\/\/portaltela.pt\/s.01k8rhncp4jt1\/2026\/04\/1536x864_cmsv2_0b1eefb6-d402-591d-a614-d74adab24bb7-9720986.jpg\",\"keywords\":[\"cinema\",\"colabora\u00e7\u00e3o internacional\",\"concorr\u00eancia\",\"filmes\",\"ind\u00fastria\",\"internacionais\"],\"articleSection\":[\"Entretenimento\",\"S\u00e9ries e filmes\"],\"inLanguage\":\"pt-PT\"},{\"@type\":\"WebPage\",\"@id\":\"https:\/\/portaltela.pt\/noticias\/2026\/04\/14\/milhares-de-profissionais-contestam-fusao-paramount-warner\/\",\"url\":\"https:\/\/portaltela.pt\/noticias\/2026\/04\/14\/milhares-de-profissionais-contestam-fusao-paramount-warner\/\",\"name\":\"Milhares de profissionais contestam fus\u00e3o Paramount-Warner - Portal Tela Portugal\",\"isPartOf\":{\"@id\":\"https:\/\/portaltela.pt\/#website\"},\"primaryImageOfPage\":{\"@id\":\"https:\/\/portaltela.pt\/noticias\/2026\/04\/14\/milhares-de-profissionais-contestam-fusao-paramount-warner\/#primaryimage\"},\"image\":{\"@id\":\"https:\/\/portaltela.pt\/noticias\/2026\/04\/14\/milhares-de-profissionais-contestam-fusao-paramount-warner\/#primaryimage\"},\"thumbnailUrl\":\"https:\/\/portaltela.pt\/s.01k8rhncp4jt1\/2026\/04\/1536x864_cmsv2_0b1eefb6-d402-591d-a614-d74adab24bb7-9720986.jpg\",\"datePublished\":\"2026-04-14T07:32:09+00:00\",\"author\":{\"@id\":\"https:\/\/portaltela.pt\/#\/schema\/person\/c4278d4a6028830caff9ee44b42d32ed\"},\"breadcrumb\":{\"@id\":\"https:\/\/portaltela.pt\/noticias\/2026\/04\/14\/milhares-de-profissionais-contestam-fusao-paramount-warner\/#breadcrumb\"},\"inLanguage\":\"pt-PT\",\"potentialAction\":[{\"@type\":\"ReadAction\",\"target\":[\"https:\/\/portaltela.pt\/noticias\/2026\/04\/14\/milhares-de-profissionais-contestam-fusao-paramount-warner\/\"]}]},{\"@type\":\"ImageObject\",\"inLanguage\":\"pt-PT\",\"@id\":\"https:\/\/portaltela.pt\/noticias\/2026\/04\/14\/milhares-de-profissionais-contestam-fusao-paramount-warner\/#primaryimage\",\"url\":\"https:\/\/portaltela.pt\/s.01k8rhncp4jt1\/2026\/04\/1536x864_cmsv2_0b1eefb6-d402-591d-a614-d74adab24bb7-9720986.jpg\",\"contentUrl\":\"https:\/\/portaltela.pt\/s.01k8rhncp4jt1\/2026\/04\/1536x864_cmsv2_0b1eefb6-d402-591d-a614-d74adab24bb7-9720986.jpg\",\"width\":796,\"height\":448,\"caption\":\"'Travem a fus\u00e3o': estrelas de Hollywood contra neg\u00f3cio Paramount-Warner\"},{\"@type\":\"BreadcrumbList\",\"@id\":\"https:\/\/portaltela.pt\/noticias\/2026\/04\/14\/milhares-de-profissionais-contestam-fusao-paramount-warner\/#breadcrumb\",\"itemListElement\":[{\"@type\":\"ListItem\",\"position\":1,\"name\":\"In\u00edcio\",\"item\":\"https:\/\/portaltela.pt\/\"},{\"@type\":\"ListItem\",\"position\":2,\"name\":\"Milhares de profissionais contestam fus\u00e3o Paramount-Warner\"}]},{\"@type\":\"WebSite\",\"@id\":\"https:\/\/portaltela.pt\/#website\",\"url\":\"https:\/\/portaltela.pt\/\",\"name\":\"Portal Tela Portugal\",\"description\":\"\",\"potentialAction\":[{\"@type\":\"SearchAction\",\"target\":{\"@type\":\"EntryPoint\",\"urlTemplate\":\"https:\/\/portaltela.pt\/?s={search_term_string}\"},\"query-input\":{\"@type\":\"PropertyValueSpecification\",\"valueRequired\":true,\"valueName\":\"search_term_string\"}}],\"inLanguage\":\"pt-PT\"},{\"@type\":\"Person\",\"@id\":\"https:\/\/portaltela.pt\/#\/schema\/person\/c4278d4a6028830caff9ee44b42d32ed\",\"name\":\"Telinha\",\"image\":{\"@type\":\"ImageObject\",\"inLanguage\":\"pt-PT\",\"@id\":\"https:\/\/portaltela.pt\/s.01k8rhncp4jt1\/2025\/11\/talking-bot-125x125.png\",\"url\":\"https:\/\/portaltela.pt\/s.01k8rhncp4jt1\/2025\/11\/talking-bot-125x125.png\",\"contentUrl\":\"https:\/\/portaltela.pt\/s.01k8rhncp4jt1\/2025\/11\/talking-bot-125x125.png\",\"caption\":\"Telinha\"},\"sameAs\":[\"https:\/\/portaltela.pt\/\"],\"url\":\"https:\/\/portaltela.pt\/por\/367410592786\/\"}]}<\/script>\n<!-- \/ Yoast SEO plugin. -->","yoast_head_json":{"title":"Milhares de profissionais contestam fus\u00e3o Paramount-Warner - Portal Tela Portugal","robots":{"index":"index","follow":"follow","max-snippet":"max-snippet:-1","max-image-preview":"max-image-preview:large","max-video-preview":"max-video-preview:-1"},"og_locale":"pt_PT","og_type":"article","og_title":"Milhares de profissionais contestam fus\u00e3o Paramount-Warner - Portal Tela Portugal","og_description":"Mais de mil estrelas e criativos, entre eles Joaquin Phoenix, Emma Thompson e Javier Bardem, assinaram uma carta aberta contra a fus\u00e3o da Paramount Skydance com a Warner Bros. Discovery. A aquisi\u00e7\u00e3o, avaliada em 111 mil milh\u00f5es de d\u00f3lares, ainda depende da aprova\u00e7\u00e3o dos acionistas e dos reguladores p\u00fablicos. Cr\u00edticos alertam que a opera\u00e7\u00e3o reduziria o n\u00famero de grandes est\u00fadios de cinema nos EUA, com potenciais impactos na qualidade e no emprego. A Paramount afirmou que a fus\u00e3o fortalece a criatividade, comprometendo-se a produzir pelo menos 30 longas\u2011metragens de qualidade por ano e a manter marcas ic\u00f3nicas com lideran\u00e7a criativa independente. O procurador\u2011geral da Calif\u00f3rnia, Rob Bonta, e outros colegas ponderam a\u00e7\u00e3o judicial para bloquear o neg\u00f3cio, com apoio de outras jurisdi\u00e7\u00f5es.","og_url":"https:\/\/portaltela.pt\/noticias\/2026\/04\/14\/milhares-de-profissionais-contestam-fusao-paramount-warner\/","og_site_name":"Portal Tela Portugal","article_published_time":"2026-04-14T07:32:09+00:00","author":"Telinha","twitter_card":"summary_large_image","twitter_misc":{"Escrito por":"Telinha","Tempo estimado de leitura":"2 minutos"},"schema":{"@context":"https:\/\/schema.org","@graph":[{"@type":"Article","@id":"https:\/\/portaltela.pt\/noticias\/2026\/04\/14\/milhares-de-profissionais-contestam-fusao-paramount-warner\/#article","isPartOf":{"@id":"https:\/\/portaltela.pt\/noticias\/2026\/04\/14\/milhares-de-profissionais-contestam-fusao-paramount-warner\/"},"author":{"name":"Telinha","@id":"https:\/\/portaltela.pt\/#\/schema\/person\/c4278d4a6028830caff9ee44b42d32ed"},"headline":"Milhares de profissionais contestam fus\u00e3o Paramount-Warner","datePublished":"2026-04-14T07:32:09+00:00","mainEntityOfPage":{"@id":"https:\/\/portaltela.pt\/noticias\/2026\/04\/14\/milhares-de-profissionais-contestam-fusao-paramount-warner\/"},"wordCount":391,"image":{"@id":"https:\/\/portaltela.pt\/noticias\/2026\/04\/14\/milhares-de-profissionais-contestam-fusao-paramount-warner\/#primaryimage"},"thumbnailUrl":"https:\/\/portaltela.pt\/s.01k8rhncp4jt1\/2026\/04\/1536x864_cmsv2_0b1eefb6-d402-591d-a614-d74adab24bb7-9720986.jpg","keywords":["cinema","colabora\u00e7\u00e3o internacional","concorr\u00eancia","filmes","ind\u00fastria","internacionais"],"articleSection":["Entretenimento","S\u00e9ries e filmes"],"inLanguage":"pt-PT"},{"@type":"WebPage","@id":"https:\/\/portaltela.pt\/noticias\/2026\/04\/14\/milhares-de-profissionais-contestam-fusao-paramount-warner\/","url":"https:\/\/portaltela.pt\/noticias\/2026\/04\/14\/milhares-de-profissionais-contestam-fusao-paramount-warner\/","name":"Milhares de profissionais contestam fus\u00e3o Paramount-Warner - Portal Tela Portugal","isPartOf":{"@id":"https:\/\/portaltela.pt\/#website"},"primaryImageOfPage":{"@id":"https:\/\/portaltela.pt\/noticias\/2026\/04\/14\/milhares-de-profissionais-contestam-fusao-paramount-warner\/#primaryimage"},"image":{"@id":"https:\/\/portaltela.pt\/noticias\/2026\/04\/14\/milhares-de-profissionais-contestam-fusao-paramount-warner\/#primaryimage"},"thumbnailUrl":"https:\/\/portaltela.pt\/s.01k8rhncp4jt1\/2026\/04\/1536x864_cmsv2_0b1eefb6-d402-591d-a614-d74adab24bb7-9720986.jpg","datePublished":"2026-04-14T07:32:09+00:00","author":{"@id":"https:\/\/portaltela.pt\/#\/schema\/person\/c4278d4a6028830caff9ee44b42d32ed"},"breadcrumb":{"@id":"https:\/\/portaltela.pt\/noticias\/2026\/04\/14\/milhares-de-profissionais-contestam-fusao-paramount-warner\/#breadcrumb"},"inLanguage":"pt-PT","potentialAction":[{"@type":"ReadAction","target":["https:\/\/portaltela.pt\/noticias\/2026\/04\/14\/milhares-de-profissionais-contestam-fusao-paramount-warner\/"]}]},{"@type":"ImageObject","inLanguage":"pt-PT","@id":"https:\/\/portaltela.pt\/noticias\/2026\/04\/14\/milhares-de-profissionais-contestam-fusao-paramount-warner\/#primaryimage","url":"https:\/\/portaltela.pt\/s.01k8rhncp4jt1\/2026\/04\/1536x864_cmsv2_0b1eefb6-d402-591d-a614-d74adab24bb7-9720986.jpg","contentUrl":"https:\/\/portaltela.pt\/s.01k8rhncp4jt1\/2026\/04\/1536x864_cmsv2_0b1eefb6-d402-591d-a614-d74adab24bb7-9720986.jpg","width":796,"height":448,"caption":"'Travem a fus\u00e3o': estrelas de Hollywood contra neg\u00f3cio Paramount-Warner"},{"@type":"BreadcrumbList","@id":"https:\/\/portaltela.pt\/noticias\/2026\/04\/14\/milhares-de-profissionais-contestam-fusao-paramount-warner\/#breadcrumb","itemListElement":[{"@type":"ListItem","position":1,"name":"In\u00edcio","item":"https:\/\/portaltela.pt\/"},{"@type":"ListItem","position":2,"name":"Milhares de profissionais contestam fus\u00e3o Paramount-Warner"}]},{"@type":"WebSite","@id":"https:\/\/portaltela.pt\/#website","url":"https:\/\/portaltela.pt\/","name":"Portal Tela Portugal","description":"","potentialAction":[{"@type":"SearchAction","target":{"@type":"EntryPoint","urlTemplate":"https:\/\/portaltela.pt\/?s={search_term_string}"},"query-input":{"@type":"PropertyValueSpecification","valueRequired":true,"valueName":"search_term_string"}}],"inLanguage":"pt-PT"},{"@type":"Person","@id":"https:\/\/portaltela.pt\/#\/schema\/person\/c4278d4a6028830caff9ee44b42d32ed","name":"Telinha","image":{"@type":"ImageObject","inLanguage":"pt-PT","@id":"https:\/\/portaltela.pt\/s.01k8rhncp4jt1\/2025\/11\/talking-bot-125x125.png","url":"https:\/\/portaltela.pt\/s.01k8rhncp4jt1\/2025\/11\/talking-bot-125x125.png","contentUrl":"https:\/\/portaltela.pt\/s.01k8rhncp4jt1\/2025\/11\/talking-bot-125x125.png","caption":"Telinha"},"sameAs":["https:\/\/portaltela.pt\/"],"url":"https:\/\/portaltela.pt\/por\/367410592786\/"}]}},"_links":{"self":[{"href":"https:\/\/portaltela.pt\/api\/wp\/v2\/posts\/443258","targetHints":{"allow":["GET"]}}],"collection":[{"href":"https:\/\/portaltela.pt\/api\/wp\/v2\/posts"}],"about":[{"href":"https:\/\/portaltela.pt\/api\/wp\/v2\/types\/post"}],"author":[{"embeddable":true,"href":"https:\/\/portaltela.pt\/api\/wp\/v2\/users\/2"}],"replies":[{"embeddable":true,"href":"https:\/\/portaltela.pt\/api\/wp\/v2\/comments?post=443258"}],"version-history":[{"count":0,"href":"https:\/\/portaltela.pt\/api\/wp\/v2\/posts\/443258\/revisions"}],"wp:featuredmedia":[{"embeddable":true,"href":"https:\/\/portaltela.pt\/api\/wp\/v2\/media\/443267"}],"wp:attachment":[{"href":"https:\/\/portaltela.pt\/api\/wp\/v2\/media?parent=443258"}],"wp:term":[{"taxonomy":"category","embeddable":true,"href":"https:\/\/portaltela.pt\/api\/wp\/v2\/categories?post=443258"},{"taxonomy":"post_tag","embeddable":true,"href":"https:\/\/portaltela.pt\/api\/wp\/v2\/tags?post=443258"}],"curies":[{"name":"wp","href":"https:\/\/api.w.org\/{rel}","templated":true}]}}