{"id":443255,"date":"2026-04-14T04:32:08","date_gmt":"2026-04-14T07:32:08","guid":{"rendered":"https:\/\/portaltela.pt\/noticias\/2026\/04\/14\/tunel-da-avenida-joao-xxi-em-lisboa-fechado-para-obras-ate-fev-2027\/"},"modified":"2026-04-14T04:32:08","modified_gmt":"2026-04-14T07:32:08","slug":"tunel-da-avenida-joao-xxi-em-lisboa-fechado-para-obras-ate-fev-2027","status":"publish","type":"post","link":"https:\/\/portaltela.pt\/noticias\/politica\/2026\/04\/14\/tunel-da-avenida-joao-xxi-em-lisboa-fechado-para-obras-ate-fev-2027\/","title":{"rendered":"T\u00fanel da Avenida Jo\u00e3o XXI, em Lisboa, fechado para obras at\u00e9 fev. 2027"},"content":{"rendered":"<p>O t\u00fanel da Avenida Jo\u00e3o XXI, em Lisboa, permanece encerrado para obras e dever\u00e1 reabrir em Fevereiro de 2027. A interven\u00e7\u00e3o tem como objetivo refor\u00e7ar a estrutura, melhorar as condi\u00e7\u00f5es de seguran\u00e7a contra inc\u00eandios e aumentar a seguran\u00e7a rodovi\u00e1ria.<\/p>\n<p>A obra, or\u00e7ada em mais de 7,6 milh\u00f5es de euros, decorre cinco anos depois de ter sido aprovada pela verea\u00e7\u00e3o e mais de ano e meio ap\u00f3s o contrato com o cons\u00f3rcio vencedor ter sido assinado. O encerramento decorre nesta ter\u00e7a-feira e marca o in\u00edcio de uma primeira fase.<\/p>\n<p>O encerramento nasce na sequ\u00eancia de falhas de seguran\u00e7a identificadas no t\u00fanel, ap\u00f3s um inc\u00eandio ocorrido em setembro de 2020. O incidente provocou p\u00e2nico entre condutores e levou ao corte total da circula\u00e7\u00e3o por duas semanas.<\/p>\n<h3>Impactos e fases seguintes<\/h3>\n<p>A primeira fase visa refor\u00e7o estrutural e melhorias de seguran\u00e7a, com foco na prote\u00e7\u00e3o contra inc\u00eandios. A segunda fase, prevista para 14 meses, n\u00e3o dever\u00e1 obrigar ao corte total da circula\u00e7\u00e3o, mas acentuar\u00e1 perturba\u00e7\u00f5es na Avenida de Roma e \u00e1reas adjacentes, afetando com\u00e9rcio, habita\u00e7\u00e3o e servi\u00e7os, segundo a C\u00e2mara de Lisboa.<\/p>\n<p>Durante o inc\u00eandio de 2020, o t\u00fanel ficou fechado por duas semanas. Reabriu parcialmente, com uma via por sentido, e circula\u00e7\u00e3o noturna proibida entre as 21h e as 6h, com velocidade reduzida a 30 km\/h e proibi\u00e7\u00e3o de ve\u00edculos pesados. Em meados de 2021, o tr\u00e1fego voltou a normalizar parcialmente.<\/p>\n<h3>Cronograma e consequ\u00eancias para o tr\u00e2nsito<\/h3>\n<p>A obra tem in\u00edcio imediato, com reabertura prevista apenas para Fevereiro de 2027. O executivo municipal afirma que a segunda fase mant\u00e9m a circula\u00e7\u00e3o, mas com desvios e impactos na zona envolvente, sem detalhar hor\u00e1rios espec\u00edficos de cada altera\u00e7\u00e3o.<\/p>\n","protected":false},"excerpt":{"rendered":"<ul>\n<li>O t\u00fanel da Avenida Jo\u00e3o XXI, em Lisboa, encerrou para obras at\u00e9 fevereiro de 2027.<\/li>\n<li>A interven\u00e7\u00e3o tem como objetivo refor\u00e7o estrutural, melhoria da seguran\u00e7a contra inc\u00eandios e aumento da seguran\u00e7a rodovi\u00e1ria.<\/li>\n<li>A primeira fase dura 14 meses, mas n\u00e3o dever\u00e1 exigir o fecho da circula\u00e7\u00e3o do t\u00fanel na totalidade.<\/li>\n<li>Na fase posterior, previstas altera\u00e7\u00f5es na Avenida de Roma com impactos no com\u00e9rcio, habita\u00e7\u00e3o e servi\u00e7os, conforme a C\u00e2mara de Lisboa.<\/li>\n<li>O custo da empreitada \u00e9 superior a 7,6 milh\u00f5es de euros e surge ap\u00f3s um inc\u00eandio grave em setembro de 2020 que evidenciou falhas de seguran\u00e7a.<\/li>\n<\/ul>\n","protected":false},"author":2,"featured_media":443262,"comment_status":"closed","ping_status":"closed","sticky":false,"template":"","format":"standard","meta":{"footnotes":""},"categories":[1,5],"tags":[7974,7878,7981,2698,5691,192],"class_list":["post-443255","post","type-post","status-publish","format-standard","has-post-thumbnail","hentry","category-noticias","category-politica","tag-_lisboa","tag-_seguranca-publica","tag-_seguranca-rodoviaria","tag-infraestruturas-de-portugal","tag-obras","tag-transporte"],"yoast_head":"<!-- This site is optimized with the Yoast SEO plugin v27.2 - https:\/\/yoast.com\/product\/yoast-seo-wordpress\/ -->\n<title>T\u00fanel da Avenida Jo\u00e3o XXI, em Lisboa, fechado para obras at\u00e9 fev. 2027 - Portal Tela Portugal<\/title>\n<meta name=\"robots\" content=\"index, follow, max-snippet:-1, max-image-preview:large, max-video-preview:-1\" \/>\n<meta property=\"og:locale\" content=\"pt_PT\" \/>\n<meta property=\"og:type\" content=\"article\" \/>\n<meta property=\"og:title\" content=\"T\u00fanel da Avenida Jo\u00e3o XXI, em Lisboa, fechado para obras at\u00e9 fev. 2027 - Portal Tela Portugal\" \/>\n<meta property=\"og:description\" content=\"O t\u00fanel da Avenida Jo\u00e3o XXI, em Lisboa, encerrou para obras at\u00e9 fevereiro de 2027. A interven\u00e7\u00e3o tem como objetivo refor\u00e7o estrutural, melhoria da seguran\u00e7a contra inc\u00eandios e aumento da seguran\u00e7a rodovi\u00e1ria. A primeira fase dura 14 meses, mas n\u00e3o dever\u00e1 exigir o fecho da circula\u00e7\u00e3o do t\u00fanel na totalidade. Na fase posterior, previstas altera\u00e7\u00f5es na Avenida de Roma com impactos no com\u00e9rcio, habita\u00e7\u00e3o e servi\u00e7os, conforme a C\u00e2mara de Lisboa. O custo da empreitada \u00e9 superior a 7,6 milh\u00f5es de euros e surge ap\u00f3s um inc\u00eandio grave em setembro de 2020 que evidenciou falhas de seguran\u00e7a.\" \/>\n<meta property=\"og:url\" content=\"https:\/\/portaltela.pt\/noticias\/2026\/04\/14\/tunel-da-avenida-joao-xxi-em-lisboa-fechado-para-obras-ate-fev-2027\/\" \/>\n<meta property=\"og:site_name\" content=\"Portal Tela Portugal\" \/>\n<meta property=\"article:published_time\" content=\"2026-04-14T07:32:08+00:00\" \/>\n<meta name=\"author\" content=\"Telinha\" \/>\n<meta name=\"twitter:card\" content=\"summary_large_image\" \/>\n<meta name=\"twitter:label1\" content=\"Escrito por\" \/>\n\t<meta name=\"twitter:data1\" content=\"Telinha\" \/>\n\t<meta name=\"twitter:label2\" content=\"Tempo estimado de leitura\" \/>\n\t<meta name=\"twitter:data2\" content=\"2 minutos\" \/>\n<script type=\"application\/ld+json\" class=\"yoast-schema-graph\">{\"@context\":\"https:\/\/schema.org\",\"@graph\":[{\"@type\":\"Article\",\"@id\":\"https:\/\/portaltela.pt\/noticias\/2026\/04\/14\/tunel-da-avenida-joao-xxi-em-lisboa-fechado-para-obras-ate-fev-2027\/#article\",\"isPartOf\":{\"@id\":\"https:\/\/portaltela.pt\/noticias\/2026\/04\/14\/tunel-da-avenida-joao-xxi-em-lisboa-fechado-para-obras-ate-fev-2027\/\"},\"author\":{\"name\":\"Telinha\",\"@id\":\"https:\/\/portaltela.pt\/#\/schema\/person\/c4278d4a6028830caff9ee44b42d32ed\"},\"headline\":\"T\u00fanel da Avenida Jo\u00e3o XXI, em Lisboa, fechado para obras at\u00e9 fev. 2027\",\"datePublished\":\"2026-04-14T07:32:08+00:00\",\"mainEntityOfPage\":{\"@id\":\"https:\/\/portaltela.pt\/noticias\/2026\/04\/14\/tunel-da-avenida-joao-xxi-em-lisboa-fechado-para-obras-ate-fev-2027\/\"},\"wordCount\":329,\"image\":{\"@id\":\"https:\/\/portaltela.pt\/noticias\/2026\/04\/14\/tunel-da-avenida-joao-xxi-em-lisboa-fechado-para-obras-ate-fev-2027\/#primaryimage\"},\"thumbnailUrl\":\"https:\/\/portaltela.pt\/s.01k8rhncp4jt1\/2026\/04\/2081103.jpg\",\"keywords\":[\"_Lisboa\",\"_seguran\u00e7a p\u00fablica\",\"_seguran\u00e7a rodovi\u00e1ria\",\"Infraestruturas de Portugal\",\"obras\",\"transporte\"],\"articleSection\":[\"Not\u00edcias\",\"Pol\u00edtica\"],\"inLanguage\":\"pt-PT\"},{\"@type\":\"WebPage\",\"@id\":\"https:\/\/portaltela.pt\/noticias\/2026\/04\/14\/tunel-da-avenida-joao-xxi-em-lisboa-fechado-para-obras-ate-fev-2027\/\",\"url\":\"https:\/\/portaltela.pt\/noticias\/2026\/04\/14\/tunel-da-avenida-joao-xxi-em-lisboa-fechado-para-obras-ate-fev-2027\/\",\"name\":\"T\u00fanel da Avenida Jo\u00e3o XXI, em Lisboa, fechado para obras at\u00e9 fev. 2027 - Portal Tela Portugal\",\"isPartOf\":{\"@id\":\"https:\/\/portaltela.pt\/#website\"},\"primaryImageOfPage\":{\"@id\":\"https:\/\/portaltela.pt\/noticias\/2026\/04\/14\/tunel-da-avenida-joao-xxi-em-lisboa-fechado-para-obras-ate-fev-2027\/#primaryimage\"},\"image\":{\"@id\":\"https:\/\/portaltela.pt\/noticias\/2026\/04\/14\/tunel-da-avenida-joao-xxi-em-lisboa-fechado-para-obras-ate-fev-2027\/#primaryimage\"},\"thumbnailUrl\":\"https:\/\/portaltela.pt\/s.01k8rhncp4jt1\/2026\/04\/2081103.jpg\",\"datePublished\":\"2026-04-14T07:32:08+00:00\",\"author\":{\"@id\":\"https:\/\/portaltela.pt\/#\/schema\/person\/c4278d4a6028830caff9ee44b42d32ed\"},\"breadcrumb\":{\"@id\":\"https:\/\/portaltela.pt\/noticias\/2026\/04\/14\/tunel-da-avenida-joao-xxi-em-lisboa-fechado-para-obras-ate-fev-2027\/#breadcrumb\"},\"inLanguage\":\"pt-PT\",\"potentialAction\":[{\"@type\":\"ReadAction\",\"target\":[\"https:\/\/portaltela.pt\/noticias\/2026\/04\/14\/tunel-da-avenida-joao-xxi-em-lisboa-fechado-para-obras-ate-fev-2027\/\"]}]},{\"@type\":\"ImageObject\",\"inLanguage\":\"pt-PT\",\"@id\":\"https:\/\/portaltela.pt\/noticias\/2026\/04\/14\/tunel-da-avenida-joao-xxi-em-lisboa-fechado-para-obras-ate-fev-2027\/#primaryimage\",\"url\":\"https:\/\/portaltela.pt\/s.01k8rhncp4jt1\/2026\/04\/2081103.jpg\",\"contentUrl\":\"https:\/\/portaltela.pt\/s.01k8rhncp4jt1\/2026\/04\/2081103.jpg\",\"width\":796,\"height\":448,\"caption\":\"A interven\u00e7\u00e3o tem como objectivos principais o refor\u00e7o estrutural e o aumento das condi\u00e7\u00f5es de seguran\u00e7a contra inc\u00eandios\"},{\"@type\":\"BreadcrumbList\",\"@id\":\"https:\/\/portaltela.pt\/noticias\/2026\/04\/14\/tunel-da-avenida-joao-xxi-em-lisboa-fechado-para-obras-ate-fev-2027\/#breadcrumb\",\"itemListElement\":[{\"@type\":\"ListItem\",\"position\":1,\"name\":\"In\u00edcio\",\"item\":\"https:\/\/portaltela.pt\/\"},{\"@type\":\"ListItem\",\"position\":2,\"name\":\"T\u00fanel da Avenida Jo\u00e3o XXI, em Lisboa, fechado para obras at\u00e9 fev. 2027\"}]},{\"@type\":\"WebSite\",\"@id\":\"https:\/\/portaltela.pt\/#website\",\"url\":\"https:\/\/portaltela.pt\/\",\"name\":\"Portal Tela Portugal\",\"description\":\"\",\"potentialAction\":[{\"@type\":\"SearchAction\",\"target\":{\"@type\":\"EntryPoint\",\"urlTemplate\":\"https:\/\/portaltela.pt\/?s={search_term_string}\"},\"query-input\":{\"@type\":\"PropertyValueSpecification\",\"valueRequired\":true,\"valueName\":\"search_term_string\"}}],\"inLanguage\":\"pt-PT\"},{\"@type\":\"Person\",\"@id\":\"https:\/\/portaltela.pt\/#\/schema\/person\/c4278d4a6028830caff9ee44b42d32ed\",\"name\":\"Telinha\",\"image\":{\"@type\":\"ImageObject\",\"inLanguage\":\"pt-PT\",\"@id\":\"https:\/\/portaltela.pt\/s.01k8rhncp4jt1\/2025\/11\/talking-bot-125x125.png\",\"url\":\"https:\/\/portaltela.pt\/s.01k8rhncp4jt1\/2025\/11\/talking-bot-125x125.png\",\"contentUrl\":\"https:\/\/portaltela.pt\/s.01k8rhncp4jt1\/2025\/11\/talking-bot-125x125.png\",\"caption\":\"Telinha\"},\"sameAs\":[\"https:\/\/portaltela.pt\/\"],\"url\":\"https:\/\/portaltela.pt\/por\/367410592786\/\"}]}<\/script>\n<!-- \/ Yoast SEO plugin. -->","yoast_head_json":{"title":"T\u00fanel da Avenida Jo\u00e3o XXI, em Lisboa, fechado para obras at\u00e9 fev. 2027 - Portal Tela Portugal","robots":{"index":"index","follow":"follow","max-snippet":"max-snippet:-1","max-image-preview":"max-image-preview:large","max-video-preview":"max-video-preview:-1"},"og_locale":"pt_PT","og_type":"article","og_title":"T\u00fanel da Avenida Jo\u00e3o XXI, em Lisboa, fechado para obras at\u00e9 fev. 2027 - Portal Tela Portugal","og_description":"O t\u00fanel da Avenida Jo\u00e3o XXI, em Lisboa, encerrou para obras at\u00e9 fevereiro de 2027. A interven\u00e7\u00e3o tem como objetivo refor\u00e7o estrutural, melhoria da seguran\u00e7a contra inc\u00eandios e aumento da seguran\u00e7a rodovi\u00e1ria. A primeira fase dura 14 meses, mas n\u00e3o dever\u00e1 exigir o fecho da circula\u00e7\u00e3o do t\u00fanel na totalidade. Na fase posterior, previstas altera\u00e7\u00f5es na Avenida de Roma com impactos no com\u00e9rcio, habita\u00e7\u00e3o e servi\u00e7os, conforme a C\u00e2mara de Lisboa. O custo da empreitada \u00e9 superior a 7,6 milh\u00f5es de euros e surge ap\u00f3s um inc\u00eandio grave em setembro de 2020 que evidenciou falhas de seguran\u00e7a.","og_url":"https:\/\/portaltela.pt\/noticias\/2026\/04\/14\/tunel-da-avenida-joao-xxi-em-lisboa-fechado-para-obras-ate-fev-2027\/","og_site_name":"Portal Tela Portugal","article_published_time":"2026-04-14T07:32:08+00:00","author":"Telinha","twitter_card":"summary_large_image","twitter_misc":{"Escrito por":"Telinha","Tempo estimado de leitura":"2 minutos"},"schema":{"@context":"https:\/\/schema.org","@graph":[{"@type":"Article","@id":"https:\/\/portaltela.pt\/noticias\/2026\/04\/14\/tunel-da-avenida-joao-xxi-em-lisboa-fechado-para-obras-ate-fev-2027\/#article","isPartOf":{"@id":"https:\/\/portaltela.pt\/noticias\/2026\/04\/14\/tunel-da-avenida-joao-xxi-em-lisboa-fechado-para-obras-ate-fev-2027\/"},"author":{"name":"Telinha","@id":"https:\/\/portaltela.pt\/#\/schema\/person\/c4278d4a6028830caff9ee44b42d32ed"},"headline":"T\u00fanel da Avenida Jo\u00e3o XXI, em Lisboa, fechado para obras at\u00e9 fev. 2027","datePublished":"2026-04-14T07:32:08+00:00","mainEntityOfPage":{"@id":"https:\/\/portaltela.pt\/noticias\/2026\/04\/14\/tunel-da-avenida-joao-xxi-em-lisboa-fechado-para-obras-ate-fev-2027\/"},"wordCount":329,"image":{"@id":"https:\/\/portaltela.pt\/noticias\/2026\/04\/14\/tunel-da-avenida-joao-xxi-em-lisboa-fechado-para-obras-ate-fev-2027\/#primaryimage"},"thumbnailUrl":"https:\/\/portaltela.pt\/s.01k8rhncp4jt1\/2026\/04\/2081103.jpg","keywords":["_Lisboa","_seguran\u00e7a p\u00fablica","_seguran\u00e7a rodovi\u00e1ria","Infraestruturas de Portugal","obras","transporte"],"articleSection":["Not\u00edcias","Pol\u00edtica"],"inLanguage":"pt-PT"},{"@type":"WebPage","@id":"https:\/\/portaltela.pt\/noticias\/2026\/04\/14\/tunel-da-avenida-joao-xxi-em-lisboa-fechado-para-obras-ate-fev-2027\/","url":"https:\/\/portaltela.pt\/noticias\/2026\/04\/14\/tunel-da-avenida-joao-xxi-em-lisboa-fechado-para-obras-ate-fev-2027\/","name":"T\u00fanel da Avenida Jo\u00e3o XXI, em Lisboa, fechado para obras at\u00e9 fev. 2027 - Portal Tela Portugal","isPartOf":{"@id":"https:\/\/portaltela.pt\/#website"},"primaryImageOfPage":{"@id":"https:\/\/portaltela.pt\/noticias\/2026\/04\/14\/tunel-da-avenida-joao-xxi-em-lisboa-fechado-para-obras-ate-fev-2027\/#primaryimage"},"image":{"@id":"https:\/\/portaltela.pt\/noticias\/2026\/04\/14\/tunel-da-avenida-joao-xxi-em-lisboa-fechado-para-obras-ate-fev-2027\/#primaryimage"},"thumbnailUrl":"https:\/\/portaltela.pt\/s.01k8rhncp4jt1\/2026\/04\/2081103.jpg","datePublished":"2026-04-14T07:32:08+00:00","author":{"@id":"https:\/\/portaltela.pt\/#\/schema\/person\/c4278d4a6028830caff9ee44b42d32ed"},"breadcrumb":{"@id":"https:\/\/portaltela.pt\/noticias\/2026\/04\/14\/tunel-da-avenida-joao-xxi-em-lisboa-fechado-para-obras-ate-fev-2027\/#breadcrumb"},"inLanguage":"pt-PT","potentialAction":[{"@type":"ReadAction","target":["https:\/\/portaltela.pt\/noticias\/2026\/04\/14\/tunel-da-avenida-joao-xxi-em-lisboa-fechado-para-obras-ate-fev-2027\/"]}]},{"@type":"ImageObject","inLanguage":"pt-PT","@id":"https:\/\/portaltela.pt\/noticias\/2026\/04\/14\/tunel-da-avenida-joao-xxi-em-lisboa-fechado-para-obras-ate-fev-2027\/#primaryimage","url":"https:\/\/portaltela.pt\/s.01k8rhncp4jt1\/2026\/04\/2081103.jpg","contentUrl":"https:\/\/portaltela.pt\/s.01k8rhncp4jt1\/2026\/04\/2081103.jpg","width":796,"height":448,"caption":"A interven\u00e7\u00e3o tem como objectivos principais o refor\u00e7o estrutural e o aumento das condi\u00e7\u00f5es de seguran\u00e7a contra inc\u00eandios"},{"@type":"BreadcrumbList","@id":"https:\/\/portaltela.pt\/noticias\/2026\/04\/14\/tunel-da-avenida-joao-xxi-em-lisboa-fechado-para-obras-ate-fev-2027\/#breadcrumb","itemListElement":[{"@type":"ListItem","position":1,"name":"In\u00edcio","item":"https:\/\/portaltela.pt\/"},{"@type":"ListItem","position":2,"name":"T\u00fanel da Avenida Jo\u00e3o XXI, em Lisboa, fechado para obras at\u00e9 fev. 2027"}]},{"@type":"WebSite","@id":"https:\/\/portaltela.pt\/#website","url":"https:\/\/portaltela.pt\/","name":"Portal Tela Portugal","description":"","potentialAction":[{"@type":"SearchAction","target":{"@type":"EntryPoint","urlTemplate":"https:\/\/portaltela.pt\/?s={search_term_string}"},"query-input":{"@type":"PropertyValueSpecification","valueRequired":true,"valueName":"search_term_string"}}],"inLanguage":"pt-PT"},{"@type":"Person","@id":"https:\/\/portaltela.pt\/#\/schema\/person\/c4278d4a6028830caff9ee44b42d32ed","name":"Telinha","image":{"@type":"ImageObject","inLanguage":"pt-PT","@id":"https:\/\/portaltela.pt\/s.01k8rhncp4jt1\/2025\/11\/talking-bot-125x125.png","url":"https:\/\/portaltela.pt\/s.01k8rhncp4jt1\/2025\/11\/talking-bot-125x125.png","contentUrl":"https:\/\/portaltela.pt\/s.01k8rhncp4jt1\/2025\/11\/talking-bot-125x125.png","caption":"Telinha"},"sameAs":["https:\/\/portaltela.pt\/"],"url":"https:\/\/portaltela.pt\/por\/367410592786\/"}]}},"_links":{"self":[{"href":"https:\/\/portaltela.pt\/api\/wp\/v2\/posts\/443255","targetHints":{"allow":["GET"]}}],"collection":[{"href":"https:\/\/portaltela.pt\/api\/wp\/v2\/posts"}],"about":[{"href":"https:\/\/portaltela.pt\/api\/wp\/v2\/types\/post"}],"author":[{"embeddable":true,"href":"https:\/\/portaltela.pt\/api\/wp\/v2\/users\/2"}],"replies":[{"embeddable":true,"href":"https:\/\/portaltela.pt\/api\/wp\/v2\/comments?post=443255"}],"version-history":[{"count":0,"href":"https:\/\/portaltela.pt\/api\/wp\/v2\/posts\/443255\/revisions"}],"wp:featuredmedia":[{"embeddable":true,"href":"https:\/\/portaltela.pt\/api\/wp\/v2\/media\/443262"}],"wp:attachment":[{"href":"https:\/\/portaltela.pt\/api\/wp\/v2\/media?parent=443255"}],"wp:term":[{"taxonomy":"category","embeddable":true,"href":"https:\/\/portaltela.pt\/api\/wp\/v2\/categories?post=443255"},{"taxonomy":"post_tag","embeddable":true,"href":"https:\/\/portaltela.pt\/api\/wp\/v2\/tags?post=443255"}],"curies":[{"name":"wp","href":"https:\/\/api.w.org\/{rel}","templated":true}]}}