{"id":443241,"date":"2026-04-14T04:17:07","date_gmt":"2026-04-14T07:17:07","guid":{"rendered":"https:\/\/portaltela.pt\/noticias\/2026\/04\/14\/argelia-papa-leao-xiv-celebra-missa-historica-na-basilica-sob-a-chuva\/"},"modified":"2026-04-14T04:17:07","modified_gmt":"2026-04-14T07:17:07","slug":"argelia-papa-leao-xiv-celebra-missa-historica-na-basilica-sob-a-chuva","status":"publish","type":"post","link":"https:\/\/portaltela.pt\/noticias\/2026\/04\/14\/argelia-papa-leao-xiv-celebra-missa-historica-na-basilica-sob-a-chuva\/","title":{"rendered":"Arg\u00e9lia: Papa Le\u00e3o XIV celebra missa hist\u00f3rica na bas\u00edlica sob a chuva"},"content":{"rendered":"<p>O Papa Le\u00e3o XIV iniciou, em Argel, Arg\u00e9lia, a sua primeira visita ao pa\u00eds com uma missa na Bas\u00edlica de Nossa Senhora de \u00c1frica. Apesar da chuva, a cerim\u00f3nia reuniu clero e fi\u00e9is na bas\u00edlica situada no topo de uma colina com vista para o Mediterr\u00e2neo.<\/p>\n<p>A audi\u00eancia contou com a presen\u00e7a do cardeal Jean-Paul Vesco, arcebispo de Argel, anfitri\u00e3o da visita. Vesco \u00e9 reconhecido pelo impulso ao di\u00e1logo inter-religioso entre crist\u00e3os e mu\u00e7ulmanos no pa\u00eds.<\/p>\n<p>A Arg\u00e9lia tem uma comunidade cat\u00f3lica estimada em cerca de 9 000 pessoas, maioritariamente estrangeiras. A bas\u00edlica \u00e9 um espa\u00e7o de encontro inter-religioso, e o Papa associou a mensagem a Santo Agostinho, nascido na regi\u00e3o.<\/p>\n<h3>Itiner\u00e1rio e contexto<\/h3>\n<p>Nesta primeira etapa, o Papa refor\u00e7ou a import\u00e2ncia do di\u00e1logo e da coexist\u00eancia em tempos de tens\u00f5es globais, sublinhando a paz entre comunidades religiosas. A digress\u00e3o de 11 dias segue por quatro pa\u00edses africanos.<\/p>\n<p>Amanh\u00e3, 15 de abril, Le\u00e3o XIV segue para Annaba, antiga Hipona, onde Agostinho liderou o minist\u00e9rio por quase tr\u00eas d\u00e9cadas. O Vaticano destaca o papel crescente de \u00c1frica na Igreja Cat\u00f3lica a n\u00edvel mundial.<\/p>\n","protected":false},"excerpt":{"rendered":"<ul>\n<li>O Papa Le\u00e3o XIV chegou \u00e0 Arg\u00e9lia na segunda-feira, 14 de abril, para uma missa na Bas\u00edlica de Nossa Senhora de \u00c1frica, em Argel, na primeira visita papal ao pa\u00eds.<\/li>\n<li>A missa ocorreu sob chuva e marcou o in\u00edcio de uma digress\u00e3o de 11 dias por quatro pa\u00edses africanos.<\/li>\n<li>A visita visa fortalecer as rela\u00e7\u00f5es entre crist\u00e3os e mu\u00e7ulmanos num pa\u00eds com cerca de 47 milh\u00f5es de habitantes.<\/li>\n<li>O Papa foi recebido pelo cardeal Jean-Paul Vesco, arcebispo de Argel, e visitou locais religiosos e simb\u00f3licos, incluindo a bas\u00edlica.<\/li>\n<li>Na ter\u00e7a-feira, 15 de abril, segue para Annaba, antiga Hipona, onde Agostinho exerceu o minist\u00e9rio; o Vaticano afirma que a viagem sublinha o papel crescente de \u00c1frica na Igreja Cat\u00f3lica.<\/li>\n<\/ul>\n","protected":false},"author":2,"featured_media":443245,"comment_status":"closed","ping_status":"closed","sticky":false,"template":"","format":"standard","meta":{"footnotes":""},"categories":[6912,1],"tags":[7977,8145,7956,7957,8180,8010],"class_list":["post-443241","post","type-post","status-publish","format-standard","has-post-thumbnail","hentry","category-internacionais","category-noticias","tag-_africa","tag-_assuntos-internacionais","tag-_catolico","tag-_catolicos","tag-_cristianismo","tag-_igreja"],"yoast_head":"<!-- This site is optimized with the Yoast SEO plugin v27.2 - https:\/\/yoast.com\/product\/yoast-seo-wordpress\/ -->\n<title>Arg\u00e9lia: Papa Le\u00e3o XIV celebra missa hist\u00f3rica na bas\u00edlica sob a chuva - Portal Tela Portugal<\/title>\n<meta name=\"robots\" content=\"index, follow, max-snippet:-1, max-image-preview:large, max-video-preview:-1\" \/>\n<meta property=\"og:locale\" content=\"pt_PT\" \/>\n<meta property=\"og:type\" content=\"article\" \/>\n<meta property=\"og:title\" content=\"Arg\u00e9lia: Papa Le\u00e3o XIV celebra missa hist\u00f3rica na bas\u00edlica sob a chuva - Portal Tela Portugal\" \/>\n<meta property=\"og:description\" content=\"O Papa Le\u00e3o XIV chegou \u00e0 Arg\u00e9lia na segunda-feira, 14 de abril, para uma missa na Bas\u00edlica de Nossa Senhora de \u00c1frica, em Argel, na primeira visita papal ao pa\u00eds. A missa ocorreu sob chuva e marcou o in\u00edcio de uma digress\u00e3o de 11 dias por quatro pa\u00edses africanos. A visita visa fortalecer as rela\u00e7\u00f5es entre crist\u00e3os e mu\u00e7ulmanos num pa\u00eds com cerca de 47 milh\u00f5es de habitantes. O Papa foi recebido pelo cardeal Jean-Paul Vesco, arcebispo de Argel, e visitou locais religiosos e simb\u00f3licos, incluindo a bas\u00edlica. Na ter\u00e7a-feira, 15 de abril, segue para Annaba, antiga Hipona, onde Agostinho exerceu o minist\u00e9rio; o Vaticano afirma que a viagem sublinha o papel crescente de \u00c1frica na Igreja Cat\u00f3lica.\" \/>\n<meta property=\"og:url\" content=\"https:\/\/portaltela.pt\/noticias\/2026\/04\/14\/argelia-papa-leao-xiv-celebra-missa-historica-na-basilica-sob-a-chuva\/\" \/>\n<meta property=\"og:site_name\" content=\"Portal Tela Portugal\" \/>\n<meta property=\"article:published_time\" content=\"2026-04-14T07:17:07+00:00\" \/>\n<meta name=\"author\" content=\"Telinha\" \/>\n<meta name=\"twitter:card\" content=\"summary_large_image\" \/>\n<meta name=\"twitter:label1\" content=\"Escrito por\" \/>\n\t<meta name=\"twitter:data1\" content=\"Telinha\" \/>\n\t<meta name=\"twitter:label2\" content=\"Tempo estimado de leitura\" \/>\n\t<meta name=\"twitter:data2\" content=\"1 minuto\" \/>\n<script type=\"application\/ld+json\" class=\"yoast-schema-graph\">{\"@context\":\"https:\/\/schema.org\",\"@graph\":[{\"@type\":\"Article\",\"@id\":\"https:\/\/portaltela.pt\/noticias\/2026\/04\/14\/argelia-papa-leao-xiv-celebra-missa-historica-na-basilica-sob-a-chuva\/#article\",\"isPartOf\":{\"@id\":\"https:\/\/portaltela.pt\/noticias\/2026\/04\/14\/argelia-papa-leao-xiv-celebra-missa-historica-na-basilica-sob-a-chuva\/\"},\"author\":{\"name\":\"Telinha\",\"@id\":\"https:\/\/portaltela.pt\/#\/schema\/person\/c4278d4a6028830caff9ee44b42d32ed\"},\"headline\":\"Arg\u00e9lia: Papa Le\u00e3o XIV celebra missa hist\u00f3rica na bas\u00edlica sob a chuva\",\"datePublished\":\"2026-04-14T07:17:07+00:00\",\"mainEntityOfPage\":{\"@id\":\"https:\/\/portaltela.pt\/noticias\/2026\/04\/14\/argelia-papa-leao-xiv-celebra-missa-historica-na-basilica-sob-a-chuva\/\"},\"wordCount\":226,\"image\":{\"@id\":\"https:\/\/portaltela.pt\/noticias\/2026\/04\/14\/argelia-papa-leao-xiv-celebra-missa-historica-na-basilica-sob-a-chuva\/#primaryimage\"},\"thumbnailUrl\":\"https:\/\/portaltela.pt\/s.01k8rhncp4jt1\/2026\/04\/1536x864_cmsv2_75723eae-6057-584d-baf0-be42bb6f0ecd-9720944.jpg\",\"keywords\":[\"_\u00c1frica\",\"_assuntos internacionais\",\"_cat\u00f3lico\",\"_cat\u00f3licos\",\"_cristianismo\",\"_igreja\"],\"articleSection\":[\"Internacionais\",\"Not\u00edcias\"],\"inLanguage\":\"pt-PT\"},{\"@type\":\"WebPage\",\"@id\":\"https:\/\/portaltela.pt\/noticias\/2026\/04\/14\/argelia-papa-leao-xiv-celebra-missa-historica-na-basilica-sob-a-chuva\/\",\"url\":\"https:\/\/portaltela.pt\/noticias\/2026\/04\/14\/argelia-papa-leao-xiv-celebra-missa-historica-na-basilica-sob-a-chuva\/\",\"name\":\"Arg\u00e9lia: Papa Le\u00e3o XIV celebra missa hist\u00f3rica na bas\u00edlica sob a chuva - Portal Tela Portugal\",\"isPartOf\":{\"@id\":\"https:\/\/portaltela.pt\/#website\"},\"primaryImageOfPage\":{\"@id\":\"https:\/\/portaltela.pt\/noticias\/2026\/04\/14\/argelia-papa-leao-xiv-celebra-missa-historica-na-basilica-sob-a-chuva\/#primaryimage\"},\"image\":{\"@id\":\"https:\/\/portaltela.pt\/noticias\/2026\/04\/14\/argelia-papa-leao-xiv-celebra-missa-historica-na-basilica-sob-a-chuva\/#primaryimage\"},\"thumbnailUrl\":\"https:\/\/portaltela.pt\/s.01k8rhncp4jt1\/2026\/04\/1536x864_cmsv2_75723eae-6057-584d-baf0-be42bb6f0ecd-9720944.jpg\",\"datePublished\":\"2026-04-14T07:17:07+00:00\",\"author\":{\"@id\":\"https:\/\/portaltela.pt\/#\/schema\/person\/c4278d4a6028830caff9ee44b42d32ed\"},\"breadcrumb\":{\"@id\":\"https:\/\/portaltela.pt\/noticias\/2026\/04\/14\/argelia-papa-leao-xiv-celebra-missa-historica-na-basilica-sob-a-chuva\/#breadcrumb\"},\"inLanguage\":\"pt-PT\",\"potentialAction\":[{\"@type\":\"ReadAction\",\"target\":[\"https:\/\/portaltela.pt\/noticias\/2026\/04\/14\/argelia-papa-leao-xiv-celebra-missa-historica-na-basilica-sob-a-chuva\/\"]}]},{\"@type\":\"ImageObject\",\"inLanguage\":\"pt-PT\",\"@id\":\"https:\/\/portaltela.pt\/noticias\/2026\/04\/14\/argelia-papa-leao-xiv-celebra-missa-historica-na-basilica-sob-a-chuva\/#primaryimage\",\"url\":\"https:\/\/portaltela.pt\/s.01k8rhncp4jt1\/2026\/04\/1536x864_cmsv2_75723eae-6057-584d-baf0-be42bb6f0ecd-9720944.jpg\",\"contentUrl\":\"https:\/\/portaltela.pt\/s.01k8rhncp4jt1\/2026\/04\/1536x864_cmsv2_75723eae-6057-584d-baf0-be42bb6f0ecd-9720944.jpg\",\"width\":796,\"height\":448,\"caption\":\"Cardeal-arcebispo de Argel Jean-Paul Vesco recebe o papa Le\u00e3o XIV\"},{\"@type\":\"BreadcrumbList\",\"@id\":\"https:\/\/portaltela.pt\/noticias\/2026\/04\/14\/argelia-papa-leao-xiv-celebra-missa-historica-na-basilica-sob-a-chuva\/#breadcrumb\",\"itemListElement\":[{\"@type\":\"ListItem\",\"position\":1,\"name\":\"In\u00edcio\",\"item\":\"https:\/\/portaltela.pt\/\"},{\"@type\":\"ListItem\",\"position\":2,\"name\":\"Arg\u00e9lia: Papa Le\u00e3o XIV celebra missa hist\u00f3rica na bas\u00edlica sob a chuva\"}]},{\"@type\":\"WebSite\",\"@id\":\"https:\/\/portaltela.pt\/#website\",\"url\":\"https:\/\/portaltela.pt\/\",\"name\":\"Portal Tela Portugal\",\"description\":\"\",\"potentialAction\":[{\"@type\":\"SearchAction\",\"target\":{\"@type\":\"EntryPoint\",\"urlTemplate\":\"https:\/\/portaltela.pt\/?s={search_term_string}\"},\"query-input\":{\"@type\":\"PropertyValueSpecification\",\"valueRequired\":true,\"valueName\":\"search_term_string\"}}],\"inLanguage\":\"pt-PT\"},{\"@type\":\"Person\",\"@id\":\"https:\/\/portaltela.pt\/#\/schema\/person\/c4278d4a6028830caff9ee44b42d32ed\",\"name\":\"Telinha\",\"image\":{\"@type\":\"ImageObject\",\"inLanguage\":\"pt-PT\",\"@id\":\"https:\/\/portaltela.pt\/s.01k8rhncp4jt1\/2025\/11\/talking-bot-125x125.png\",\"url\":\"https:\/\/portaltela.pt\/s.01k8rhncp4jt1\/2025\/11\/talking-bot-125x125.png\",\"contentUrl\":\"https:\/\/portaltela.pt\/s.01k8rhncp4jt1\/2025\/11\/talking-bot-125x125.png\",\"caption\":\"Telinha\"},\"sameAs\":[\"https:\/\/portaltela.pt\/\"],\"url\":\"https:\/\/portaltela.pt\/por\/367410592786\/\"}]}<\/script>\n<!-- \/ Yoast SEO plugin. -->","yoast_head_json":{"title":"Arg\u00e9lia: Papa Le\u00e3o XIV celebra missa hist\u00f3rica na bas\u00edlica sob a chuva - Portal Tela Portugal","robots":{"index":"index","follow":"follow","max-snippet":"max-snippet:-1","max-image-preview":"max-image-preview:large","max-video-preview":"max-video-preview:-1"},"og_locale":"pt_PT","og_type":"article","og_title":"Arg\u00e9lia: Papa Le\u00e3o XIV celebra missa hist\u00f3rica na bas\u00edlica sob a chuva - Portal Tela Portugal","og_description":"O Papa Le\u00e3o XIV chegou \u00e0 Arg\u00e9lia na segunda-feira, 14 de abril, para uma missa na Bas\u00edlica de Nossa Senhora de \u00c1frica, em Argel, na primeira visita papal ao pa\u00eds. A missa ocorreu sob chuva e marcou o in\u00edcio de uma digress\u00e3o de 11 dias por quatro pa\u00edses africanos. A visita visa fortalecer as rela\u00e7\u00f5es entre crist\u00e3os e mu\u00e7ulmanos num pa\u00eds com cerca de 47 milh\u00f5es de habitantes. O Papa foi recebido pelo cardeal Jean-Paul Vesco, arcebispo de Argel, e visitou locais religiosos e simb\u00f3licos, incluindo a bas\u00edlica. Na ter\u00e7a-feira, 15 de abril, segue para Annaba, antiga Hipona, onde Agostinho exerceu o minist\u00e9rio; o Vaticano afirma que a viagem sublinha o papel crescente de \u00c1frica na Igreja Cat\u00f3lica.","og_url":"https:\/\/portaltela.pt\/noticias\/2026\/04\/14\/argelia-papa-leao-xiv-celebra-missa-historica-na-basilica-sob-a-chuva\/","og_site_name":"Portal Tela Portugal","article_published_time":"2026-04-14T07:17:07+00:00","author":"Telinha","twitter_card":"summary_large_image","twitter_misc":{"Escrito por":"Telinha","Tempo estimado de leitura":"1 minuto"},"schema":{"@context":"https:\/\/schema.org","@graph":[{"@type":"Article","@id":"https:\/\/portaltela.pt\/noticias\/2026\/04\/14\/argelia-papa-leao-xiv-celebra-missa-historica-na-basilica-sob-a-chuva\/#article","isPartOf":{"@id":"https:\/\/portaltela.pt\/noticias\/2026\/04\/14\/argelia-papa-leao-xiv-celebra-missa-historica-na-basilica-sob-a-chuva\/"},"author":{"name":"Telinha","@id":"https:\/\/portaltela.pt\/#\/schema\/person\/c4278d4a6028830caff9ee44b42d32ed"},"headline":"Arg\u00e9lia: Papa Le\u00e3o XIV celebra missa hist\u00f3rica na bas\u00edlica sob a chuva","datePublished":"2026-04-14T07:17:07+00:00","mainEntityOfPage":{"@id":"https:\/\/portaltela.pt\/noticias\/2026\/04\/14\/argelia-papa-leao-xiv-celebra-missa-historica-na-basilica-sob-a-chuva\/"},"wordCount":226,"image":{"@id":"https:\/\/portaltela.pt\/noticias\/2026\/04\/14\/argelia-papa-leao-xiv-celebra-missa-historica-na-basilica-sob-a-chuva\/#primaryimage"},"thumbnailUrl":"https:\/\/portaltela.pt\/s.01k8rhncp4jt1\/2026\/04\/1536x864_cmsv2_75723eae-6057-584d-baf0-be42bb6f0ecd-9720944.jpg","keywords":["_\u00c1frica","_assuntos internacionais","_cat\u00f3lico","_cat\u00f3licos","_cristianismo","_igreja"],"articleSection":["Internacionais","Not\u00edcias"],"inLanguage":"pt-PT"},{"@type":"WebPage","@id":"https:\/\/portaltela.pt\/noticias\/2026\/04\/14\/argelia-papa-leao-xiv-celebra-missa-historica-na-basilica-sob-a-chuva\/","url":"https:\/\/portaltela.pt\/noticias\/2026\/04\/14\/argelia-papa-leao-xiv-celebra-missa-historica-na-basilica-sob-a-chuva\/","name":"Arg\u00e9lia: Papa Le\u00e3o XIV celebra missa hist\u00f3rica na bas\u00edlica sob a chuva - Portal Tela Portugal","isPartOf":{"@id":"https:\/\/portaltela.pt\/#website"},"primaryImageOfPage":{"@id":"https:\/\/portaltela.pt\/noticias\/2026\/04\/14\/argelia-papa-leao-xiv-celebra-missa-historica-na-basilica-sob-a-chuva\/#primaryimage"},"image":{"@id":"https:\/\/portaltela.pt\/noticias\/2026\/04\/14\/argelia-papa-leao-xiv-celebra-missa-historica-na-basilica-sob-a-chuva\/#primaryimage"},"thumbnailUrl":"https:\/\/portaltela.pt\/s.01k8rhncp4jt1\/2026\/04\/1536x864_cmsv2_75723eae-6057-584d-baf0-be42bb6f0ecd-9720944.jpg","datePublished":"2026-04-14T07:17:07+00:00","author":{"@id":"https:\/\/portaltela.pt\/#\/schema\/person\/c4278d4a6028830caff9ee44b42d32ed"},"breadcrumb":{"@id":"https:\/\/portaltela.pt\/noticias\/2026\/04\/14\/argelia-papa-leao-xiv-celebra-missa-historica-na-basilica-sob-a-chuva\/#breadcrumb"},"inLanguage":"pt-PT","potentialAction":[{"@type":"ReadAction","target":["https:\/\/portaltela.pt\/noticias\/2026\/04\/14\/argelia-papa-leao-xiv-celebra-missa-historica-na-basilica-sob-a-chuva\/"]}]},{"@type":"ImageObject","inLanguage":"pt-PT","@id":"https:\/\/portaltela.pt\/noticias\/2026\/04\/14\/argelia-papa-leao-xiv-celebra-missa-historica-na-basilica-sob-a-chuva\/#primaryimage","url":"https:\/\/portaltela.pt\/s.01k8rhncp4jt1\/2026\/04\/1536x864_cmsv2_75723eae-6057-584d-baf0-be42bb6f0ecd-9720944.jpg","contentUrl":"https:\/\/portaltela.pt\/s.01k8rhncp4jt1\/2026\/04\/1536x864_cmsv2_75723eae-6057-584d-baf0-be42bb6f0ecd-9720944.jpg","width":796,"height":448,"caption":"Cardeal-arcebispo de Argel Jean-Paul Vesco recebe o papa Le\u00e3o XIV"},{"@type":"BreadcrumbList","@id":"https:\/\/portaltela.pt\/noticias\/2026\/04\/14\/argelia-papa-leao-xiv-celebra-missa-historica-na-basilica-sob-a-chuva\/#breadcrumb","itemListElement":[{"@type":"ListItem","position":1,"name":"In\u00edcio","item":"https:\/\/portaltela.pt\/"},{"@type":"ListItem","position":2,"name":"Arg\u00e9lia: Papa Le\u00e3o XIV celebra missa hist\u00f3rica na bas\u00edlica sob a chuva"}]},{"@type":"WebSite","@id":"https:\/\/portaltela.pt\/#website","url":"https:\/\/portaltela.pt\/","name":"Portal Tela Portugal","description":"","potentialAction":[{"@type":"SearchAction","target":{"@type":"EntryPoint","urlTemplate":"https:\/\/portaltela.pt\/?s={search_term_string}"},"query-input":{"@type":"PropertyValueSpecification","valueRequired":true,"valueName":"search_term_string"}}],"inLanguage":"pt-PT"},{"@type":"Person","@id":"https:\/\/portaltela.pt\/#\/schema\/person\/c4278d4a6028830caff9ee44b42d32ed","name":"Telinha","image":{"@type":"ImageObject","inLanguage":"pt-PT","@id":"https:\/\/portaltela.pt\/s.01k8rhncp4jt1\/2025\/11\/talking-bot-125x125.png","url":"https:\/\/portaltela.pt\/s.01k8rhncp4jt1\/2025\/11\/talking-bot-125x125.png","contentUrl":"https:\/\/portaltela.pt\/s.01k8rhncp4jt1\/2025\/11\/talking-bot-125x125.png","caption":"Telinha"},"sameAs":["https:\/\/portaltela.pt\/"],"url":"https:\/\/portaltela.pt\/por\/367410592786\/"}]}},"_links":{"self":[{"href":"https:\/\/portaltela.pt\/api\/wp\/v2\/posts\/443241","targetHints":{"allow":["GET"]}}],"collection":[{"href":"https:\/\/portaltela.pt\/api\/wp\/v2\/posts"}],"about":[{"href":"https:\/\/portaltela.pt\/api\/wp\/v2\/types\/post"}],"author":[{"embeddable":true,"href":"https:\/\/portaltela.pt\/api\/wp\/v2\/users\/2"}],"replies":[{"embeddable":true,"href":"https:\/\/portaltela.pt\/api\/wp\/v2\/comments?post=443241"}],"version-history":[{"count":0,"href":"https:\/\/portaltela.pt\/api\/wp\/v2\/posts\/443241\/revisions"}],"wp:featuredmedia":[{"embeddable":true,"href":"https:\/\/portaltela.pt\/api\/wp\/v2\/media\/443245"}],"wp:attachment":[{"href":"https:\/\/portaltela.pt\/api\/wp\/v2\/media?parent=443241"}],"wp:term":[{"taxonomy":"category","embeddable":true,"href":"https:\/\/portaltela.pt\/api\/wp\/v2\/categories?post=443241"},{"taxonomy":"post_tag","embeddable":true,"href":"https:\/\/portaltela.pt\/api\/wp\/v2\/tags?post=443241"}],"curies":[{"name":"wp","href":"https:\/\/api.w.org\/{rel}","templated":true}]}}