{"id":443226,"date":"2026-04-14T04:02:08","date_gmt":"2026-04-14T07:02:08","guid":{"rendered":"https:\/\/portaltela.pt\/noticias\/2026\/04\/14\/brasil-lidera-concentracao-de-riqueza-na-america-latina\/"},"modified":"2026-04-14T04:02:08","modified_gmt":"2026-04-14T07:02:08","slug":"brasil-lidera-concentracao-de-riqueza-na-america-latina","status":"publish","type":"post","link":"https:\/\/portaltela.pt\/noticias\/economia\/2026\/04\/14\/brasil-lidera-concentracao-de-riqueza-na-america-latina\/","title":{"rendered":"Brasil lidera concentra\u00e7\u00e3o de riqueza na Am\u00e9rica Latina"},"content":{"rendered":"<p>O Brasil apresenta a maior concentra\u00e7\u00e3o de riqueza da Am\u00e9rica Latina, aponta um estudo divulgado na ter\u00e7a-feira. O relat\u00f3rio \u00e9 do Observat\u00f3rio Fiscal Internacional, ligado \u00e0 Paris School of Economics, dirigido pelo economista Gabriel Zucman.<\/p>\n<p>Segundo o documento, existem 70 multimilion\u00e1rios no Brasil cuja riqueza total aproxima-se do PIB do Peru. O estudo assinala que esse montante soma quase 556 mil milh\u00f5es de d\u00f3lares, ap\u00f3s ter crescido desde 2000.<\/p>\n<p>A conclus\u00e3o tamb\u00e9m mostra que metade da popula\u00e7\u00e3o brasileira mant\u00e9m patrim\u00f3nio estagnado, enquanto a carga fiscal situa-se em torno de 33% do PIB. O estudo analisa a distribui\u00e7\u00e3o de riqueza e a carga tribut\u00e1ria no pa\u00eds.<\/p>\n<h3>Concentra\u00e7\u00e3o de riqueza no Brasil<\/h3>\n<p>O Observat\u00f3rio Fiscal Internacional ressalva que a riqueza dos multimilion\u00e1rios aumenta de forma expressiva, com o crescimento estimado entre 2000 e o presente. O relat\u00f3rio utiliza dados de patrim\u00f3nio avaliados em d\u00f3lares.<\/p>\n<p>O estudo aponta ainda que, em termos relativos, o Brasil concentra mais riqueza entre uma elite relativamente pequena, em compara\u00e7\u00e3o com outros pa\u00edses da regi\u00e3o. O documento n\u00e3o inclui recomenda\u00e7\u00f5es pol\u00edticas, limitando-se a apresentar dados.<\/p>\n","protected":false},"excerpt":{"rendered":"<ul>\n<li>O Brasil lidera a concentra\u00e7\u00e3o de riqueza na Am\u00e9rica Latina, segundo o Observat\u00f3rio Fiscal Internacional.<\/li>\n<li>S\u00e3o 70 multimilion\u00e1rios que somam riqueza pr\u00f3xima do PIB do Peru.<\/li>\n<li>Metade da popula\u00e7\u00e3o brasileira mant\u00e9m patrim\u00f3nio estagnado.<\/li>\n<li>A carga fiscal brasileira situa-se em cerca de 33% do PIB.<\/li>\n<li>A riqueza total destes multimilion\u00e1rios \u00e9 de 556 mil milh\u00f5es de d\u00f3lares (472 mil milh\u00f5es de euros), tendo aumentado quase sete vezes desde 2000 (era de 265 mil milh\u00f5es de d\u00f3lares).<\/li>\n<\/ul>\n","protected":false},"author":2,"featured_media":443227,"comment_status":"closed","ping_status":"closed","sticky":false,"template":"","format":"standard","meta":{"footnotes":""},"categories":[2,6850],"tags":[2547,256,190,5437,28,3861],"class_list":["post-443226","post","type-post","status-publish","format-standard","has-post-thumbnail","hentry","category-economia","category-financas","tag-brasil","tag-cooperacao-internacional","tag-desenvolvimento-economico","tag-desigualdades-sociais","tag-economia","tag-economia-internacional"],"yoast_head":"<!-- This site is optimized with the Yoast SEO plugin v27.2 - https:\/\/yoast.com\/product\/yoast-seo-wordpress\/ -->\n<title>Brasil lidera concentra\u00e7\u00e3o de riqueza na Am\u00e9rica Latina - Portal Tela Portugal<\/title>\n<meta name=\"robots\" content=\"index, follow, max-snippet:-1, max-image-preview:large, max-video-preview:-1\" \/>\n<meta property=\"og:locale\" content=\"pt_PT\" \/>\n<meta property=\"og:type\" content=\"article\" \/>\n<meta property=\"og:title\" content=\"Brasil lidera concentra\u00e7\u00e3o de riqueza na Am\u00e9rica Latina - Portal Tela Portugal\" \/>\n<meta property=\"og:description\" content=\"O Brasil lidera a concentra\u00e7\u00e3o de riqueza na Am\u00e9rica Latina, segundo o Observat\u00f3rio Fiscal Internacional. S\u00e3o 70 multimilion\u00e1rios que somam riqueza pr\u00f3xima do PIB do Peru. Metade da popula\u00e7\u00e3o brasileira mant\u00e9m patrim\u00f3nio estagnado. A carga fiscal brasileira situa-se em cerca de 33% do PIB. A riqueza total destes multimilion\u00e1rios \u00e9 de 556 mil milh\u00f5es de d\u00f3lares (472 mil milh\u00f5es de euros), tendo aumentado quase sete vezes desde 2000 (era de 265 mil milh\u00f5es de d\u00f3lares).\" \/>\n<meta property=\"og:url\" content=\"https:\/\/portaltela.pt\/noticias\/2026\/04\/14\/brasil-lidera-concentracao-de-riqueza-na-america-latina\/\" \/>\n<meta property=\"og:site_name\" content=\"Portal Tela Portugal\" \/>\n<meta property=\"article:published_time\" content=\"2026-04-14T07:02:08+00:00\" \/>\n<meta name=\"author\" content=\"Telinha\" \/>\n<meta name=\"twitter:card\" content=\"summary_large_image\" \/>\n<meta name=\"twitter:label1\" content=\"Escrito por\" \/>\n\t<meta name=\"twitter:data1\" content=\"Telinha\" \/>\n\t<meta name=\"twitter:label2\" content=\"Tempo estimado de leitura\" \/>\n\t<meta name=\"twitter:data2\" content=\"1 minuto\" \/>\n<script type=\"application\/ld+json\" class=\"yoast-schema-graph\">{\"@context\":\"https:\/\/schema.org\",\"@graph\":[{\"@type\":\"Article\",\"@id\":\"https:\/\/portaltela.pt\/noticias\/2026\/04\/14\/brasil-lidera-concentracao-de-riqueza-na-america-latina\/#article\",\"isPartOf\":{\"@id\":\"https:\/\/portaltela.pt\/noticias\/2026\/04\/14\/brasil-lidera-concentracao-de-riqueza-na-america-latina\/\"},\"author\":{\"name\":\"Telinha\",\"@id\":\"https:\/\/portaltela.pt\/#\/schema\/person\/c4278d4a6028830caff9ee44b42d32ed\"},\"headline\":\"Brasil lidera concentra\u00e7\u00e3o de riqueza na Am\u00e9rica Latina\",\"datePublished\":\"2026-04-14T07:02:08+00:00\",\"mainEntityOfPage\":{\"@id\":\"https:\/\/portaltela.pt\/noticias\/2026\/04\/14\/brasil-lidera-concentracao-de-riqueza-na-america-latina\/\"},\"wordCount\":209,\"image\":{\"@id\":\"https:\/\/portaltela.pt\/noticias\/2026\/04\/14\/brasil-lidera-concentracao-de-riqueza-na-america-latina\/#primaryimage\"},\"thumbnailUrl\":\"https:\/\/portaltela.pt\/s.01k8rhncp4jt1\/2026\/04\/img_1500x1000uu2021-09-28-21-39-14-1085064.jpg\",\"keywords\":[\"Brasil\",\"coopera\u00e7\u00e3o internacional\",\"Desenvolvimento econ\u00f3mico\",\"desigualdades sociais\",\"economia\",\"economia internacional\"],\"articleSection\":[\"Economia\",\"Finan\u00e7as\"],\"inLanguage\":\"pt-PT\"},{\"@type\":\"WebPage\",\"@id\":\"https:\/\/portaltela.pt\/noticias\/2026\/04\/14\/brasil-lidera-concentracao-de-riqueza-na-america-latina\/\",\"url\":\"https:\/\/portaltela.pt\/noticias\/2026\/04\/14\/brasil-lidera-concentracao-de-riqueza-na-america-latina\/\",\"name\":\"Brasil lidera concentra\u00e7\u00e3o de riqueza na Am\u00e9rica Latina - Portal Tela Portugal\",\"isPartOf\":{\"@id\":\"https:\/\/portaltela.pt\/#website\"},\"primaryImageOfPage\":{\"@id\":\"https:\/\/portaltela.pt\/noticias\/2026\/04\/14\/brasil-lidera-concentracao-de-riqueza-na-america-latina\/#primaryimage\"},\"image\":{\"@id\":\"https:\/\/portaltela.pt\/noticias\/2026\/04\/14\/brasil-lidera-concentracao-de-riqueza-na-america-latina\/#primaryimage\"},\"thumbnailUrl\":\"https:\/\/portaltela.pt\/s.01k8rhncp4jt1\/2026\/04\/img_1500x1000uu2021-09-28-21-39-14-1085064.jpg\",\"datePublished\":\"2026-04-14T07:02:08+00:00\",\"author\":{\"@id\":\"https:\/\/portaltela.pt\/#\/schema\/person\/c4278d4a6028830caff9ee44b42d32ed\"},\"breadcrumb\":{\"@id\":\"https:\/\/portaltela.pt\/noticias\/2026\/04\/14\/brasil-lidera-concentracao-de-riqueza-na-america-latina\/#breadcrumb\"},\"inLanguage\":\"pt-PT\",\"potentialAction\":[{\"@type\":\"ReadAction\",\"target\":[\"https:\/\/portaltela.pt\/noticias\/2026\/04\/14\/brasil-lidera-concentracao-de-riqueza-na-america-latina\/\"]}]},{\"@type\":\"ImageObject\",\"inLanguage\":\"pt-PT\",\"@id\":\"https:\/\/portaltela.pt\/noticias\/2026\/04\/14\/brasil-lidera-concentracao-de-riqueza-na-america-latina\/#primaryimage\",\"url\":\"https:\/\/portaltela.pt\/s.01k8rhncp4jt1\/2026\/04\/img_1500x1000uu2021-09-28-21-39-14-1085064.jpg\",\"contentUrl\":\"https:\/\/portaltela.pt\/s.01k8rhncp4jt1\/2026\/04\/img_1500x1000uu2021-09-28-21-39-14-1085064.jpg\",\"width\":796,\"height\":448,\"caption\":\"Bandeira Brasil\"},{\"@type\":\"BreadcrumbList\",\"@id\":\"https:\/\/portaltela.pt\/noticias\/2026\/04\/14\/brasil-lidera-concentracao-de-riqueza-na-america-latina\/#breadcrumb\",\"itemListElement\":[{\"@type\":\"ListItem\",\"position\":1,\"name\":\"In\u00edcio\",\"item\":\"https:\/\/portaltela.pt\/\"},{\"@type\":\"ListItem\",\"position\":2,\"name\":\"Brasil lidera concentra\u00e7\u00e3o de riqueza na Am\u00e9rica Latina\"}]},{\"@type\":\"WebSite\",\"@id\":\"https:\/\/portaltela.pt\/#website\",\"url\":\"https:\/\/portaltela.pt\/\",\"name\":\"Portal Tela Portugal\",\"description\":\"\",\"potentialAction\":[{\"@type\":\"SearchAction\",\"target\":{\"@type\":\"EntryPoint\",\"urlTemplate\":\"https:\/\/portaltela.pt\/?s={search_term_string}\"},\"query-input\":{\"@type\":\"PropertyValueSpecification\",\"valueRequired\":true,\"valueName\":\"search_term_string\"}}],\"inLanguage\":\"pt-PT\"},{\"@type\":\"Person\",\"@id\":\"https:\/\/portaltela.pt\/#\/schema\/person\/c4278d4a6028830caff9ee44b42d32ed\",\"name\":\"Telinha\",\"image\":{\"@type\":\"ImageObject\",\"inLanguage\":\"pt-PT\",\"@id\":\"https:\/\/portaltela.pt\/s.01k8rhncp4jt1\/2025\/11\/talking-bot-125x125.png\",\"url\":\"https:\/\/portaltela.pt\/s.01k8rhncp4jt1\/2025\/11\/talking-bot-125x125.png\",\"contentUrl\":\"https:\/\/portaltela.pt\/s.01k8rhncp4jt1\/2025\/11\/talking-bot-125x125.png\",\"caption\":\"Telinha\"},\"sameAs\":[\"https:\/\/portaltela.pt\/\"],\"url\":\"https:\/\/portaltela.pt\/por\/367410592786\/\"}]}<\/script>\n<!-- \/ Yoast SEO plugin. -->","yoast_head_json":{"title":"Brasil lidera concentra\u00e7\u00e3o de riqueza na Am\u00e9rica Latina - Portal Tela Portugal","robots":{"index":"index","follow":"follow","max-snippet":"max-snippet:-1","max-image-preview":"max-image-preview:large","max-video-preview":"max-video-preview:-1"},"og_locale":"pt_PT","og_type":"article","og_title":"Brasil lidera concentra\u00e7\u00e3o de riqueza na Am\u00e9rica Latina - Portal Tela Portugal","og_description":"O Brasil lidera a concentra\u00e7\u00e3o de riqueza na Am\u00e9rica Latina, segundo o Observat\u00f3rio Fiscal Internacional. S\u00e3o 70 multimilion\u00e1rios que somam riqueza pr\u00f3xima do PIB do Peru. Metade da popula\u00e7\u00e3o brasileira mant\u00e9m patrim\u00f3nio estagnado. A carga fiscal brasileira situa-se em cerca de 33% do PIB. A riqueza total destes multimilion\u00e1rios \u00e9 de 556 mil milh\u00f5es de d\u00f3lares (472 mil milh\u00f5es de euros), tendo aumentado quase sete vezes desde 2000 (era de 265 mil milh\u00f5es de d\u00f3lares).","og_url":"https:\/\/portaltela.pt\/noticias\/2026\/04\/14\/brasil-lidera-concentracao-de-riqueza-na-america-latina\/","og_site_name":"Portal Tela Portugal","article_published_time":"2026-04-14T07:02:08+00:00","author":"Telinha","twitter_card":"summary_large_image","twitter_misc":{"Escrito por":"Telinha","Tempo estimado de leitura":"1 minuto"},"schema":{"@context":"https:\/\/schema.org","@graph":[{"@type":"Article","@id":"https:\/\/portaltela.pt\/noticias\/2026\/04\/14\/brasil-lidera-concentracao-de-riqueza-na-america-latina\/#article","isPartOf":{"@id":"https:\/\/portaltela.pt\/noticias\/2026\/04\/14\/brasil-lidera-concentracao-de-riqueza-na-america-latina\/"},"author":{"name":"Telinha","@id":"https:\/\/portaltela.pt\/#\/schema\/person\/c4278d4a6028830caff9ee44b42d32ed"},"headline":"Brasil lidera concentra\u00e7\u00e3o de riqueza na Am\u00e9rica Latina","datePublished":"2026-04-14T07:02:08+00:00","mainEntityOfPage":{"@id":"https:\/\/portaltela.pt\/noticias\/2026\/04\/14\/brasil-lidera-concentracao-de-riqueza-na-america-latina\/"},"wordCount":209,"image":{"@id":"https:\/\/portaltela.pt\/noticias\/2026\/04\/14\/brasil-lidera-concentracao-de-riqueza-na-america-latina\/#primaryimage"},"thumbnailUrl":"https:\/\/portaltela.pt\/s.01k8rhncp4jt1\/2026\/04\/img_1500x1000uu2021-09-28-21-39-14-1085064.jpg","keywords":["Brasil","coopera\u00e7\u00e3o internacional","Desenvolvimento econ\u00f3mico","desigualdades sociais","economia","economia internacional"],"articleSection":["Economia","Finan\u00e7as"],"inLanguage":"pt-PT"},{"@type":"WebPage","@id":"https:\/\/portaltela.pt\/noticias\/2026\/04\/14\/brasil-lidera-concentracao-de-riqueza-na-america-latina\/","url":"https:\/\/portaltela.pt\/noticias\/2026\/04\/14\/brasil-lidera-concentracao-de-riqueza-na-america-latina\/","name":"Brasil lidera concentra\u00e7\u00e3o de riqueza na Am\u00e9rica Latina - Portal Tela Portugal","isPartOf":{"@id":"https:\/\/portaltela.pt\/#website"},"primaryImageOfPage":{"@id":"https:\/\/portaltela.pt\/noticias\/2026\/04\/14\/brasil-lidera-concentracao-de-riqueza-na-america-latina\/#primaryimage"},"image":{"@id":"https:\/\/portaltela.pt\/noticias\/2026\/04\/14\/brasil-lidera-concentracao-de-riqueza-na-america-latina\/#primaryimage"},"thumbnailUrl":"https:\/\/portaltela.pt\/s.01k8rhncp4jt1\/2026\/04\/img_1500x1000uu2021-09-28-21-39-14-1085064.jpg","datePublished":"2026-04-14T07:02:08+00:00","author":{"@id":"https:\/\/portaltela.pt\/#\/schema\/person\/c4278d4a6028830caff9ee44b42d32ed"},"breadcrumb":{"@id":"https:\/\/portaltela.pt\/noticias\/2026\/04\/14\/brasil-lidera-concentracao-de-riqueza-na-america-latina\/#breadcrumb"},"inLanguage":"pt-PT","potentialAction":[{"@type":"ReadAction","target":["https:\/\/portaltela.pt\/noticias\/2026\/04\/14\/brasil-lidera-concentracao-de-riqueza-na-america-latina\/"]}]},{"@type":"ImageObject","inLanguage":"pt-PT","@id":"https:\/\/portaltela.pt\/noticias\/2026\/04\/14\/brasil-lidera-concentracao-de-riqueza-na-america-latina\/#primaryimage","url":"https:\/\/portaltela.pt\/s.01k8rhncp4jt1\/2026\/04\/img_1500x1000uu2021-09-28-21-39-14-1085064.jpg","contentUrl":"https:\/\/portaltela.pt\/s.01k8rhncp4jt1\/2026\/04\/img_1500x1000uu2021-09-28-21-39-14-1085064.jpg","width":796,"height":448,"caption":"Bandeira Brasil"},{"@type":"BreadcrumbList","@id":"https:\/\/portaltela.pt\/noticias\/2026\/04\/14\/brasil-lidera-concentracao-de-riqueza-na-america-latina\/#breadcrumb","itemListElement":[{"@type":"ListItem","position":1,"name":"In\u00edcio","item":"https:\/\/portaltela.pt\/"},{"@type":"ListItem","position":2,"name":"Brasil lidera concentra\u00e7\u00e3o de riqueza na Am\u00e9rica Latina"}]},{"@type":"WebSite","@id":"https:\/\/portaltela.pt\/#website","url":"https:\/\/portaltela.pt\/","name":"Portal Tela Portugal","description":"","potentialAction":[{"@type":"SearchAction","target":{"@type":"EntryPoint","urlTemplate":"https:\/\/portaltela.pt\/?s={search_term_string}"},"query-input":{"@type":"PropertyValueSpecification","valueRequired":true,"valueName":"search_term_string"}}],"inLanguage":"pt-PT"},{"@type":"Person","@id":"https:\/\/portaltela.pt\/#\/schema\/person\/c4278d4a6028830caff9ee44b42d32ed","name":"Telinha","image":{"@type":"ImageObject","inLanguage":"pt-PT","@id":"https:\/\/portaltela.pt\/s.01k8rhncp4jt1\/2025\/11\/talking-bot-125x125.png","url":"https:\/\/portaltela.pt\/s.01k8rhncp4jt1\/2025\/11\/talking-bot-125x125.png","contentUrl":"https:\/\/portaltela.pt\/s.01k8rhncp4jt1\/2025\/11\/talking-bot-125x125.png","caption":"Telinha"},"sameAs":["https:\/\/portaltela.pt\/"],"url":"https:\/\/portaltela.pt\/por\/367410592786\/"}]}},"_links":{"self":[{"href":"https:\/\/portaltela.pt\/api\/wp\/v2\/posts\/443226","targetHints":{"allow":["GET"]}}],"collection":[{"href":"https:\/\/portaltela.pt\/api\/wp\/v2\/posts"}],"about":[{"href":"https:\/\/portaltela.pt\/api\/wp\/v2\/types\/post"}],"author":[{"embeddable":true,"href":"https:\/\/portaltela.pt\/api\/wp\/v2\/users\/2"}],"replies":[{"embeddable":true,"href":"https:\/\/portaltela.pt\/api\/wp\/v2\/comments?post=443226"}],"version-history":[{"count":0,"href":"https:\/\/portaltela.pt\/api\/wp\/v2\/posts\/443226\/revisions"}],"wp:featuredmedia":[{"embeddable":true,"href":"https:\/\/portaltela.pt\/api\/wp\/v2\/media\/443227"}],"wp:attachment":[{"href":"https:\/\/portaltela.pt\/api\/wp\/v2\/media?parent=443226"}],"wp:term":[{"taxonomy":"category","embeddable":true,"href":"https:\/\/portaltela.pt\/api\/wp\/v2\/categories?post=443226"},{"taxonomy":"post_tag","embeddable":true,"href":"https:\/\/portaltela.pt\/api\/wp\/v2\/tags?post=443226"}],"curies":[{"name":"wp","href":"https:\/\/api.w.org\/{rel}","templated":true}]}}