{"id":443219,"date":"2026-04-14T03:47:23","date_gmt":"2026-04-14T06:47:23","guid":{"rendered":"https:\/\/portaltela.pt\/noticias\/2026\/04\/14\/funcionario-do-hezbollah-diz-que-grupo-nao-respeitara-acordos-libano-israel\/"},"modified":"2026-04-14T03:47:23","modified_gmt":"2026-04-14T06:47:23","slug":"funcionario-do-hezbollah-diz-que-grupo-nao-respeitara-acordos-libano-israel","status":"publish","type":"post","link":"https:\/\/portaltela.pt\/guerra\/2026\/04\/14\/funcionario-do-hezbollah-diz-que-grupo-nao-respeitara-acordos-libano-israel\/","title":{"rendered":"Funcion\u00e1rio do Hezbollah diz que grupo n\u00e3o respeitar\u00e1 acordos L\u00edbano-Israel"},"content":{"rendered":"<p>O Hezbollah afirmou que n\u00e3o cumprir\u00e1 qualquer acordo resultante das negocia\u00e7\u00f5es entre L\u00edbano e Israel. O l\u00edder do grupo, Naim Qassem, pediu ao L\u00edbano que cancele a reuni\u00e3o prevista em Washington, na ter\u00e7a-feira, reiterando a rejei\u00e7\u00e3o de negocia\u00e7\u00f5es diretas com Israel. A declara\u00e7\u00e3o foi veiculada pela televis\u00e3o.<\/p>\n<p>Embaixadores liban\u00eas e israelita dever\u00e3o reunir-se em Washington para debater negocia\u00e7\u00f5es diretas entre os dois pa\u00edses. Beirute indica que, prioritariamente, deseja um cessar-fogo no conflito com o Hezbollah; Telavive, por sua vez, prefere manter o foco em negocia\u00e7\u00f5es formais de paz com o L\u00edbano.<\/p>\n<p>O primeiro-ministro de Israel, Benjamin Netanyahu, afirmou que o objetivo \u00e9 o desmantelamento das armas do Hezbollah e a obten\u00e7\u00e3o de um acordo de paz duradouro. O Hezbollah justifica as a\u00e7\u00f5es como preventivas, afirmando que Israel planeava uma segunda batalha contra o L\u00edbano e a reorganiza\u00e7\u00e3o da dissuas\u00e3o.<\/p>\n<p>Horas ap\u00f3s an\u00fancios de uma tr\u00e9gua entre Teer\u00e3o e Washington, Israel realizou mais de 100 ataques no L\u00edbano, incluindo regi\u00f5es centrais de Beirute. Naim Qassem refor\u00e7ou que o grupo n\u00e3o se render\u00e1, assegurando que permanecer\u00e1 no terreno at\u00e9 ao \u00faltimo suspiro.<\/p>\n<h3>Contexto da guerra<\/h3>\n<p>Wafiq Safa, membro do conselho pol\u00edtico do Hezbollah, explicou que as a\u00e7\u00f5es do grupo foram tomadas para impedir o que descreveu como uma nova ofensiva de Israel contra o L\u00edbano. Safa negou acordos pr\u00e9vios com o Ir\u00e3 sobre a entrada na guerra em caso de ataque iraniano.<\/p>\n<p>Desde 2 de mar\u00e7o, o Hezbollah tem disparado m\u00edsseis para al\u00e9m da fronteira, levando Telavive a responder com bombardeamentos a\u00e9reos e incurs\u00f5es terrestres. O conflito j\u00e1 provocou deslocamentos de mais de 1 milh\u00e3o de pessoas no L\u00edbano e mais de 2 mil mortos, incluindo civis e profissionais de sa\u00fade.<\/p>\n","protected":false},"excerpt":{"rendered":"<ul>\n<li>O Hezbollah afirmou que n\u00e3o ir\u00e1 respeitar acordos das negocia\u00e7\u00f5es L\u00edbano-Israel; o l\u00edder Naim Qassem pediu ao L\u00edbano que cancele a reuni\u00e3o de negocia\u00e7\u00f5es marcada para Washington.<\/li>\n<li>Embaixadores liban\u00eas e israelita nos Estados Unidos devem reunir-se em Washington na ter\u00e7a-feira para discutir negocia\u00e7\u00f5es diretas entre os dois pa\u00edses.<\/li>\n<li>Qassem disse que as negocia\u00e7\u00f5es s\u00e3o in\u00fateis e exigem consenso liban\u00eas; Israel prefere concentrar-se em negocia\u00e7\u00f5es formais com o L\u00edbano, com quem est\u00e1 tecnicamente em guerra h\u00e1 d\u00e9cadas.<\/li>\n<li>O primeiro-ministro israelita, Benjamin Netanyahu, afirmou que o objetivo \u00e9 desmantelar as armas do Hezbollah e alcan\u00e7ar um acordo de paz duradouro.<\/li>\n<li>Desde 2 de mar\u00e7o, a guerra j\u00e1 provocou mais de dois mil mortos e deslocou mais de um milh\u00e3o de pessoas no L\u00edbano, com o Hezbollah a manter-se no terreno.<\/li>\n<\/ul>\n","protected":false},"author":2,"featured_media":443223,"comment_status":"closed","ping_status":"closed","sticky":false,"template":"","format":"standard","meta":{"footnotes":""},"categories":[6790,6804],"tags":[637,4541,254,2198,3708,2036],"class_list":["post-443219","post","type-post","status-publish","format-standard","has-post-thumbnail","hentry","category-conflitos","category-guerra","tag-assuntos-internacionais","tag-cessar-fogo","tag-conflito","tag-conflitos-internacionais","tag-israel","tag-negociacoes-internacionais"],"yoast_head":"<!-- This site is optimized with the Yoast SEO plugin v27.2 - https:\/\/yoast.com\/product\/yoast-seo-wordpress\/ -->\n<title>Funcion\u00e1rio do Hezbollah diz que grupo n\u00e3o respeitar\u00e1 acordos L\u00edbano-Israel - Portal Tela Portugal<\/title>\n<meta name=\"robots\" content=\"index, follow, max-snippet:-1, max-image-preview:large, max-video-preview:-1\" \/>\n<meta property=\"og:locale\" content=\"pt_PT\" \/>\n<meta property=\"og:type\" content=\"article\" \/>\n<meta property=\"og:title\" content=\"Funcion\u00e1rio do Hezbollah diz que grupo n\u00e3o respeitar\u00e1 acordos L\u00edbano-Israel - Portal Tela Portugal\" \/>\n<meta property=\"og:description\" content=\"O Hezbollah afirmou que n\u00e3o ir\u00e1 respeitar acordos das negocia\u00e7\u00f5es L\u00edbano-Israel; o l\u00edder Naim Qassem pediu ao L\u00edbano que cancele a reuni\u00e3o de negocia\u00e7\u00f5es marcada para Washington. Embaixadores liban\u00eas e israelita nos Estados Unidos devem reunir-se em Washington na ter\u00e7a-feira para discutir negocia\u00e7\u00f5es diretas entre os dois pa\u00edses. Qassem disse que as negocia\u00e7\u00f5es s\u00e3o in\u00fateis e exigem consenso liban\u00eas; Israel prefere concentrar-se em negocia\u00e7\u00f5es formais com o L\u00edbano, com quem est\u00e1 tecnicamente em guerra h\u00e1 d\u00e9cadas. O primeiro-ministro israelita, Benjamin Netanyahu, afirmou que o objetivo \u00e9 desmantelar as armas do Hezbollah e alcan\u00e7ar um acordo de paz duradouro. Desde 2 de mar\u00e7o, a guerra j\u00e1 provocou mais de dois mil mortos e deslocou mais de um milh\u00e3o de pessoas no L\u00edbano, com o Hezbollah a manter-se no terreno.\" \/>\n<meta property=\"og:url\" content=\"https:\/\/portaltela.pt\/noticias\/2026\/04\/14\/funcionario-do-hezbollah-diz-que-grupo-nao-respeitara-acordos-libano-israel\/\" \/>\n<meta property=\"og:site_name\" content=\"Portal Tela Portugal\" \/>\n<meta property=\"article:published_time\" content=\"2026-04-14T06:47:23+00:00\" \/>\n<meta name=\"author\" content=\"Telinha\" \/>\n<meta name=\"twitter:card\" content=\"summary_large_image\" \/>\n<meta name=\"twitter:label1\" content=\"Escrito por\" \/>\n\t<meta name=\"twitter:data1\" content=\"Telinha\" \/>\n\t<meta name=\"twitter:label2\" content=\"Tempo estimado de leitura\" \/>\n\t<meta name=\"twitter:data2\" content=\"2 minutos\" \/>\n<script type=\"application\/ld+json\" class=\"yoast-schema-graph\">{\"@context\":\"https:\/\/schema.org\",\"@graph\":[{\"@type\":\"Article\",\"@id\":\"https:\/\/portaltela.pt\/noticias\/2026\/04\/14\/funcionario-do-hezbollah-diz-que-grupo-nao-respeitara-acordos-libano-israel\/#article\",\"isPartOf\":{\"@id\":\"https:\/\/portaltela.pt\/noticias\/2026\/04\/14\/funcionario-do-hezbollah-diz-que-grupo-nao-respeitara-acordos-libano-israel\/\"},\"author\":{\"name\":\"Telinha\",\"@id\":\"https:\/\/portaltela.pt\/#\/schema\/person\/c4278d4a6028830caff9ee44b42d32ed\"},\"headline\":\"Funcion\u00e1rio do Hezbollah diz que grupo n\u00e3o respeitar\u00e1 acordos L\u00edbano-Israel\",\"datePublished\":\"2026-04-14T06:47:23+00:00\",\"mainEntityOfPage\":{\"@id\":\"https:\/\/portaltela.pt\/noticias\/2026\/04\/14\/funcionario-do-hezbollah-diz-que-grupo-nao-respeitara-acordos-libano-israel\/\"},\"wordCount\":329,\"image\":{\"@id\":\"https:\/\/portaltela.pt\/noticias\/2026\/04\/14\/funcionario-do-hezbollah-diz-que-grupo-nao-respeitara-acordos-libano-israel\/#primaryimage\"},\"thumbnailUrl\":\"https:\/\/portaltela.pt\/s.01k8rhncp4jt1\/2026\/04\/1536x864_cmsv2_713119ff-3ddb-51d6-8505-a456794cf474-9720703.jpg\",\"keywords\":[\"assuntos internacionais\",\"cessar-fogo\",\"conflito\",\"conflitos internacionais\",\"Israel\",\"negocia\u00e7\u00f5es internacionais\"],\"articleSection\":[\"Conflitos\",\"Guerra\"],\"inLanguage\":\"pt-PT\"},{\"@type\":\"WebPage\",\"@id\":\"https:\/\/portaltela.pt\/noticias\/2026\/04\/14\/funcionario-do-hezbollah-diz-que-grupo-nao-respeitara-acordos-libano-israel\/\",\"url\":\"https:\/\/portaltela.pt\/noticias\/2026\/04\/14\/funcionario-do-hezbollah-diz-que-grupo-nao-respeitara-acordos-libano-israel\/\",\"name\":\"Funcion\u00e1rio do Hezbollah diz que grupo n\u00e3o respeitar\u00e1 acordos L\u00edbano-Israel - Portal Tela Portugal\",\"isPartOf\":{\"@id\":\"https:\/\/portaltela.pt\/#website\"},\"primaryImageOfPage\":{\"@id\":\"https:\/\/portaltela.pt\/noticias\/2026\/04\/14\/funcionario-do-hezbollah-diz-que-grupo-nao-respeitara-acordos-libano-israel\/#primaryimage\"},\"image\":{\"@id\":\"https:\/\/portaltela.pt\/noticias\/2026\/04\/14\/funcionario-do-hezbollah-diz-que-grupo-nao-respeitara-acordos-libano-israel\/#primaryimage\"},\"thumbnailUrl\":\"https:\/\/portaltela.pt\/s.01k8rhncp4jt1\/2026\/04\/1536x864_cmsv2_713119ff-3ddb-51d6-8505-a456794cf474-9720703.jpg\",\"datePublished\":\"2026-04-14T06:47:23+00:00\",\"author\":{\"@id\":\"https:\/\/portaltela.pt\/#\/schema\/person\/c4278d4a6028830caff9ee44b42d32ed\"},\"breadcrumb\":{\"@id\":\"https:\/\/portaltela.pt\/noticias\/2026\/04\/14\/funcionario-do-hezbollah-diz-que-grupo-nao-respeitara-acordos-libano-israel\/#breadcrumb\"},\"inLanguage\":\"pt-PT\",\"potentialAction\":[{\"@type\":\"ReadAction\",\"target\":[\"https:\/\/portaltela.pt\/noticias\/2026\/04\/14\/funcionario-do-hezbollah-diz-que-grupo-nao-respeitara-acordos-libano-israel\/\"]}]},{\"@type\":\"ImageObject\",\"inLanguage\":\"pt-PT\",\"@id\":\"https:\/\/portaltela.pt\/noticias\/2026\/04\/14\/funcionario-do-hezbollah-diz-que-grupo-nao-respeitara-acordos-libano-israel\/#primaryimage\",\"url\":\"https:\/\/portaltela.pt\/s.01k8rhncp4jt1\/2026\/04\/1536x864_cmsv2_713119ff-3ddb-51d6-8505-a456794cf474-9720703.jpg\",\"contentUrl\":\"https:\/\/portaltela.pt\/s.01k8rhncp4jt1\/2026\/04\/1536x864_cmsv2_713119ff-3ddb-51d6-8505-a456794cf474-9720703.jpg\",\"width\":796,\"height\":448,\"caption\":\"Trabalhadores removem os escombros enquanto as equipas de salvamento continuam a procurar uma mulher e uma rapariga desaparecidas num edif\u00edcio destru\u00eddo em Beirute, 13 de abril de 2026\"},{\"@type\":\"BreadcrumbList\",\"@id\":\"https:\/\/portaltela.pt\/noticias\/2026\/04\/14\/funcionario-do-hezbollah-diz-que-grupo-nao-respeitara-acordos-libano-israel\/#breadcrumb\",\"itemListElement\":[{\"@type\":\"ListItem\",\"position\":1,\"name\":\"In\u00edcio\",\"item\":\"https:\/\/portaltela.pt\/\"},{\"@type\":\"ListItem\",\"position\":2,\"name\":\"Funcion\u00e1rio do Hezbollah diz que grupo n\u00e3o respeitar\u00e1 acordos L\u00edbano-Israel\"}]},{\"@type\":\"WebSite\",\"@id\":\"https:\/\/portaltela.pt\/#website\",\"url\":\"https:\/\/portaltela.pt\/\",\"name\":\"Portal Tela Portugal\",\"description\":\"\",\"potentialAction\":[{\"@type\":\"SearchAction\",\"target\":{\"@type\":\"EntryPoint\",\"urlTemplate\":\"https:\/\/portaltela.pt\/?s={search_term_string}\"},\"query-input\":{\"@type\":\"PropertyValueSpecification\",\"valueRequired\":true,\"valueName\":\"search_term_string\"}}],\"inLanguage\":\"pt-PT\"},{\"@type\":\"Person\",\"@id\":\"https:\/\/portaltela.pt\/#\/schema\/person\/c4278d4a6028830caff9ee44b42d32ed\",\"name\":\"Telinha\",\"image\":{\"@type\":\"ImageObject\",\"inLanguage\":\"pt-PT\",\"@id\":\"https:\/\/portaltela.pt\/s.01k8rhncp4jt1\/2025\/11\/talking-bot-125x125.png\",\"url\":\"https:\/\/portaltela.pt\/s.01k8rhncp4jt1\/2025\/11\/talking-bot-125x125.png\",\"contentUrl\":\"https:\/\/portaltela.pt\/s.01k8rhncp4jt1\/2025\/11\/talking-bot-125x125.png\",\"caption\":\"Telinha\"},\"sameAs\":[\"https:\/\/portaltela.pt\/\"],\"url\":\"https:\/\/portaltela.pt\/por\/367410592786\/\"}]}<\/script>\n<!-- \/ Yoast SEO plugin. -->","yoast_head_json":{"title":"Funcion\u00e1rio do Hezbollah diz que grupo n\u00e3o respeitar\u00e1 acordos L\u00edbano-Israel - Portal Tela Portugal","robots":{"index":"index","follow":"follow","max-snippet":"max-snippet:-1","max-image-preview":"max-image-preview:large","max-video-preview":"max-video-preview:-1"},"og_locale":"pt_PT","og_type":"article","og_title":"Funcion\u00e1rio do Hezbollah diz que grupo n\u00e3o respeitar\u00e1 acordos L\u00edbano-Israel - Portal Tela Portugal","og_description":"O Hezbollah afirmou que n\u00e3o ir\u00e1 respeitar acordos das negocia\u00e7\u00f5es L\u00edbano-Israel; o l\u00edder Naim Qassem pediu ao L\u00edbano que cancele a reuni\u00e3o de negocia\u00e7\u00f5es marcada para Washington. Embaixadores liban\u00eas e israelita nos Estados Unidos devem reunir-se em Washington na ter\u00e7a-feira para discutir negocia\u00e7\u00f5es diretas entre os dois pa\u00edses. Qassem disse que as negocia\u00e7\u00f5es s\u00e3o in\u00fateis e exigem consenso liban\u00eas; Israel prefere concentrar-se em negocia\u00e7\u00f5es formais com o L\u00edbano, com quem est\u00e1 tecnicamente em guerra h\u00e1 d\u00e9cadas. O primeiro-ministro israelita, Benjamin Netanyahu, afirmou que o objetivo \u00e9 desmantelar as armas do Hezbollah e alcan\u00e7ar um acordo de paz duradouro. Desde 2 de mar\u00e7o, a guerra j\u00e1 provocou mais de dois mil mortos e deslocou mais de um milh\u00e3o de pessoas no L\u00edbano, com o Hezbollah a manter-se no terreno.","og_url":"https:\/\/portaltela.pt\/noticias\/2026\/04\/14\/funcionario-do-hezbollah-diz-que-grupo-nao-respeitara-acordos-libano-israel\/","og_site_name":"Portal Tela Portugal","article_published_time":"2026-04-14T06:47:23+00:00","author":"Telinha","twitter_card":"summary_large_image","twitter_misc":{"Escrito por":"Telinha","Tempo estimado de leitura":"2 minutos"},"schema":{"@context":"https:\/\/schema.org","@graph":[{"@type":"Article","@id":"https:\/\/portaltela.pt\/noticias\/2026\/04\/14\/funcionario-do-hezbollah-diz-que-grupo-nao-respeitara-acordos-libano-israel\/#article","isPartOf":{"@id":"https:\/\/portaltela.pt\/noticias\/2026\/04\/14\/funcionario-do-hezbollah-diz-que-grupo-nao-respeitara-acordos-libano-israel\/"},"author":{"name":"Telinha","@id":"https:\/\/portaltela.pt\/#\/schema\/person\/c4278d4a6028830caff9ee44b42d32ed"},"headline":"Funcion\u00e1rio do Hezbollah diz que grupo n\u00e3o respeitar\u00e1 acordos L\u00edbano-Israel","datePublished":"2026-04-14T06:47:23+00:00","mainEntityOfPage":{"@id":"https:\/\/portaltela.pt\/noticias\/2026\/04\/14\/funcionario-do-hezbollah-diz-que-grupo-nao-respeitara-acordos-libano-israel\/"},"wordCount":329,"image":{"@id":"https:\/\/portaltela.pt\/noticias\/2026\/04\/14\/funcionario-do-hezbollah-diz-que-grupo-nao-respeitara-acordos-libano-israel\/#primaryimage"},"thumbnailUrl":"https:\/\/portaltela.pt\/s.01k8rhncp4jt1\/2026\/04\/1536x864_cmsv2_713119ff-3ddb-51d6-8505-a456794cf474-9720703.jpg","keywords":["assuntos internacionais","cessar-fogo","conflito","conflitos internacionais","Israel","negocia\u00e7\u00f5es internacionais"],"articleSection":["Conflitos","Guerra"],"inLanguage":"pt-PT"},{"@type":"WebPage","@id":"https:\/\/portaltela.pt\/noticias\/2026\/04\/14\/funcionario-do-hezbollah-diz-que-grupo-nao-respeitara-acordos-libano-israel\/","url":"https:\/\/portaltela.pt\/noticias\/2026\/04\/14\/funcionario-do-hezbollah-diz-que-grupo-nao-respeitara-acordos-libano-israel\/","name":"Funcion\u00e1rio do Hezbollah diz que grupo n\u00e3o respeitar\u00e1 acordos L\u00edbano-Israel - Portal Tela Portugal","isPartOf":{"@id":"https:\/\/portaltela.pt\/#website"},"primaryImageOfPage":{"@id":"https:\/\/portaltela.pt\/noticias\/2026\/04\/14\/funcionario-do-hezbollah-diz-que-grupo-nao-respeitara-acordos-libano-israel\/#primaryimage"},"image":{"@id":"https:\/\/portaltela.pt\/noticias\/2026\/04\/14\/funcionario-do-hezbollah-diz-que-grupo-nao-respeitara-acordos-libano-israel\/#primaryimage"},"thumbnailUrl":"https:\/\/portaltela.pt\/s.01k8rhncp4jt1\/2026\/04\/1536x864_cmsv2_713119ff-3ddb-51d6-8505-a456794cf474-9720703.jpg","datePublished":"2026-04-14T06:47:23+00:00","author":{"@id":"https:\/\/portaltela.pt\/#\/schema\/person\/c4278d4a6028830caff9ee44b42d32ed"},"breadcrumb":{"@id":"https:\/\/portaltela.pt\/noticias\/2026\/04\/14\/funcionario-do-hezbollah-diz-que-grupo-nao-respeitara-acordos-libano-israel\/#breadcrumb"},"inLanguage":"pt-PT","potentialAction":[{"@type":"ReadAction","target":["https:\/\/portaltela.pt\/noticias\/2026\/04\/14\/funcionario-do-hezbollah-diz-que-grupo-nao-respeitara-acordos-libano-israel\/"]}]},{"@type":"ImageObject","inLanguage":"pt-PT","@id":"https:\/\/portaltela.pt\/noticias\/2026\/04\/14\/funcionario-do-hezbollah-diz-que-grupo-nao-respeitara-acordos-libano-israel\/#primaryimage","url":"https:\/\/portaltela.pt\/s.01k8rhncp4jt1\/2026\/04\/1536x864_cmsv2_713119ff-3ddb-51d6-8505-a456794cf474-9720703.jpg","contentUrl":"https:\/\/portaltela.pt\/s.01k8rhncp4jt1\/2026\/04\/1536x864_cmsv2_713119ff-3ddb-51d6-8505-a456794cf474-9720703.jpg","width":796,"height":448,"caption":"Trabalhadores removem os escombros enquanto as equipas de salvamento continuam a procurar uma mulher e uma rapariga desaparecidas num edif\u00edcio destru\u00eddo em Beirute, 13 de abril de 2026"},{"@type":"BreadcrumbList","@id":"https:\/\/portaltela.pt\/noticias\/2026\/04\/14\/funcionario-do-hezbollah-diz-que-grupo-nao-respeitara-acordos-libano-israel\/#breadcrumb","itemListElement":[{"@type":"ListItem","position":1,"name":"In\u00edcio","item":"https:\/\/portaltela.pt\/"},{"@type":"ListItem","position":2,"name":"Funcion\u00e1rio do Hezbollah diz que grupo n\u00e3o respeitar\u00e1 acordos L\u00edbano-Israel"}]},{"@type":"WebSite","@id":"https:\/\/portaltela.pt\/#website","url":"https:\/\/portaltela.pt\/","name":"Portal Tela Portugal","description":"","potentialAction":[{"@type":"SearchAction","target":{"@type":"EntryPoint","urlTemplate":"https:\/\/portaltela.pt\/?s={search_term_string}"},"query-input":{"@type":"PropertyValueSpecification","valueRequired":true,"valueName":"search_term_string"}}],"inLanguage":"pt-PT"},{"@type":"Person","@id":"https:\/\/portaltela.pt\/#\/schema\/person\/c4278d4a6028830caff9ee44b42d32ed","name":"Telinha","image":{"@type":"ImageObject","inLanguage":"pt-PT","@id":"https:\/\/portaltela.pt\/s.01k8rhncp4jt1\/2025\/11\/talking-bot-125x125.png","url":"https:\/\/portaltela.pt\/s.01k8rhncp4jt1\/2025\/11\/talking-bot-125x125.png","contentUrl":"https:\/\/portaltela.pt\/s.01k8rhncp4jt1\/2025\/11\/talking-bot-125x125.png","caption":"Telinha"},"sameAs":["https:\/\/portaltela.pt\/"],"url":"https:\/\/portaltela.pt\/por\/367410592786\/"}]}},"_links":{"self":[{"href":"https:\/\/portaltela.pt\/api\/wp\/v2\/posts\/443219","targetHints":{"allow":["GET"]}}],"collection":[{"href":"https:\/\/portaltela.pt\/api\/wp\/v2\/posts"}],"about":[{"href":"https:\/\/portaltela.pt\/api\/wp\/v2\/types\/post"}],"author":[{"embeddable":true,"href":"https:\/\/portaltela.pt\/api\/wp\/v2\/users\/2"}],"replies":[{"embeddable":true,"href":"https:\/\/portaltela.pt\/api\/wp\/v2\/comments?post=443219"}],"version-history":[{"count":0,"href":"https:\/\/portaltela.pt\/api\/wp\/v2\/posts\/443219\/revisions"}],"wp:featuredmedia":[{"embeddable":true,"href":"https:\/\/portaltela.pt\/api\/wp\/v2\/media\/443223"}],"wp:attachment":[{"href":"https:\/\/portaltela.pt\/api\/wp\/v2\/media?parent=443219"}],"wp:term":[{"taxonomy":"category","embeddable":true,"href":"https:\/\/portaltela.pt\/api\/wp\/v2\/categories?post=443219"},{"taxonomy":"post_tag","embeddable":true,"href":"https:\/\/portaltela.pt\/api\/wp\/v2\/tags?post=443219"}],"curies":[{"name":"wp","href":"https:\/\/api.w.org\/{rel}","templated":true}]}}