{"id":443214,"date":"2026-04-14T03:47:19","date_gmt":"2026-04-14T06:47:19","guid":{"rendered":"https:\/\/portaltela.pt\/noticias\/2026\/04\/14\/venezuela-tem-674-detencoes-por-motivos-politicos-diz-ong\/"},"modified":"2026-04-14T03:47:19","modified_gmt":"2026-04-14T06:47:19","slug":"venezuela-tem-674-detencoes-por-motivos-politicos-diz-ong","status":"publish","type":"post","link":"https:\/\/portaltela.pt\/noticias\/internacional\/2026\/04\/14\/venezuela-tem-674-detencoes-por-motivos-politicos-diz-ong\/","title":{"rendered":"Venezuela tem 674 deten\u00e7\u00f5es por motivos pol\u00edticos, diz ONG"},"content":{"rendered":"<p>A organiza\u00e7\u00e3o n\u00e3o governamental Justi\u00e7a, Encontro e Perd\u00e3o (JEP) aponta que, na Venezuela, 674 pessoas est\u00e3o detidas por motivos pol\u00edticos at\u00e9 13 de abril. O n\u00famero \u00e9 superior ao registado pela ONG F\u00f3rum Penal, que indica 485 casos.<\/p>\n<p>Entre os detidos, 583 s\u00e3o homens e 91 s\u00e3o mulheres. H\u00e1 28 estrangeiros e 30 venezuelanos com dupla nacionalidade inclu\u00eddos nesta lista, segundo balan\u00e7o divulgado pela JEP na rede social X.<\/p>\n<p>A JEP revela ainda casos em v\u00e1rias \u00e1reas e situa\u00e7\u00f5es de gravidade. Existem 41 fam\u00edlias sem informa\u00e7\u00f5es oficiais sobre o paradeiro de quem est\u00e1 detido politicamente, 49 pessoas com doen\u00e7as graves e pelo menos 22 idosos.<\/p>\n<h3>Contexto e fontes<\/h3>\n<p>As informa\u00e7\u00f5es foram partilhadas pela JEP em redes sociais, sem detalhes adicionais sobre metodologias de recolha ou verifica\u00e7\u00f5es independentes. A organiza\u00e7\u00e3o n\u00e3o especifica se os n\u00fameros refletem apenas detidos entre 2019 e 2024.<\/p>\n<p>As autoridades venezuelanas n\u00e3o comentar\u00e3o oficialmente estes n\u00fameros neste momento, mantendo o sil\u00eancio habitual sobre estat\u00edsticas de deten\u00e7\u00e3o pol\u00edtica, segundo fontes pr\u00f3ximas ao tema.<\/p>\n","protected":false},"excerpt":{"rendered":"<ul>\n<li>At\u00e9 13 de abril, a organiza\u00e7\u00e3o Justi\u00e7a, Encontro e Perd\u00e3o (JEP) registou 674 pessoas detidas por motivos pol\u00edticos na Venezuela.<\/li>\n<li>Desses, 583 s\u00e3o homens e 91 s\u00e3o mulheres; 28 s\u00e3o estrangeiros e 30 venezuelanos t\u00eam dupla nacionalidade.<\/li>\n<li>O n\u00famero \u00e9 superior aos 485 casos confirmados pela ONG F\u00f3rum Penal.<\/li>\n<li>Existem 41 casos em que as fam\u00edlias n\u00e3o t\u00eam informa\u00e7\u00f5es oficiais sobre o paradeiro dos detidos.<\/li>\n<li>Al\u00e9m disso, 49 pessoas apresentam doen\u00e7as graves e pelo menos 22 s\u00e3o idosos.<\/li>\n<\/ul>\n","protected":false},"author":2,"featured_media":443218,"comment_status":"closed","ping_status":"closed","sticky":false,"template":"","format":"standard","meta":{"footnotes":""},"categories":[4,7127],"tags":[2633,466,2832,6266,2758],"class_list":["post-443214","post","type-post","status-publish","format-standard","has-post-thumbnail","hentry","category-internacional","category-politica-internacional","tag-direitos-humanos","tag-organizacao-internacional","tag-politica","tag-situacoes-internacionais","tag-venezuela"],"yoast_head":"<!-- This site is optimized with the Yoast SEO plugin v27.2 - https:\/\/yoast.com\/product\/yoast-seo-wordpress\/ -->\n<title>Venezuela tem 674 deten\u00e7\u00f5es por motivos pol\u00edticos, diz ONG - Portal Tela Portugal<\/title>\n<meta name=\"robots\" content=\"index, follow, max-snippet:-1, max-image-preview:large, max-video-preview:-1\" \/>\n<meta property=\"og:locale\" content=\"pt_PT\" \/>\n<meta property=\"og:type\" content=\"article\" \/>\n<meta property=\"og:title\" content=\"Venezuela tem 674 deten\u00e7\u00f5es por motivos pol\u00edticos, diz ONG - Portal Tela Portugal\" \/>\n<meta property=\"og:description\" content=\"At\u00e9 13 de abril, a organiza\u00e7\u00e3o Justi\u00e7a, Encontro e Perd\u00e3o (JEP) registou 674 pessoas detidas por motivos pol\u00edticos na Venezuela. Desses, 583 s\u00e3o homens e 91 s\u00e3o mulheres; 28 s\u00e3o estrangeiros e 30 venezuelanos t\u00eam dupla nacionalidade. O n\u00famero \u00e9 superior aos 485 casos confirmados pela ONG F\u00f3rum Penal. Existem 41 casos em que as fam\u00edlias n\u00e3o t\u00eam informa\u00e7\u00f5es oficiais sobre o paradeiro dos detidos. Al\u00e9m disso, 49 pessoas apresentam doen\u00e7as graves e pelo menos 22 s\u00e3o idosos.\" \/>\n<meta property=\"og:url\" content=\"https:\/\/portaltela.pt\/noticias\/2026\/04\/14\/venezuela-tem-674-detencoes-por-motivos-politicos-diz-ong\/\" \/>\n<meta property=\"og:site_name\" content=\"Portal Tela Portugal\" \/>\n<meta property=\"article:published_time\" content=\"2026-04-14T06:47:19+00:00\" \/>\n<meta name=\"author\" content=\"Telinha\" \/>\n<meta name=\"twitter:card\" content=\"summary_large_image\" \/>\n<meta name=\"twitter:label1\" content=\"Escrito por\" \/>\n\t<meta name=\"twitter:data1\" content=\"Telinha\" \/>\n\t<meta name=\"twitter:label2\" content=\"Tempo estimado de leitura\" \/>\n\t<meta name=\"twitter:data2\" content=\"1 minuto\" \/>\n<script type=\"application\/ld+json\" class=\"yoast-schema-graph\">{\"@context\":\"https:\/\/schema.org\",\"@graph\":[{\"@type\":\"Article\",\"@id\":\"https:\/\/portaltela.pt\/noticias\/2026\/04\/14\/venezuela-tem-674-detencoes-por-motivos-politicos-diz-ong\/#article\",\"isPartOf\":{\"@id\":\"https:\/\/portaltela.pt\/noticias\/2026\/04\/14\/venezuela-tem-674-detencoes-por-motivos-politicos-diz-ong\/\"},\"author\":{\"name\":\"Telinha\",\"@id\":\"https:\/\/portaltela.pt\/#\/schema\/person\/c4278d4a6028830caff9ee44b42d32ed\"},\"headline\":\"Venezuela tem 674 deten\u00e7\u00f5es por motivos pol\u00edticos, diz ONG\",\"datePublished\":\"2026-04-14T06:47:19+00:00\",\"mainEntityOfPage\":{\"@id\":\"https:\/\/portaltela.pt\/noticias\/2026\/04\/14\/venezuela-tem-674-detencoes-por-motivos-politicos-diz-ong\/\"},\"wordCount\":192,\"image\":{\"@id\":\"https:\/\/portaltela.pt\/noticias\/2026\/04\/14\/venezuela-tem-674-detencoes-por-motivos-politicos-diz-ong\/#primaryimage\"},\"thumbnailUrl\":\"https:\/\/portaltela.pt\/s.01k8rhncp4jt1\/2026\/04\/img_1500x1000uu2017-08-22-08-20-00-660660.jpg\",\"keywords\":[\"direitos humanos\",\"organiza\u00e7\u00e3o internacional\",\"pol\u00edtica\",\"situa\u00e7\u00f5es internacionais\",\"Venezuela\"],\"articleSection\":[\"Internacional\",\"Pol\u00edtica Internacional\"],\"inLanguage\":\"pt-PT\"},{\"@type\":\"WebPage\",\"@id\":\"https:\/\/portaltela.pt\/noticias\/2026\/04\/14\/venezuela-tem-674-detencoes-por-motivos-politicos-diz-ong\/\",\"url\":\"https:\/\/portaltela.pt\/noticias\/2026\/04\/14\/venezuela-tem-674-detencoes-por-motivos-politicos-diz-ong\/\",\"name\":\"Venezuela tem 674 deten\u00e7\u00f5es por motivos pol\u00edticos, diz ONG - Portal Tela Portugal\",\"isPartOf\":{\"@id\":\"https:\/\/portaltela.pt\/#website\"},\"primaryImageOfPage\":{\"@id\":\"https:\/\/portaltela.pt\/noticias\/2026\/04\/14\/venezuela-tem-674-detencoes-por-motivos-politicos-diz-ong\/#primaryimage\"},\"image\":{\"@id\":\"https:\/\/portaltela.pt\/noticias\/2026\/04\/14\/venezuela-tem-674-detencoes-por-motivos-politicos-diz-ong\/#primaryimage\"},\"thumbnailUrl\":\"https:\/\/portaltela.pt\/s.01k8rhncp4jt1\/2026\/04\/img_1500x1000uu2017-08-22-08-20-00-660660.jpg\",\"datePublished\":\"2026-04-14T06:47:19+00:00\",\"author\":{\"@id\":\"https:\/\/portaltela.pt\/#\/schema\/person\/c4278d4a6028830caff9ee44b42d32ed\"},\"breadcrumb\":{\"@id\":\"https:\/\/portaltela.pt\/noticias\/2026\/04\/14\/venezuela-tem-674-detencoes-por-motivos-politicos-diz-ong\/#breadcrumb\"},\"inLanguage\":\"pt-PT\",\"potentialAction\":[{\"@type\":\"ReadAction\",\"target\":[\"https:\/\/portaltela.pt\/noticias\/2026\/04\/14\/venezuela-tem-674-detencoes-por-motivos-politicos-diz-ong\/\"]}]},{\"@type\":\"ImageObject\",\"inLanguage\":\"pt-PT\",\"@id\":\"https:\/\/portaltela.pt\/noticias\/2026\/04\/14\/venezuela-tem-674-detencoes-por-motivos-politicos-diz-ong\/#primaryimage\",\"url\":\"https:\/\/portaltela.pt\/s.01k8rhncp4jt1\/2026\/04\/img_1500x1000uu2017-08-22-08-20-00-660660.jpg\",\"contentUrl\":\"https:\/\/portaltela.pt\/s.01k8rhncp4jt1\/2026\/04\/img_1500x1000uu2017-08-22-08-20-00-660660.jpg\",\"width\":796,\"height\":448,\"caption\":\"Bandeira da Venezuela\"},{\"@type\":\"BreadcrumbList\",\"@id\":\"https:\/\/portaltela.pt\/noticias\/2026\/04\/14\/venezuela-tem-674-detencoes-por-motivos-politicos-diz-ong\/#breadcrumb\",\"itemListElement\":[{\"@type\":\"ListItem\",\"position\":1,\"name\":\"In\u00edcio\",\"item\":\"https:\/\/portaltela.pt\/\"},{\"@type\":\"ListItem\",\"position\":2,\"name\":\"Venezuela tem 674 deten\u00e7\u00f5es por motivos pol\u00edticos, diz ONG\"}]},{\"@type\":\"WebSite\",\"@id\":\"https:\/\/portaltela.pt\/#website\",\"url\":\"https:\/\/portaltela.pt\/\",\"name\":\"Portal Tela Portugal\",\"description\":\"\",\"potentialAction\":[{\"@type\":\"SearchAction\",\"target\":{\"@type\":\"EntryPoint\",\"urlTemplate\":\"https:\/\/portaltela.pt\/?s={search_term_string}\"},\"query-input\":{\"@type\":\"PropertyValueSpecification\",\"valueRequired\":true,\"valueName\":\"search_term_string\"}}],\"inLanguage\":\"pt-PT\"},{\"@type\":\"Person\",\"@id\":\"https:\/\/portaltela.pt\/#\/schema\/person\/c4278d4a6028830caff9ee44b42d32ed\",\"name\":\"Telinha\",\"image\":{\"@type\":\"ImageObject\",\"inLanguage\":\"pt-PT\",\"@id\":\"https:\/\/portaltela.pt\/s.01k8rhncp4jt1\/2025\/11\/talking-bot-125x125.png\",\"url\":\"https:\/\/portaltela.pt\/s.01k8rhncp4jt1\/2025\/11\/talking-bot-125x125.png\",\"contentUrl\":\"https:\/\/portaltela.pt\/s.01k8rhncp4jt1\/2025\/11\/talking-bot-125x125.png\",\"caption\":\"Telinha\"},\"sameAs\":[\"https:\/\/portaltela.pt\/\"],\"url\":\"https:\/\/portaltela.pt\/por\/367410592786\/\"}]}<\/script>\n<!-- \/ Yoast SEO plugin. -->","yoast_head_json":{"title":"Venezuela tem 674 deten\u00e7\u00f5es por motivos pol\u00edticos, diz ONG - Portal Tela Portugal","robots":{"index":"index","follow":"follow","max-snippet":"max-snippet:-1","max-image-preview":"max-image-preview:large","max-video-preview":"max-video-preview:-1"},"og_locale":"pt_PT","og_type":"article","og_title":"Venezuela tem 674 deten\u00e7\u00f5es por motivos pol\u00edticos, diz ONG - Portal Tela Portugal","og_description":"At\u00e9 13 de abril, a organiza\u00e7\u00e3o Justi\u00e7a, Encontro e Perd\u00e3o (JEP) registou 674 pessoas detidas por motivos pol\u00edticos na Venezuela. Desses, 583 s\u00e3o homens e 91 s\u00e3o mulheres; 28 s\u00e3o estrangeiros e 30 venezuelanos t\u00eam dupla nacionalidade. O n\u00famero \u00e9 superior aos 485 casos confirmados pela ONG F\u00f3rum Penal. Existem 41 casos em que as fam\u00edlias n\u00e3o t\u00eam informa\u00e7\u00f5es oficiais sobre o paradeiro dos detidos. Al\u00e9m disso, 49 pessoas apresentam doen\u00e7as graves e pelo menos 22 s\u00e3o idosos.","og_url":"https:\/\/portaltela.pt\/noticias\/2026\/04\/14\/venezuela-tem-674-detencoes-por-motivos-politicos-diz-ong\/","og_site_name":"Portal Tela Portugal","article_published_time":"2026-04-14T06:47:19+00:00","author":"Telinha","twitter_card":"summary_large_image","twitter_misc":{"Escrito por":"Telinha","Tempo estimado de leitura":"1 minuto"},"schema":{"@context":"https:\/\/schema.org","@graph":[{"@type":"Article","@id":"https:\/\/portaltela.pt\/noticias\/2026\/04\/14\/venezuela-tem-674-detencoes-por-motivos-politicos-diz-ong\/#article","isPartOf":{"@id":"https:\/\/portaltela.pt\/noticias\/2026\/04\/14\/venezuela-tem-674-detencoes-por-motivos-politicos-diz-ong\/"},"author":{"name":"Telinha","@id":"https:\/\/portaltela.pt\/#\/schema\/person\/c4278d4a6028830caff9ee44b42d32ed"},"headline":"Venezuela tem 674 deten\u00e7\u00f5es por motivos pol\u00edticos, diz ONG","datePublished":"2026-04-14T06:47:19+00:00","mainEntityOfPage":{"@id":"https:\/\/portaltela.pt\/noticias\/2026\/04\/14\/venezuela-tem-674-detencoes-por-motivos-politicos-diz-ong\/"},"wordCount":192,"image":{"@id":"https:\/\/portaltela.pt\/noticias\/2026\/04\/14\/venezuela-tem-674-detencoes-por-motivos-politicos-diz-ong\/#primaryimage"},"thumbnailUrl":"https:\/\/portaltela.pt\/s.01k8rhncp4jt1\/2026\/04\/img_1500x1000uu2017-08-22-08-20-00-660660.jpg","keywords":["direitos humanos","organiza\u00e7\u00e3o internacional","pol\u00edtica","situa\u00e7\u00f5es internacionais","Venezuela"],"articleSection":["Internacional","Pol\u00edtica Internacional"],"inLanguage":"pt-PT"},{"@type":"WebPage","@id":"https:\/\/portaltela.pt\/noticias\/2026\/04\/14\/venezuela-tem-674-detencoes-por-motivos-politicos-diz-ong\/","url":"https:\/\/portaltela.pt\/noticias\/2026\/04\/14\/venezuela-tem-674-detencoes-por-motivos-politicos-diz-ong\/","name":"Venezuela tem 674 deten\u00e7\u00f5es por motivos pol\u00edticos, diz ONG - Portal Tela Portugal","isPartOf":{"@id":"https:\/\/portaltela.pt\/#website"},"primaryImageOfPage":{"@id":"https:\/\/portaltela.pt\/noticias\/2026\/04\/14\/venezuela-tem-674-detencoes-por-motivos-politicos-diz-ong\/#primaryimage"},"image":{"@id":"https:\/\/portaltela.pt\/noticias\/2026\/04\/14\/venezuela-tem-674-detencoes-por-motivos-politicos-diz-ong\/#primaryimage"},"thumbnailUrl":"https:\/\/portaltela.pt\/s.01k8rhncp4jt1\/2026\/04\/img_1500x1000uu2017-08-22-08-20-00-660660.jpg","datePublished":"2026-04-14T06:47:19+00:00","author":{"@id":"https:\/\/portaltela.pt\/#\/schema\/person\/c4278d4a6028830caff9ee44b42d32ed"},"breadcrumb":{"@id":"https:\/\/portaltela.pt\/noticias\/2026\/04\/14\/venezuela-tem-674-detencoes-por-motivos-politicos-diz-ong\/#breadcrumb"},"inLanguage":"pt-PT","potentialAction":[{"@type":"ReadAction","target":["https:\/\/portaltela.pt\/noticias\/2026\/04\/14\/venezuela-tem-674-detencoes-por-motivos-politicos-diz-ong\/"]}]},{"@type":"ImageObject","inLanguage":"pt-PT","@id":"https:\/\/portaltela.pt\/noticias\/2026\/04\/14\/venezuela-tem-674-detencoes-por-motivos-politicos-diz-ong\/#primaryimage","url":"https:\/\/portaltela.pt\/s.01k8rhncp4jt1\/2026\/04\/img_1500x1000uu2017-08-22-08-20-00-660660.jpg","contentUrl":"https:\/\/portaltela.pt\/s.01k8rhncp4jt1\/2026\/04\/img_1500x1000uu2017-08-22-08-20-00-660660.jpg","width":796,"height":448,"caption":"Bandeira da Venezuela"},{"@type":"BreadcrumbList","@id":"https:\/\/portaltela.pt\/noticias\/2026\/04\/14\/venezuela-tem-674-detencoes-por-motivos-politicos-diz-ong\/#breadcrumb","itemListElement":[{"@type":"ListItem","position":1,"name":"In\u00edcio","item":"https:\/\/portaltela.pt\/"},{"@type":"ListItem","position":2,"name":"Venezuela tem 674 deten\u00e7\u00f5es por motivos pol\u00edticos, diz ONG"}]},{"@type":"WebSite","@id":"https:\/\/portaltela.pt\/#website","url":"https:\/\/portaltela.pt\/","name":"Portal Tela Portugal","description":"","potentialAction":[{"@type":"SearchAction","target":{"@type":"EntryPoint","urlTemplate":"https:\/\/portaltela.pt\/?s={search_term_string}"},"query-input":{"@type":"PropertyValueSpecification","valueRequired":true,"valueName":"search_term_string"}}],"inLanguage":"pt-PT"},{"@type":"Person","@id":"https:\/\/portaltela.pt\/#\/schema\/person\/c4278d4a6028830caff9ee44b42d32ed","name":"Telinha","image":{"@type":"ImageObject","inLanguage":"pt-PT","@id":"https:\/\/portaltela.pt\/s.01k8rhncp4jt1\/2025\/11\/talking-bot-125x125.png","url":"https:\/\/portaltela.pt\/s.01k8rhncp4jt1\/2025\/11\/talking-bot-125x125.png","contentUrl":"https:\/\/portaltela.pt\/s.01k8rhncp4jt1\/2025\/11\/talking-bot-125x125.png","caption":"Telinha"},"sameAs":["https:\/\/portaltela.pt\/"],"url":"https:\/\/portaltela.pt\/por\/367410592786\/"}]}},"_links":{"self":[{"href":"https:\/\/portaltela.pt\/api\/wp\/v2\/posts\/443214","targetHints":{"allow":["GET"]}}],"collection":[{"href":"https:\/\/portaltela.pt\/api\/wp\/v2\/posts"}],"about":[{"href":"https:\/\/portaltela.pt\/api\/wp\/v2\/types\/post"}],"author":[{"embeddable":true,"href":"https:\/\/portaltela.pt\/api\/wp\/v2\/users\/2"}],"replies":[{"embeddable":true,"href":"https:\/\/portaltela.pt\/api\/wp\/v2\/comments?post=443214"}],"version-history":[{"count":0,"href":"https:\/\/portaltela.pt\/api\/wp\/v2\/posts\/443214\/revisions"}],"wp:featuredmedia":[{"embeddable":true,"href":"https:\/\/portaltela.pt\/api\/wp\/v2\/media\/443218"}],"wp:attachment":[{"href":"https:\/\/portaltela.pt\/api\/wp\/v2\/media?parent=443214"}],"wp:term":[{"taxonomy":"category","embeddable":true,"href":"https:\/\/portaltela.pt\/api\/wp\/v2\/categories?post=443214"},{"taxonomy":"post_tag","embeddable":true,"href":"https:\/\/portaltela.pt\/api\/wp\/v2\/tags?post=443214"}],"curies":[{"name":"wp","href":"https:\/\/api.w.org\/{rel}","templated":true}]}}