{"id":443209,"date":"2026-04-14T02:06:00","date_gmt":"2026-04-14T05:06:00","guid":{"rendered":"https:\/\/portaltela.pt\/noticias\/2026\/04\/14\/empresas-europeias-acusam-a-china-de-usar-restricoes-de-exportacao-como-castigo\/"},"modified":"2026-04-14T02:06:00","modified_gmt":"2026-04-14T05:06:00","slug":"empresas-europeias-acusam-a-china-de-usar-restricoes-de-exportacao-como-castigo","status":"publish","type":"post","link":"https:\/\/portaltela.pt\/noticias\/internacional\/2026\/04\/14\/empresas-europeias-acusam-a-china-de-usar-restricoes-de-exportacao-como-castigo\/","title":{"rendered":"Empresas europeias acusam a China de usar restri\u00e7\u00f5es de exporta\u00e7\u00e3o como castigo"},"content":{"rendered":"<p>A C\u00e2mara de Com\u00e9rcio da Uni\u00e3o Europeia na China afirmou que Pequim est\u00e1 a recorrer a restri\u00e7\u00f5es \u00e0s exporta\u00e7\u00f5es como instrumento de press\u00e3o pol\u00edtica, colocando em risco as cadeias globais de abastecimento. A mensagem foi apresentada por representantes europeus no pa\u00eds.<\/p>\n<p>Segundo a entidade, as medidas afetam v\u00e1rios setores e criam incertezas para empresas europeias que operam na China e para fornecedores internacionais. A organiza\u00e7\u00e3o sublinha a import\u00e2ncia de regras est\u00e1veis para o com\u00e9rcio.<\/p>\n<p>Quem participa: entidades da UE na China e empresas associadas, que acompanham o uso de restri\u00e7\u00f5es pelas autoridades chinesas como ferramenta de pol\u00edtica externa. Ainda n\u00e3o h\u00e1 confirma\u00e7\u00e3o de medidas espec\u00edficas anunciadas.<\/p>\n<p>Porqu\u00ea: a cita\u00e7\u00e3o sustenta que as restri\u00e7\u00f5es visam sinalizar respostas a disputas pol\u00edticas ou econ\u00f4micas entre a China e outros pa\u00edses. O texto ressalta o impacto potencial em custos, prazos e planeamento log\u00edstico global.<\/p>\n","protected":false},"excerpt":{"rendered":"<ul>\n<li>A C\u00e2mara de Com\u00e9rcio da Uni\u00e3o Europeia na China afirma que o pa\u00eds est\u00e1 a usar restri\u00e7\u00f5es \u00e0s exporta\u00e7\u00f5es como instrumento de press\u00e3o pol\u00edtica.<\/li>\n<li>A pr\u00e1tica pode colocar em risco as cadeias globais de abastecimento.<\/li>\n<li>O alerta vem no contexto de rela\u00e7\u00f5es comerciais entre a Uni\u00e3o Europeia e a China.<\/li>\n<li>O objetivo \u00e9 destacar impactos potenciais para empresas europeias e para o com\u00e9rcio internacional.<\/li>\n<\/ul>\n","protected":false},"author":2,"featured_media":443211,"comment_status":"closed","ping_status":"closed","sticky":false,"template":"","format":"standard","meta":{"footnotes":""},"categories":[6814,4],"tags":[6026,7470,3368,28,3861,27],"class_list":["post-443209","post","type-post","status-publish","format-standard","has-post-thumbnail","hentry","category-geopolitica","category-internacional","tag-cadeias","tag-china","tag-comercio-internacional","tag-economia","tag-economia-internacional","tag-relacoes-internacionais"],"yoast_head":"<!-- This site is optimized with the Yoast SEO plugin v27.2 - https:\/\/yoast.com\/product\/yoast-seo-wordpress\/ -->\n<title>Empresas europeias acusam a China de usar restri\u00e7\u00f5es de exporta\u00e7\u00e3o como castigo - Portal Tela Portugal<\/title>\n<meta name=\"robots\" content=\"index, follow, max-snippet:-1, max-image-preview:large, max-video-preview:-1\" \/>\n<meta property=\"og:locale\" content=\"pt_PT\" \/>\n<meta property=\"og:type\" content=\"article\" \/>\n<meta property=\"og:title\" content=\"Empresas europeias acusam a China de usar restri\u00e7\u00f5es de exporta\u00e7\u00e3o como castigo - Portal Tela Portugal\" \/>\n<meta property=\"og:description\" content=\"A C\u00e2mara de Com\u00e9rcio da Uni\u00e3o Europeia na China afirma que o pa\u00eds est\u00e1 a usar restri\u00e7\u00f5es \u00e0s exporta\u00e7\u00f5es como instrumento de press\u00e3o pol\u00edtica. A pr\u00e1tica pode colocar em risco as cadeias globais de abastecimento. O alerta vem no contexto de rela\u00e7\u00f5es comerciais entre a Uni\u00e3o Europeia e a China. O objetivo \u00e9 destacar impactos potenciais para empresas europeias e para o com\u00e9rcio internacional.\" \/>\n<meta property=\"og:url\" content=\"https:\/\/portaltela.pt\/noticias\/2026\/04\/14\/empresas-europeias-acusam-a-china-de-usar-restricoes-de-exportacao-como-castigo\/\" \/>\n<meta property=\"og:site_name\" content=\"Portal Tela Portugal\" \/>\n<meta property=\"article:published_time\" content=\"2026-04-14T05:06:00+00:00\" \/>\n<meta name=\"author\" content=\"Telinha\" \/>\n<meta name=\"twitter:card\" content=\"summary_large_image\" \/>\n<meta name=\"twitter:label1\" content=\"Escrito por\" \/>\n\t<meta name=\"twitter:data1\" content=\"Telinha\" \/>\n\t<meta name=\"twitter:label2\" content=\"Tempo estimado de leitura\" \/>\n\t<meta name=\"twitter:data2\" content=\"1 minuto\" \/>\n<script type=\"application\/ld+json\" class=\"yoast-schema-graph\">{\"@context\":\"https:\/\/schema.org\",\"@graph\":[{\"@type\":\"Article\",\"@id\":\"https:\/\/portaltela.pt\/noticias\/2026\/04\/14\/empresas-europeias-acusam-a-china-de-usar-restricoes-de-exportacao-como-castigo\/#article\",\"isPartOf\":{\"@id\":\"https:\/\/portaltela.pt\/noticias\/2026\/04\/14\/empresas-europeias-acusam-a-china-de-usar-restricoes-de-exportacao-como-castigo\/\"},\"author\":{\"name\":\"Telinha\",\"@id\":\"https:\/\/portaltela.pt\/#\/schema\/person\/c4278d4a6028830caff9ee44b42d32ed\"},\"headline\":\"Empresas europeias acusam a China de usar restri\u00e7\u00f5es de exporta\u00e7\u00e3o como castigo\",\"datePublished\":\"2026-04-14T05:06:00+00:00\",\"mainEntityOfPage\":{\"@id\":\"https:\/\/portaltela.pt\/noticias\/2026\/04\/14\/empresas-europeias-acusam-a-china-de-usar-restricoes-de-exportacao-como-castigo\/\"},\"wordCount\":178,\"image\":{\"@id\":\"https:\/\/portaltela.pt\/noticias\/2026\/04\/14\/empresas-europeias-acusam-a-china-de-usar-restricoes-de-exportacao-como-castigo\/#primaryimage\"},\"thumbnailUrl\":\"https:\/\/portaltela.pt\/s.01k8rhncp4jt1\/2026\/04\/CACHE_780X1200_ANALOG_WATERMARKED_46811233_671343720936621.jpg\",\"keywords\":[\"cadeias\",\"China\",\"com\u00e9rcio internacional\",\"economia\",\"economia internacional\",\"rela\u00e7\u00f5es internacionais\"],\"articleSection\":[\"Geopol\u00edtica\",\"Internacional\"],\"inLanguage\":\"pt-PT\"},{\"@type\":\"WebPage\",\"@id\":\"https:\/\/portaltela.pt\/noticias\/2026\/04\/14\/empresas-europeias-acusam-a-china-de-usar-restricoes-de-exportacao-como-castigo\/\",\"url\":\"https:\/\/portaltela.pt\/noticias\/2026\/04\/14\/empresas-europeias-acusam-a-china-de-usar-restricoes-de-exportacao-como-castigo\/\",\"name\":\"Empresas europeias acusam a China de usar restri\u00e7\u00f5es de exporta\u00e7\u00e3o como castigo - Portal Tela Portugal\",\"isPartOf\":{\"@id\":\"https:\/\/portaltela.pt\/#website\"},\"primaryImageOfPage\":{\"@id\":\"https:\/\/portaltela.pt\/noticias\/2026\/04\/14\/empresas-europeias-acusam-a-china-de-usar-restricoes-de-exportacao-como-castigo\/#primaryimage\"},\"image\":{\"@id\":\"https:\/\/portaltela.pt\/noticias\/2026\/04\/14\/empresas-europeias-acusam-a-china-de-usar-restricoes-de-exportacao-como-castigo\/#primaryimage\"},\"thumbnailUrl\":\"https:\/\/portaltela.pt\/s.01k8rhncp4jt1\/2026\/04\/CACHE_780X1200_ANALOG_WATERMARKED_46811233_671343720936621.jpg\",\"datePublished\":\"2026-04-14T05:06:00+00:00\",\"author\":{\"@id\":\"https:\/\/portaltela.pt\/#\/schema\/person\/c4278d4a6028830caff9ee44b42d32ed\"},\"breadcrumb\":{\"@id\":\"https:\/\/portaltela.pt\/noticias\/2026\/04\/14\/empresas-europeias-acusam-a-china-de-usar-restricoes-de-exportacao-como-castigo\/#breadcrumb\"},\"inLanguage\":\"pt-PT\",\"potentialAction\":[{\"@type\":\"ReadAction\",\"target\":[\"https:\/\/portaltela.pt\/noticias\/2026\/04\/14\/empresas-europeias-acusam-a-china-de-usar-restricoes-de-exportacao-como-castigo\/\"]}]},{\"@type\":\"ImageObject\",\"inLanguage\":\"pt-PT\",\"@id\":\"https:\/\/portaltela.pt\/noticias\/2026\/04\/14\/empresas-europeias-acusam-a-china-de-usar-restricoes-de-exportacao-como-castigo\/#primaryimage\",\"url\":\"https:\/\/portaltela.pt\/s.01k8rhncp4jt1\/2026\/04\/CACHE_780X1200_ANALOG_WATERMARKED_46811233_671343720936621.jpg\",\"contentUrl\":\"https:\/\/portaltela.pt\/s.01k8rhncp4jt1\/2026\/04\/CACHE_780X1200_ANALOG_WATERMARKED_46811233_671343720936621.jpg\",\"width\":796,\"height\":448,\"caption\":\"Empresas europeias acusam China de usar restri\u00e7\u00f5es \u00e0s exporta\u00e7\u00f5es para impor castigos\"},{\"@type\":\"BreadcrumbList\",\"@id\":\"https:\/\/portaltela.pt\/noticias\/2026\/04\/14\/empresas-europeias-acusam-a-china-de-usar-restricoes-de-exportacao-como-castigo\/#breadcrumb\",\"itemListElement\":[{\"@type\":\"ListItem\",\"position\":1,\"name\":\"In\u00edcio\",\"item\":\"https:\/\/portaltela.pt\/\"},{\"@type\":\"ListItem\",\"position\":2,\"name\":\"Empresas europeias acusam a China de usar restri\u00e7\u00f5es de exporta\u00e7\u00e3o como castigo\"}]},{\"@type\":\"WebSite\",\"@id\":\"https:\/\/portaltela.pt\/#website\",\"url\":\"https:\/\/portaltela.pt\/\",\"name\":\"Portal Tela Portugal\",\"description\":\"\",\"potentialAction\":[{\"@type\":\"SearchAction\",\"target\":{\"@type\":\"EntryPoint\",\"urlTemplate\":\"https:\/\/portaltela.pt\/?s={search_term_string}\"},\"query-input\":{\"@type\":\"PropertyValueSpecification\",\"valueRequired\":true,\"valueName\":\"search_term_string\"}}],\"inLanguage\":\"pt-PT\"},{\"@type\":\"Person\",\"@id\":\"https:\/\/portaltela.pt\/#\/schema\/person\/c4278d4a6028830caff9ee44b42d32ed\",\"name\":\"Telinha\",\"image\":{\"@type\":\"ImageObject\",\"inLanguage\":\"pt-PT\",\"@id\":\"https:\/\/portaltela.pt\/s.01k8rhncp4jt1\/2025\/11\/talking-bot-125x125.png\",\"url\":\"https:\/\/portaltela.pt\/s.01k8rhncp4jt1\/2025\/11\/talking-bot-125x125.png\",\"contentUrl\":\"https:\/\/portaltela.pt\/s.01k8rhncp4jt1\/2025\/11\/talking-bot-125x125.png\",\"caption\":\"Telinha\"},\"sameAs\":[\"https:\/\/portaltela.pt\/\"],\"url\":\"https:\/\/portaltela.pt\/por\/367410592786\/\"}]}<\/script>\n<!-- \/ Yoast SEO plugin. -->","yoast_head_json":{"title":"Empresas europeias acusam a China de usar restri\u00e7\u00f5es de exporta\u00e7\u00e3o como castigo - Portal Tela Portugal","robots":{"index":"index","follow":"follow","max-snippet":"max-snippet:-1","max-image-preview":"max-image-preview:large","max-video-preview":"max-video-preview:-1"},"og_locale":"pt_PT","og_type":"article","og_title":"Empresas europeias acusam a China de usar restri\u00e7\u00f5es de exporta\u00e7\u00e3o como castigo - Portal Tela Portugal","og_description":"A C\u00e2mara de Com\u00e9rcio da Uni\u00e3o Europeia na China afirma que o pa\u00eds est\u00e1 a usar restri\u00e7\u00f5es \u00e0s exporta\u00e7\u00f5es como instrumento de press\u00e3o pol\u00edtica. A pr\u00e1tica pode colocar em risco as cadeias globais de abastecimento. O alerta vem no contexto de rela\u00e7\u00f5es comerciais entre a Uni\u00e3o Europeia e a China. O objetivo \u00e9 destacar impactos potenciais para empresas europeias e para o com\u00e9rcio internacional.","og_url":"https:\/\/portaltela.pt\/noticias\/2026\/04\/14\/empresas-europeias-acusam-a-china-de-usar-restricoes-de-exportacao-como-castigo\/","og_site_name":"Portal Tela Portugal","article_published_time":"2026-04-14T05:06:00+00:00","author":"Telinha","twitter_card":"summary_large_image","twitter_misc":{"Escrito por":"Telinha","Tempo estimado de leitura":"1 minuto"},"schema":{"@context":"https:\/\/schema.org","@graph":[{"@type":"Article","@id":"https:\/\/portaltela.pt\/noticias\/2026\/04\/14\/empresas-europeias-acusam-a-china-de-usar-restricoes-de-exportacao-como-castigo\/#article","isPartOf":{"@id":"https:\/\/portaltela.pt\/noticias\/2026\/04\/14\/empresas-europeias-acusam-a-china-de-usar-restricoes-de-exportacao-como-castigo\/"},"author":{"name":"Telinha","@id":"https:\/\/portaltela.pt\/#\/schema\/person\/c4278d4a6028830caff9ee44b42d32ed"},"headline":"Empresas europeias acusam a China de usar restri\u00e7\u00f5es de exporta\u00e7\u00e3o como castigo","datePublished":"2026-04-14T05:06:00+00:00","mainEntityOfPage":{"@id":"https:\/\/portaltela.pt\/noticias\/2026\/04\/14\/empresas-europeias-acusam-a-china-de-usar-restricoes-de-exportacao-como-castigo\/"},"wordCount":178,"image":{"@id":"https:\/\/portaltela.pt\/noticias\/2026\/04\/14\/empresas-europeias-acusam-a-china-de-usar-restricoes-de-exportacao-como-castigo\/#primaryimage"},"thumbnailUrl":"https:\/\/portaltela.pt\/s.01k8rhncp4jt1\/2026\/04\/CACHE_780X1200_ANALOG_WATERMARKED_46811233_671343720936621.jpg","keywords":["cadeias","China","com\u00e9rcio internacional","economia","economia internacional","rela\u00e7\u00f5es internacionais"],"articleSection":["Geopol\u00edtica","Internacional"],"inLanguage":"pt-PT"},{"@type":"WebPage","@id":"https:\/\/portaltela.pt\/noticias\/2026\/04\/14\/empresas-europeias-acusam-a-china-de-usar-restricoes-de-exportacao-como-castigo\/","url":"https:\/\/portaltela.pt\/noticias\/2026\/04\/14\/empresas-europeias-acusam-a-china-de-usar-restricoes-de-exportacao-como-castigo\/","name":"Empresas europeias acusam a China de usar restri\u00e7\u00f5es de exporta\u00e7\u00e3o como castigo - Portal Tela Portugal","isPartOf":{"@id":"https:\/\/portaltela.pt\/#website"},"primaryImageOfPage":{"@id":"https:\/\/portaltela.pt\/noticias\/2026\/04\/14\/empresas-europeias-acusam-a-china-de-usar-restricoes-de-exportacao-como-castigo\/#primaryimage"},"image":{"@id":"https:\/\/portaltela.pt\/noticias\/2026\/04\/14\/empresas-europeias-acusam-a-china-de-usar-restricoes-de-exportacao-como-castigo\/#primaryimage"},"thumbnailUrl":"https:\/\/portaltela.pt\/s.01k8rhncp4jt1\/2026\/04\/CACHE_780X1200_ANALOG_WATERMARKED_46811233_671343720936621.jpg","datePublished":"2026-04-14T05:06:00+00:00","author":{"@id":"https:\/\/portaltela.pt\/#\/schema\/person\/c4278d4a6028830caff9ee44b42d32ed"},"breadcrumb":{"@id":"https:\/\/portaltela.pt\/noticias\/2026\/04\/14\/empresas-europeias-acusam-a-china-de-usar-restricoes-de-exportacao-como-castigo\/#breadcrumb"},"inLanguage":"pt-PT","potentialAction":[{"@type":"ReadAction","target":["https:\/\/portaltela.pt\/noticias\/2026\/04\/14\/empresas-europeias-acusam-a-china-de-usar-restricoes-de-exportacao-como-castigo\/"]}]},{"@type":"ImageObject","inLanguage":"pt-PT","@id":"https:\/\/portaltela.pt\/noticias\/2026\/04\/14\/empresas-europeias-acusam-a-china-de-usar-restricoes-de-exportacao-como-castigo\/#primaryimage","url":"https:\/\/portaltela.pt\/s.01k8rhncp4jt1\/2026\/04\/CACHE_780X1200_ANALOG_WATERMARKED_46811233_671343720936621.jpg","contentUrl":"https:\/\/portaltela.pt\/s.01k8rhncp4jt1\/2026\/04\/CACHE_780X1200_ANALOG_WATERMARKED_46811233_671343720936621.jpg","width":796,"height":448,"caption":"Empresas europeias acusam China de usar restri\u00e7\u00f5es \u00e0s exporta\u00e7\u00f5es para impor castigos"},{"@type":"BreadcrumbList","@id":"https:\/\/portaltela.pt\/noticias\/2026\/04\/14\/empresas-europeias-acusam-a-china-de-usar-restricoes-de-exportacao-como-castigo\/#breadcrumb","itemListElement":[{"@type":"ListItem","position":1,"name":"In\u00edcio","item":"https:\/\/portaltela.pt\/"},{"@type":"ListItem","position":2,"name":"Empresas europeias acusam a China de usar restri\u00e7\u00f5es de exporta\u00e7\u00e3o como castigo"}]},{"@type":"WebSite","@id":"https:\/\/portaltela.pt\/#website","url":"https:\/\/portaltela.pt\/","name":"Portal Tela Portugal","description":"","potentialAction":[{"@type":"SearchAction","target":{"@type":"EntryPoint","urlTemplate":"https:\/\/portaltela.pt\/?s={search_term_string}"},"query-input":{"@type":"PropertyValueSpecification","valueRequired":true,"valueName":"search_term_string"}}],"inLanguage":"pt-PT"},{"@type":"Person","@id":"https:\/\/portaltela.pt\/#\/schema\/person\/c4278d4a6028830caff9ee44b42d32ed","name":"Telinha","image":{"@type":"ImageObject","inLanguage":"pt-PT","@id":"https:\/\/portaltela.pt\/s.01k8rhncp4jt1\/2025\/11\/talking-bot-125x125.png","url":"https:\/\/portaltela.pt\/s.01k8rhncp4jt1\/2025\/11\/talking-bot-125x125.png","contentUrl":"https:\/\/portaltela.pt\/s.01k8rhncp4jt1\/2025\/11\/talking-bot-125x125.png","caption":"Telinha"},"sameAs":["https:\/\/portaltela.pt\/"],"url":"https:\/\/portaltela.pt\/por\/367410592786\/"}]}},"_links":{"self":[{"href":"https:\/\/portaltela.pt\/api\/wp\/v2\/posts\/443209","targetHints":{"allow":["GET"]}}],"collection":[{"href":"https:\/\/portaltela.pt\/api\/wp\/v2\/posts"}],"about":[{"href":"https:\/\/portaltela.pt\/api\/wp\/v2\/types\/post"}],"author":[{"embeddable":true,"href":"https:\/\/portaltela.pt\/api\/wp\/v2\/users\/2"}],"replies":[{"embeddable":true,"href":"https:\/\/portaltela.pt\/api\/wp\/v2\/comments?post=443209"}],"version-history":[{"count":0,"href":"https:\/\/portaltela.pt\/api\/wp\/v2\/posts\/443209\/revisions"}],"wp:featuredmedia":[{"embeddable":true,"href":"https:\/\/portaltela.pt\/api\/wp\/v2\/media\/443211"}],"wp:attachment":[{"href":"https:\/\/portaltela.pt\/api\/wp\/v2\/media?parent=443209"}],"wp:term":[{"taxonomy":"category","embeddable":true,"href":"https:\/\/portaltela.pt\/api\/wp\/v2\/categories?post=443209"},{"taxonomy":"post_tag","embeddable":true,"href":"https:\/\/portaltela.pt\/api\/wp\/v2\/tags?post=443209"}],"curies":[{"name":"wp","href":"https:\/\/api.w.org\/{rel}","templated":true}]}}