{"id":443202,"date":"2026-04-14T03:32:11","date_gmt":"2026-04-14T06:32:11","guid":{"rendered":"https:\/\/portaltela.pt\/noticias\/2026\/04\/14\/casal-suspeito-da-morte-de-mulher-de-98-anos-conhece-hoje-o-acordao-em-setubal\/"},"modified":"2026-04-14T03:32:11","modified_gmt":"2026-04-14T06:32:11","slug":"casal-suspeito-da-morte-de-mulher-de-98-anos-conhece-hoje-o-acordao-em-setubal","status":"publish","type":"post","link":"https:\/\/portaltela.pt\/justica\/2026\/04\/14\/casal-suspeito-da-morte-de-mulher-de-98-anos-conhece-hoje-o-acordao-em-setubal\/","title":{"rendered":"Casal suspeito da morte de mulher de 98 anos conhece hoje o ac\u00f3rd\u00e3o em Set\u00fabal"},"content":{"rendered":"<p>O Tribunal de Set\u00fabal l\u00ea hoje o ac\u00f3rd\u00e3o relacionado com a morte de Maria da Nazareth, uma mulher de 98 anos. A v\u00edtima esteve sete meses acamada com o colo do f\u00e9mur partido e n\u00e3o recebeu assist\u00eancia m\u00e9dica adequada. O julgamento envolve o filho e a nora da falecida.<\/p>\n<p>Ant\u00f3nio Oliveira e Blanca de Oliveira s\u00e3o os arguidos. O Minist\u00e9rio P\u00fablico pediu penas altas, acusando-os de homic\u00eddio qualificado pela morte da m\u00e3e. A leitura do ac\u00f3rd\u00e3o est\u00e1 agendada para as 13h30, com desfecho ainda por conhecer.<\/p>\n<h3>Ac\u00f3rd\u00e3o e leitura<\/h3>\n<p>Segundo a acusa\u00e7\u00e3o, os arguidos atuaram de forma deliberada, em comunh\u00e3o de esfor\u00e7os, para n\u00e3o cuidarem da v\u00edtima. O MP sugeriu uma pena n\u00e3o inferior a 20 anos para Ant\u00f3nio e uma pena ligeiramente menor para Blanca.<\/p>\n<p>A defesa admitiu a culpa dos dois, embora conteste a tipifica\u00e7\u00e3o de homic\u00eddio qualificado, defendendo que deve ser considerado homic\u00eddio negligente com neglig\u00eancia grosseira, com pena entre 3 e 10 anos. O resultado final depende da leitura do ac\u00f3rd\u00e3o.<\/p>\n","protected":false},"excerpt":{"rendered":"<ul>\n<li>O Tribunal de Set\u00fabal l\u00ea, esta segunda-feira, o ac\u00f3rd\u00e3o relacionado com a morte de uma mulher de 98 anos, envolvido pelo filho e pela nora.<\/li>\n<li>A nonagen\u00e1ria morreu ap\u00f3s ter estado sete meses acamada, com o colo do f\u00e9mur partido, sem receber assist\u00eancia m\u00e9dica.<\/li>\n<li>O Minist\u00e9rio P\u00fablico pediu penas elevadas para Ant\u00f3nio Oliveira e Blanca de Oliveira, acusados de homic\u00eddio qualificado pela morte ocorrida em 12 de dezembro de 2024.<\/li>\n<li>Alega\u00e7\u00f5es finais defendem pena m\u00ednima de vinte anos para o filho, e uma pena ligeiramente menor para a nora, com a defesa a sustentar homic\u00eddio negligente.<\/li>\n<li>Um perito do Instituto de Medicina Legal apontou que a morte deveu-se a uma infe\u00e7\u00e3o pulmonar que surgiu da fratura n\u00e3o tratada, destacando a dor intensa associada \u00e0 les\u00e3o.<\/li>\n<\/ul>\n","protected":false},"author":2,"featured_media":443204,"comment_status":"closed","ping_status":"closed","sticky":false,"template":"","format":"standard","meta":{"footnotes":""},"categories":[6907,6815],"tags":[8169,8080,147,1345,1189,6429],"class_list":["post-443202","post","type-post","status-publish","format-standard","has-post-thumbnail","hentry","category-crime","category-justica","tag-_setubal","tag-_tribunais","tag-crime","tag-homicidio","tag-homicidio-qualificado","tag-mortes"],"yoast_head":"<!-- This site is optimized with the Yoast SEO plugin v27.2 - https:\/\/yoast.com\/product\/yoast-seo-wordpress\/ -->\n<title>Casal suspeito da morte de mulher de 98 anos conhece hoje o ac\u00f3rd\u00e3o em Set\u00fabal - Portal Tela Portugal<\/title>\n<meta name=\"robots\" content=\"index, follow, max-snippet:-1, max-image-preview:large, max-video-preview:-1\" \/>\n<meta property=\"og:locale\" content=\"pt_PT\" \/>\n<meta property=\"og:type\" content=\"article\" \/>\n<meta property=\"og:title\" content=\"Casal suspeito da morte de mulher de 98 anos conhece hoje o ac\u00f3rd\u00e3o em Set\u00fabal - Portal Tela Portugal\" \/>\n<meta property=\"og:description\" content=\"O Tribunal de Set\u00fabal l\u00ea, esta segunda-feira, o ac\u00f3rd\u00e3o relacionado com a morte de uma mulher de 98 anos, envolvido pelo filho e pela nora. A nonagen\u00e1ria morreu ap\u00f3s ter estado sete meses acamada, com o colo do f\u00e9mur partido, sem receber assist\u00eancia m\u00e9dica. O Minist\u00e9rio P\u00fablico pediu penas elevadas para Ant\u00f3nio Oliveira e Blanca de Oliveira, acusados de homic\u00eddio qualificado pela morte ocorrida em 12 de dezembro de 2024. Alega\u00e7\u00f5es finais defendem pena m\u00ednima de vinte anos para o filho, e uma pena ligeiramente menor para a nora, com a defesa a sustentar homic\u00eddio negligente. Um perito do Instituto de Medicina Legal apontou que a morte deveu-se a uma infe\u00e7\u00e3o pulmonar que surgiu da fratura n\u00e3o tratada, destacando a dor intensa associada \u00e0 les\u00e3o.\" \/>\n<meta property=\"og:url\" content=\"https:\/\/portaltela.pt\/noticias\/2026\/04\/14\/casal-suspeito-da-morte-de-mulher-de-98-anos-conhece-hoje-o-acordao-em-setubal\/\" \/>\n<meta property=\"og:site_name\" content=\"Portal Tela Portugal\" \/>\n<meta property=\"article:published_time\" content=\"2026-04-14T06:32:11+00:00\" \/>\n<meta name=\"author\" content=\"Telinha\" \/>\n<meta name=\"twitter:card\" content=\"summary_large_image\" \/>\n<meta name=\"twitter:label1\" content=\"Escrito por\" \/>\n\t<meta name=\"twitter:data1\" content=\"Telinha\" \/>\n\t<meta name=\"twitter:label2\" content=\"Tempo estimado de leitura\" \/>\n\t<meta name=\"twitter:data2\" content=\"1 minuto\" \/>\n<script type=\"application\/ld+json\" class=\"yoast-schema-graph\">{\"@context\":\"https:\/\/schema.org\",\"@graph\":[{\"@type\":\"Article\",\"@id\":\"https:\/\/portaltela.pt\/noticias\/2026\/04\/14\/casal-suspeito-da-morte-de-mulher-de-98-anos-conhece-hoje-o-acordao-em-setubal\/#article\",\"isPartOf\":{\"@id\":\"https:\/\/portaltela.pt\/noticias\/2026\/04\/14\/casal-suspeito-da-morte-de-mulher-de-98-anos-conhece-hoje-o-acordao-em-setubal\/\"},\"author\":{\"name\":\"Telinha\",\"@id\":\"https:\/\/portaltela.pt\/#\/schema\/person\/c4278d4a6028830caff9ee44b42d32ed\"},\"headline\":\"Casal suspeito da morte de mulher de 98 anos conhece hoje o ac\u00f3rd\u00e3o em Set\u00fabal\",\"datePublished\":\"2026-04-14T06:32:11+00:00\",\"mainEntityOfPage\":{\"@id\":\"https:\/\/portaltela.pt\/noticias\/2026\/04\/14\/casal-suspeito-da-morte-de-mulher-de-98-anos-conhece-hoje-o-acordao-em-setubal\/\"},\"wordCount\":209,\"image\":{\"@id\":\"https:\/\/portaltela.pt\/noticias\/2026\/04\/14\/casal-suspeito-da-morte-de-mulher-de-98-anos-conhece-hoje-o-acordao-em-setubal\/#primaryimage\"},\"thumbnailUrl\":\"https:\/\/portaltela.pt\/s.01k8rhncp4jt1\/2026\/04\/img_1280x721uu2021-04-28-20-05-00-1033967.jpg\",\"keywords\":[\"_Set\u00fabal\",\"_Tribunais\",\"crime\",\"homic\u00eddio\",\"homic\u00eddio qualificado\",\"mortes\"],\"articleSection\":[\"Crime\",\"Justi\u00e7a\"],\"inLanguage\":\"pt-PT\"},{\"@type\":\"WebPage\",\"@id\":\"https:\/\/portaltela.pt\/noticias\/2026\/04\/14\/casal-suspeito-da-morte-de-mulher-de-98-anos-conhece-hoje-o-acordao-em-setubal\/\",\"url\":\"https:\/\/portaltela.pt\/noticias\/2026\/04\/14\/casal-suspeito-da-morte-de-mulher-de-98-anos-conhece-hoje-o-acordao-em-setubal\/\",\"name\":\"Casal suspeito da morte de mulher de 98 anos conhece hoje o ac\u00f3rd\u00e3o em Set\u00fabal - Portal Tela Portugal\",\"isPartOf\":{\"@id\":\"https:\/\/portaltela.pt\/#website\"},\"primaryImageOfPage\":{\"@id\":\"https:\/\/portaltela.pt\/noticias\/2026\/04\/14\/casal-suspeito-da-morte-de-mulher-de-98-anos-conhece-hoje-o-acordao-em-setubal\/#primaryimage\"},\"image\":{\"@id\":\"https:\/\/portaltela.pt\/noticias\/2026\/04\/14\/casal-suspeito-da-morte-de-mulher-de-98-anos-conhece-hoje-o-acordao-em-setubal\/#primaryimage\"},\"thumbnailUrl\":\"https:\/\/portaltela.pt\/s.01k8rhncp4jt1\/2026\/04\/img_1280x721uu2021-04-28-20-05-00-1033967.jpg\",\"datePublished\":\"2026-04-14T06:32:11+00:00\",\"author\":{\"@id\":\"https:\/\/portaltela.pt\/#\/schema\/person\/c4278d4a6028830caff9ee44b42d32ed\"},\"breadcrumb\":{\"@id\":\"https:\/\/portaltela.pt\/noticias\/2026\/04\/14\/casal-suspeito-da-morte-de-mulher-de-98-anos-conhece-hoje-o-acordao-em-setubal\/#breadcrumb\"},\"inLanguage\":\"pt-PT\",\"potentialAction\":[{\"@type\":\"ReadAction\",\"target\":[\"https:\/\/portaltela.pt\/noticias\/2026\/04\/14\/casal-suspeito-da-morte-de-mulher-de-98-anos-conhece-hoje-o-acordao-em-setubal\/\"]}]},{\"@type\":\"ImageObject\",\"inLanguage\":\"pt-PT\",\"@id\":\"https:\/\/portaltela.pt\/noticias\/2026\/04\/14\/casal-suspeito-da-morte-de-mulher-de-98-anos-conhece-hoje-o-acordao-em-setubal\/#primaryimage\",\"url\":\"https:\/\/portaltela.pt\/s.01k8rhncp4jt1\/2026\/04\/img_1280x721uu2021-04-28-20-05-00-1033967.jpg\",\"contentUrl\":\"https:\/\/portaltela.pt\/s.01k8rhncp4jt1\/2026\/04\/img_1280x721uu2021-04-28-20-05-00-1033967.jpg\",\"width\":796,\"height\":448,\"caption\":\"Tribunal de Set\u00fabal\"},{\"@type\":\"BreadcrumbList\",\"@id\":\"https:\/\/portaltela.pt\/noticias\/2026\/04\/14\/casal-suspeito-da-morte-de-mulher-de-98-anos-conhece-hoje-o-acordao-em-setubal\/#breadcrumb\",\"itemListElement\":[{\"@type\":\"ListItem\",\"position\":1,\"name\":\"In\u00edcio\",\"item\":\"https:\/\/portaltela.pt\/\"},{\"@type\":\"ListItem\",\"position\":2,\"name\":\"Casal suspeito da morte de mulher de 98 anos conhece hoje o ac\u00f3rd\u00e3o em Set\u00fabal\"}]},{\"@type\":\"WebSite\",\"@id\":\"https:\/\/portaltela.pt\/#website\",\"url\":\"https:\/\/portaltela.pt\/\",\"name\":\"Portal Tela Portugal\",\"description\":\"\",\"potentialAction\":[{\"@type\":\"SearchAction\",\"target\":{\"@type\":\"EntryPoint\",\"urlTemplate\":\"https:\/\/portaltela.pt\/?s={search_term_string}\"},\"query-input\":{\"@type\":\"PropertyValueSpecification\",\"valueRequired\":true,\"valueName\":\"search_term_string\"}}],\"inLanguage\":\"pt-PT\"},{\"@type\":\"Person\",\"@id\":\"https:\/\/portaltela.pt\/#\/schema\/person\/c4278d4a6028830caff9ee44b42d32ed\",\"name\":\"Telinha\",\"image\":{\"@type\":\"ImageObject\",\"inLanguage\":\"pt-PT\",\"@id\":\"https:\/\/portaltela.pt\/s.01k8rhncp4jt1\/2025\/11\/talking-bot-125x125.png\",\"url\":\"https:\/\/portaltela.pt\/s.01k8rhncp4jt1\/2025\/11\/talking-bot-125x125.png\",\"contentUrl\":\"https:\/\/portaltela.pt\/s.01k8rhncp4jt1\/2025\/11\/talking-bot-125x125.png\",\"caption\":\"Telinha\"},\"sameAs\":[\"https:\/\/portaltela.pt\/\"],\"url\":\"https:\/\/portaltela.pt\/por\/367410592786\/\"}]}<\/script>\n<!-- \/ Yoast SEO plugin. -->","yoast_head_json":{"title":"Casal suspeito da morte de mulher de 98 anos conhece hoje o ac\u00f3rd\u00e3o em Set\u00fabal - Portal Tela Portugal","robots":{"index":"index","follow":"follow","max-snippet":"max-snippet:-1","max-image-preview":"max-image-preview:large","max-video-preview":"max-video-preview:-1"},"og_locale":"pt_PT","og_type":"article","og_title":"Casal suspeito da morte de mulher de 98 anos conhece hoje o ac\u00f3rd\u00e3o em Set\u00fabal - Portal Tela Portugal","og_description":"O Tribunal de Set\u00fabal l\u00ea, esta segunda-feira, o ac\u00f3rd\u00e3o relacionado com a morte de uma mulher de 98 anos, envolvido pelo filho e pela nora. A nonagen\u00e1ria morreu ap\u00f3s ter estado sete meses acamada, com o colo do f\u00e9mur partido, sem receber assist\u00eancia m\u00e9dica. O Minist\u00e9rio P\u00fablico pediu penas elevadas para Ant\u00f3nio Oliveira e Blanca de Oliveira, acusados de homic\u00eddio qualificado pela morte ocorrida em 12 de dezembro de 2024. Alega\u00e7\u00f5es finais defendem pena m\u00ednima de vinte anos para o filho, e uma pena ligeiramente menor para a nora, com a defesa a sustentar homic\u00eddio negligente. Um perito do Instituto de Medicina Legal apontou que a morte deveu-se a uma infe\u00e7\u00e3o pulmonar que surgiu da fratura n\u00e3o tratada, destacando a dor intensa associada \u00e0 les\u00e3o.","og_url":"https:\/\/portaltela.pt\/noticias\/2026\/04\/14\/casal-suspeito-da-morte-de-mulher-de-98-anos-conhece-hoje-o-acordao-em-setubal\/","og_site_name":"Portal Tela Portugal","article_published_time":"2026-04-14T06:32:11+00:00","author":"Telinha","twitter_card":"summary_large_image","twitter_misc":{"Escrito por":"Telinha","Tempo estimado de leitura":"1 minuto"},"schema":{"@context":"https:\/\/schema.org","@graph":[{"@type":"Article","@id":"https:\/\/portaltela.pt\/noticias\/2026\/04\/14\/casal-suspeito-da-morte-de-mulher-de-98-anos-conhece-hoje-o-acordao-em-setubal\/#article","isPartOf":{"@id":"https:\/\/portaltela.pt\/noticias\/2026\/04\/14\/casal-suspeito-da-morte-de-mulher-de-98-anos-conhece-hoje-o-acordao-em-setubal\/"},"author":{"name":"Telinha","@id":"https:\/\/portaltela.pt\/#\/schema\/person\/c4278d4a6028830caff9ee44b42d32ed"},"headline":"Casal suspeito da morte de mulher de 98 anos conhece hoje o ac\u00f3rd\u00e3o em Set\u00fabal","datePublished":"2026-04-14T06:32:11+00:00","mainEntityOfPage":{"@id":"https:\/\/portaltela.pt\/noticias\/2026\/04\/14\/casal-suspeito-da-morte-de-mulher-de-98-anos-conhece-hoje-o-acordao-em-setubal\/"},"wordCount":209,"image":{"@id":"https:\/\/portaltela.pt\/noticias\/2026\/04\/14\/casal-suspeito-da-morte-de-mulher-de-98-anos-conhece-hoje-o-acordao-em-setubal\/#primaryimage"},"thumbnailUrl":"https:\/\/portaltela.pt\/s.01k8rhncp4jt1\/2026\/04\/img_1280x721uu2021-04-28-20-05-00-1033967.jpg","keywords":["_Set\u00fabal","_Tribunais","crime","homic\u00eddio","homic\u00eddio qualificado","mortes"],"articleSection":["Crime","Justi\u00e7a"],"inLanguage":"pt-PT"},{"@type":"WebPage","@id":"https:\/\/portaltela.pt\/noticias\/2026\/04\/14\/casal-suspeito-da-morte-de-mulher-de-98-anos-conhece-hoje-o-acordao-em-setubal\/","url":"https:\/\/portaltela.pt\/noticias\/2026\/04\/14\/casal-suspeito-da-morte-de-mulher-de-98-anos-conhece-hoje-o-acordao-em-setubal\/","name":"Casal suspeito da morte de mulher de 98 anos conhece hoje o ac\u00f3rd\u00e3o em Set\u00fabal - Portal Tela Portugal","isPartOf":{"@id":"https:\/\/portaltela.pt\/#website"},"primaryImageOfPage":{"@id":"https:\/\/portaltela.pt\/noticias\/2026\/04\/14\/casal-suspeito-da-morte-de-mulher-de-98-anos-conhece-hoje-o-acordao-em-setubal\/#primaryimage"},"image":{"@id":"https:\/\/portaltela.pt\/noticias\/2026\/04\/14\/casal-suspeito-da-morte-de-mulher-de-98-anos-conhece-hoje-o-acordao-em-setubal\/#primaryimage"},"thumbnailUrl":"https:\/\/portaltela.pt\/s.01k8rhncp4jt1\/2026\/04\/img_1280x721uu2021-04-28-20-05-00-1033967.jpg","datePublished":"2026-04-14T06:32:11+00:00","author":{"@id":"https:\/\/portaltela.pt\/#\/schema\/person\/c4278d4a6028830caff9ee44b42d32ed"},"breadcrumb":{"@id":"https:\/\/portaltela.pt\/noticias\/2026\/04\/14\/casal-suspeito-da-morte-de-mulher-de-98-anos-conhece-hoje-o-acordao-em-setubal\/#breadcrumb"},"inLanguage":"pt-PT","potentialAction":[{"@type":"ReadAction","target":["https:\/\/portaltela.pt\/noticias\/2026\/04\/14\/casal-suspeito-da-morte-de-mulher-de-98-anos-conhece-hoje-o-acordao-em-setubal\/"]}]},{"@type":"ImageObject","inLanguage":"pt-PT","@id":"https:\/\/portaltela.pt\/noticias\/2026\/04\/14\/casal-suspeito-da-morte-de-mulher-de-98-anos-conhece-hoje-o-acordao-em-setubal\/#primaryimage","url":"https:\/\/portaltela.pt\/s.01k8rhncp4jt1\/2026\/04\/img_1280x721uu2021-04-28-20-05-00-1033967.jpg","contentUrl":"https:\/\/portaltela.pt\/s.01k8rhncp4jt1\/2026\/04\/img_1280x721uu2021-04-28-20-05-00-1033967.jpg","width":796,"height":448,"caption":"Tribunal de Set\u00fabal"},{"@type":"BreadcrumbList","@id":"https:\/\/portaltela.pt\/noticias\/2026\/04\/14\/casal-suspeito-da-morte-de-mulher-de-98-anos-conhece-hoje-o-acordao-em-setubal\/#breadcrumb","itemListElement":[{"@type":"ListItem","position":1,"name":"In\u00edcio","item":"https:\/\/portaltela.pt\/"},{"@type":"ListItem","position":2,"name":"Casal suspeito da morte de mulher de 98 anos conhece hoje o ac\u00f3rd\u00e3o em Set\u00fabal"}]},{"@type":"WebSite","@id":"https:\/\/portaltela.pt\/#website","url":"https:\/\/portaltela.pt\/","name":"Portal Tela Portugal","description":"","potentialAction":[{"@type":"SearchAction","target":{"@type":"EntryPoint","urlTemplate":"https:\/\/portaltela.pt\/?s={search_term_string}"},"query-input":{"@type":"PropertyValueSpecification","valueRequired":true,"valueName":"search_term_string"}}],"inLanguage":"pt-PT"},{"@type":"Person","@id":"https:\/\/portaltela.pt\/#\/schema\/person\/c4278d4a6028830caff9ee44b42d32ed","name":"Telinha","image":{"@type":"ImageObject","inLanguage":"pt-PT","@id":"https:\/\/portaltela.pt\/s.01k8rhncp4jt1\/2025\/11\/talking-bot-125x125.png","url":"https:\/\/portaltela.pt\/s.01k8rhncp4jt1\/2025\/11\/talking-bot-125x125.png","contentUrl":"https:\/\/portaltela.pt\/s.01k8rhncp4jt1\/2025\/11\/talking-bot-125x125.png","caption":"Telinha"},"sameAs":["https:\/\/portaltela.pt\/"],"url":"https:\/\/portaltela.pt\/por\/367410592786\/"}]}},"_links":{"self":[{"href":"https:\/\/portaltela.pt\/api\/wp\/v2\/posts\/443202","targetHints":{"allow":["GET"]}}],"collection":[{"href":"https:\/\/portaltela.pt\/api\/wp\/v2\/posts"}],"about":[{"href":"https:\/\/portaltela.pt\/api\/wp\/v2\/types\/post"}],"author":[{"embeddable":true,"href":"https:\/\/portaltela.pt\/api\/wp\/v2\/users\/2"}],"replies":[{"embeddable":true,"href":"https:\/\/portaltela.pt\/api\/wp\/v2\/comments?post=443202"}],"version-history":[{"count":0,"href":"https:\/\/portaltela.pt\/api\/wp\/v2\/posts\/443202\/revisions"}],"wp:featuredmedia":[{"embeddable":true,"href":"https:\/\/portaltela.pt\/api\/wp\/v2\/media\/443204"}],"wp:attachment":[{"href":"https:\/\/portaltela.pt\/api\/wp\/v2\/media?parent=443202"}],"wp:term":[{"taxonomy":"category","embeddable":true,"href":"https:\/\/portaltela.pt\/api\/wp\/v2\/categories?post=443202"},{"taxonomy":"post_tag","embeddable":true,"href":"https:\/\/portaltela.pt\/api\/wp\/v2\/tags?post=443202"}],"curies":[{"name":"wp","href":"https:\/\/api.w.org\/{rel}","templated":true}]}}