{"id":443187,"date":"2026-04-14T03:17:10","date_gmt":"2026-04-14T06:17:10","guid":{"rendered":"https:\/\/portaltela.pt\/noticias\/2026\/04\/14\/tunel-da-avenida-joao-xxi-fecha-em-lisboa-para-obras-a-partir-de-hoje\/"},"modified":"2026-04-14T03:17:10","modified_gmt":"2026-04-14T06:17:10","slug":"tunel-da-avenida-joao-xxi-fecha-em-lisboa-para-obras-a-partir-de-hoje","status":"publish","type":"post","link":"https:\/\/portaltela.pt\/noticias\/economia\/2026\/04\/14\/tunel-da-avenida-joao-xxi-fecha-em-lisboa-para-obras-a-partir-de-hoje\/","title":{"rendered":"T\u00fanel da Avenida Jo\u00e3o XXI fecha em Lisboa para obras a partir de hoje"},"content":{"rendered":"<p>O t\u00fanel da Avenida Jo\u00e3o XXI, em Lisboa, fecha hoje para obras de refor\u00e7o da seguran\u00e7a, com dura\u00e7\u00e3o prevista de 720 dias (cerca de dois anos). A interven\u00e7\u00e3o \u00e9 promovida pela Empresa de Mobilidade e Estacionamento de Lisboa (EMEL).<\/p>\n<p>As obras visam tornar a infraestrutura mais segura, melhorar a prote\u00e7\u00e3o contra inc\u00eandios e promover uma mobilidade mais segura para todos. A dura\u00e7\u00e3o prevista \u00e9 de 720 dias.<\/p>\n<p>O investimento \u00e9 de 7,6 milh\u00f5es de euros, IVA inclu\u00eddo, e foi aprovado por unanimidade pela C\u00e2mara Municipal em 2021, tendo sido adjudicado em 2022, mas apenas agora arrancam as obras.<\/p>\n<h3>Reabilita\u00e7\u00e3o do t\u00fanel e impactes<\/h3>\n<p>Ser\u00e3o reabilitadas todas as infraestruturas do t\u00fanel, incluindo AVAC, redes de \u00e1gua, inc\u00eandio, drenagem de \u00e1guas residuais e pluviais, bem como a zona do posto de controlo, sala do grupo gerador, posto de transforma\u00e7\u00e3o e a sa\u00edda de emerg\u00eancia da Avenida de Roma.<\/p>\n<p>Est\u00e1 prevista ainda a cria\u00e7\u00e3o de uma nova sa\u00edda de emerg\u00eancia no cruzamento da Avenida Jo\u00e3o XXI com a Avenida de Roma.<\/p>\n<p>Inaugurado em 1997, o t\u00fanel da Avenida Jo\u00e3o XXI liga o Campo Pequeno \u00e0 Avenida Afonso Costa, no Areeiro, com uma extens\u00e3o de aproximadamente 1 490 metros.<\/p>\n","protected":false},"excerpt":{"rendered":"<ul>\n<li>O t\u00fanel da Avenida Jo\u00e3o XXI, em Lisboa, fecha hoje para obras de refor\u00e7o de seguran\u00e7a, com dura\u00e7\u00e3o estimada de 720 dias.<\/li>\n<li>A interven\u00e7\u00e3o, or\u00e7ada em 7,6 milh\u00f5es de euros (inclu\u00eddo IVA), visa tornar a infraestrutura mais segura e melhorar a prote\u00e7\u00e3o contra inc\u00eandios.<\/li>\n<li>A reabilita\u00e7\u00e3o foi aprovada pela C\u00e2mara Municipal em 2021 e adjudicada em 2022, mas s\u00f3 agora inicia.<\/li>\n<li>Ser\u00e3o reabilitadas infraestruturas do t\u00fanel e \u00e1reas inclu\u00eddas: AVAC, redes de \u00e1gua, de inc\u00eandios, de drenagem de \u00e1guas residuais e pluviais, posto de controlo, sala do grupo gerador, posto de transforma\u00e7\u00e3o e sa\u00edda de emerg\u00eancia da Avenida de Roma; adicionalmente, ser\u00e1 criada uma nova sa\u00edda de emerg\u00eancia no cruzamento da Avenida Jo\u00e3o XXI com a Avenida de Roma.<\/li>\n<li>O t\u00fanel, inaugurado em 1997, liga o Campo Pequeno \u00e0 Avenida Afonso Costa, no Areeiro, com cerca de 1.490 metros de extens\u00e3o.<\/li>\n<\/ul>\n","protected":false},"author":2,"featured_media":443191,"comment_status":"closed","ping_status":"closed","sticky":false,"template":"","format":"standard","meta":{"footnotes":""},"categories":[2,1],"tags":[8163,8046,7974,8020,8044,7981],"class_list":["post-443187","post","type-post","status-publish","format-standard","has-post-thumbnail","hentry","category-economia","category-noticias","tag-_areeiro","tag-_infraestruturas-de-portugal","tag-_lisboa","tag-_mobilidade","tag-_protecao-civil","tag-_seguranca-rodoviaria"],"yoast_head":"<!-- This site is optimized with the Yoast SEO plugin v27.2 - https:\/\/yoast.com\/product\/yoast-seo-wordpress\/ -->\n<title>T\u00fanel da Avenida Jo\u00e3o XXI fecha em Lisboa para obras a partir de hoje - Portal Tela Portugal<\/title>\n<meta name=\"robots\" content=\"index, follow, max-snippet:-1, max-image-preview:large, max-video-preview:-1\" \/>\n<meta property=\"og:locale\" content=\"pt_PT\" \/>\n<meta property=\"og:type\" content=\"article\" \/>\n<meta property=\"og:title\" content=\"T\u00fanel da Avenida Jo\u00e3o XXI fecha em Lisboa para obras a partir de hoje - Portal Tela Portugal\" \/>\n<meta property=\"og:description\" content=\"O t\u00fanel da Avenida Jo\u00e3o XXI, em Lisboa, fecha hoje para obras de refor\u00e7o de seguran\u00e7a, com dura\u00e7\u00e3o estimada de 720 dias. A interven\u00e7\u00e3o, or\u00e7ada em 7,6 milh\u00f5es de euros (inclu\u00eddo IVA), visa tornar a infraestrutura mais segura e melhorar a prote\u00e7\u00e3o contra inc\u00eandios. A reabilita\u00e7\u00e3o foi aprovada pela C\u00e2mara Municipal em 2021 e adjudicada em 2022, mas s\u00f3 agora inicia. Ser\u00e3o reabilitadas infraestruturas do t\u00fanel e \u00e1reas inclu\u00eddas: AVAC, redes de \u00e1gua, de inc\u00eandios, de drenagem de \u00e1guas residuais e pluviais, posto de controlo, sala do grupo gerador, posto de transforma\u00e7\u00e3o e sa\u00edda de emerg\u00eancia da Avenida de Roma; adicionalmente, ser\u00e1 criada uma nova sa\u00edda de emerg\u00eancia no cruzamento da Avenida Jo\u00e3o XXI com a Avenida de Roma. O t\u00fanel, inaugurado em 1997, liga o Campo Pequeno \u00e0 Avenida Afonso Costa, no Areeiro, com cerca de 1.490 metros de extens\u00e3o.\" \/>\n<meta property=\"og:url\" content=\"https:\/\/portaltela.pt\/noticias\/2026\/04\/14\/tunel-da-avenida-joao-xxi-fecha-em-lisboa-para-obras-a-partir-de-hoje\/\" \/>\n<meta property=\"og:site_name\" content=\"Portal Tela Portugal\" \/>\n<meta property=\"article:published_time\" content=\"2026-04-14T06:17:10+00:00\" \/>\n<meta name=\"author\" content=\"Telinha\" \/>\n<meta name=\"twitter:card\" content=\"summary_large_image\" \/>\n<meta name=\"twitter:label1\" content=\"Escrito por\" \/>\n\t<meta name=\"twitter:data1\" content=\"Telinha\" \/>\n\t<meta name=\"twitter:label2\" content=\"Tempo estimado de leitura\" \/>\n\t<meta name=\"twitter:data2\" content=\"1 minuto\" \/>\n<script type=\"application\/ld+json\" class=\"yoast-schema-graph\">{\"@context\":\"https:\/\/schema.org\",\"@graph\":[{\"@type\":\"Article\",\"@id\":\"https:\/\/portaltela.pt\/noticias\/2026\/04\/14\/tunel-da-avenida-joao-xxi-fecha-em-lisboa-para-obras-a-partir-de-hoje\/#article\",\"isPartOf\":{\"@id\":\"https:\/\/portaltela.pt\/noticias\/2026\/04\/14\/tunel-da-avenida-joao-xxi-fecha-em-lisboa-para-obras-a-partir-de-hoje\/\"},\"author\":{\"name\":\"Telinha\",\"@id\":\"https:\/\/portaltela.pt\/#\/schema\/person\/c4278d4a6028830caff9ee44b42d32ed\"},\"headline\":\"T\u00fanel da Avenida Jo\u00e3o XXI fecha em Lisboa para obras a partir de hoje\",\"datePublished\":\"2026-04-14T06:17:10+00:00\",\"mainEntityOfPage\":{\"@id\":\"https:\/\/portaltela.pt\/noticias\/2026\/04\/14\/tunel-da-avenida-joao-xxi-fecha-em-lisboa-para-obras-a-partir-de-hoje\/\"},\"wordCount\":226,\"image\":{\"@id\":\"https:\/\/portaltela.pt\/noticias\/2026\/04\/14\/tunel-da-avenida-joao-xxi-fecha-em-lisboa-para-obras-a-partir-de-hoje\/#primaryimage\"},\"thumbnailUrl\":\"https:\/\/portaltela.pt\/s.01k8rhncp4jt1\/2026\/04\/img_1500x1000uu2022-12-15-21-48-15-1230705.jpg\",\"keywords\":[\"_Areeiro\",\"_Infraestruturas de Portugal\",\"_Lisboa\",\"_mobilidade\",\"_prote\u00e7\u00e3o civil\",\"_seguran\u00e7a rodovi\u00e1ria\"],\"articleSection\":[\"Economia\",\"Not\u00edcias\"],\"inLanguage\":\"pt-PT\"},{\"@type\":\"WebPage\",\"@id\":\"https:\/\/portaltela.pt\/noticias\/2026\/04\/14\/tunel-da-avenida-joao-xxi-fecha-em-lisboa-para-obras-a-partir-de-hoje\/\",\"url\":\"https:\/\/portaltela.pt\/noticias\/2026\/04\/14\/tunel-da-avenida-joao-xxi-fecha-em-lisboa-para-obras-a-partir-de-hoje\/\",\"name\":\"T\u00fanel da Avenida Jo\u00e3o XXI fecha em Lisboa para obras a partir de hoje - Portal Tela Portugal\",\"isPartOf\":{\"@id\":\"https:\/\/portaltela.pt\/#website\"},\"primaryImageOfPage\":{\"@id\":\"https:\/\/portaltela.pt\/noticias\/2026\/04\/14\/tunel-da-avenida-joao-xxi-fecha-em-lisboa-para-obras-a-partir-de-hoje\/#primaryimage\"},\"image\":{\"@id\":\"https:\/\/portaltela.pt\/noticias\/2026\/04\/14\/tunel-da-avenida-joao-xxi-fecha-em-lisboa-para-obras-a-partir-de-hoje\/#primaryimage\"},\"thumbnailUrl\":\"https:\/\/portaltela.pt\/s.01k8rhncp4jt1\/2026\/04\/img_1500x1000uu2022-12-15-21-48-15-1230705.jpg\",\"datePublished\":\"2026-04-14T06:17:10+00:00\",\"author\":{\"@id\":\"https:\/\/portaltela.pt\/#\/schema\/person\/c4278d4a6028830caff9ee44b42d32ed\"},\"breadcrumb\":{\"@id\":\"https:\/\/portaltela.pt\/noticias\/2026\/04\/14\/tunel-da-avenida-joao-xxi-fecha-em-lisboa-para-obras-a-partir-de-hoje\/#breadcrumb\"},\"inLanguage\":\"pt-PT\",\"potentialAction\":[{\"@type\":\"ReadAction\",\"target\":[\"https:\/\/portaltela.pt\/noticias\/2026\/04\/14\/tunel-da-avenida-joao-xxi-fecha-em-lisboa-para-obras-a-partir-de-hoje\/\"]}]},{\"@type\":\"ImageObject\",\"inLanguage\":\"pt-PT\",\"@id\":\"https:\/\/portaltela.pt\/noticias\/2026\/04\/14\/tunel-da-avenida-joao-xxi-fecha-em-lisboa-para-obras-a-partir-de-hoje\/#primaryimage\",\"url\":\"https:\/\/portaltela.pt\/s.01k8rhncp4jt1\/2026\/04\/img_1500x1000uu2022-12-15-21-48-15-1230705.jpg\",\"contentUrl\":\"https:\/\/portaltela.pt\/s.01k8rhncp4jt1\/2026\/04\/img_1500x1000uu2022-12-15-21-48-15-1230705.jpg\",\"width\":796,\"height\":448,\"caption\":\"T\u00fanel da Avenida Jo\u00e3o XXI\"},{\"@type\":\"BreadcrumbList\",\"@id\":\"https:\/\/portaltela.pt\/noticias\/2026\/04\/14\/tunel-da-avenida-joao-xxi-fecha-em-lisboa-para-obras-a-partir-de-hoje\/#breadcrumb\",\"itemListElement\":[{\"@type\":\"ListItem\",\"position\":1,\"name\":\"In\u00edcio\",\"item\":\"https:\/\/portaltela.pt\/\"},{\"@type\":\"ListItem\",\"position\":2,\"name\":\"T\u00fanel da Avenida Jo\u00e3o XXI fecha em Lisboa para obras a partir de hoje\"}]},{\"@type\":\"WebSite\",\"@id\":\"https:\/\/portaltela.pt\/#website\",\"url\":\"https:\/\/portaltela.pt\/\",\"name\":\"Portal Tela Portugal\",\"description\":\"\",\"potentialAction\":[{\"@type\":\"SearchAction\",\"target\":{\"@type\":\"EntryPoint\",\"urlTemplate\":\"https:\/\/portaltela.pt\/?s={search_term_string}\"},\"query-input\":{\"@type\":\"PropertyValueSpecification\",\"valueRequired\":true,\"valueName\":\"search_term_string\"}}],\"inLanguage\":\"pt-PT\"},{\"@type\":\"Person\",\"@id\":\"https:\/\/portaltela.pt\/#\/schema\/person\/c4278d4a6028830caff9ee44b42d32ed\",\"name\":\"Telinha\",\"image\":{\"@type\":\"ImageObject\",\"inLanguage\":\"pt-PT\",\"@id\":\"https:\/\/portaltela.pt\/s.01k8rhncp4jt1\/2025\/11\/talking-bot-125x125.png\",\"url\":\"https:\/\/portaltela.pt\/s.01k8rhncp4jt1\/2025\/11\/talking-bot-125x125.png\",\"contentUrl\":\"https:\/\/portaltela.pt\/s.01k8rhncp4jt1\/2025\/11\/talking-bot-125x125.png\",\"caption\":\"Telinha\"},\"sameAs\":[\"https:\/\/portaltela.pt\/\"],\"url\":\"https:\/\/portaltela.pt\/por\/367410592786\/\"}]}<\/script>\n<!-- \/ Yoast SEO plugin. -->","yoast_head_json":{"title":"T\u00fanel da Avenida Jo\u00e3o XXI fecha em Lisboa para obras a partir de hoje - Portal Tela Portugal","robots":{"index":"index","follow":"follow","max-snippet":"max-snippet:-1","max-image-preview":"max-image-preview:large","max-video-preview":"max-video-preview:-1"},"og_locale":"pt_PT","og_type":"article","og_title":"T\u00fanel da Avenida Jo\u00e3o XXI fecha em Lisboa para obras a partir de hoje - Portal Tela Portugal","og_description":"O t\u00fanel da Avenida Jo\u00e3o XXI, em Lisboa, fecha hoje para obras de refor\u00e7o de seguran\u00e7a, com dura\u00e7\u00e3o estimada de 720 dias. A interven\u00e7\u00e3o, or\u00e7ada em 7,6 milh\u00f5es de euros (inclu\u00eddo IVA), visa tornar a infraestrutura mais segura e melhorar a prote\u00e7\u00e3o contra inc\u00eandios. A reabilita\u00e7\u00e3o foi aprovada pela C\u00e2mara Municipal em 2021 e adjudicada em 2022, mas s\u00f3 agora inicia. Ser\u00e3o reabilitadas infraestruturas do t\u00fanel e \u00e1reas inclu\u00eddas: AVAC, redes de \u00e1gua, de inc\u00eandios, de drenagem de \u00e1guas residuais e pluviais, posto de controlo, sala do grupo gerador, posto de transforma\u00e7\u00e3o e sa\u00edda de emerg\u00eancia da Avenida de Roma; adicionalmente, ser\u00e1 criada uma nova sa\u00edda de emerg\u00eancia no cruzamento da Avenida Jo\u00e3o XXI com a Avenida de Roma. O t\u00fanel, inaugurado em 1997, liga o Campo Pequeno \u00e0 Avenida Afonso Costa, no Areeiro, com cerca de 1.490 metros de extens\u00e3o.","og_url":"https:\/\/portaltela.pt\/noticias\/2026\/04\/14\/tunel-da-avenida-joao-xxi-fecha-em-lisboa-para-obras-a-partir-de-hoje\/","og_site_name":"Portal Tela Portugal","article_published_time":"2026-04-14T06:17:10+00:00","author":"Telinha","twitter_card":"summary_large_image","twitter_misc":{"Escrito por":"Telinha","Tempo estimado de leitura":"1 minuto"},"schema":{"@context":"https:\/\/schema.org","@graph":[{"@type":"Article","@id":"https:\/\/portaltela.pt\/noticias\/2026\/04\/14\/tunel-da-avenida-joao-xxi-fecha-em-lisboa-para-obras-a-partir-de-hoje\/#article","isPartOf":{"@id":"https:\/\/portaltela.pt\/noticias\/2026\/04\/14\/tunel-da-avenida-joao-xxi-fecha-em-lisboa-para-obras-a-partir-de-hoje\/"},"author":{"name":"Telinha","@id":"https:\/\/portaltela.pt\/#\/schema\/person\/c4278d4a6028830caff9ee44b42d32ed"},"headline":"T\u00fanel da Avenida Jo\u00e3o XXI fecha em Lisboa para obras a partir de hoje","datePublished":"2026-04-14T06:17:10+00:00","mainEntityOfPage":{"@id":"https:\/\/portaltela.pt\/noticias\/2026\/04\/14\/tunel-da-avenida-joao-xxi-fecha-em-lisboa-para-obras-a-partir-de-hoje\/"},"wordCount":226,"image":{"@id":"https:\/\/portaltela.pt\/noticias\/2026\/04\/14\/tunel-da-avenida-joao-xxi-fecha-em-lisboa-para-obras-a-partir-de-hoje\/#primaryimage"},"thumbnailUrl":"https:\/\/portaltela.pt\/s.01k8rhncp4jt1\/2026\/04\/img_1500x1000uu2022-12-15-21-48-15-1230705.jpg","keywords":["_Areeiro","_Infraestruturas de Portugal","_Lisboa","_mobilidade","_prote\u00e7\u00e3o civil","_seguran\u00e7a rodovi\u00e1ria"],"articleSection":["Economia","Not\u00edcias"],"inLanguage":"pt-PT"},{"@type":"WebPage","@id":"https:\/\/portaltela.pt\/noticias\/2026\/04\/14\/tunel-da-avenida-joao-xxi-fecha-em-lisboa-para-obras-a-partir-de-hoje\/","url":"https:\/\/portaltela.pt\/noticias\/2026\/04\/14\/tunel-da-avenida-joao-xxi-fecha-em-lisboa-para-obras-a-partir-de-hoje\/","name":"T\u00fanel da Avenida Jo\u00e3o XXI fecha em Lisboa para obras a partir de hoje - Portal Tela Portugal","isPartOf":{"@id":"https:\/\/portaltela.pt\/#website"},"primaryImageOfPage":{"@id":"https:\/\/portaltela.pt\/noticias\/2026\/04\/14\/tunel-da-avenida-joao-xxi-fecha-em-lisboa-para-obras-a-partir-de-hoje\/#primaryimage"},"image":{"@id":"https:\/\/portaltela.pt\/noticias\/2026\/04\/14\/tunel-da-avenida-joao-xxi-fecha-em-lisboa-para-obras-a-partir-de-hoje\/#primaryimage"},"thumbnailUrl":"https:\/\/portaltela.pt\/s.01k8rhncp4jt1\/2026\/04\/img_1500x1000uu2022-12-15-21-48-15-1230705.jpg","datePublished":"2026-04-14T06:17:10+00:00","author":{"@id":"https:\/\/portaltela.pt\/#\/schema\/person\/c4278d4a6028830caff9ee44b42d32ed"},"breadcrumb":{"@id":"https:\/\/portaltela.pt\/noticias\/2026\/04\/14\/tunel-da-avenida-joao-xxi-fecha-em-lisboa-para-obras-a-partir-de-hoje\/#breadcrumb"},"inLanguage":"pt-PT","potentialAction":[{"@type":"ReadAction","target":["https:\/\/portaltela.pt\/noticias\/2026\/04\/14\/tunel-da-avenida-joao-xxi-fecha-em-lisboa-para-obras-a-partir-de-hoje\/"]}]},{"@type":"ImageObject","inLanguage":"pt-PT","@id":"https:\/\/portaltela.pt\/noticias\/2026\/04\/14\/tunel-da-avenida-joao-xxi-fecha-em-lisboa-para-obras-a-partir-de-hoje\/#primaryimage","url":"https:\/\/portaltela.pt\/s.01k8rhncp4jt1\/2026\/04\/img_1500x1000uu2022-12-15-21-48-15-1230705.jpg","contentUrl":"https:\/\/portaltela.pt\/s.01k8rhncp4jt1\/2026\/04\/img_1500x1000uu2022-12-15-21-48-15-1230705.jpg","width":796,"height":448,"caption":"T\u00fanel da Avenida Jo\u00e3o XXI"},{"@type":"BreadcrumbList","@id":"https:\/\/portaltela.pt\/noticias\/2026\/04\/14\/tunel-da-avenida-joao-xxi-fecha-em-lisboa-para-obras-a-partir-de-hoje\/#breadcrumb","itemListElement":[{"@type":"ListItem","position":1,"name":"In\u00edcio","item":"https:\/\/portaltela.pt\/"},{"@type":"ListItem","position":2,"name":"T\u00fanel da Avenida Jo\u00e3o XXI fecha em Lisboa para obras a partir de hoje"}]},{"@type":"WebSite","@id":"https:\/\/portaltela.pt\/#website","url":"https:\/\/portaltela.pt\/","name":"Portal Tela Portugal","description":"","potentialAction":[{"@type":"SearchAction","target":{"@type":"EntryPoint","urlTemplate":"https:\/\/portaltela.pt\/?s={search_term_string}"},"query-input":{"@type":"PropertyValueSpecification","valueRequired":true,"valueName":"search_term_string"}}],"inLanguage":"pt-PT"},{"@type":"Person","@id":"https:\/\/portaltela.pt\/#\/schema\/person\/c4278d4a6028830caff9ee44b42d32ed","name":"Telinha","image":{"@type":"ImageObject","inLanguage":"pt-PT","@id":"https:\/\/portaltela.pt\/s.01k8rhncp4jt1\/2025\/11\/talking-bot-125x125.png","url":"https:\/\/portaltela.pt\/s.01k8rhncp4jt1\/2025\/11\/talking-bot-125x125.png","contentUrl":"https:\/\/portaltela.pt\/s.01k8rhncp4jt1\/2025\/11\/talking-bot-125x125.png","caption":"Telinha"},"sameAs":["https:\/\/portaltela.pt\/"],"url":"https:\/\/portaltela.pt\/por\/367410592786\/"}]}},"_links":{"self":[{"href":"https:\/\/portaltela.pt\/api\/wp\/v2\/posts\/443187","targetHints":{"allow":["GET"]}}],"collection":[{"href":"https:\/\/portaltela.pt\/api\/wp\/v2\/posts"}],"about":[{"href":"https:\/\/portaltela.pt\/api\/wp\/v2\/types\/post"}],"author":[{"embeddable":true,"href":"https:\/\/portaltela.pt\/api\/wp\/v2\/users\/2"}],"replies":[{"embeddable":true,"href":"https:\/\/portaltela.pt\/api\/wp\/v2\/comments?post=443187"}],"version-history":[{"count":0,"href":"https:\/\/portaltela.pt\/api\/wp\/v2\/posts\/443187\/revisions"}],"wp:featuredmedia":[{"embeddable":true,"href":"https:\/\/portaltela.pt\/api\/wp\/v2\/media\/443191"}],"wp:attachment":[{"href":"https:\/\/portaltela.pt\/api\/wp\/v2\/media?parent=443187"}],"wp:term":[{"taxonomy":"category","embeddable":true,"href":"https:\/\/portaltela.pt\/api\/wp\/v2\/categories?post=443187"},{"taxonomy":"post_tag","embeddable":true,"href":"https:\/\/portaltela.pt\/api\/wp\/v2\/tags?post=443187"}],"curies":[{"name":"wp","href":"https:\/\/api.w.org\/{rel}","templated":true}]}}