{"id":443180,"date":"2026-04-14T03:02:00","date_gmt":"2026-04-14T06:02:00","guid":{"rendered":"https:\/\/portaltela.pt\/noticias\/2026\/04\/14\/aquacultura-regista-prejuizos-de-5-milhoes-apos-tempestades-e-cheias\/"},"modified":"2026-04-14T03:02:00","modified_gmt":"2026-04-14T06:02:00","slug":"aquacultura-regista-prejuizos-de-5-milhoes-apos-tempestades-e-cheias","status":"publish","type":"post","link":"https:\/\/portaltela.pt\/meio-ambiente\/2026\/04\/14\/aquacultura-regista-prejuizos-de-5-milhoes-apos-tempestades-e-cheias\/","title":{"rendered":"Aquacultura regista preju\u00edzos de 5 milh\u00f5es ap\u00f3s tempestades e cheias"},"content":{"rendered":"<p>O sector da aquacultura registou preju\u00edzos superiores a 5 milh\u00f5es de euros ap\u00f3s uma vaga de tempestades e cheias que afetou Portugal continental no fim de janeiro e in\u00edcio de fevereiro. A crise estendeu-se \u00e0s zonas costeiras, com impactos diretos na produ\u00e7\u00e3o.<\/p>\n<p>Entre os danos contabilizados est\u00e3o a morte de milhares de peixes e ostras, causados pelo contacto prolongado com \u00e1gua doce durante o epis\u00f3dio meteorol\u00f3gico. Os animais n\u00e3o conseguiram adaptar-se \u00e0 nova salinidade, reduzindo a produ\u00e7\u00e3o e elevando as perdas.<\/p>\n<p>As autoridades criaram um \u201capoio extraordin\u00e1rio\u201d no valor de 1,5 milh\u00f5es de euros para mitigar os impactos. O montante visa financiar medidas de recupera\u00e7\u00e3o, substitui\u00e7\u00e3o de stock e reposi\u00e7\u00e3o de infraestruturas danificadas.<\/p>\n<p>Apoio p\u00fablico enfrenta resist\u00eancia por parte dos empres\u00e1rios, que acusam burocracia excessiva e lentid\u00e3o na elegibilidade dos custos. O setor pede simplifica\u00e7\u00e3o de processos para acelerar a atribui\u00e7\u00e3o de fundos.<\/p>\n<h3>Apoio financeiro e obst\u00e1culos administrativos<\/h3>\n<p>O Governo aponta procedimentos para validar despesas e prazos de acesso como fatores a melhorar. Em algumas zonas, a recupera\u00e7\u00e3o depende de avalia\u00e7\u00f5es t\u00e9cnicas e de pareceres de entidades competentes, atrasando a chegada de apoio.<\/p>\n<p>Empres\u00e1rios da aquacultura permanecem cautelosos, mencionando necessidades de cr\u00e9dito para reerguer cotas de produ\u00e7\u00e3o. A prioridade \u00e9 restabelecer stocks e garantir a viabilidade econ\u00f4mica das explora\u00e7\u00f5es afetadas.<\/p>\n<p>As autoridades reiteram que o apoio destina-se a nove dom\u00ednio de atividades vulner\u00e1veis a fen\u00f3menos meteorol\u00f3gicos extremos. A expectativa \u00e9 de que os recursos ajudem a retomar a atividade com menor impacto financeiro para as empresas.<\/p>\n","protected":false},"excerpt":{"rendered":"<ul>\n<li>A aquacultura em Portugal continental regista preju\u00edzos de cerca de cinco milh\u00f5es de euros devido a tempestades e cheias entre finais de janeiro e in\u00edcio de fevereiro.<\/li>\n<li>Milhares de peixes e ostras morreram ap\u00f3s contacto prolongado com \u00e1gua doce.<\/li>\n<li>O Governo criou um apoio extraordin\u00e1rio de 1,5 milh\u00f5es de euros para o setor.<\/li>\n<li>Os empres\u00e1rios afirmam estar cansados da burocracia associada ao acesso a este apoio.<\/li>\n<li>As perdas ainda n\u00e3o foram contabilizadas na contabiliza\u00e7\u00e3o oficial de danos das zonas costeiras.<\/li>\n<\/ul>\n","protected":false},"author":2,"featured_media":443184,"comment_status":"closed","ping_status":"closed","sticky":false,"template":"","format":"standard","meta":{"footnotes":""},"categories":[6725],"tags":[2665,7553,1987,5215,190,1014],"class_list":["post-443180","post","type-post","status-publish","format-standard","has-post-thumbnail","hentry","category-meio-ambiente","tag-alteracoes-climaticas","tag-apoio-publico","tag-aquacultura","tag-catastrofes-naturais","tag-desenvolvimento-economico","tag-portugal"],"yoast_head":"<!-- This site is optimized with the Yoast SEO plugin v27.2 - https:\/\/yoast.com\/product\/yoast-seo-wordpress\/ -->\n<title>Aquacultura regista preju\u00edzos de 5 milh\u00f5es ap\u00f3s tempestades e cheias - Portal Tela Portugal<\/title>\n<meta name=\"robots\" content=\"index, follow, max-snippet:-1, max-image-preview:large, max-video-preview:-1\" \/>\n<meta property=\"og:locale\" content=\"pt_PT\" \/>\n<meta property=\"og:type\" content=\"article\" \/>\n<meta property=\"og:title\" content=\"Aquacultura regista preju\u00edzos de 5 milh\u00f5es ap\u00f3s tempestades e cheias - Portal Tela Portugal\" \/>\n<meta property=\"og:description\" content=\"A aquacultura em Portugal continental regista preju\u00edzos de cerca de cinco milh\u00f5es de euros devido a tempestades e cheias entre finais de janeiro e in\u00edcio de fevereiro. Milhares de peixes e ostras morreram ap\u00f3s contacto prolongado com \u00e1gua doce. O Governo criou um apoio extraordin\u00e1rio de 1,5 milh\u00f5es de euros para o setor. Os empres\u00e1rios afirmam estar cansados da burocracia associada ao acesso a este apoio. As perdas ainda n\u00e3o foram contabilizadas na contabiliza\u00e7\u00e3o oficial de danos das zonas costeiras.\" \/>\n<meta property=\"og:url\" content=\"https:\/\/portaltela.pt\/noticias\/2026\/04\/14\/aquacultura-regista-prejuizos-de-5-milhoes-apos-tempestades-e-cheias\/\" \/>\n<meta property=\"og:site_name\" content=\"Portal Tela Portugal\" \/>\n<meta property=\"article:published_time\" content=\"2026-04-14T06:02:00+00:00\" \/>\n<meta name=\"author\" content=\"Telinha\" \/>\n<meta name=\"twitter:card\" content=\"summary_large_image\" \/>\n<meta name=\"twitter:label1\" content=\"Escrito por\" \/>\n\t<meta name=\"twitter:data1\" content=\"Telinha\" \/>\n\t<meta name=\"twitter:label2\" content=\"Tempo estimado de leitura\" \/>\n\t<meta name=\"twitter:data2\" content=\"1 minuto\" \/>\n<script type=\"application\/ld+json\" class=\"yoast-schema-graph\">{\"@context\":\"https:\/\/schema.org\",\"@graph\":[{\"@type\":\"Article\",\"@id\":\"https:\/\/portaltela.pt\/noticias\/2026\/04\/14\/aquacultura-regista-prejuizos-de-5-milhoes-apos-tempestades-e-cheias\/#article\",\"isPartOf\":{\"@id\":\"https:\/\/portaltela.pt\/noticias\/2026\/04\/14\/aquacultura-regista-prejuizos-de-5-milhoes-apos-tempestades-e-cheias\/\"},\"author\":{\"name\":\"Telinha\",\"@id\":\"https:\/\/portaltela.pt\/#\/schema\/person\/c4278d4a6028830caff9ee44b42d32ed\"},\"headline\":\"Aquacultura regista preju\u00edzos de 5 milh\u00f5es ap\u00f3s tempestades e cheias\",\"datePublished\":\"2026-04-14T06:02:00+00:00\",\"mainEntityOfPage\":{\"@id\":\"https:\/\/portaltela.pt\/noticias\/2026\/04\/14\/aquacultura-regista-prejuizos-de-5-milhoes-apos-tempestades-e-cheias\/\"},\"wordCount\":287,\"image\":{\"@id\":\"https:\/\/portaltela.pt\/noticias\/2026\/04\/14\/aquacultura-regista-prejuizos-de-5-milhoes-apos-tempestades-e-cheias\/#primaryimage\"},\"thumbnailUrl\":\"https:\/\/portaltela.pt\/s.01k8rhncp4jt1\/2026\/04\/2081027.jpg\",\"keywords\":[\"Altera\u00e7\u00f5es Clim\u00e1ticas\",\"apoio p\u00fablico\",\"aquacultura\",\"cat\u00e1strofes naturais\",\"Desenvolvimento econ\u00f3mico\",\"Portugal\"],\"articleSection\":[\"Meio Ambiente\"],\"inLanguage\":\"pt-PT\"},{\"@type\":\"WebPage\",\"@id\":\"https:\/\/portaltela.pt\/noticias\/2026\/04\/14\/aquacultura-regista-prejuizos-de-5-milhoes-apos-tempestades-e-cheias\/\",\"url\":\"https:\/\/portaltela.pt\/noticias\/2026\/04\/14\/aquacultura-regista-prejuizos-de-5-milhoes-apos-tempestades-e-cheias\/\",\"name\":\"Aquacultura regista preju\u00edzos de 5 milh\u00f5es ap\u00f3s tempestades e cheias - Portal Tela Portugal\",\"isPartOf\":{\"@id\":\"https:\/\/portaltela.pt\/#website\"},\"primaryImageOfPage\":{\"@id\":\"https:\/\/portaltela.pt\/noticias\/2026\/04\/14\/aquacultura-regista-prejuizos-de-5-milhoes-apos-tempestades-e-cheias\/#primaryimage\"},\"image\":{\"@id\":\"https:\/\/portaltela.pt\/noticias\/2026\/04\/14\/aquacultura-regista-prejuizos-de-5-milhoes-apos-tempestades-e-cheias\/#primaryimage\"},\"thumbnailUrl\":\"https:\/\/portaltela.pt\/s.01k8rhncp4jt1\/2026\/04\/2081027.jpg\",\"datePublished\":\"2026-04-14T06:02:00+00:00\",\"author\":{\"@id\":\"https:\/\/portaltela.pt\/#\/schema\/person\/c4278d4a6028830caff9ee44b42d32ed\"},\"breadcrumb\":{\"@id\":\"https:\/\/portaltela.pt\/noticias\/2026\/04\/14\/aquacultura-regista-prejuizos-de-5-milhoes-apos-tempestades-e-cheias\/#breadcrumb\"},\"inLanguage\":\"pt-PT\",\"potentialAction\":[{\"@type\":\"ReadAction\",\"target\":[\"https:\/\/portaltela.pt\/noticias\/2026\/04\/14\/aquacultura-regista-prejuizos-de-5-milhoes-apos-tempestades-e-cheias\/\"]}]},{\"@type\":\"ImageObject\",\"inLanguage\":\"pt-PT\",\"@id\":\"https:\/\/portaltela.pt\/noticias\/2026\/04\/14\/aquacultura-regista-prejuizos-de-5-milhoes-apos-tempestades-e-cheias\/#primaryimage\",\"url\":\"https:\/\/portaltela.pt\/s.01k8rhncp4jt1\/2026\/04\/2081027.jpg\",\"contentUrl\":\"https:\/\/portaltela.pt\/s.01k8rhncp4jt1\/2026\/04\/2081027.jpg\",\"width\":796,\"height\":448,\"caption\":\"Aquacultura emprega j\u00e1 milhares de pessoas\"},{\"@type\":\"BreadcrumbList\",\"@id\":\"https:\/\/portaltela.pt\/noticias\/2026\/04\/14\/aquacultura-regista-prejuizos-de-5-milhoes-apos-tempestades-e-cheias\/#breadcrumb\",\"itemListElement\":[{\"@type\":\"ListItem\",\"position\":1,\"name\":\"In\u00edcio\",\"item\":\"https:\/\/portaltela.pt\/\"},{\"@type\":\"ListItem\",\"position\":2,\"name\":\"Aquacultura regista preju\u00edzos de 5 milh\u00f5es ap\u00f3s tempestades e cheias\"}]},{\"@type\":\"WebSite\",\"@id\":\"https:\/\/portaltela.pt\/#website\",\"url\":\"https:\/\/portaltela.pt\/\",\"name\":\"Portal Tela Portugal\",\"description\":\"\",\"potentialAction\":[{\"@type\":\"SearchAction\",\"target\":{\"@type\":\"EntryPoint\",\"urlTemplate\":\"https:\/\/portaltela.pt\/?s={search_term_string}\"},\"query-input\":{\"@type\":\"PropertyValueSpecification\",\"valueRequired\":true,\"valueName\":\"search_term_string\"}}],\"inLanguage\":\"pt-PT\"},{\"@type\":\"Person\",\"@id\":\"https:\/\/portaltela.pt\/#\/schema\/person\/c4278d4a6028830caff9ee44b42d32ed\",\"name\":\"Telinha\",\"image\":{\"@type\":\"ImageObject\",\"inLanguage\":\"pt-PT\",\"@id\":\"https:\/\/portaltela.pt\/s.01k8rhncp4jt1\/2025\/11\/talking-bot-125x125.png\",\"url\":\"https:\/\/portaltela.pt\/s.01k8rhncp4jt1\/2025\/11\/talking-bot-125x125.png\",\"contentUrl\":\"https:\/\/portaltela.pt\/s.01k8rhncp4jt1\/2025\/11\/talking-bot-125x125.png\",\"caption\":\"Telinha\"},\"sameAs\":[\"https:\/\/portaltela.pt\/\"],\"url\":\"https:\/\/portaltela.pt\/por\/367410592786\/\"}]}<\/script>\n<!-- \/ Yoast SEO plugin. -->","yoast_head_json":{"title":"Aquacultura regista preju\u00edzos de 5 milh\u00f5es ap\u00f3s tempestades e cheias - Portal Tela Portugal","robots":{"index":"index","follow":"follow","max-snippet":"max-snippet:-1","max-image-preview":"max-image-preview:large","max-video-preview":"max-video-preview:-1"},"og_locale":"pt_PT","og_type":"article","og_title":"Aquacultura regista preju\u00edzos de 5 milh\u00f5es ap\u00f3s tempestades e cheias - Portal Tela Portugal","og_description":"A aquacultura em Portugal continental regista preju\u00edzos de cerca de cinco milh\u00f5es de euros devido a tempestades e cheias entre finais de janeiro e in\u00edcio de fevereiro. Milhares de peixes e ostras morreram ap\u00f3s contacto prolongado com \u00e1gua doce. O Governo criou um apoio extraordin\u00e1rio de 1,5 milh\u00f5es de euros para o setor. Os empres\u00e1rios afirmam estar cansados da burocracia associada ao acesso a este apoio. As perdas ainda n\u00e3o foram contabilizadas na contabiliza\u00e7\u00e3o oficial de danos das zonas costeiras.","og_url":"https:\/\/portaltela.pt\/noticias\/2026\/04\/14\/aquacultura-regista-prejuizos-de-5-milhoes-apos-tempestades-e-cheias\/","og_site_name":"Portal Tela Portugal","article_published_time":"2026-04-14T06:02:00+00:00","author":"Telinha","twitter_card":"summary_large_image","twitter_misc":{"Escrito por":"Telinha","Tempo estimado de leitura":"1 minuto"},"schema":{"@context":"https:\/\/schema.org","@graph":[{"@type":"Article","@id":"https:\/\/portaltela.pt\/noticias\/2026\/04\/14\/aquacultura-regista-prejuizos-de-5-milhoes-apos-tempestades-e-cheias\/#article","isPartOf":{"@id":"https:\/\/portaltela.pt\/noticias\/2026\/04\/14\/aquacultura-regista-prejuizos-de-5-milhoes-apos-tempestades-e-cheias\/"},"author":{"name":"Telinha","@id":"https:\/\/portaltela.pt\/#\/schema\/person\/c4278d4a6028830caff9ee44b42d32ed"},"headline":"Aquacultura regista preju\u00edzos de 5 milh\u00f5es ap\u00f3s tempestades e cheias","datePublished":"2026-04-14T06:02:00+00:00","mainEntityOfPage":{"@id":"https:\/\/portaltela.pt\/noticias\/2026\/04\/14\/aquacultura-regista-prejuizos-de-5-milhoes-apos-tempestades-e-cheias\/"},"wordCount":287,"image":{"@id":"https:\/\/portaltela.pt\/noticias\/2026\/04\/14\/aquacultura-regista-prejuizos-de-5-milhoes-apos-tempestades-e-cheias\/#primaryimage"},"thumbnailUrl":"https:\/\/portaltela.pt\/s.01k8rhncp4jt1\/2026\/04\/2081027.jpg","keywords":["Altera\u00e7\u00f5es Clim\u00e1ticas","apoio p\u00fablico","aquacultura","cat\u00e1strofes naturais","Desenvolvimento econ\u00f3mico","Portugal"],"articleSection":["Meio Ambiente"],"inLanguage":"pt-PT"},{"@type":"WebPage","@id":"https:\/\/portaltela.pt\/noticias\/2026\/04\/14\/aquacultura-regista-prejuizos-de-5-milhoes-apos-tempestades-e-cheias\/","url":"https:\/\/portaltela.pt\/noticias\/2026\/04\/14\/aquacultura-regista-prejuizos-de-5-milhoes-apos-tempestades-e-cheias\/","name":"Aquacultura regista preju\u00edzos de 5 milh\u00f5es ap\u00f3s tempestades e cheias - Portal Tela Portugal","isPartOf":{"@id":"https:\/\/portaltela.pt\/#website"},"primaryImageOfPage":{"@id":"https:\/\/portaltela.pt\/noticias\/2026\/04\/14\/aquacultura-regista-prejuizos-de-5-milhoes-apos-tempestades-e-cheias\/#primaryimage"},"image":{"@id":"https:\/\/portaltela.pt\/noticias\/2026\/04\/14\/aquacultura-regista-prejuizos-de-5-milhoes-apos-tempestades-e-cheias\/#primaryimage"},"thumbnailUrl":"https:\/\/portaltela.pt\/s.01k8rhncp4jt1\/2026\/04\/2081027.jpg","datePublished":"2026-04-14T06:02:00+00:00","author":{"@id":"https:\/\/portaltela.pt\/#\/schema\/person\/c4278d4a6028830caff9ee44b42d32ed"},"breadcrumb":{"@id":"https:\/\/portaltela.pt\/noticias\/2026\/04\/14\/aquacultura-regista-prejuizos-de-5-milhoes-apos-tempestades-e-cheias\/#breadcrumb"},"inLanguage":"pt-PT","potentialAction":[{"@type":"ReadAction","target":["https:\/\/portaltela.pt\/noticias\/2026\/04\/14\/aquacultura-regista-prejuizos-de-5-milhoes-apos-tempestades-e-cheias\/"]}]},{"@type":"ImageObject","inLanguage":"pt-PT","@id":"https:\/\/portaltela.pt\/noticias\/2026\/04\/14\/aquacultura-regista-prejuizos-de-5-milhoes-apos-tempestades-e-cheias\/#primaryimage","url":"https:\/\/portaltela.pt\/s.01k8rhncp4jt1\/2026\/04\/2081027.jpg","contentUrl":"https:\/\/portaltela.pt\/s.01k8rhncp4jt1\/2026\/04\/2081027.jpg","width":796,"height":448,"caption":"Aquacultura emprega j\u00e1 milhares de pessoas"},{"@type":"BreadcrumbList","@id":"https:\/\/portaltela.pt\/noticias\/2026\/04\/14\/aquacultura-regista-prejuizos-de-5-milhoes-apos-tempestades-e-cheias\/#breadcrumb","itemListElement":[{"@type":"ListItem","position":1,"name":"In\u00edcio","item":"https:\/\/portaltela.pt\/"},{"@type":"ListItem","position":2,"name":"Aquacultura regista preju\u00edzos de 5 milh\u00f5es ap\u00f3s tempestades e cheias"}]},{"@type":"WebSite","@id":"https:\/\/portaltela.pt\/#website","url":"https:\/\/portaltela.pt\/","name":"Portal Tela Portugal","description":"","potentialAction":[{"@type":"SearchAction","target":{"@type":"EntryPoint","urlTemplate":"https:\/\/portaltela.pt\/?s={search_term_string}"},"query-input":{"@type":"PropertyValueSpecification","valueRequired":true,"valueName":"search_term_string"}}],"inLanguage":"pt-PT"},{"@type":"Person","@id":"https:\/\/portaltela.pt\/#\/schema\/person\/c4278d4a6028830caff9ee44b42d32ed","name":"Telinha","image":{"@type":"ImageObject","inLanguage":"pt-PT","@id":"https:\/\/portaltela.pt\/s.01k8rhncp4jt1\/2025\/11\/talking-bot-125x125.png","url":"https:\/\/portaltela.pt\/s.01k8rhncp4jt1\/2025\/11\/talking-bot-125x125.png","contentUrl":"https:\/\/portaltela.pt\/s.01k8rhncp4jt1\/2025\/11\/talking-bot-125x125.png","caption":"Telinha"},"sameAs":["https:\/\/portaltela.pt\/"],"url":"https:\/\/portaltela.pt\/por\/367410592786\/"}]}},"_links":{"self":[{"href":"https:\/\/portaltela.pt\/api\/wp\/v2\/posts\/443180","targetHints":{"allow":["GET"]}}],"collection":[{"href":"https:\/\/portaltela.pt\/api\/wp\/v2\/posts"}],"about":[{"href":"https:\/\/portaltela.pt\/api\/wp\/v2\/types\/post"}],"author":[{"embeddable":true,"href":"https:\/\/portaltela.pt\/api\/wp\/v2\/users\/2"}],"replies":[{"embeddable":true,"href":"https:\/\/portaltela.pt\/api\/wp\/v2\/comments?post=443180"}],"version-history":[{"count":0,"href":"https:\/\/portaltela.pt\/api\/wp\/v2\/posts\/443180\/revisions"}],"wp:featuredmedia":[{"embeddable":true,"href":"https:\/\/portaltela.pt\/api\/wp\/v2\/media\/443184"}],"wp:attachment":[{"href":"https:\/\/portaltela.pt\/api\/wp\/v2\/media?parent=443180"}],"wp:term":[{"taxonomy":"category","embeddable":true,"href":"https:\/\/portaltela.pt\/api\/wp\/v2\/categories?post=443180"},{"taxonomy":"post_tag","embeddable":true,"href":"https:\/\/portaltela.pt\/api\/wp\/v2\/tags?post=443180"}],"curies":[{"name":"wp","href":"https:\/\/api.w.org\/{rel}","templated":true}]}}