{"id":443168,"date":"2026-04-14T02:47:08","date_gmt":"2026-04-14T05:47:08","guid":{"rendered":"https:\/\/portaltela.pt\/noticias\/2026\/04\/14\/maxi-araujo-continua-sob-vigilancia\/"},"modified":"2026-04-14T02:47:08","modified_gmt":"2026-04-14T05:47:08","slug":"maxi-araujo-continua-sob-vigilancia","status":"publish","type":"post","link":"https:\/\/portaltela.pt\/desporto\/futebol\/2026\/04\/14\/maxi-araujo-continua-sob-vigilancia\/","title":{"rendered":"Maxi Ara\u00fajo continua sob vigil\u00e2ncia"},"content":{"rendered":"<p>Maxi Ara\u00fajo, atacante uruguaio do Sporting, tem atra\u00eddo o olhar de gigantes europeus nesta edi\u00e7\u00e3o da Liga dos Campe\u00f5es. A sua atua\u00e7\u00e3o tem sido acompanhada de perto pela imprensa especializada.<\/p>\n<p>O jogador foi destacado nos duelos realizados em Alvalade, onde enfrentou equipes de alto n\u00edvel e demonstrou consist\u00eancia f\u00edsica e t\u00e9cnica ao longo das partidas.<\/p>\n<p>Em particular, Maxi Ara\u00fajo travou v\u00e1rios duelos com Madueke na primeira m\u00e3o, evidenciando o potencial ofensivo do Sporting no ataque. A an\u00e1lise de desempenho continua em curso.<\/p>\n<p>Diomande, colega de equipa, tamb\u00e9m est\u00e1 entre os atletas sob observa\u00e7\u00e3o por parte de clubes de refer\u00eancia europeus, segundo fontes pr\u00f3ximas do processo de avalia\u00e7\u00e3o.<\/p>\n<p>Observa\u00e7\u00e3o de clubes europeus<\/p>\n<ul>\n<li>A avalia\u00e7\u00e3o das performances de Maxi Ara\u00fajo na Liga dos Campe\u00f5es persiste, com poss\u00edveis evolu\u00e7\u00f5es a serem consideradas para o pr\u00f3ximo mercado de transfer\u00eancias.<\/li>\n<\/ul>\n","protected":false},"excerpt":{"rendered":"<ul>\n<li>Maxi Ara\u00fajo est\u00e1 a ser acompanhado por gigantes europeus, destacando-se nesta edi\u00e7\u00e3o da Liga dos Campe\u00f5es.<\/li>\n<li>O jogador uruguaio foi analisado em Alvalade.<\/li>\n<li>Apresentou-se em duelos com Madueke na primeira m\u00e3o, ilustrando o confronto direto.<\/li>\n<li>Diomande tamb\u00e9m est\u00e1 sob observa\u00e7\u00e3o dos grandes clubes.<\/li>\n<\/ul>\n","protected":false},"author":2,"featured_media":443169,"comment_status":"closed","ping_status":"closed","sticky":false,"template":"","format":"standard","meta":{"footnotes":""},"categories":[21,24],"tags":[32,242,6959,1786,50,1652],"class_list":["post-443168","post","type-post","status-publish","format-standard","has-post-thumbnail","hentry","category-desporto","category-futebol","tag-futebol","tag-jogadores","tag-jogadores-internacionais","tag-liga","tag-mercado-da-bola","tag-sporting"],"yoast_head":"<!-- This site is optimized with the Yoast SEO plugin v27.2 - https:\/\/yoast.com\/product\/yoast-seo-wordpress\/ -->\n<title>Maxi Ara\u00fajo continua sob vigil\u00e2ncia - Portal Tela Portugal<\/title>\n<meta name=\"robots\" content=\"index, follow, max-snippet:-1, max-image-preview:large, max-video-preview:-1\" \/>\n<meta property=\"og:locale\" content=\"pt_PT\" \/>\n<meta property=\"og:type\" content=\"article\" \/>\n<meta property=\"og:title\" content=\"Maxi Ara\u00fajo continua sob vigil\u00e2ncia - Portal Tela Portugal\" \/>\n<meta property=\"og:description\" content=\"Maxi Ara\u00fajo est\u00e1 a ser acompanhado por gigantes europeus, destacando-se nesta edi\u00e7\u00e3o da Liga dos Campe\u00f5es. O jogador uruguaio foi analisado em Alvalade. Apresentou-se em duelos com Madueke na primeira m\u00e3o, ilustrando o confronto direto. Diomande tamb\u00e9m est\u00e1 sob observa\u00e7\u00e3o dos grandes clubes.\" \/>\n<meta property=\"og:url\" content=\"https:\/\/portaltela.pt\/noticias\/2026\/04\/14\/maxi-araujo-continua-sob-vigilancia\/\" \/>\n<meta property=\"og:site_name\" content=\"Portal Tela Portugal\" \/>\n<meta property=\"article:published_time\" content=\"2026-04-14T05:47:08+00:00\" \/>\n<meta name=\"author\" content=\"Telinha\" \/>\n<meta name=\"twitter:card\" content=\"summary_large_image\" \/>\n<meta name=\"twitter:label1\" content=\"Escrito por\" \/>\n\t<meta name=\"twitter:data1\" content=\"Telinha\" \/>\n\t<meta name=\"twitter:label2\" content=\"Tempo estimado de leitura\" \/>\n\t<meta name=\"twitter:data2\" content=\"1 minuto\" \/>\n<script type=\"application\/ld+json\" class=\"yoast-schema-graph\">{\"@context\":\"https:\/\/schema.org\",\"@graph\":[{\"@type\":\"Article\",\"@id\":\"https:\/\/portaltela.pt\/noticias\/2026\/04\/14\/maxi-araujo-continua-sob-vigilancia\/#article\",\"isPartOf\":{\"@id\":\"https:\/\/portaltela.pt\/noticias\/2026\/04\/14\/maxi-araujo-continua-sob-vigilancia\/\"},\"author\":{\"name\":\"Telinha\",\"@id\":\"https:\/\/portaltela.pt\/#\/schema\/person\/c4278d4a6028830caff9ee44b42d32ed\"},\"headline\":\"Maxi Ara\u00fajo continua sob vigil\u00e2ncia\",\"datePublished\":\"2026-04-14T05:47:08+00:00\",\"mainEntityOfPage\":{\"@id\":\"https:\/\/portaltela.pt\/noticias\/2026\/04\/14\/maxi-araujo-continua-sob-vigilancia\/\"},\"wordCount\":168,\"image\":{\"@id\":\"https:\/\/portaltela.pt\/noticias\/2026\/04\/14\/maxi-araujo-continua-sob-vigilancia\/#primaryimage\"},\"thumbnailUrl\":\"https:\/\/portaltela.pt\/s.01k8rhncp4jt1\/2026\/04\/img_920x518uu2026-04-14-00-32-13-2432928.jpg\",\"keywords\":[\"futebol\",\"jogadores\",\"jogadores internacionais\",\"Liga\",\"mercado da bola\",\"Sporting\"],\"articleSection\":[\"Desporto\",\"Futebol\"],\"inLanguage\":\"pt-PT\"},{\"@type\":\"WebPage\",\"@id\":\"https:\/\/portaltela.pt\/noticias\/2026\/04\/14\/maxi-araujo-continua-sob-vigilancia\/\",\"url\":\"https:\/\/portaltela.pt\/noticias\/2026\/04\/14\/maxi-araujo-continua-sob-vigilancia\/\",\"name\":\"Maxi Ara\u00fajo continua sob vigil\u00e2ncia - Portal Tela Portugal\",\"isPartOf\":{\"@id\":\"https:\/\/portaltela.pt\/#website\"},\"primaryImageOfPage\":{\"@id\":\"https:\/\/portaltela.pt\/noticias\/2026\/04\/14\/maxi-araujo-continua-sob-vigilancia\/#primaryimage\"},\"image\":{\"@id\":\"https:\/\/portaltela.pt\/noticias\/2026\/04\/14\/maxi-araujo-continua-sob-vigilancia\/#primaryimage\"},\"thumbnailUrl\":\"https:\/\/portaltela.pt\/s.01k8rhncp4jt1\/2026\/04\/img_920x518uu2026-04-14-00-32-13-2432928.jpg\",\"datePublished\":\"2026-04-14T05:47:08+00:00\",\"author\":{\"@id\":\"https:\/\/portaltela.pt\/#\/schema\/person\/c4278d4a6028830caff9ee44b42d32ed\"},\"breadcrumb\":{\"@id\":\"https:\/\/portaltela.pt\/noticias\/2026\/04\/14\/maxi-araujo-continua-sob-vigilancia\/#breadcrumb\"},\"inLanguage\":\"pt-PT\",\"potentialAction\":[{\"@type\":\"ReadAction\",\"target\":[\"https:\/\/portaltela.pt\/noticias\/2026\/04\/14\/maxi-araujo-continua-sob-vigilancia\/\"]}]},{\"@type\":\"ImageObject\",\"inLanguage\":\"pt-PT\",\"@id\":\"https:\/\/portaltela.pt\/noticias\/2026\/04\/14\/maxi-araujo-continua-sob-vigilancia\/#primaryimage\",\"url\":\"https:\/\/portaltela.pt\/s.01k8rhncp4jt1\/2026\/04\/img_920x518uu2026-04-14-00-32-13-2432928.jpg\",\"contentUrl\":\"https:\/\/portaltela.pt\/s.01k8rhncp4jt1\/2026\/04\/img_920x518uu2026-04-14-00-32-13-2432928.jpg\",\"width\":796,\"height\":448,\"caption\":\"Maxi Ara\u00fajo travou v\u00e1rios duelos com Madueke na primeira m\u00e3o\"},{\"@type\":\"BreadcrumbList\",\"@id\":\"https:\/\/portaltela.pt\/noticias\/2026\/04\/14\/maxi-araujo-continua-sob-vigilancia\/#breadcrumb\",\"itemListElement\":[{\"@type\":\"ListItem\",\"position\":1,\"name\":\"In\u00edcio\",\"item\":\"https:\/\/portaltela.pt\/\"},{\"@type\":\"ListItem\",\"position\":2,\"name\":\"Maxi Ara\u00fajo continua sob vigil\u00e2ncia\"}]},{\"@type\":\"WebSite\",\"@id\":\"https:\/\/portaltela.pt\/#website\",\"url\":\"https:\/\/portaltela.pt\/\",\"name\":\"Portal Tela Portugal\",\"description\":\"\",\"potentialAction\":[{\"@type\":\"SearchAction\",\"target\":{\"@type\":\"EntryPoint\",\"urlTemplate\":\"https:\/\/portaltela.pt\/?s={search_term_string}\"},\"query-input\":{\"@type\":\"PropertyValueSpecification\",\"valueRequired\":true,\"valueName\":\"search_term_string\"}}],\"inLanguage\":\"pt-PT\"},{\"@type\":\"Person\",\"@id\":\"https:\/\/portaltela.pt\/#\/schema\/person\/c4278d4a6028830caff9ee44b42d32ed\",\"name\":\"Telinha\",\"image\":{\"@type\":\"ImageObject\",\"inLanguage\":\"pt-PT\",\"@id\":\"https:\/\/portaltela.pt\/s.01k8rhncp4jt1\/2025\/11\/talking-bot-125x125.png\",\"url\":\"https:\/\/portaltela.pt\/s.01k8rhncp4jt1\/2025\/11\/talking-bot-125x125.png\",\"contentUrl\":\"https:\/\/portaltela.pt\/s.01k8rhncp4jt1\/2025\/11\/talking-bot-125x125.png\",\"caption\":\"Telinha\"},\"sameAs\":[\"https:\/\/portaltela.pt\/\"],\"url\":\"https:\/\/portaltela.pt\/por\/367410592786\/\"}]}<\/script>\n<!-- \/ Yoast SEO plugin. -->","yoast_head_json":{"title":"Maxi Ara\u00fajo continua sob vigil\u00e2ncia - Portal Tela Portugal","robots":{"index":"index","follow":"follow","max-snippet":"max-snippet:-1","max-image-preview":"max-image-preview:large","max-video-preview":"max-video-preview:-1"},"og_locale":"pt_PT","og_type":"article","og_title":"Maxi Ara\u00fajo continua sob vigil\u00e2ncia - Portal Tela Portugal","og_description":"Maxi Ara\u00fajo est\u00e1 a ser acompanhado por gigantes europeus, destacando-se nesta edi\u00e7\u00e3o da Liga dos Campe\u00f5es. O jogador uruguaio foi analisado em Alvalade. Apresentou-se em duelos com Madueke na primeira m\u00e3o, ilustrando o confronto direto. Diomande tamb\u00e9m est\u00e1 sob observa\u00e7\u00e3o dos grandes clubes.","og_url":"https:\/\/portaltela.pt\/noticias\/2026\/04\/14\/maxi-araujo-continua-sob-vigilancia\/","og_site_name":"Portal Tela Portugal","article_published_time":"2026-04-14T05:47:08+00:00","author":"Telinha","twitter_card":"summary_large_image","twitter_misc":{"Escrito por":"Telinha","Tempo estimado de leitura":"1 minuto"},"schema":{"@context":"https:\/\/schema.org","@graph":[{"@type":"Article","@id":"https:\/\/portaltela.pt\/noticias\/2026\/04\/14\/maxi-araujo-continua-sob-vigilancia\/#article","isPartOf":{"@id":"https:\/\/portaltela.pt\/noticias\/2026\/04\/14\/maxi-araujo-continua-sob-vigilancia\/"},"author":{"name":"Telinha","@id":"https:\/\/portaltela.pt\/#\/schema\/person\/c4278d4a6028830caff9ee44b42d32ed"},"headline":"Maxi Ara\u00fajo continua sob vigil\u00e2ncia","datePublished":"2026-04-14T05:47:08+00:00","mainEntityOfPage":{"@id":"https:\/\/portaltela.pt\/noticias\/2026\/04\/14\/maxi-araujo-continua-sob-vigilancia\/"},"wordCount":168,"image":{"@id":"https:\/\/portaltela.pt\/noticias\/2026\/04\/14\/maxi-araujo-continua-sob-vigilancia\/#primaryimage"},"thumbnailUrl":"https:\/\/portaltela.pt\/s.01k8rhncp4jt1\/2026\/04\/img_920x518uu2026-04-14-00-32-13-2432928.jpg","keywords":["futebol","jogadores","jogadores internacionais","Liga","mercado da bola","Sporting"],"articleSection":["Desporto","Futebol"],"inLanguage":"pt-PT"},{"@type":"WebPage","@id":"https:\/\/portaltela.pt\/noticias\/2026\/04\/14\/maxi-araujo-continua-sob-vigilancia\/","url":"https:\/\/portaltela.pt\/noticias\/2026\/04\/14\/maxi-araujo-continua-sob-vigilancia\/","name":"Maxi Ara\u00fajo continua sob vigil\u00e2ncia - Portal Tela Portugal","isPartOf":{"@id":"https:\/\/portaltela.pt\/#website"},"primaryImageOfPage":{"@id":"https:\/\/portaltela.pt\/noticias\/2026\/04\/14\/maxi-araujo-continua-sob-vigilancia\/#primaryimage"},"image":{"@id":"https:\/\/portaltela.pt\/noticias\/2026\/04\/14\/maxi-araujo-continua-sob-vigilancia\/#primaryimage"},"thumbnailUrl":"https:\/\/portaltela.pt\/s.01k8rhncp4jt1\/2026\/04\/img_920x518uu2026-04-14-00-32-13-2432928.jpg","datePublished":"2026-04-14T05:47:08+00:00","author":{"@id":"https:\/\/portaltela.pt\/#\/schema\/person\/c4278d4a6028830caff9ee44b42d32ed"},"breadcrumb":{"@id":"https:\/\/portaltela.pt\/noticias\/2026\/04\/14\/maxi-araujo-continua-sob-vigilancia\/#breadcrumb"},"inLanguage":"pt-PT","potentialAction":[{"@type":"ReadAction","target":["https:\/\/portaltela.pt\/noticias\/2026\/04\/14\/maxi-araujo-continua-sob-vigilancia\/"]}]},{"@type":"ImageObject","inLanguage":"pt-PT","@id":"https:\/\/portaltela.pt\/noticias\/2026\/04\/14\/maxi-araujo-continua-sob-vigilancia\/#primaryimage","url":"https:\/\/portaltela.pt\/s.01k8rhncp4jt1\/2026\/04\/img_920x518uu2026-04-14-00-32-13-2432928.jpg","contentUrl":"https:\/\/portaltela.pt\/s.01k8rhncp4jt1\/2026\/04\/img_920x518uu2026-04-14-00-32-13-2432928.jpg","width":796,"height":448,"caption":"Maxi Ara\u00fajo travou v\u00e1rios duelos com Madueke na primeira m\u00e3o"},{"@type":"BreadcrumbList","@id":"https:\/\/portaltela.pt\/noticias\/2026\/04\/14\/maxi-araujo-continua-sob-vigilancia\/#breadcrumb","itemListElement":[{"@type":"ListItem","position":1,"name":"In\u00edcio","item":"https:\/\/portaltela.pt\/"},{"@type":"ListItem","position":2,"name":"Maxi Ara\u00fajo continua sob vigil\u00e2ncia"}]},{"@type":"WebSite","@id":"https:\/\/portaltela.pt\/#website","url":"https:\/\/portaltela.pt\/","name":"Portal Tela Portugal","description":"","potentialAction":[{"@type":"SearchAction","target":{"@type":"EntryPoint","urlTemplate":"https:\/\/portaltela.pt\/?s={search_term_string}"},"query-input":{"@type":"PropertyValueSpecification","valueRequired":true,"valueName":"search_term_string"}}],"inLanguage":"pt-PT"},{"@type":"Person","@id":"https:\/\/portaltela.pt\/#\/schema\/person\/c4278d4a6028830caff9ee44b42d32ed","name":"Telinha","image":{"@type":"ImageObject","inLanguage":"pt-PT","@id":"https:\/\/portaltela.pt\/s.01k8rhncp4jt1\/2025\/11\/talking-bot-125x125.png","url":"https:\/\/portaltela.pt\/s.01k8rhncp4jt1\/2025\/11\/talking-bot-125x125.png","contentUrl":"https:\/\/portaltela.pt\/s.01k8rhncp4jt1\/2025\/11\/talking-bot-125x125.png","caption":"Telinha"},"sameAs":["https:\/\/portaltela.pt\/"],"url":"https:\/\/portaltela.pt\/por\/367410592786\/"}]}},"_links":{"self":[{"href":"https:\/\/portaltela.pt\/api\/wp\/v2\/posts\/443168","targetHints":{"allow":["GET"]}}],"collection":[{"href":"https:\/\/portaltela.pt\/api\/wp\/v2\/posts"}],"about":[{"href":"https:\/\/portaltela.pt\/api\/wp\/v2\/types\/post"}],"author":[{"embeddable":true,"href":"https:\/\/portaltela.pt\/api\/wp\/v2\/users\/2"}],"replies":[{"embeddable":true,"href":"https:\/\/portaltela.pt\/api\/wp\/v2\/comments?post=443168"}],"version-history":[{"count":0,"href":"https:\/\/portaltela.pt\/api\/wp\/v2\/posts\/443168\/revisions"}],"wp:featuredmedia":[{"embeddable":true,"href":"https:\/\/portaltela.pt\/api\/wp\/v2\/media\/443169"}],"wp:attachment":[{"href":"https:\/\/portaltela.pt\/api\/wp\/v2\/media?parent=443168"}],"wp:term":[{"taxonomy":"category","embeddable":true,"href":"https:\/\/portaltela.pt\/api\/wp\/v2\/categories?post=443168"},{"taxonomy":"post_tag","embeddable":true,"href":"https:\/\/portaltela.pt\/api\/wp\/v2\/tags?post=443168"}],"curies":[{"name":"wp","href":"https:\/\/api.w.org\/{rel}","templated":true}]}}