{"id":443166,"date":"2026-04-14T02:17:05","date_gmt":"2026-04-14T05:17:05","guid":{"rendered":"https:\/\/portaltela.pt\/noticias\/2026\/04\/14\/flensburg-mira-kiko-costa-e-alemaes-visam-recorde-de-transferencias\/"},"modified":"2026-04-14T02:17:05","modified_gmt":"2026-04-14T05:17:05","slug":"flensburg-mira-kiko-costa-e-alemaes-visam-recorde-de-transferencias","status":"publish","type":"post","link":"https:\/\/portaltela.pt\/desporto\/futebol\/2026\/04\/14\/flensburg-mira-kiko-costa-e-alemaes-visam-recorde-de-transferencias\/","title":{"rendered":"Flensburg mira Kiko Costa e alem\u00e3es visam recorde de transfer\u00eancias"},"content":{"rendered":"<p>Kiko Costa pode mudar de ares: o jogador portugu\u00eas do Sporting \u00e9 apontado como poss\u00edvel refor\u00e7o dos alem\u00e3es do Flensburg-Handewitt. A not\u00edcia parte de fontes ligadas ao mercado internacional de andebol, destacando o clube da Bundesliga como destinat\u00e1rio pretendido.<\/p>\n<p>O Flensburg-Handewitt ocupa atualmente o 2\u00ba lugar no campeonato alem\u00e3o e soma v\u00e1rios t\u00edtulos nacionais e internacionais, incluindo uma Liga dos Campe\u00f5es. O interesse surge num momento de grandes movimenta\u00e7\u00f5es no mercado de transfer\u00eancias.<\/p>\n<p>Kiko Costa atua como lateral direito e tem sido uma refer\u00eancia do Sporting. A campanha de rumores destaca a probabilidade de avan\u00e7ar para o clube alem\u00e3o, sem confirma\u00e7\u00e3o oficial, em busca de novos desafios na carreira.<\/p>\n","protected":false},"excerpt":{"rendered":"<ul>\n<li>O Flensburg-Handewitt, da Alemanha, surge como poss\u00edvel destino de Kiko Costa, lateral direito do Sporting.<\/li>\n<li>A not\u00edcia aponta a hip\u00f3tese de o conjunto germ\u00e2nico contratar o jogador portugu\u00eas, numa fase de grande competi\u00e7\u00e3o internacional no andebol.<\/li>\n<li>O Flensburg-Handewitt ocupa atualmente o 2.\u00ba lugar da Bundesliga e soma v\u00e1rios t\u00edtulos nacionais e internacionais.<\/li>\n<li>A especula\u00e7\u00e3o surge no contexto de rumores sobre transfer\u00eancias entre jogadores de alto n\u00edvel do andebol europeu.<\/li>\n<li>A refer\u00eancia de que o clube alem\u00e3o pode querer v\u00e1rios \u201cle\u00f5es\u201d da fam\u00edlia Costa \u00e9 destacada pela an\u00e1lise de fontes especializadas.<\/li>\n<\/ul>\n","protected":false},"author":2,"featured_media":443167,"comment_status":"closed","ping_status":"closed","sticky":false,"template":"","format":"standard","meta":{"footnotes":""},"categories":[21,24],"tags":[1603,152,4849,253,1652,1633],"class_list":["post-443166","post","type-post","status-publish","format-standard","has-post-thumbnail","hentry","category-desporto","category-futebol","tag-alemanha","tag-desporto","tag-handebol","tag-liga-dos-campeoes","tag-sporting","tag-transferencias-internacionais"],"yoast_head":"<!-- This site is optimized with the Yoast SEO plugin v27.2 - https:\/\/yoast.com\/product\/yoast-seo-wordpress\/ -->\n<title>Flensburg mira Kiko Costa e alem\u00e3es visam recorde de transfer\u00eancias - Portal Tela Portugal<\/title>\n<meta name=\"robots\" content=\"index, follow, max-snippet:-1, max-image-preview:large, max-video-preview:-1\" \/>\n<meta property=\"og:locale\" content=\"pt_PT\" \/>\n<meta property=\"og:type\" content=\"article\" \/>\n<meta property=\"og:title\" content=\"Flensburg mira Kiko Costa e alem\u00e3es visam recorde de transfer\u00eancias - Portal Tela Portugal\" \/>\n<meta property=\"og:description\" content=\"O Flensburg-Handewitt, da Alemanha, surge como poss\u00edvel destino de Kiko Costa, lateral direito do Sporting. A not\u00edcia aponta a hip\u00f3tese de o conjunto germ\u00e2nico contratar o jogador portugu\u00eas, numa fase de grande competi\u00e7\u00e3o internacional no andebol. O Flensburg-Handewitt ocupa atualmente o 2.\u00ba lugar da Bundesliga e soma v\u00e1rios t\u00edtulos nacionais e internacionais. A especula\u00e7\u00e3o surge no contexto de rumores sobre transfer\u00eancias entre jogadores de alto n\u00edvel do andebol europeu. A refer\u00eancia de que o clube alem\u00e3o pode querer v\u00e1rios \u201cle\u00f5es\u201d da fam\u00edlia Costa \u00e9 destacada pela an\u00e1lise de fontes especializadas.\" \/>\n<meta property=\"og:url\" content=\"https:\/\/portaltela.pt\/noticias\/2026\/04\/14\/flensburg-mira-kiko-costa-e-alemaes-visam-recorde-de-transferencias\/\" \/>\n<meta property=\"og:site_name\" content=\"Portal Tela Portugal\" \/>\n<meta property=\"article:published_time\" content=\"2026-04-14T05:17:05+00:00\" \/>\n<meta name=\"author\" content=\"Telinha\" \/>\n<meta name=\"twitter:card\" content=\"summary_large_image\" \/>\n<meta name=\"twitter:label1\" content=\"Escrito por\" \/>\n\t<meta name=\"twitter:data1\" content=\"Telinha\" \/>\n\t<meta name=\"twitter:label2\" content=\"Tempo estimado de leitura\" \/>\n\t<meta name=\"twitter:data2\" content=\"1 minuto\" \/>\n<script type=\"application\/ld+json\" class=\"yoast-schema-graph\">{\"@context\":\"https:\/\/schema.org\",\"@graph\":[{\"@type\":\"Article\",\"@id\":\"https:\/\/portaltela.pt\/noticias\/2026\/04\/14\/flensburg-mira-kiko-costa-e-alemaes-visam-recorde-de-transferencias\/#article\",\"isPartOf\":{\"@id\":\"https:\/\/portaltela.pt\/noticias\/2026\/04\/14\/flensburg-mira-kiko-costa-e-alemaes-visam-recorde-de-transferencias\/\"},\"author\":{\"name\":\"Telinha\",\"@id\":\"https:\/\/portaltela.pt\/#\/schema\/person\/c4278d4a6028830caff9ee44b42d32ed\"},\"headline\":\"Flensburg mira Kiko Costa e alem\u00e3es visam recorde de transfer\u00eancias\",\"datePublished\":\"2026-04-14T05:17:05+00:00\",\"mainEntityOfPage\":{\"@id\":\"https:\/\/portaltela.pt\/noticias\/2026\/04\/14\/flensburg-mira-kiko-costa-e-alemaes-visam-recorde-de-transferencias\/\"},\"wordCount\":135,\"image\":{\"@id\":\"https:\/\/portaltela.pt\/noticias\/2026\/04\/14\/flensburg-mira-kiko-costa-e-alemaes-visam-recorde-de-transferencias\/#primaryimage\"},\"thumbnailUrl\":\"https:\/\/portaltela.pt\/s.01k8rhncp4jt1\/2026\/04\/img_920x518uu2026-04-14-00-05-27-2432923.jpg\",\"keywords\":[\"Alemanha\",\"desporto\",\"handebol\",\"Liga dos Campe\u00f5es\",\"Sporting\",\"transfer\u00eancias internacionais\"],\"articleSection\":[\"Desporto\",\"Futebol\"],\"inLanguage\":\"pt-PT\"},{\"@type\":\"WebPage\",\"@id\":\"https:\/\/portaltela.pt\/noticias\/2026\/04\/14\/flensburg-mira-kiko-costa-e-alemaes-visam-recorde-de-transferencias\/\",\"url\":\"https:\/\/portaltela.pt\/noticias\/2026\/04\/14\/flensburg-mira-kiko-costa-e-alemaes-visam-recorde-de-transferencias\/\",\"name\":\"Flensburg mira Kiko Costa e alem\u00e3es visam recorde de transfer\u00eancias - Portal Tela Portugal\",\"isPartOf\":{\"@id\":\"https:\/\/portaltela.pt\/#website\"},\"primaryImageOfPage\":{\"@id\":\"https:\/\/portaltela.pt\/noticias\/2026\/04\/14\/flensburg-mira-kiko-costa-e-alemaes-visam-recorde-de-transferencias\/#primaryimage\"},\"image\":{\"@id\":\"https:\/\/portaltela.pt\/noticias\/2026\/04\/14\/flensburg-mira-kiko-costa-e-alemaes-visam-recorde-de-transferencias\/#primaryimage\"},\"thumbnailUrl\":\"https:\/\/portaltela.pt\/s.01k8rhncp4jt1\/2026\/04\/img_920x518uu2026-04-14-00-05-27-2432923.jpg\",\"datePublished\":\"2026-04-14T05:17:05+00:00\",\"author\":{\"@id\":\"https:\/\/portaltela.pt\/#\/schema\/person\/c4278d4a6028830caff9ee44b42d32ed\"},\"breadcrumb\":{\"@id\":\"https:\/\/portaltela.pt\/noticias\/2026\/04\/14\/flensburg-mira-kiko-costa-e-alemaes-visam-recorde-de-transferencias\/#breadcrumb\"},\"inLanguage\":\"pt-PT\",\"potentialAction\":[{\"@type\":\"ReadAction\",\"target\":[\"https:\/\/portaltela.pt\/noticias\/2026\/04\/14\/flensburg-mira-kiko-costa-e-alemaes-visam-recorde-de-transferencias\/\"]}]},{\"@type\":\"ImageObject\",\"inLanguage\":\"pt-PT\",\"@id\":\"https:\/\/portaltela.pt\/noticias\/2026\/04\/14\/flensburg-mira-kiko-costa-e-alemaes-visam-recorde-de-transferencias\/#primaryimage\",\"url\":\"https:\/\/portaltela.pt\/s.01k8rhncp4jt1\/2026\/04\/img_920x518uu2026-04-14-00-05-27-2432923.jpg\",\"contentUrl\":\"https:\/\/portaltela.pt\/s.01k8rhncp4jt1\/2026\/04\/img_920x518uu2026-04-14-00-05-27-2432923.jpg\",\"width\":796,\"height\":448,\"caption\":\"Kiko Costa no centro das aten\u00e7\u00f5es, com Flensburg interessado\"},{\"@type\":\"BreadcrumbList\",\"@id\":\"https:\/\/portaltela.pt\/noticias\/2026\/04\/14\/flensburg-mira-kiko-costa-e-alemaes-visam-recorde-de-transferencias\/#breadcrumb\",\"itemListElement\":[{\"@type\":\"ListItem\",\"position\":1,\"name\":\"In\u00edcio\",\"item\":\"https:\/\/portaltela.pt\/\"},{\"@type\":\"ListItem\",\"position\":2,\"name\":\"Flensburg mira Kiko Costa e alem\u00e3es visam recorde de transfer\u00eancias\"}]},{\"@type\":\"WebSite\",\"@id\":\"https:\/\/portaltela.pt\/#website\",\"url\":\"https:\/\/portaltela.pt\/\",\"name\":\"Portal Tela Portugal\",\"description\":\"\",\"potentialAction\":[{\"@type\":\"SearchAction\",\"target\":{\"@type\":\"EntryPoint\",\"urlTemplate\":\"https:\/\/portaltela.pt\/?s={search_term_string}\"},\"query-input\":{\"@type\":\"PropertyValueSpecification\",\"valueRequired\":true,\"valueName\":\"search_term_string\"}}],\"inLanguage\":\"pt-PT\"},{\"@type\":\"Person\",\"@id\":\"https:\/\/portaltela.pt\/#\/schema\/person\/c4278d4a6028830caff9ee44b42d32ed\",\"name\":\"Telinha\",\"image\":{\"@type\":\"ImageObject\",\"inLanguage\":\"pt-PT\",\"@id\":\"https:\/\/portaltela.pt\/s.01k8rhncp4jt1\/2025\/11\/talking-bot-125x125.png\",\"url\":\"https:\/\/portaltela.pt\/s.01k8rhncp4jt1\/2025\/11\/talking-bot-125x125.png\",\"contentUrl\":\"https:\/\/portaltela.pt\/s.01k8rhncp4jt1\/2025\/11\/talking-bot-125x125.png\",\"caption\":\"Telinha\"},\"sameAs\":[\"https:\/\/portaltela.pt\/\"],\"url\":\"https:\/\/portaltela.pt\/por\/367410592786\/\"}]}<\/script>\n<!-- \/ Yoast SEO plugin. -->","yoast_head_json":{"title":"Flensburg mira Kiko Costa e alem\u00e3es visam recorde de transfer\u00eancias - Portal Tela Portugal","robots":{"index":"index","follow":"follow","max-snippet":"max-snippet:-1","max-image-preview":"max-image-preview:large","max-video-preview":"max-video-preview:-1"},"og_locale":"pt_PT","og_type":"article","og_title":"Flensburg mira Kiko Costa e alem\u00e3es visam recorde de transfer\u00eancias - Portal Tela Portugal","og_description":"O Flensburg-Handewitt, da Alemanha, surge como poss\u00edvel destino de Kiko Costa, lateral direito do Sporting. A not\u00edcia aponta a hip\u00f3tese de o conjunto germ\u00e2nico contratar o jogador portugu\u00eas, numa fase de grande competi\u00e7\u00e3o internacional no andebol. O Flensburg-Handewitt ocupa atualmente o 2.\u00ba lugar da Bundesliga e soma v\u00e1rios t\u00edtulos nacionais e internacionais. A especula\u00e7\u00e3o surge no contexto de rumores sobre transfer\u00eancias entre jogadores de alto n\u00edvel do andebol europeu. A refer\u00eancia de que o clube alem\u00e3o pode querer v\u00e1rios \u201cle\u00f5es\u201d da fam\u00edlia Costa \u00e9 destacada pela an\u00e1lise de fontes especializadas.","og_url":"https:\/\/portaltela.pt\/noticias\/2026\/04\/14\/flensburg-mira-kiko-costa-e-alemaes-visam-recorde-de-transferencias\/","og_site_name":"Portal Tela Portugal","article_published_time":"2026-04-14T05:17:05+00:00","author":"Telinha","twitter_card":"summary_large_image","twitter_misc":{"Escrito por":"Telinha","Tempo estimado de leitura":"1 minuto"},"schema":{"@context":"https:\/\/schema.org","@graph":[{"@type":"Article","@id":"https:\/\/portaltela.pt\/noticias\/2026\/04\/14\/flensburg-mira-kiko-costa-e-alemaes-visam-recorde-de-transferencias\/#article","isPartOf":{"@id":"https:\/\/portaltela.pt\/noticias\/2026\/04\/14\/flensburg-mira-kiko-costa-e-alemaes-visam-recorde-de-transferencias\/"},"author":{"name":"Telinha","@id":"https:\/\/portaltela.pt\/#\/schema\/person\/c4278d4a6028830caff9ee44b42d32ed"},"headline":"Flensburg mira Kiko Costa e alem\u00e3es visam recorde de transfer\u00eancias","datePublished":"2026-04-14T05:17:05+00:00","mainEntityOfPage":{"@id":"https:\/\/portaltela.pt\/noticias\/2026\/04\/14\/flensburg-mira-kiko-costa-e-alemaes-visam-recorde-de-transferencias\/"},"wordCount":135,"image":{"@id":"https:\/\/portaltela.pt\/noticias\/2026\/04\/14\/flensburg-mira-kiko-costa-e-alemaes-visam-recorde-de-transferencias\/#primaryimage"},"thumbnailUrl":"https:\/\/portaltela.pt\/s.01k8rhncp4jt1\/2026\/04\/img_920x518uu2026-04-14-00-05-27-2432923.jpg","keywords":["Alemanha","desporto","handebol","Liga dos Campe\u00f5es","Sporting","transfer\u00eancias internacionais"],"articleSection":["Desporto","Futebol"],"inLanguage":"pt-PT"},{"@type":"WebPage","@id":"https:\/\/portaltela.pt\/noticias\/2026\/04\/14\/flensburg-mira-kiko-costa-e-alemaes-visam-recorde-de-transferencias\/","url":"https:\/\/portaltela.pt\/noticias\/2026\/04\/14\/flensburg-mira-kiko-costa-e-alemaes-visam-recorde-de-transferencias\/","name":"Flensburg mira Kiko Costa e alem\u00e3es visam recorde de transfer\u00eancias - Portal Tela Portugal","isPartOf":{"@id":"https:\/\/portaltela.pt\/#website"},"primaryImageOfPage":{"@id":"https:\/\/portaltela.pt\/noticias\/2026\/04\/14\/flensburg-mira-kiko-costa-e-alemaes-visam-recorde-de-transferencias\/#primaryimage"},"image":{"@id":"https:\/\/portaltela.pt\/noticias\/2026\/04\/14\/flensburg-mira-kiko-costa-e-alemaes-visam-recorde-de-transferencias\/#primaryimage"},"thumbnailUrl":"https:\/\/portaltela.pt\/s.01k8rhncp4jt1\/2026\/04\/img_920x518uu2026-04-14-00-05-27-2432923.jpg","datePublished":"2026-04-14T05:17:05+00:00","author":{"@id":"https:\/\/portaltela.pt\/#\/schema\/person\/c4278d4a6028830caff9ee44b42d32ed"},"breadcrumb":{"@id":"https:\/\/portaltela.pt\/noticias\/2026\/04\/14\/flensburg-mira-kiko-costa-e-alemaes-visam-recorde-de-transferencias\/#breadcrumb"},"inLanguage":"pt-PT","potentialAction":[{"@type":"ReadAction","target":["https:\/\/portaltela.pt\/noticias\/2026\/04\/14\/flensburg-mira-kiko-costa-e-alemaes-visam-recorde-de-transferencias\/"]}]},{"@type":"ImageObject","inLanguage":"pt-PT","@id":"https:\/\/portaltela.pt\/noticias\/2026\/04\/14\/flensburg-mira-kiko-costa-e-alemaes-visam-recorde-de-transferencias\/#primaryimage","url":"https:\/\/portaltela.pt\/s.01k8rhncp4jt1\/2026\/04\/img_920x518uu2026-04-14-00-05-27-2432923.jpg","contentUrl":"https:\/\/portaltela.pt\/s.01k8rhncp4jt1\/2026\/04\/img_920x518uu2026-04-14-00-05-27-2432923.jpg","width":796,"height":448,"caption":"Kiko Costa no centro das aten\u00e7\u00f5es, com Flensburg interessado"},{"@type":"BreadcrumbList","@id":"https:\/\/portaltela.pt\/noticias\/2026\/04\/14\/flensburg-mira-kiko-costa-e-alemaes-visam-recorde-de-transferencias\/#breadcrumb","itemListElement":[{"@type":"ListItem","position":1,"name":"In\u00edcio","item":"https:\/\/portaltela.pt\/"},{"@type":"ListItem","position":2,"name":"Flensburg mira Kiko Costa e alem\u00e3es visam recorde de transfer\u00eancias"}]},{"@type":"WebSite","@id":"https:\/\/portaltela.pt\/#website","url":"https:\/\/portaltela.pt\/","name":"Portal Tela Portugal","description":"","potentialAction":[{"@type":"SearchAction","target":{"@type":"EntryPoint","urlTemplate":"https:\/\/portaltela.pt\/?s={search_term_string}"},"query-input":{"@type":"PropertyValueSpecification","valueRequired":true,"valueName":"search_term_string"}}],"inLanguage":"pt-PT"},{"@type":"Person","@id":"https:\/\/portaltela.pt\/#\/schema\/person\/c4278d4a6028830caff9ee44b42d32ed","name":"Telinha","image":{"@type":"ImageObject","inLanguage":"pt-PT","@id":"https:\/\/portaltela.pt\/s.01k8rhncp4jt1\/2025\/11\/talking-bot-125x125.png","url":"https:\/\/portaltela.pt\/s.01k8rhncp4jt1\/2025\/11\/talking-bot-125x125.png","contentUrl":"https:\/\/portaltela.pt\/s.01k8rhncp4jt1\/2025\/11\/talking-bot-125x125.png","caption":"Telinha"},"sameAs":["https:\/\/portaltela.pt\/"],"url":"https:\/\/portaltela.pt\/por\/367410592786\/"}]}},"_links":{"self":[{"href":"https:\/\/portaltela.pt\/api\/wp\/v2\/posts\/443166","targetHints":{"allow":["GET"]}}],"collection":[{"href":"https:\/\/portaltela.pt\/api\/wp\/v2\/posts"}],"about":[{"href":"https:\/\/portaltela.pt\/api\/wp\/v2\/types\/post"}],"author":[{"embeddable":true,"href":"https:\/\/portaltela.pt\/api\/wp\/v2\/users\/2"}],"replies":[{"embeddable":true,"href":"https:\/\/portaltela.pt\/api\/wp\/v2\/comments?post=443166"}],"version-history":[{"count":0,"href":"https:\/\/portaltela.pt\/api\/wp\/v2\/posts\/443166\/revisions"}],"wp:featuredmedia":[{"embeddable":true,"href":"https:\/\/portaltela.pt\/api\/wp\/v2\/media\/443167"}],"wp:attachment":[{"href":"https:\/\/portaltela.pt\/api\/wp\/v2\/media?parent=443166"}],"wp:term":[{"taxonomy":"category","embeddable":true,"href":"https:\/\/portaltela.pt\/api\/wp\/v2\/categories?post=443166"},{"taxonomy":"post_tag","embeddable":true,"href":"https:\/\/portaltela.pt\/api\/wp\/v2\/tags?post=443166"}],"curies":[{"name":"wp","href":"https:\/\/api.w.org\/{rel}","templated":true}]}}