{"id":443155,"date":"2026-04-14T01:16:57","date_gmt":"2026-04-14T04:16:57","guid":{"rendered":"https:\/\/portaltela.pt\/noticias\/2026\/04\/14\/venezuela-tem-674-detidos-por-motivos-politicos-ong-denuncia\/"},"modified":"2026-04-14T01:16:57","modified_gmt":"2026-04-14T04:16:57","slug":"venezuela-tem-674-detidos-por-motivos-politicos-ong-denuncia","status":"publish","type":"post","link":"https:\/\/portaltela.pt\/geopolitica\/2026\/04\/14\/venezuela-tem-674-detidos-por-motivos-politicos-ong-denuncia\/","title":{"rendered":"Venezuela tem 674 detidos por motivos pol\u00edticos, ONG denuncia"},"content":{"rendered":"<p>A organiza\u00e7\u00e3o n\u00e3o governamental Justi\u00e7a, Encontro e Perd\u00e3o afirma que, na Venezuela, 674 pessoas est\u00e3o detidas por motivos pol\u00edticos. A den\u00fancia aponta para pris\u00f5es consideradas pol\u00edticas, sem detalhar casos individuais no texto inicial.<\/p>\n<p>Segundo a ONG, as deten\u00e7\u00f5es abrangem diversas regi\u00f5es do pa\u00eds e seriam associadas a manifesta\u00e7\u00f5es, cr\u00edticas ao governo ou atividades associadas a opositores. A organiza\u00e7\u00e3o sustenta que estas pris\u00f5es violam direitos civis e pol\u00edticos.<\/p>\n<p>A den\u00fancia surge como parte de um relat\u00f3rio divulgado pela Justi\u00e7a, Encontro e Perd\u00e3o, que atribui aos detidos a caracter\u00edstica de motiva\u00e7\u00e3o pol\u00edtica e solicita aten\u00e7\u00e3o internacional para a situa\u00e7\u00e3o de direitos humanos na Venezuela. Fonte: organiza\u00e7\u00e3o citada.<\/p>\n","protected":false},"excerpt":{"rendered":"<ul>\n<li>A organiza\u00e7\u00e3o n\u00e3o-governamental Justi\u00e7a, Encontro e Perd\u00e3o afirma que 674 pessoas est\u00e3o detidas por motivos pol\u00edticos na Venezuela.<\/li>\n<li>A den\u00fancia n\u00e3o detalha casos individuais nem datas no material dispon\u00edvel.<\/li>\n<li>A informa\u00e7\u00e3o \u00e9 apresentada pela Lusa atrav\u00e9s de um texto com conte\u00fado reservado a subscritores.<\/li>\n<li>N\u00e3o foram divulgadas fontes oficiais que fundamentem imediatamente a cifra.<\/li>\n<li>A not\u00edcia acompanha uma imagem relacionada ao tema.<\/li>\n<\/ul>\n","protected":false},"author":2,"featured_media":443157,"comment_status":"closed","ping_status":"closed","sticky":false,"template":"","format":"standard","meta":{"footnotes":""},"categories":[6814],"tags":[4139,6244,5318,2633,3767,2758],"class_list":["post-443155","post","type-post","status-publish","format-standard","has-post-thumbnail","hentry","category-geopolitica","tag-detencao","tag-detidos","tag-direitos-civis","tag-direitos-humanos","tag-oposicao","tag-venezuela"],"yoast_head":"<!-- This site is optimized with the Yoast SEO plugin v27.2 - https:\/\/yoast.com\/product\/yoast-seo-wordpress\/ -->\n<title>Venezuela tem 674 detidos por motivos pol\u00edticos, ONG denuncia - Portal Tela Portugal<\/title>\n<meta name=\"robots\" content=\"index, follow, max-snippet:-1, max-image-preview:large, max-video-preview:-1\" \/>\n<meta property=\"og:locale\" content=\"pt_PT\" \/>\n<meta property=\"og:type\" content=\"article\" \/>\n<meta property=\"og:title\" content=\"Venezuela tem 674 detidos por motivos pol\u00edticos, ONG denuncia - Portal Tela Portugal\" \/>\n<meta property=\"og:description\" content=\"A organiza\u00e7\u00e3o n\u00e3o-governamental Justi\u00e7a, Encontro e Perd\u00e3o afirma que 674 pessoas est\u00e3o detidas por motivos pol\u00edticos na Venezuela. A den\u00fancia n\u00e3o detalha casos individuais nem datas no material dispon\u00edvel. A informa\u00e7\u00e3o \u00e9 apresentada pela Lusa atrav\u00e9s de um texto com conte\u00fado reservado a subscritores. N\u00e3o foram divulgadas fontes oficiais que fundamentem imediatamente a cifra. A not\u00edcia acompanha uma imagem relacionada ao tema.\" \/>\n<meta property=\"og:url\" content=\"https:\/\/portaltela.pt\/noticias\/2026\/04\/14\/venezuela-tem-674-detidos-por-motivos-politicos-ong-denuncia\/\" \/>\n<meta property=\"og:site_name\" content=\"Portal Tela Portugal\" \/>\n<meta property=\"article:published_time\" content=\"2026-04-14T04:16:57+00:00\" \/>\n<meta name=\"author\" content=\"Telinha\" \/>\n<meta name=\"twitter:card\" content=\"summary_large_image\" \/>\n<meta name=\"twitter:label1\" content=\"Escrito por\" \/>\n\t<meta name=\"twitter:data1\" content=\"Telinha\" \/>\n\t<meta name=\"twitter:label2\" content=\"Tempo estimado de leitura\" \/>\n\t<meta name=\"twitter:data2\" content=\"1 minuto\" \/>\n<script type=\"application\/ld+json\" class=\"yoast-schema-graph\">{\"@context\":\"https:\/\/schema.org\",\"@graph\":[{\"@type\":\"Article\",\"@id\":\"https:\/\/portaltela.pt\/noticias\/2026\/04\/14\/venezuela-tem-674-detidos-por-motivos-politicos-ong-denuncia\/#article\",\"isPartOf\":{\"@id\":\"https:\/\/portaltela.pt\/noticias\/2026\/04\/14\/venezuela-tem-674-detidos-por-motivos-politicos-ong-denuncia\/\"},\"author\":{\"name\":\"Telinha\",\"@id\":\"https:\/\/portaltela.pt\/#\/schema\/person\/c4278d4a6028830caff9ee44b42d32ed\"},\"headline\":\"Venezuela tem 674 detidos por motivos pol\u00edticos, ONG denuncia\",\"datePublished\":\"2026-04-14T04:16:57+00:00\",\"mainEntityOfPage\":{\"@id\":\"https:\/\/portaltela.pt\/noticias\/2026\/04\/14\/venezuela-tem-674-detidos-por-motivos-politicos-ong-denuncia\/\"},\"wordCount\":140,\"image\":{\"@id\":\"https:\/\/portaltela.pt\/noticias\/2026\/04\/14\/venezuela-tem-674-detidos-por-motivos-politicos-ong-denuncia\/#primaryimage\"},\"thumbnailUrl\":\"https:\/\/portaltela.pt\/s.01k8rhncp4jt1\/2026\/04\/CACHE_780X1200_ANALOG_WATERMARKED_46483074_448593924000077.jpg\",\"keywords\":[\"deten\u00e7\u00e3o\",\"detidos\",\"direitos civis\",\"direitos humanos\",\"oposi\u00e7\u00e3o\",\"Venezuela\"],\"articleSection\":[\"Geopol\u00edtica\"],\"inLanguage\":\"pt-PT\"},{\"@type\":\"WebPage\",\"@id\":\"https:\/\/portaltela.pt\/noticias\/2026\/04\/14\/venezuela-tem-674-detidos-por-motivos-politicos-ong-denuncia\/\",\"url\":\"https:\/\/portaltela.pt\/noticias\/2026\/04\/14\/venezuela-tem-674-detidos-por-motivos-politicos-ong-denuncia\/\",\"name\":\"Venezuela tem 674 detidos por motivos pol\u00edticos, ONG denuncia - Portal Tela Portugal\",\"isPartOf\":{\"@id\":\"https:\/\/portaltela.pt\/#website\"},\"primaryImageOfPage\":{\"@id\":\"https:\/\/portaltela.pt\/noticias\/2026\/04\/14\/venezuela-tem-674-detidos-por-motivos-politicos-ong-denuncia\/#primaryimage\"},\"image\":{\"@id\":\"https:\/\/portaltela.pt\/noticias\/2026\/04\/14\/venezuela-tem-674-detidos-por-motivos-politicos-ong-denuncia\/#primaryimage\"},\"thumbnailUrl\":\"https:\/\/portaltela.pt\/s.01k8rhncp4jt1\/2026\/04\/CACHE_780X1200_ANALOG_WATERMARKED_46483074_448593924000077.jpg\",\"datePublished\":\"2026-04-14T04:16:57+00:00\",\"author\":{\"@id\":\"https:\/\/portaltela.pt\/#\/schema\/person\/c4278d4a6028830caff9ee44b42d32ed\"},\"breadcrumb\":{\"@id\":\"https:\/\/portaltela.pt\/noticias\/2026\/04\/14\/venezuela-tem-674-detidos-por-motivos-politicos-ong-denuncia\/#breadcrumb\"},\"inLanguage\":\"pt-PT\",\"potentialAction\":[{\"@type\":\"ReadAction\",\"target\":[\"https:\/\/portaltela.pt\/noticias\/2026\/04\/14\/venezuela-tem-674-detidos-por-motivos-politicos-ong-denuncia\/\"]}]},{\"@type\":\"ImageObject\",\"inLanguage\":\"pt-PT\",\"@id\":\"https:\/\/portaltela.pt\/noticias\/2026\/04\/14\/venezuela-tem-674-detidos-por-motivos-politicos-ong-denuncia\/#primaryimage\",\"url\":\"https:\/\/portaltela.pt\/s.01k8rhncp4jt1\/2026\/04\/CACHE_780X1200_ANALOG_WATERMARKED_46483074_448593924000077.jpg\",\"contentUrl\":\"https:\/\/portaltela.pt\/s.01k8rhncp4jt1\/2026\/04\/CACHE_780X1200_ANALOG_WATERMARKED_46483074_448593924000077.jpg\",\"width\":796,\"height\":448,\"caption\":\"Venezuela tem 674 pessoas detidas por motivos pol\u00edticos, denuncia ONG\"},{\"@type\":\"BreadcrumbList\",\"@id\":\"https:\/\/portaltela.pt\/noticias\/2026\/04\/14\/venezuela-tem-674-detidos-por-motivos-politicos-ong-denuncia\/#breadcrumb\",\"itemListElement\":[{\"@type\":\"ListItem\",\"position\":1,\"name\":\"In\u00edcio\",\"item\":\"https:\/\/portaltela.pt\/\"},{\"@type\":\"ListItem\",\"position\":2,\"name\":\"Venezuela tem 674 detidos por motivos pol\u00edticos, ONG denuncia\"}]},{\"@type\":\"WebSite\",\"@id\":\"https:\/\/portaltela.pt\/#website\",\"url\":\"https:\/\/portaltela.pt\/\",\"name\":\"Portal Tela Portugal\",\"description\":\"\",\"potentialAction\":[{\"@type\":\"SearchAction\",\"target\":{\"@type\":\"EntryPoint\",\"urlTemplate\":\"https:\/\/portaltela.pt\/?s={search_term_string}\"},\"query-input\":{\"@type\":\"PropertyValueSpecification\",\"valueRequired\":true,\"valueName\":\"search_term_string\"}}],\"inLanguage\":\"pt-PT\"},{\"@type\":\"Person\",\"@id\":\"https:\/\/portaltela.pt\/#\/schema\/person\/c4278d4a6028830caff9ee44b42d32ed\",\"name\":\"Telinha\",\"image\":{\"@type\":\"ImageObject\",\"inLanguage\":\"pt-PT\",\"@id\":\"https:\/\/portaltela.pt\/s.01k8rhncp4jt1\/2025\/11\/talking-bot-125x125.png\",\"url\":\"https:\/\/portaltela.pt\/s.01k8rhncp4jt1\/2025\/11\/talking-bot-125x125.png\",\"contentUrl\":\"https:\/\/portaltela.pt\/s.01k8rhncp4jt1\/2025\/11\/talking-bot-125x125.png\",\"caption\":\"Telinha\"},\"sameAs\":[\"https:\/\/portaltela.pt\/\"],\"url\":\"https:\/\/portaltela.pt\/por\/367410592786\/\"}]}<\/script>\n<!-- \/ Yoast SEO plugin. -->","yoast_head_json":{"title":"Venezuela tem 674 detidos por motivos pol\u00edticos, ONG denuncia - Portal Tela Portugal","robots":{"index":"index","follow":"follow","max-snippet":"max-snippet:-1","max-image-preview":"max-image-preview:large","max-video-preview":"max-video-preview:-1"},"og_locale":"pt_PT","og_type":"article","og_title":"Venezuela tem 674 detidos por motivos pol\u00edticos, ONG denuncia - Portal Tela Portugal","og_description":"A organiza\u00e7\u00e3o n\u00e3o-governamental Justi\u00e7a, Encontro e Perd\u00e3o afirma que 674 pessoas est\u00e3o detidas por motivos pol\u00edticos na Venezuela. A den\u00fancia n\u00e3o detalha casos individuais nem datas no material dispon\u00edvel. A informa\u00e7\u00e3o \u00e9 apresentada pela Lusa atrav\u00e9s de um texto com conte\u00fado reservado a subscritores. N\u00e3o foram divulgadas fontes oficiais que fundamentem imediatamente a cifra. A not\u00edcia acompanha uma imagem relacionada ao tema.","og_url":"https:\/\/portaltela.pt\/noticias\/2026\/04\/14\/venezuela-tem-674-detidos-por-motivos-politicos-ong-denuncia\/","og_site_name":"Portal Tela Portugal","article_published_time":"2026-04-14T04:16:57+00:00","author":"Telinha","twitter_card":"summary_large_image","twitter_misc":{"Escrito por":"Telinha","Tempo estimado de leitura":"1 minuto"},"schema":{"@context":"https:\/\/schema.org","@graph":[{"@type":"Article","@id":"https:\/\/portaltela.pt\/noticias\/2026\/04\/14\/venezuela-tem-674-detidos-por-motivos-politicos-ong-denuncia\/#article","isPartOf":{"@id":"https:\/\/portaltela.pt\/noticias\/2026\/04\/14\/venezuela-tem-674-detidos-por-motivos-politicos-ong-denuncia\/"},"author":{"name":"Telinha","@id":"https:\/\/portaltela.pt\/#\/schema\/person\/c4278d4a6028830caff9ee44b42d32ed"},"headline":"Venezuela tem 674 detidos por motivos pol\u00edticos, ONG denuncia","datePublished":"2026-04-14T04:16:57+00:00","mainEntityOfPage":{"@id":"https:\/\/portaltela.pt\/noticias\/2026\/04\/14\/venezuela-tem-674-detidos-por-motivos-politicos-ong-denuncia\/"},"wordCount":140,"image":{"@id":"https:\/\/portaltela.pt\/noticias\/2026\/04\/14\/venezuela-tem-674-detidos-por-motivos-politicos-ong-denuncia\/#primaryimage"},"thumbnailUrl":"https:\/\/portaltela.pt\/s.01k8rhncp4jt1\/2026\/04\/CACHE_780X1200_ANALOG_WATERMARKED_46483074_448593924000077.jpg","keywords":["deten\u00e7\u00e3o","detidos","direitos civis","direitos humanos","oposi\u00e7\u00e3o","Venezuela"],"articleSection":["Geopol\u00edtica"],"inLanguage":"pt-PT"},{"@type":"WebPage","@id":"https:\/\/portaltela.pt\/noticias\/2026\/04\/14\/venezuela-tem-674-detidos-por-motivos-politicos-ong-denuncia\/","url":"https:\/\/portaltela.pt\/noticias\/2026\/04\/14\/venezuela-tem-674-detidos-por-motivos-politicos-ong-denuncia\/","name":"Venezuela tem 674 detidos por motivos pol\u00edticos, ONG denuncia - Portal Tela Portugal","isPartOf":{"@id":"https:\/\/portaltela.pt\/#website"},"primaryImageOfPage":{"@id":"https:\/\/portaltela.pt\/noticias\/2026\/04\/14\/venezuela-tem-674-detidos-por-motivos-politicos-ong-denuncia\/#primaryimage"},"image":{"@id":"https:\/\/portaltela.pt\/noticias\/2026\/04\/14\/venezuela-tem-674-detidos-por-motivos-politicos-ong-denuncia\/#primaryimage"},"thumbnailUrl":"https:\/\/portaltela.pt\/s.01k8rhncp4jt1\/2026\/04\/CACHE_780X1200_ANALOG_WATERMARKED_46483074_448593924000077.jpg","datePublished":"2026-04-14T04:16:57+00:00","author":{"@id":"https:\/\/portaltela.pt\/#\/schema\/person\/c4278d4a6028830caff9ee44b42d32ed"},"breadcrumb":{"@id":"https:\/\/portaltela.pt\/noticias\/2026\/04\/14\/venezuela-tem-674-detidos-por-motivos-politicos-ong-denuncia\/#breadcrumb"},"inLanguage":"pt-PT","potentialAction":[{"@type":"ReadAction","target":["https:\/\/portaltela.pt\/noticias\/2026\/04\/14\/venezuela-tem-674-detidos-por-motivos-politicos-ong-denuncia\/"]}]},{"@type":"ImageObject","inLanguage":"pt-PT","@id":"https:\/\/portaltela.pt\/noticias\/2026\/04\/14\/venezuela-tem-674-detidos-por-motivos-politicos-ong-denuncia\/#primaryimage","url":"https:\/\/portaltela.pt\/s.01k8rhncp4jt1\/2026\/04\/CACHE_780X1200_ANALOG_WATERMARKED_46483074_448593924000077.jpg","contentUrl":"https:\/\/portaltela.pt\/s.01k8rhncp4jt1\/2026\/04\/CACHE_780X1200_ANALOG_WATERMARKED_46483074_448593924000077.jpg","width":796,"height":448,"caption":"Venezuela tem 674 pessoas detidas por motivos pol\u00edticos, denuncia ONG"},{"@type":"BreadcrumbList","@id":"https:\/\/portaltela.pt\/noticias\/2026\/04\/14\/venezuela-tem-674-detidos-por-motivos-politicos-ong-denuncia\/#breadcrumb","itemListElement":[{"@type":"ListItem","position":1,"name":"In\u00edcio","item":"https:\/\/portaltela.pt\/"},{"@type":"ListItem","position":2,"name":"Venezuela tem 674 detidos por motivos pol\u00edticos, ONG denuncia"}]},{"@type":"WebSite","@id":"https:\/\/portaltela.pt\/#website","url":"https:\/\/portaltela.pt\/","name":"Portal Tela Portugal","description":"","potentialAction":[{"@type":"SearchAction","target":{"@type":"EntryPoint","urlTemplate":"https:\/\/portaltela.pt\/?s={search_term_string}"},"query-input":{"@type":"PropertyValueSpecification","valueRequired":true,"valueName":"search_term_string"}}],"inLanguage":"pt-PT"},{"@type":"Person","@id":"https:\/\/portaltela.pt\/#\/schema\/person\/c4278d4a6028830caff9ee44b42d32ed","name":"Telinha","image":{"@type":"ImageObject","inLanguage":"pt-PT","@id":"https:\/\/portaltela.pt\/s.01k8rhncp4jt1\/2025\/11\/talking-bot-125x125.png","url":"https:\/\/portaltela.pt\/s.01k8rhncp4jt1\/2025\/11\/talking-bot-125x125.png","contentUrl":"https:\/\/portaltela.pt\/s.01k8rhncp4jt1\/2025\/11\/talking-bot-125x125.png","caption":"Telinha"},"sameAs":["https:\/\/portaltela.pt\/"],"url":"https:\/\/portaltela.pt\/por\/367410592786\/"}]}},"_links":{"self":[{"href":"https:\/\/portaltela.pt\/api\/wp\/v2\/posts\/443155","targetHints":{"allow":["GET"]}}],"collection":[{"href":"https:\/\/portaltela.pt\/api\/wp\/v2\/posts"}],"about":[{"href":"https:\/\/portaltela.pt\/api\/wp\/v2\/types\/post"}],"author":[{"embeddable":true,"href":"https:\/\/portaltela.pt\/api\/wp\/v2\/users\/2"}],"replies":[{"embeddable":true,"href":"https:\/\/portaltela.pt\/api\/wp\/v2\/comments?post=443155"}],"version-history":[{"count":0,"href":"https:\/\/portaltela.pt\/api\/wp\/v2\/posts\/443155\/revisions"}],"wp:featuredmedia":[{"embeddable":true,"href":"https:\/\/portaltela.pt\/api\/wp\/v2\/media\/443157"}],"wp:attachment":[{"href":"https:\/\/portaltela.pt\/api\/wp\/v2\/media?parent=443155"}],"wp:term":[{"taxonomy":"category","embeddable":true,"href":"https:\/\/portaltela.pt\/api\/wp\/v2\/categories?post=443155"},{"taxonomy":"post_tag","embeddable":true,"href":"https:\/\/portaltela.pt\/api\/wp\/v2\/tags?post=443155"}],"curies":[{"name":"wp","href":"https:\/\/api.w.org\/{rel}","templated":true}]}}