{"id":443126,"date":"2026-04-13T21:47:00","date_gmt":"2026-04-14T00:47:00","guid":{"rendered":"https:\/\/portaltela.pt\/noticias\/2026\/04\/13\/luccas-paraizo-espreita-vaga-no-onze-de-carlos-fangueiro\/"},"modified":"2026-04-13T21:47:00","modified_gmt":"2026-04-14T00:47:00","slug":"luccas-paraizo-espreita-vaga-no-onze-de-carlos-fangueiro","status":"publish","type":"post","link":"https:\/\/portaltela.pt\/desporto\/futebol\/2026\/04\/13\/luccas-paraizo-espreita-vaga-no-onze-de-carlos-fangueiro\/","title":{"rendered":"Luccas Paraizo espreita vaga no onze de Carlos Fangueiro"},"content":{"rendered":"<p>Luccas Paraizo continua a dar passos para conquistar o lugar no onze de Carlos Fangueiro no Leix\u00f5es. O avan\u00e7ado brasileiro, de 23 anos, chegou ao clube na reviravolta de inverno e ainda n\u00e3o foi titular.<\/p>\n<p>Nos dois \u00faltimos jogos do campeonato, o refor\u00e7o entrou no para a equipa a partir do banco e deixou a sua marca, repetindo o golo conseguido em cada partida. A ti\u00e7\u00e3o tem mostrado ter efeito positivo na din\u00e2mica ofensiva.<\/p>\n<p>A equipa de Matosinhos terminou a 29\u00aa jornada com 38 pontos, mais seis do que o P. Ferreira, mantendo-se em zona de playoff. Paraizo perspetiva agora a primeira oportunidade de entrar no onze, no confronto seguinte frente ao FC Porto B.<\/p>\n<p>O brasileiro soma ainda a experi\u00eancia de ter entrado em campo como suplente utilizado nos \u00faltimos duelos, contribuindo para a afirma\u00e7\u00e3o do Leix\u00f5es na tabela. O foco dirige-se ao pr\u00f3ximo jogo e \u00e0 possibilidade de titularidade.<\/p>\n","protected":false},"excerpt":{"rendered":"<ul>\n<li>Luccas Paraizo, avan\u00e7ado brasileiro de 23 anos, refor\u00e7o de inverno do Leix\u00f5es, procura estreia no onze de Carlos Fangueiro.<\/li>\n<li>O jogador marcou nos dois \u00faltimos jogos como suplente utilizado, mantendo-se no plantel titular do Leix\u00f5es.<\/li>\n<li>O Leix\u00f5es terminou a 29\u00aa jornada com 38 pontos, ficando na sexta posi\u00e7\u00e3o, em zona de playoff, com seis pontos de vantagem sobre o P. Ferreira.<\/li>\n<li>Paraizo pretende come\u00e7ar o pr\u00f3ximo jogo, frente ao FC Porto B, apontando j\u00e1 como titular.<\/li>\n<\/ul>\n","protected":false},"author":2,"featured_media":443128,"comment_status":"closed","ping_status":"closed","sticky":false,"template":"","format":"standard","meta":{"footnotes":""},"categories":[21,24],"tags":[4172,227,32,242,1890,125],"class_list":["post-443126","post","type-post","status-publish","format-standard","has-post-thumbnail","hentry","category-desporto","category-futebol","tag-brasileiro","tag-campeonato","tag-futebol","tag-jogadores","tag-leixoes","tag-playoffs"],"yoast_head":"<!-- This site is optimized with the Yoast SEO plugin v27.2 - https:\/\/yoast.com\/product\/yoast-seo-wordpress\/ -->\n<title>Luccas Paraizo espreita vaga no onze de Carlos Fangueiro - Portal Tela Portugal<\/title>\n<meta name=\"robots\" content=\"index, follow, max-snippet:-1, max-image-preview:large, max-video-preview:-1\" \/>\n<meta property=\"og:locale\" content=\"pt_PT\" \/>\n<meta property=\"og:type\" content=\"article\" \/>\n<meta property=\"og:title\" content=\"Luccas Paraizo espreita vaga no onze de Carlos Fangueiro - Portal Tela Portugal\" \/>\n<meta property=\"og:description\" content=\"Luccas Paraizo, avan\u00e7ado brasileiro de 23 anos, refor\u00e7o de inverno do Leix\u00f5es, procura estreia no onze de Carlos Fangueiro. O jogador marcou nos dois \u00faltimos jogos como suplente utilizado, mantendo-se no plantel titular do Leix\u00f5es. O Leix\u00f5es terminou a 29\u00aa jornada com 38 pontos, ficando na sexta posi\u00e7\u00e3o, em zona de playoff, com seis pontos de vantagem sobre o P. Ferreira. Paraizo pretende come\u00e7ar o pr\u00f3ximo jogo, frente ao FC Porto B, apontando j\u00e1 como titular.\" \/>\n<meta property=\"og:url\" content=\"https:\/\/portaltela.pt\/noticias\/2026\/04\/13\/luccas-paraizo-espreita-vaga-no-onze-de-carlos-fangueiro\/\" \/>\n<meta property=\"og:site_name\" content=\"Portal Tela Portugal\" \/>\n<meta property=\"article:published_time\" content=\"2026-04-14T00:47:00+00:00\" \/>\n<meta name=\"author\" content=\"Telinha\" \/>\n<meta name=\"twitter:card\" content=\"summary_large_image\" \/>\n<meta name=\"twitter:label1\" content=\"Escrito por\" \/>\n\t<meta name=\"twitter:data1\" content=\"Telinha\" \/>\n\t<meta name=\"twitter:label2\" content=\"Tempo estimado de leitura\" \/>\n\t<meta name=\"twitter:data2\" content=\"1 minuto\" \/>\n<script type=\"application\/ld+json\" class=\"yoast-schema-graph\">{\"@context\":\"https:\/\/schema.org\",\"@graph\":[{\"@type\":\"Article\",\"@id\":\"https:\/\/portaltela.pt\/noticias\/2026\/04\/13\/luccas-paraizo-espreita-vaga-no-onze-de-carlos-fangueiro\/#article\",\"isPartOf\":{\"@id\":\"https:\/\/portaltela.pt\/noticias\/2026\/04\/13\/luccas-paraizo-espreita-vaga-no-onze-de-carlos-fangueiro\/\"},\"author\":{\"name\":\"Telinha\",\"@id\":\"https:\/\/portaltela.pt\/#\/schema\/person\/c4278d4a6028830caff9ee44b42d32ed\"},\"headline\":\"Luccas Paraizo espreita vaga no onze de Carlos Fangueiro\",\"datePublished\":\"2026-04-14T00:47:00+00:00\",\"mainEntityOfPage\":{\"@id\":\"https:\/\/portaltela.pt\/noticias\/2026\/04\/13\/luccas-paraizo-espreita-vaga-no-onze-de-carlos-fangueiro\/\"},\"wordCount\":166,\"image\":{\"@id\":\"https:\/\/portaltela.pt\/noticias\/2026\/04\/13\/luccas-paraizo-espreita-vaga-no-onze-de-carlos-fangueiro\/#primaryimage\"},\"thumbnailUrl\":\"https:\/\/portaltela.pt\/s.01k8rhncp4jt1\/2026\/04\/img_920x518uu2026-04-14-00-00-11-2432919.jpg\",\"keywords\":[\"brasileiro\",\"campeonato\",\"futebol\",\"jogadores\",\"Leix\u00f5es\",\"playoffs\"],\"articleSection\":[\"Desporto\",\"Futebol\"],\"inLanguage\":\"pt-PT\"},{\"@type\":\"WebPage\",\"@id\":\"https:\/\/portaltela.pt\/noticias\/2026\/04\/13\/luccas-paraizo-espreita-vaga-no-onze-de-carlos-fangueiro\/\",\"url\":\"https:\/\/portaltela.pt\/noticias\/2026\/04\/13\/luccas-paraizo-espreita-vaga-no-onze-de-carlos-fangueiro\/\",\"name\":\"Luccas Paraizo espreita vaga no onze de Carlos Fangueiro - Portal Tela Portugal\",\"isPartOf\":{\"@id\":\"https:\/\/portaltela.pt\/#website\"},\"primaryImageOfPage\":{\"@id\":\"https:\/\/portaltela.pt\/noticias\/2026\/04\/13\/luccas-paraizo-espreita-vaga-no-onze-de-carlos-fangueiro\/#primaryimage\"},\"image\":{\"@id\":\"https:\/\/portaltela.pt\/noticias\/2026\/04\/13\/luccas-paraizo-espreita-vaga-no-onze-de-carlos-fangueiro\/#primaryimage\"},\"thumbnailUrl\":\"https:\/\/portaltela.pt\/s.01k8rhncp4jt1\/2026\/04\/img_920x518uu2026-04-14-00-00-11-2432919.jpg\",\"datePublished\":\"2026-04-14T00:47:00+00:00\",\"author\":{\"@id\":\"https:\/\/portaltela.pt\/#\/schema\/person\/c4278d4a6028830caff9ee44b42d32ed\"},\"breadcrumb\":{\"@id\":\"https:\/\/portaltela.pt\/noticias\/2026\/04\/13\/luccas-paraizo-espreita-vaga-no-onze-de-carlos-fangueiro\/#breadcrumb\"},\"inLanguage\":\"pt-PT\",\"potentialAction\":[{\"@type\":\"ReadAction\",\"target\":[\"https:\/\/portaltela.pt\/noticias\/2026\/04\/13\/luccas-paraizo-espreita-vaga-no-onze-de-carlos-fangueiro\/\"]}]},{\"@type\":\"ImageObject\",\"inLanguage\":\"pt-PT\",\"@id\":\"https:\/\/portaltela.pt\/noticias\/2026\/04\/13\/luccas-paraizo-espreita-vaga-no-onze-de-carlos-fangueiro\/#primaryimage\",\"url\":\"https:\/\/portaltela.pt\/s.01k8rhncp4jt1\/2026\/04\/img_920x518uu2026-04-14-00-00-11-2432919.jpg\",\"contentUrl\":\"https:\/\/portaltela.pt\/s.01k8rhncp4jt1\/2026\/04\/img_920x518uu2026-04-14-00-00-11-2432919.jpg\",\"width\":796,\"height\":448,\"caption\":\"Luccas Paraizo busca titularidade no Leix\u00f5es ap\u00f3s marcar em jogos recentes\"},{\"@type\":\"BreadcrumbList\",\"@id\":\"https:\/\/portaltela.pt\/noticias\/2026\/04\/13\/luccas-paraizo-espreita-vaga-no-onze-de-carlos-fangueiro\/#breadcrumb\",\"itemListElement\":[{\"@type\":\"ListItem\",\"position\":1,\"name\":\"In\u00edcio\",\"item\":\"https:\/\/portaltela.pt\/\"},{\"@type\":\"ListItem\",\"position\":2,\"name\":\"Luccas Paraizo espreita vaga no onze de Carlos Fangueiro\"}]},{\"@type\":\"WebSite\",\"@id\":\"https:\/\/portaltela.pt\/#website\",\"url\":\"https:\/\/portaltela.pt\/\",\"name\":\"Portal Tela Portugal\",\"description\":\"\",\"potentialAction\":[{\"@type\":\"SearchAction\",\"target\":{\"@type\":\"EntryPoint\",\"urlTemplate\":\"https:\/\/portaltela.pt\/?s={search_term_string}\"},\"query-input\":{\"@type\":\"PropertyValueSpecification\",\"valueRequired\":true,\"valueName\":\"search_term_string\"}}],\"inLanguage\":\"pt-PT\"},{\"@type\":\"Person\",\"@id\":\"https:\/\/portaltela.pt\/#\/schema\/person\/c4278d4a6028830caff9ee44b42d32ed\",\"name\":\"Telinha\",\"image\":{\"@type\":\"ImageObject\",\"inLanguage\":\"pt-PT\",\"@id\":\"https:\/\/portaltela.pt\/s.01k8rhncp4jt1\/2025\/11\/talking-bot-125x125.png\",\"url\":\"https:\/\/portaltela.pt\/s.01k8rhncp4jt1\/2025\/11\/talking-bot-125x125.png\",\"contentUrl\":\"https:\/\/portaltela.pt\/s.01k8rhncp4jt1\/2025\/11\/talking-bot-125x125.png\",\"caption\":\"Telinha\"},\"sameAs\":[\"https:\/\/portaltela.pt\/\"],\"url\":\"https:\/\/portaltela.pt\/por\/367410592786\/\"}]}<\/script>\n<!-- \/ Yoast SEO plugin. -->","yoast_head_json":{"title":"Luccas Paraizo espreita vaga no onze de Carlos Fangueiro - Portal Tela Portugal","robots":{"index":"index","follow":"follow","max-snippet":"max-snippet:-1","max-image-preview":"max-image-preview:large","max-video-preview":"max-video-preview:-1"},"og_locale":"pt_PT","og_type":"article","og_title":"Luccas Paraizo espreita vaga no onze de Carlos Fangueiro - Portal Tela Portugal","og_description":"Luccas Paraizo, avan\u00e7ado brasileiro de 23 anos, refor\u00e7o de inverno do Leix\u00f5es, procura estreia no onze de Carlos Fangueiro. O jogador marcou nos dois \u00faltimos jogos como suplente utilizado, mantendo-se no plantel titular do Leix\u00f5es. O Leix\u00f5es terminou a 29\u00aa jornada com 38 pontos, ficando na sexta posi\u00e7\u00e3o, em zona de playoff, com seis pontos de vantagem sobre o P. Ferreira. Paraizo pretende come\u00e7ar o pr\u00f3ximo jogo, frente ao FC Porto B, apontando j\u00e1 como titular.","og_url":"https:\/\/portaltela.pt\/noticias\/2026\/04\/13\/luccas-paraizo-espreita-vaga-no-onze-de-carlos-fangueiro\/","og_site_name":"Portal Tela Portugal","article_published_time":"2026-04-14T00:47:00+00:00","author":"Telinha","twitter_card":"summary_large_image","twitter_misc":{"Escrito por":"Telinha","Tempo estimado de leitura":"1 minuto"},"schema":{"@context":"https:\/\/schema.org","@graph":[{"@type":"Article","@id":"https:\/\/portaltela.pt\/noticias\/2026\/04\/13\/luccas-paraizo-espreita-vaga-no-onze-de-carlos-fangueiro\/#article","isPartOf":{"@id":"https:\/\/portaltela.pt\/noticias\/2026\/04\/13\/luccas-paraizo-espreita-vaga-no-onze-de-carlos-fangueiro\/"},"author":{"name":"Telinha","@id":"https:\/\/portaltela.pt\/#\/schema\/person\/c4278d4a6028830caff9ee44b42d32ed"},"headline":"Luccas Paraizo espreita vaga no onze de Carlos Fangueiro","datePublished":"2026-04-14T00:47:00+00:00","mainEntityOfPage":{"@id":"https:\/\/portaltela.pt\/noticias\/2026\/04\/13\/luccas-paraizo-espreita-vaga-no-onze-de-carlos-fangueiro\/"},"wordCount":166,"image":{"@id":"https:\/\/portaltela.pt\/noticias\/2026\/04\/13\/luccas-paraizo-espreita-vaga-no-onze-de-carlos-fangueiro\/#primaryimage"},"thumbnailUrl":"https:\/\/portaltela.pt\/s.01k8rhncp4jt1\/2026\/04\/img_920x518uu2026-04-14-00-00-11-2432919.jpg","keywords":["brasileiro","campeonato","futebol","jogadores","Leix\u00f5es","playoffs"],"articleSection":["Desporto","Futebol"],"inLanguage":"pt-PT"},{"@type":"WebPage","@id":"https:\/\/portaltela.pt\/noticias\/2026\/04\/13\/luccas-paraizo-espreita-vaga-no-onze-de-carlos-fangueiro\/","url":"https:\/\/portaltela.pt\/noticias\/2026\/04\/13\/luccas-paraizo-espreita-vaga-no-onze-de-carlos-fangueiro\/","name":"Luccas Paraizo espreita vaga no onze de Carlos Fangueiro - Portal Tela Portugal","isPartOf":{"@id":"https:\/\/portaltela.pt\/#website"},"primaryImageOfPage":{"@id":"https:\/\/portaltela.pt\/noticias\/2026\/04\/13\/luccas-paraizo-espreita-vaga-no-onze-de-carlos-fangueiro\/#primaryimage"},"image":{"@id":"https:\/\/portaltela.pt\/noticias\/2026\/04\/13\/luccas-paraizo-espreita-vaga-no-onze-de-carlos-fangueiro\/#primaryimage"},"thumbnailUrl":"https:\/\/portaltela.pt\/s.01k8rhncp4jt1\/2026\/04\/img_920x518uu2026-04-14-00-00-11-2432919.jpg","datePublished":"2026-04-14T00:47:00+00:00","author":{"@id":"https:\/\/portaltela.pt\/#\/schema\/person\/c4278d4a6028830caff9ee44b42d32ed"},"breadcrumb":{"@id":"https:\/\/portaltela.pt\/noticias\/2026\/04\/13\/luccas-paraizo-espreita-vaga-no-onze-de-carlos-fangueiro\/#breadcrumb"},"inLanguage":"pt-PT","potentialAction":[{"@type":"ReadAction","target":["https:\/\/portaltela.pt\/noticias\/2026\/04\/13\/luccas-paraizo-espreita-vaga-no-onze-de-carlos-fangueiro\/"]}]},{"@type":"ImageObject","inLanguage":"pt-PT","@id":"https:\/\/portaltela.pt\/noticias\/2026\/04\/13\/luccas-paraizo-espreita-vaga-no-onze-de-carlos-fangueiro\/#primaryimage","url":"https:\/\/portaltela.pt\/s.01k8rhncp4jt1\/2026\/04\/img_920x518uu2026-04-14-00-00-11-2432919.jpg","contentUrl":"https:\/\/portaltela.pt\/s.01k8rhncp4jt1\/2026\/04\/img_920x518uu2026-04-14-00-00-11-2432919.jpg","width":796,"height":448,"caption":"Luccas Paraizo busca titularidade no Leix\u00f5es ap\u00f3s marcar em jogos recentes"},{"@type":"BreadcrumbList","@id":"https:\/\/portaltela.pt\/noticias\/2026\/04\/13\/luccas-paraizo-espreita-vaga-no-onze-de-carlos-fangueiro\/#breadcrumb","itemListElement":[{"@type":"ListItem","position":1,"name":"In\u00edcio","item":"https:\/\/portaltela.pt\/"},{"@type":"ListItem","position":2,"name":"Luccas Paraizo espreita vaga no onze de Carlos Fangueiro"}]},{"@type":"WebSite","@id":"https:\/\/portaltela.pt\/#website","url":"https:\/\/portaltela.pt\/","name":"Portal Tela Portugal","description":"","potentialAction":[{"@type":"SearchAction","target":{"@type":"EntryPoint","urlTemplate":"https:\/\/portaltela.pt\/?s={search_term_string}"},"query-input":{"@type":"PropertyValueSpecification","valueRequired":true,"valueName":"search_term_string"}}],"inLanguage":"pt-PT"},{"@type":"Person","@id":"https:\/\/portaltela.pt\/#\/schema\/person\/c4278d4a6028830caff9ee44b42d32ed","name":"Telinha","image":{"@type":"ImageObject","inLanguage":"pt-PT","@id":"https:\/\/portaltela.pt\/s.01k8rhncp4jt1\/2025\/11\/talking-bot-125x125.png","url":"https:\/\/portaltela.pt\/s.01k8rhncp4jt1\/2025\/11\/talking-bot-125x125.png","contentUrl":"https:\/\/portaltela.pt\/s.01k8rhncp4jt1\/2025\/11\/talking-bot-125x125.png","caption":"Telinha"},"sameAs":["https:\/\/portaltela.pt\/"],"url":"https:\/\/portaltela.pt\/por\/367410592786\/"}]}},"_links":{"self":[{"href":"https:\/\/portaltela.pt\/api\/wp\/v2\/posts\/443126","targetHints":{"allow":["GET"]}}],"collection":[{"href":"https:\/\/portaltela.pt\/api\/wp\/v2\/posts"}],"about":[{"href":"https:\/\/portaltela.pt\/api\/wp\/v2\/types\/post"}],"author":[{"embeddable":true,"href":"https:\/\/portaltela.pt\/api\/wp\/v2\/users\/2"}],"replies":[{"embeddable":true,"href":"https:\/\/portaltela.pt\/api\/wp\/v2\/comments?post=443126"}],"version-history":[{"count":0,"href":"https:\/\/portaltela.pt\/api\/wp\/v2\/posts\/443126\/revisions"}],"wp:featuredmedia":[{"embeddable":true,"href":"https:\/\/portaltela.pt\/api\/wp\/v2\/media\/443128"}],"wp:attachment":[{"href":"https:\/\/portaltela.pt\/api\/wp\/v2\/media?parent=443126"}],"wp:term":[{"taxonomy":"category","embeddable":true,"href":"https:\/\/portaltela.pt\/api\/wp\/v2\/categories?post=443126"},{"taxonomy":"post_tag","embeddable":true,"href":"https:\/\/portaltela.pt\/api\/wp\/v2\/tags?post=443126"}],"curies":[{"name":"wp","href":"https:\/\/api.w.org\/{rel}","templated":true}]}}