{"id":443105,"date":"2026-04-13T20:32:13","date_gmt":"2026-04-13T23:32:13","guid":{"rendered":"https:\/\/portaltela.pt\/noticias\/2026\/04\/13\/libano-enfrenta-regresso-estrategico-no-contexto-regional\/"},"modified":"2026-04-13T20:32:13","modified_gmt":"2026-04-13T23:32:13","slug":"libano-enfrenta-regresso-estrategico-no-contexto-regional","status":"publish","type":"post","link":"https:\/\/portaltela.pt\/noticias\/internacional\/2026\/04\/13\/libano-enfrenta-regresso-estrategico-no-contexto-regional\/","title":{"rendered":"L\u00edbano enfrenta regresso estrat\u00e9gico no contexto regional"},"content":{"rendered":"<p>O L\u00edbano continua a viver sob uma sombra longa de interven\u00e7\u00f5es externas. O pa\u00eds n\u00e3o era favor\u00e1vel \u00e0 tutela s\u00edria, mas viu d\u00e9cadas de presen\u00e7a s\u00edria e, mais tarde, envolvimento iraniano. A popula\u00e7\u00e3o n\u00e3o buscava escolher entre pot\u00eancias, mas aprender a conviver com elas.<\/p>\n<p>A hist\u00f3ria libanesa \u00e9 marcada por interfer\u00eancias e por uma soberania intermitente. O Pacto Nacional e o Acordo de Taif tentaram fixar a conviv\u00eancia, mas a pr\u00e1tica revelou guerras por procura\u00e7\u00e3o, instabilidade e depend\u00eancia externa, com impacto direto na pol\u00edtica interna.<\/p>\n<p>A leitura dominante aponta para fragmenta\u00e7\u00e3o, sectarismo e elites desalineadas. Contudo, o pa\u00eds n\u00e3o \u00e9 apenas uma fragilidade: \u00e9 um territ\u00f3rio saturado de decis\u00f5es que chegam de fora, moldando o que sucede dentro das fronteiras.<\/p>\n<p>A presen\u00e7a palestiniana, a interven\u00e7\u00e3o s\u00edria, a ocupa\u00e7\u00e3o israelita e o apoio iraniano ao Hezbollah n\u00e3o se substituem, mas sobrep\u00f5em. O resultado \u00e9 uma forma persistente de depend\u00eancia que transforma o conflito em constante adapta\u00e7\u00e3o institucional.<\/p>\n<p>O Hezbollah emergiu entre dissidentes do Amal, numa resposta \u00e0 invas\u00e3o israelita de 1982 e \u00e0 falha estatal de ocupar esse vazio. Ao longo do tempo, tornou-se uma entidade h\u00edbrida: partido, governo, mil\u00edcia e extens\u00e3o do Ir\u00e3o.<\/p>\n<p>A crise econ\u00f4mica de 2019, a explos\u00e3o de Beirute em 2020 e o colapso institucional agravaram a rejei\u00e7\u00e3o transversal ao Hezbollah. Em 2024, as mudan\u00e7as internas criaram uma janela de esperan\u00e7a para fortalecer o Estado.<\/p>\n<p>A elei\u00e7\u00e3o de Joseph Aoun e a forma\u00e7\u00e3o de um governo liderado por Nawaf Salam trouxe promessas de maior soberania, com sinais de limita\u00e7\u00e3o da atua\u00e7\u00e3o militar do Hezbollah e de cortes a fluxos financeiros. Ainda assim, o cen\u00e1rio persiste com incertezas externas.<\/p>\n<p>A guerra regional voltou a impor-se entre libaneses e o futuro do pa\u00eds. A decis\u00e3o do Hezbollah de intervir no conflito regional n\u00e3o \u00e9 apenas estrat\u00e9gica, mas tamb\u00e9m uma reafirma\u00e7\u00e3o da sua centralidade, arrastando o L\u00edbano para uma guerra que a maior parte da popula\u00e7\u00e3o n\u00e3o quer travar.<\/p>\n<p>Israel respondeu com fortes ataques que visaram infraestruturas civis e servi\u00e7os essenciais, provocando desloca\u00e7\u00f5es maci\u00e7as, milhares de mortos e mais de um milh\u00e3o de deslocados. A destrui\u00e7\u00e3o de \u00e1reas densamente povoadas aumenta o trauma humano e a inseguran\u00e7a.<\/p>\n<p>A chamada zona-tamp\u00e3o no sul do L\u00edbano permanece marcada pela demoli\u00e7\u00e3o de aldeias, impedimento de regresso e redes cortadas, num processo que transforma o conflito em quest\u00e3o demogr\u00e1fica, com consequ\u00eancias profundas no tecido social.<\/p>\n<p>A leitura atual aponta que a ocupa\u00e7\u00e3o e as guerras n\u00e3o se limitam \u00e0 militariza\u00e7\u00e3o, mas afetam perce\u00e7\u00f5es, rela\u00e7\u00f5es entre comunidades e o comportamento quotidiano. O espa\u00e7o pol\u00edtico-libano encolhe \u00e0 medida que o territ\u00f3rio \u00e9 sujeito a press\u00f5es externas.<\/p>\n<p>N\u00e3o \u00e9 paradoxo: o L\u00edbano n\u00e3o desejou tutelas, nem ser palco de conflitos entre Gaza, S\u00edria, Ir\u00e3o e Israel, mas v\u00eau\u2011se for\u00e7ado a lidar com todas essas din\u00e2micas. A dificuldade maior continua a ser afastar pot\u00eancias sem abandonar a pr\u00f3pria soberania.<\/p>\n<p>O pa\u00eds permanece numa guerra civil que nunca terminou verdadeiramente, com uma margem de decis\u00e3o cada vez menor. Entre um Hezbollah resiliente e um l\u00edder externo que busca manter a influ\u00eancia, o espa\u00e7o para uma soberania efetiva continua a delinear-se.<\/p>\n","protected":false},"excerpt":{"rendered":"<ul>\n<li>O L\u00edbano rejeitou a tutela s\u00edria, mas viveu d\u00e9cadas sob ela e permanece sob influ\u00eancia de atores externos como S\u00edria, Ir\u00e3o e Israel, com a presen\u00e7a palestiniana marcada.<\/li>\n<li>As interfer\u00eancias externas moldaram a pol\u00edtica interna do pa\u00eds, tornando a soberania intermitente e dependente de pot\u00eancias externas, mesmo com o Pacto Nacional e o Acordo de Taif.<\/li>\n<li>O Hezbollah nasceu dos dissidentes do Amal e evoluiu para uma entidade que \u00e9 partido, governo, mil\u00edcia e extens\u00e3o do Ir\u00e3o, com o Estado incapaz de substitu\u00ed-lo por completo.<\/li>\n<li>A crise recente intensificou-se com a interven\u00e7\u00e3o do Hezbollah na guerra regional, e Israel respondeu com ataques que devastaram infraestruturas e provocaram deslocados em massa, criando uma zona-tamp\u00e3o no sul.<\/li>\n<li>O deslocamento maci\u00e7o e a press\u00e3o externa dificultam a soberania libanesa; mesmo com tentativas de fortalecer o Estado sob Nawaf Salam e Joseph Aoun, o espa\u00e7o de decis\u00e3o continua estreito e incerto.<\/li>\n<\/ul>\n","protected":false},"author":2,"featured_media":443107,"comment_status":"closed","ping_status":"closed","sticky":false,"template":"","format":"standard","meta":{"footnotes":""},"categories":[6814,4],"tags":[2198,62,5291,7451,2030,2066],"class_list":["post-443105","post","type-post","status-publish","format-standard","has-post-thumbnail","hentry","category-geopolitica","category-internacional","tag-conflitos-internacionais","tag-guerra","tag-intervencoes-internacionais","tag-ocupacao","tag-palestina","tag-siria"],"yoast_head":"<!-- This site is optimized with the Yoast SEO plugin v27.2 - https:\/\/yoast.com\/product\/yoast-seo-wordpress\/ -->\n<title>L\u00edbano enfrenta regresso estrat\u00e9gico no contexto regional - Portal Tela Portugal<\/title>\n<meta name=\"robots\" content=\"index, follow, max-snippet:-1, max-image-preview:large, max-video-preview:-1\" \/>\n<meta property=\"og:locale\" content=\"pt_PT\" \/>\n<meta property=\"og:type\" content=\"article\" \/>\n<meta property=\"og:title\" content=\"L\u00edbano enfrenta regresso estrat\u00e9gico no contexto regional - Portal Tela Portugal\" \/>\n<meta property=\"og:description\" content=\"O L\u00edbano rejeitou a tutela s\u00edria, mas viveu d\u00e9cadas sob ela e permanece sob influ\u00eancia de atores externos como S\u00edria, Ir\u00e3o e Israel, com a presen\u00e7a palestiniana marcada. As interfer\u00eancias externas moldaram a pol\u00edtica interna do pa\u00eds, tornando a soberania intermitente e dependente de pot\u00eancias externas, mesmo com o Pacto Nacional e o Acordo de Taif. O Hezbollah nasceu dos dissidentes do Amal e evoluiu para uma entidade que \u00e9 partido, governo, mil\u00edcia e extens\u00e3o do Ir\u00e3o, com o Estado incapaz de substitu\u00ed-lo por completo. A crise recente intensificou-se com a interven\u00e7\u00e3o do Hezbollah na guerra regional, e Israel respondeu com ataques que devastaram infraestruturas e provocaram deslocados em massa, criando uma zona-tamp\u00e3o no sul. O deslocamento maci\u00e7o e a press\u00e3o externa dificultam a soberania libanesa; mesmo com tentativas de fortalecer o Estado sob Nawaf Salam e Joseph Aoun, o espa\u00e7o de decis\u00e3o continua estreito e incerto.\" \/>\n<meta property=\"og:url\" content=\"https:\/\/portaltela.pt\/noticias\/2026\/04\/13\/libano-enfrenta-regresso-estrategico-no-contexto-regional\/\" \/>\n<meta property=\"og:site_name\" content=\"Portal Tela Portugal\" \/>\n<meta property=\"article:published_time\" content=\"2026-04-13T23:32:13+00:00\" \/>\n<meta name=\"author\" content=\"Telinha\" \/>\n<meta name=\"twitter:card\" content=\"summary_large_image\" \/>\n<meta name=\"twitter:label1\" content=\"Escrito por\" \/>\n\t<meta name=\"twitter:data1\" content=\"Telinha\" \/>\n\t<meta name=\"twitter:label2\" content=\"Tempo estimado de leitura\" \/>\n\t<meta name=\"twitter:data2\" content=\"3 minutos\" \/>\n<script type=\"application\/ld+json\" class=\"yoast-schema-graph\">{\"@context\":\"https:\/\/schema.org\",\"@graph\":[{\"@type\":\"Article\",\"@id\":\"https:\/\/portaltela.pt\/noticias\/2026\/04\/13\/libano-enfrenta-regresso-estrategico-no-contexto-regional\/#article\",\"isPartOf\":{\"@id\":\"https:\/\/portaltela.pt\/noticias\/2026\/04\/13\/libano-enfrenta-regresso-estrategico-no-contexto-regional\/\"},\"author\":{\"name\":\"Telinha\",\"@id\":\"https:\/\/portaltela.pt\/#\/schema\/person\/c4278d4a6028830caff9ee44b42d32ed\"},\"headline\":\"L\u00edbano enfrenta regresso estrat\u00e9gico no contexto regional\",\"datePublished\":\"2026-04-13T23:32:13+00:00\",\"mainEntityOfPage\":{\"@id\":\"https:\/\/portaltela.pt\/noticias\/2026\/04\/13\/libano-enfrenta-regresso-estrategico-no-contexto-regional\/\"},\"wordCount\":597,\"image\":{\"@id\":\"https:\/\/portaltela.pt\/noticias\/2026\/04\/13\/libano-enfrenta-regresso-estrategico-no-contexto-regional\/#primaryimage\"},\"thumbnailUrl\":\"https:\/\/portaltela.pt\/s.01k8rhncp4jt1\/2026\/04\/2026564.jpg\",\"keywords\":[\"conflitos internacionais\",\"guerra\",\"interven\u00e7\u00f5es internacionais\",\"ocupa\u00e7\u00e3o\",\"Palestina\",\"S\u00edria\"],\"articleSection\":[\"Geopol\u00edtica\",\"Internacional\"],\"inLanguage\":\"pt-PT\"},{\"@type\":\"WebPage\",\"@id\":\"https:\/\/portaltela.pt\/noticias\/2026\/04\/13\/libano-enfrenta-regresso-estrategico-no-contexto-regional\/\",\"url\":\"https:\/\/portaltela.pt\/noticias\/2026\/04\/13\/libano-enfrenta-regresso-estrategico-no-contexto-regional\/\",\"name\":\"L\u00edbano enfrenta regresso estrat\u00e9gico no contexto regional - Portal Tela Portugal\",\"isPartOf\":{\"@id\":\"https:\/\/portaltela.pt\/#website\"},\"primaryImageOfPage\":{\"@id\":\"https:\/\/portaltela.pt\/noticias\/2026\/04\/13\/libano-enfrenta-regresso-estrategico-no-contexto-regional\/#primaryimage\"},\"image\":{\"@id\":\"https:\/\/portaltela.pt\/noticias\/2026\/04\/13\/libano-enfrenta-regresso-estrategico-no-contexto-regional\/#primaryimage\"},\"thumbnailUrl\":\"https:\/\/portaltela.pt\/s.01k8rhncp4jt1\/2026\/04\/2026564.jpg\",\"datePublished\":\"2026-04-13T23:32:13+00:00\",\"author\":{\"@id\":\"https:\/\/portaltela.pt\/#\/schema\/person\/c4278d4a6028830caff9ee44b42d32ed\"},\"breadcrumb\":{\"@id\":\"https:\/\/portaltela.pt\/noticias\/2026\/04\/13\/libano-enfrenta-regresso-estrategico-no-contexto-regional\/#breadcrumb\"},\"inLanguage\":\"pt-PT\",\"potentialAction\":[{\"@type\":\"ReadAction\",\"target\":[\"https:\/\/portaltela.pt\/noticias\/2026\/04\/13\/libano-enfrenta-regresso-estrategico-no-contexto-regional\/\"]}]},{\"@type\":\"ImageObject\",\"inLanguage\":\"pt-PT\",\"@id\":\"https:\/\/portaltela.pt\/noticias\/2026\/04\/13\/libano-enfrenta-regresso-estrategico-no-contexto-regional\/#primaryimage\",\"url\":\"https:\/\/portaltela.pt\/s.01k8rhncp4jt1\/2026\/04\/2026564.jpg\",\"contentUrl\":\"https:\/\/portaltela.pt\/s.01k8rhncp4jt1\/2026\/04\/2026564.jpg\",\"width\":796,\"height\":448,\"caption\":\"Photo\"},{\"@type\":\"BreadcrumbList\",\"@id\":\"https:\/\/portaltela.pt\/noticias\/2026\/04\/13\/libano-enfrenta-regresso-estrategico-no-contexto-regional\/#breadcrumb\",\"itemListElement\":[{\"@type\":\"ListItem\",\"position\":1,\"name\":\"In\u00edcio\",\"item\":\"https:\/\/portaltela.pt\/\"},{\"@type\":\"ListItem\",\"position\":2,\"name\":\"L\u00edbano enfrenta regresso estrat\u00e9gico no contexto regional\"}]},{\"@type\":\"WebSite\",\"@id\":\"https:\/\/portaltela.pt\/#website\",\"url\":\"https:\/\/portaltela.pt\/\",\"name\":\"Portal Tela Portugal\",\"description\":\"\",\"potentialAction\":[{\"@type\":\"SearchAction\",\"target\":{\"@type\":\"EntryPoint\",\"urlTemplate\":\"https:\/\/portaltela.pt\/?s={search_term_string}\"},\"query-input\":{\"@type\":\"PropertyValueSpecification\",\"valueRequired\":true,\"valueName\":\"search_term_string\"}}],\"inLanguage\":\"pt-PT\"},{\"@type\":\"Person\",\"@id\":\"https:\/\/portaltela.pt\/#\/schema\/person\/c4278d4a6028830caff9ee44b42d32ed\",\"name\":\"Telinha\",\"image\":{\"@type\":\"ImageObject\",\"inLanguage\":\"pt-PT\",\"@id\":\"https:\/\/portaltela.pt\/s.01k8rhncp4jt1\/2025\/11\/talking-bot-125x125.png\",\"url\":\"https:\/\/portaltela.pt\/s.01k8rhncp4jt1\/2025\/11\/talking-bot-125x125.png\",\"contentUrl\":\"https:\/\/portaltela.pt\/s.01k8rhncp4jt1\/2025\/11\/talking-bot-125x125.png\",\"caption\":\"Telinha\"},\"sameAs\":[\"https:\/\/portaltela.pt\/\"],\"url\":\"https:\/\/portaltela.pt\/por\/367410592786\/\"}]}<\/script>\n<!-- \/ Yoast SEO plugin. -->","yoast_head_json":{"title":"L\u00edbano enfrenta regresso estrat\u00e9gico no contexto regional - Portal Tela Portugal","robots":{"index":"index","follow":"follow","max-snippet":"max-snippet:-1","max-image-preview":"max-image-preview:large","max-video-preview":"max-video-preview:-1"},"og_locale":"pt_PT","og_type":"article","og_title":"L\u00edbano enfrenta regresso estrat\u00e9gico no contexto regional - Portal Tela Portugal","og_description":"O L\u00edbano rejeitou a tutela s\u00edria, mas viveu d\u00e9cadas sob ela e permanece sob influ\u00eancia de atores externos como S\u00edria, Ir\u00e3o e Israel, com a presen\u00e7a palestiniana marcada. As interfer\u00eancias externas moldaram a pol\u00edtica interna do pa\u00eds, tornando a soberania intermitente e dependente de pot\u00eancias externas, mesmo com o Pacto Nacional e o Acordo de Taif. O Hezbollah nasceu dos dissidentes do Amal e evoluiu para uma entidade que \u00e9 partido, governo, mil\u00edcia e extens\u00e3o do Ir\u00e3o, com o Estado incapaz de substitu\u00ed-lo por completo. A crise recente intensificou-se com a interven\u00e7\u00e3o do Hezbollah na guerra regional, e Israel respondeu com ataques que devastaram infraestruturas e provocaram deslocados em massa, criando uma zona-tamp\u00e3o no sul. O deslocamento maci\u00e7o e a press\u00e3o externa dificultam a soberania libanesa; mesmo com tentativas de fortalecer o Estado sob Nawaf Salam e Joseph Aoun, o espa\u00e7o de decis\u00e3o continua estreito e incerto.","og_url":"https:\/\/portaltela.pt\/noticias\/2026\/04\/13\/libano-enfrenta-regresso-estrategico-no-contexto-regional\/","og_site_name":"Portal Tela Portugal","article_published_time":"2026-04-13T23:32:13+00:00","author":"Telinha","twitter_card":"summary_large_image","twitter_misc":{"Escrito por":"Telinha","Tempo estimado de leitura":"3 minutos"},"schema":{"@context":"https:\/\/schema.org","@graph":[{"@type":"Article","@id":"https:\/\/portaltela.pt\/noticias\/2026\/04\/13\/libano-enfrenta-regresso-estrategico-no-contexto-regional\/#article","isPartOf":{"@id":"https:\/\/portaltela.pt\/noticias\/2026\/04\/13\/libano-enfrenta-regresso-estrategico-no-contexto-regional\/"},"author":{"name":"Telinha","@id":"https:\/\/portaltela.pt\/#\/schema\/person\/c4278d4a6028830caff9ee44b42d32ed"},"headline":"L\u00edbano enfrenta regresso estrat\u00e9gico no contexto regional","datePublished":"2026-04-13T23:32:13+00:00","mainEntityOfPage":{"@id":"https:\/\/portaltela.pt\/noticias\/2026\/04\/13\/libano-enfrenta-regresso-estrategico-no-contexto-regional\/"},"wordCount":597,"image":{"@id":"https:\/\/portaltela.pt\/noticias\/2026\/04\/13\/libano-enfrenta-regresso-estrategico-no-contexto-regional\/#primaryimage"},"thumbnailUrl":"https:\/\/portaltela.pt\/s.01k8rhncp4jt1\/2026\/04\/2026564.jpg","keywords":["conflitos internacionais","guerra","interven\u00e7\u00f5es internacionais","ocupa\u00e7\u00e3o","Palestina","S\u00edria"],"articleSection":["Geopol\u00edtica","Internacional"],"inLanguage":"pt-PT"},{"@type":"WebPage","@id":"https:\/\/portaltela.pt\/noticias\/2026\/04\/13\/libano-enfrenta-regresso-estrategico-no-contexto-regional\/","url":"https:\/\/portaltela.pt\/noticias\/2026\/04\/13\/libano-enfrenta-regresso-estrategico-no-contexto-regional\/","name":"L\u00edbano enfrenta regresso estrat\u00e9gico no contexto regional - Portal Tela Portugal","isPartOf":{"@id":"https:\/\/portaltela.pt\/#website"},"primaryImageOfPage":{"@id":"https:\/\/portaltela.pt\/noticias\/2026\/04\/13\/libano-enfrenta-regresso-estrategico-no-contexto-regional\/#primaryimage"},"image":{"@id":"https:\/\/portaltela.pt\/noticias\/2026\/04\/13\/libano-enfrenta-regresso-estrategico-no-contexto-regional\/#primaryimage"},"thumbnailUrl":"https:\/\/portaltela.pt\/s.01k8rhncp4jt1\/2026\/04\/2026564.jpg","datePublished":"2026-04-13T23:32:13+00:00","author":{"@id":"https:\/\/portaltela.pt\/#\/schema\/person\/c4278d4a6028830caff9ee44b42d32ed"},"breadcrumb":{"@id":"https:\/\/portaltela.pt\/noticias\/2026\/04\/13\/libano-enfrenta-regresso-estrategico-no-contexto-regional\/#breadcrumb"},"inLanguage":"pt-PT","potentialAction":[{"@type":"ReadAction","target":["https:\/\/portaltela.pt\/noticias\/2026\/04\/13\/libano-enfrenta-regresso-estrategico-no-contexto-regional\/"]}]},{"@type":"ImageObject","inLanguage":"pt-PT","@id":"https:\/\/portaltela.pt\/noticias\/2026\/04\/13\/libano-enfrenta-regresso-estrategico-no-contexto-regional\/#primaryimage","url":"https:\/\/portaltela.pt\/s.01k8rhncp4jt1\/2026\/04\/2026564.jpg","contentUrl":"https:\/\/portaltela.pt\/s.01k8rhncp4jt1\/2026\/04\/2026564.jpg","width":796,"height":448,"caption":"Photo"},{"@type":"BreadcrumbList","@id":"https:\/\/portaltela.pt\/noticias\/2026\/04\/13\/libano-enfrenta-regresso-estrategico-no-contexto-regional\/#breadcrumb","itemListElement":[{"@type":"ListItem","position":1,"name":"In\u00edcio","item":"https:\/\/portaltela.pt\/"},{"@type":"ListItem","position":2,"name":"L\u00edbano enfrenta regresso estrat\u00e9gico no contexto regional"}]},{"@type":"WebSite","@id":"https:\/\/portaltela.pt\/#website","url":"https:\/\/portaltela.pt\/","name":"Portal Tela Portugal","description":"","potentialAction":[{"@type":"SearchAction","target":{"@type":"EntryPoint","urlTemplate":"https:\/\/portaltela.pt\/?s={search_term_string}"},"query-input":{"@type":"PropertyValueSpecification","valueRequired":true,"valueName":"search_term_string"}}],"inLanguage":"pt-PT"},{"@type":"Person","@id":"https:\/\/portaltela.pt\/#\/schema\/person\/c4278d4a6028830caff9ee44b42d32ed","name":"Telinha","image":{"@type":"ImageObject","inLanguage":"pt-PT","@id":"https:\/\/portaltela.pt\/s.01k8rhncp4jt1\/2025\/11\/talking-bot-125x125.png","url":"https:\/\/portaltela.pt\/s.01k8rhncp4jt1\/2025\/11\/talking-bot-125x125.png","contentUrl":"https:\/\/portaltela.pt\/s.01k8rhncp4jt1\/2025\/11\/talking-bot-125x125.png","caption":"Telinha"},"sameAs":["https:\/\/portaltela.pt\/"],"url":"https:\/\/portaltela.pt\/por\/367410592786\/"}]}},"_links":{"self":[{"href":"https:\/\/portaltela.pt\/api\/wp\/v2\/posts\/443105","targetHints":{"allow":["GET"]}}],"collection":[{"href":"https:\/\/portaltela.pt\/api\/wp\/v2\/posts"}],"about":[{"href":"https:\/\/portaltela.pt\/api\/wp\/v2\/types\/post"}],"author":[{"embeddable":true,"href":"https:\/\/portaltela.pt\/api\/wp\/v2\/users\/2"}],"replies":[{"embeddable":true,"href":"https:\/\/portaltela.pt\/api\/wp\/v2\/comments?post=443105"}],"version-history":[{"count":0,"href":"https:\/\/portaltela.pt\/api\/wp\/v2\/posts\/443105\/revisions"}],"wp:featuredmedia":[{"embeddable":true,"href":"https:\/\/portaltela.pt\/api\/wp\/v2\/media\/443107"}],"wp:attachment":[{"href":"https:\/\/portaltela.pt\/api\/wp\/v2\/media?parent=443105"}],"wp:term":[{"taxonomy":"category","embeddable":true,"href":"https:\/\/portaltela.pt\/api\/wp\/v2\/categories?post=443105"},{"taxonomy":"post_tag","embeddable":true,"href":"https:\/\/portaltela.pt\/api\/wp\/v2\/tags?post=443105"}],"curies":[{"name":"wp","href":"https:\/\/api.w.org\/{rel}","templated":true}]}}