{"id":443055,"date":"2026-04-13T19:02:24","date_gmt":"2026-04-13T22:02:24","guid":{"rendered":"https:\/\/portaltela.pt\/noticias\/2026\/04\/13\/alverca-devera-exercer-opcao-de-compra-sobre-rhaldney\/"},"modified":"2026-04-13T19:02:24","modified_gmt":"2026-04-13T22:02:24","slug":"alverca-devera-exercer-opcao-de-compra-sobre-rhaldney","status":"publish","type":"post","link":"https:\/\/portaltela.pt\/desporto\/futebol\/2026\/04\/13\/alverca-devera-exercer-opcao-de-compra-sobre-rhaldney\/","title":{"rendered":"Alverca dever\u00e1 exercer op\u00e7\u00e3o de compra sobre Rhaldney"},"content":{"rendered":"<p>O Alverca pretende exercer a op\u00e7\u00e3o de compra sobre o meio-campo brasileiro Rhaldney, 27 anos, que est\u00e1 cedido pelo Goztepe, da Turquia, desde janeiro. A posi\u00e7\u00e3o do clube ribatejano torna-se mais clara ap\u00f3s o jogador ter contribu\u00eddo com o primeiro golo pela camisola alverquense frente ao Casa Pia.<\/p>\n<p>Rhaldney chegou a Portugal proveniente do Goztepe, clube com o qual tem contrato at\u00e9 2028. Formado no N\u00e1utico e no Atl\u00e9tico Goianiense, mudou-se para o futebol turco no \u00faltimo Ver\u00e3o a custo zero e iniciou a \u00e9poca como titular.<\/p>\n<p>No mercado de inverno, o brasileiro foi emprestado ao Alverca. Desde ent\u00e3o, soma um golo em nove jogos, com um total de 617 minutos disputados pela equipa do Ribatejo. O registo recente inclui a estreia a marcar com o emblema de Alverca.<\/p>\n<p>O valor de mercado do jogador est\u00e1 estimado em cerca de 1 milh\u00e3o de euros pela Transfermarkt. O curr\u00edculo de Rhaldney inclui ainda uma passagem pela S\u00e9rie C do Brasil. O Alverca pode formalizar a compra, dependendo do condicionante financeiro e da avalia\u00e7\u00e3o do desempenho at\u00e9 ao final da \u00e9poca.<\/p>\n","protected":false},"excerpt":{"rendered":"<ul>\n<li>O Alverca dever\u00e1 exercer a op\u00e7\u00e3o de compra sobre o m\u00e9dio brasileiro Rhaldney, de 27 anos, cedido pelo Goztepe, da Turquia, em janeiro.<\/li>\n<li>O camisola 26 tem sido pe\u00e7a importante para Cust\u00f3dio Castro desde a chegada a Portugal e estreou-se a marcar diante do Casa Pia.<\/li>\n<li>Rhaldney formou-se no N\u00e1utico e no Atl\u00e9tico Goianiense, transferiu-se para o Goztepe no ver\u00e3o passado a custo zero e come\u00e7ou a \u00e9poca como titular, mas acabou por perder espa\u00e7o.<\/li>\n<li>No mercado de inverno ficou emprestado ao Alverca, e desde ent\u00e3o soma nove jogos e um golo, totalizando 617 minutos pelo Ribatejo.<\/li>\n<li>O jogador est\u00e1 avaliado em um milh\u00e3o de euros pelo Transfermarkt e tem contrato com o Goztepe at\u00e9 2028; j\u00e1 tem na carreira experi\u00eancia na S\u00e9rie C do Brasil.<\/li>\n<\/ul>\n","protected":false},"author":2,"featured_media":443057,"comment_status":"closed","ping_status":"closed","sticky":false,"template":"","format":"standard","meta":{"footnotes":""},"categories":[21,24],"tags":[7755,1230,4172,5176,2457,1786],"class_list":["post-443055","post","type-post","status-publish","format-standard","has-post-thumbnail","hentry","category-desporto","category-futebol","tag-_futebol","tag-alverca","tag-brasileiro","tag-casa-pia","tag-emprestimos","tag-liga"],"yoast_head":"<!-- This site is optimized with the Yoast SEO plugin v27.2 - https:\/\/yoast.com\/product\/yoast-seo-wordpress\/ -->\n<title>Alverca dever\u00e1 exercer op\u00e7\u00e3o de compra sobre Rhaldney - Portal Tela Portugal<\/title>\n<meta name=\"robots\" content=\"index, follow, max-snippet:-1, max-image-preview:large, max-video-preview:-1\" \/>\n<meta property=\"og:locale\" content=\"pt_PT\" \/>\n<meta property=\"og:type\" content=\"article\" \/>\n<meta property=\"og:title\" content=\"Alverca dever\u00e1 exercer op\u00e7\u00e3o de compra sobre Rhaldney - Portal Tela Portugal\" \/>\n<meta property=\"og:description\" content=\"O Alverca dever\u00e1 exercer a op\u00e7\u00e3o de compra sobre o m\u00e9dio brasileiro Rhaldney, de 27 anos, cedido pelo Goztepe, da Turquia, em janeiro. O camisola 26 tem sido pe\u00e7a importante para Cust\u00f3dio Castro desde a chegada a Portugal e estreou-se a marcar diante do Casa Pia. Rhaldney formou-se no N\u00e1utico e no Atl\u00e9tico Goianiense, transferiu-se para o Goztepe no ver\u00e3o passado a custo zero e come\u00e7ou a \u00e9poca como titular, mas acabou por perder espa\u00e7o. No mercado de inverno ficou emprestado ao Alverca, e desde ent\u00e3o soma nove jogos e um golo, totalizando 617 minutos pelo Ribatejo. O jogador est\u00e1 avaliado em um milh\u00e3o de euros pelo Transfermarkt e tem contrato com o Goztepe at\u00e9 2028; j\u00e1 tem na carreira experi\u00eancia na S\u00e9rie C do Brasil.\" \/>\n<meta property=\"og:url\" content=\"https:\/\/portaltela.pt\/noticias\/2026\/04\/13\/alverca-devera-exercer-opcao-de-compra-sobre-rhaldney\/\" \/>\n<meta property=\"og:site_name\" content=\"Portal Tela Portugal\" \/>\n<meta property=\"article:published_time\" content=\"2026-04-13T22:02:24+00:00\" \/>\n<meta name=\"author\" content=\"Telinha\" \/>\n<meta name=\"twitter:card\" content=\"summary_large_image\" \/>\n<meta name=\"twitter:label1\" content=\"Escrito por\" \/>\n\t<meta name=\"twitter:data1\" content=\"Telinha\" \/>\n\t<meta name=\"twitter:label2\" content=\"Tempo estimado de leitura\" \/>\n\t<meta name=\"twitter:data2\" content=\"1 minuto\" \/>\n<script type=\"application\/ld+json\" class=\"yoast-schema-graph\">{\"@context\":\"https:\/\/schema.org\",\"@graph\":[{\"@type\":\"Article\",\"@id\":\"https:\/\/portaltela.pt\/noticias\/2026\/04\/13\/alverca-devera-exercer-opcao-de-compra-sobre-rhaldney\/#article\",\"isPartOf\":{\"@id\":\"https:\/\/portaltela.pt\/noticias\/2026\/04\/13\/alverca-devera-exercer-opcao-de-compra-sobre-rhaldney\/\"},\"author\":{\"name\":\"Telinha\",\"@id\":\"https:\/\/portaltela.pt\/#\/schema\/person\/c4278d4a6028830caff9ee44b42d32ed\"},\"headline\":\"Alverca dever\u00e1 exercer op\u00e7\u00e3o de compra sobre Rhaldney\",\"datePublished\":\"2026-04-13T22:02:24+00:00\",\"mainEntityOfPage\":{\"@id\":\"https:\/\/portaltela.pt\/noticias\/2026\/04\/13\/alverca-devera-exercer-opcao-de-compra-sobre-rhaldney\/\"},\"wordCount\":196,\"image\":{\"@id\":\"https:\/\/portaltela.pt\/noticias\/2026\/04\/13\/alverca-devera-exercer-opcao-de-compra-sobre-rhaldney\/#primaryimage\"},\"thumbnailUrl\":\"https:\/\/portaltela.pt\/s.01k8rhncp4jt1\/2026\/04\/img_920x518uu2026-04-08-16-02-32-2431787-im-639116922649884875.jpg\",\"keywords\":[\"_futebol\",\"Alverca\",\"brasileiro\",\"Casa Pia\",\"empr\u00e9stimos\",\"Liga\"],\"articleSection\":[\"Desporto\",\"Futebol\"],\"inLanguage\":\"pt-PT\"},{\"@type\":\"WebPage\",\"@id\":\"https:\/\/portaltela.pt\/noticias\/2026\/04\/13\/alverca-devera-exercer-opcao-de-compra-sobre-rhaldney\/\",\"url\":\"https:\/\/portaltela.pt\/noticias\/2026\/04\/13\/alverca-devera-exercer-opcao-de-compra-sobre-rhaldney\/\",\"name\":\"Alverca dever\u00e1 exercer op\u00e7\u00e3o de compra sobre Rhaldney - Portal Tela Portugal\",\"isPartOf\":{\"@id\":\"https:\/\/portaltela.pt\/#website\"},\"primaryImageOfPage\":{\"@id\":\"https:\/\/portaltela.pt\/noticias\/2026\/04\/13\/alverca-devera-exercer-opcao-de-compra-sobre-rhaldney\/#primaryimage\"},\"image\":{\"@id\":\"https:\/\/portaltela.pt\/noticias\/2026\/04\/13\/alverca-devera-exercer-opcao-de-compra-sobre-rhaldney\/#primaryimage\"},\"thumbnailUrl\":\"https:\/\/portaltela.pt\/s.01k8rhncp4jt1\/2026\/04\/img_920x518uu2026-04-08-16-02-32-2431787-im-639116922649884875.jpg\",\"datePublished\":\"2026-04-13T22:02:24+00:00\",\"author\":{\"@id\":\"https:\/\/portaltela.pt\/#\/schema\/person\/c4278d4a6028830caff9ee44b42d32ed\"},\"breadcrumb\":{\"@id\":\"https:\/\/portaltela.pt\/noticias\/2026\/04\/13\/alverca-devera-exercer-opcao-de-compra-sobre-rhaldney\/#breadcrumb\"},\"inLanguage\":\"pt-PT\",\"potentialAction\":[{\"@type\":\"ReadAction\",\"target\":[\"https:\/\/portaltela.pt\/noticias\/2026\/04\/13\/alverca-devera-exercer-opcao-de-compra-sobre-rhaldney\/\"]}]},{\"@type\":\"ImageObject\",\"inLanguage\":\"pt-PT\",\"@id\":\"https:\/\/portaltela.pt\/noticias\/2026\/04\/13\/alverca-devera-exercer-opcao-de-compra-sobre-rhaldney\/#primaryimage\",\"url\":\"https:\/\/portaltela.pt\/s.01k8rhncp4jt1\/2026\/04\/img_920x518uu2026-04-08-16-02-32-2431787-im-639116922649884875.jpg\",\"contentUrl\":\"https:\/\/portaltela.pt\/s.01k8rhncp4jt1\/2026\/04\/img_920x518uu2026-04-08-16-02-32-2431787-im-639116922649884875.jpg\",\"width\":796,\"height\":448,\"caption\":\"Rhaldney soma nove jogos pelo Alverca\"},{\"@type\":\"BreadcrumbList\",\"@id\":\"https:\/\/portaltela.pt\/noticias\/2026\/04\/13\/alverca-devera-exercer-opcao-de-compra-sobre-rhaldney\/#breadcrumb\",\"itemListElement\":[{\"@type\":\"ListItem\",\"position\":1,\"name\":\"In\u00edcio\",\"item\":\"https:\/\/portaltela.pt\/\"},{\"@type\":\"ListItem\",\"position\":2,\"name\":\"Alverca dever\u00e1 exercer op\u00e7\u00e3o de compra sobre Rhaldney\"}]},{\"@type\":\"WebSite\",\"@id\":\"https:\/\/portaltela.pt\/#website\",\"url\":\"https:\/\/portaltela.pt\/\",\"name\":\"Portal Tela Portugal\",\"description\":\"\",\"potentialAction\":[{\"@type\":\"SearchAction\",\"target\":{\"@type\":\"EntryPoint\",\"urlTemplate\":\"https:\/\/portaltela.pt\/?s={search_term_string}\"},\"query-input\":{\"@type\":\"PropertyValueSpecification\",\"valueRequired\":true,\"valueName\":\"search_term_string\"}}],\"inLanguage\":\"pt-PT\"},{\"@type\":\"Person\",\"@id\":\"https:\/\/portaltela.pt\/#\/schema\/person\/c4278d4a6028830caff9ee44b42d32ed\",\"name\":\"Telinha\",\"image\":{\"@type\":\"ImageObject\",\"inLanguage\":\"pt-PT\",\"@id\":\"https:\/\/portaltela.pt\/s.01k8rhncp4jt1\/2025\/11\/talking-bot-125x125.png\",\"url\":\"https:\/\/portaltela.pt\/s.01k8rhncp4jt1\/2025\/11\/talking-bot-125x125.png\",\"contentUrl\":\"https:\/\/portaltela.pt\/s.01k8rhncp4jt1\/2025\/11\/talking-bot-125x125.png\",\"caption\":\"Telinha\"},\"sameAs\":[\"https:\/\/portaltela.pt\/\"],\"url\":\"https:\/\/portaltela.pt\/por\/367410592786\/\"}]}<\/script>\n<!-- \/ Yoast SEO plugin. -->","yoast_head_json":{"title":"Alverca dever\u00e1 exercer op\u00e7\u00e3o de compra sobre Rhaldney - Portal Tela Portugal","robots":{"index":"index","follow":"follow","max-snippet":"max-snippet:-1","max-image-preview":"max-image-preview:large","max-video-preview":"max-video-preview:-1"},"og_locale":"pt_PT","og_type":"article","og_title":"Alverca dever\u00e1 exercer op\u00e7\u00e3o de compra sobre Rhaldney - Portal Tela Portugal","og_description":"O Alverca dever\u00e1 exercer a op\u00e7\u00e3o de compra sobre o m\u00e9dio brasileiro Rhaldney, de 27 anos, cedido pelo Goztepe, da Turquia, em janeiro. O camisola 26 tem sido pe\u00e7a importante para Cust\u00f3dio Castro desde a chegada a Portugal e estreou-se a marcar diante do Casa Pia. Rhaldney formou-se no N\u00e1utico e no Atl\u00e9tico Goianiense, transferiu-se para o Goztepe no ver\u00e3o passado a custo zero e come\u00e7ou a \u00e9poca como titular, mas acabou por perder espa\u00e7o. No mercado de inverno ficou emprestado ao Alverca, e desde ent\u00e3o soma nove jogos e um golo, totalizando 617 minutos pelo Ribatejo. O jogador est\u00e1 avaliado em um milh\u00e3o de euros pelo Transfermarkt e tem contrato com o Goztepe at\u00e9 2028; j\u00e1 tem na carreira experi\u00eancia na S\u00e9rie C do Brasil.","og_url":"https:\/\/portaltela.pt\/noticias\/2026\/04\/13\/alverca-devera-exercer-opcao-de-compra-sobre-rhaldney\/","og_site_name":"Portal Tela Portugal","article_published_time":"2026-04-13T22:02:24+00:00","author":"Telinha","twitter_card":"summary_large_image","twitter_misc":{"Escrito por":"Telinha","Tempo estimado de leitura":"1 minuto"},"schema":{"@context":"https:\/\/schema.org","@graph":[{"@type":"Article","@id":"https:\/\/portaltela.pt\/noticias\/2026\/04\/13\/alverca-devera-exercer-opcao-de-compra-sobre-rhaldney\/#article","isPartOf":{"@id":"https:\/\/portaltela.pt\/noticias\/2026\/04\/13\/alverca-devera-exercer-opcao-de-compra-sobre-rhaldney\/"},"author":{"name":"Telinha","@id":"https:\/\/portaltela.pt\/#\/schema\/person\/c4278d4a6028830caff9ee44b42d32ed"},"headline":"Alverca dever\u00e1 exercer op\u00e7\u00e3o de compra sobre Rhaldney","datePublished":"2026-04-13T22:02:24+00:00","mainEntityOfPage":{"@id":"https:\/\/portaltela.pt\/noticias\/2026\/04\/13\/alverca-devera-exercer-opcao-de-compra-sobre-rhaldney\/"},"wordCount":196,"image":{"@id":"https:\/\/portaltela.pt\/noticias\/2026\/04\/13\/alverca-devera-exercer-opcao-de-compra-sobre-rhaldney\/#primaryimage"},"thumbnailUrl":"https:\/\/portaltela.pt\/s.01k8rhncp4jt1\/2026\/04\/img_920x518uu2026-04-08-16-02-32-2431787-im-639116922649884875.jpg","keywords":["_futebol","Alverca","brasileiro","Casa Pia","empr\u00e9stimos","Liga"],"articleSection":["Desporto","Futebol"],"inLanguage":"pt-PT"},{"@type":"WebPage","@id":"https:\/\/portaltela.pt\/noticias\/2026\/04\/13\/alverca-devera-exercer-opcao-de-compra-sobre-rhaldney\/","url":"https:\/\/portaltela.pt\/noticias\/2026\/04\/13\/alverca-devera-exercer-opcao-de-compra-sobre-rhaldney\/","name":"Alverca dever\u00e1 exercer op\u00e7\u00e3o de compra sobre Rhaldney - Portal Tela Portugal","isPartOf":{"@id":"https:\/\/portaltela.pt\/#website"},"primaryImageOfPage":{"@id":"https:\/\/portaltela.pt\/noticias\/2026\/04\/13\/alverca-devera-exercer-opcao-de-compra-sobre-rhaldney\/#primaryimage"},"image":{"@id":"https:\/\/portaltela.pt\/noticias\/2026\/04\/13\/alverca-devera-exercer-opcao-de-compra-sobre-rhaldney\/#primaryimage"},"thumbnailUrl":"https:\/\/portaltela.pt\/s.01k8rhncp4jt1\/2026\/04\/img_920x518uu2026-04-08-16-02-32-2431787-im-639116922649884875.jpg","datePublished":"2026-04-13T22:02:24+00:00","author":{"@id":"https:\/\/portaltela.pt\/#\/schema\/person\/c4278d4a6028830caff9ee44b42d32ed"},"breadcrumb":{"@id":"https:\/\/portaltela.pt\/noticias\/2026\/04\/13\/alverca-devera-exercer-opcao-de-compra-sobre-rhaldney\/#breadcrumb"},"inLanguage":"pt-PT","potentialAction":[{"@type":"ReadAction","target":["https:\/\/portaltela.pt\/noticias\/2026\/04\/13\/alverca-devera-exercer-opcao-de-compra-sobre-rhaldney\/"]}]},{"@type":"ImageObject","inLanguage":"pt-PT","@id":"https:\/\/portaltela.pt\/noticias\/2026\/04\/13\/alverca-devera-exercer-opcao-de-compra-sobre-rhaldney\/#primaryimage","url":"https:\/\/portaltela.pt\/s.01k8rhncp4jt1\/2026\/04\/img_920x518uu2026-04-08-16-02-32-2431787-im-639116922649884875.jpg","contentUrl":"https:\/\/portaltela.pt\/s.01k8rhncp4jt1\/2026\/04\/img_920x518uu2026-04-08-16-02-32-2431787-im-639116922649884875.jpg","width":796,"height":448,"caption":"Rhaldney soma nove jogos pelo Alverca"},{"@type":"BreadcrumbList","@id":"https:\/\/portaltela.pt\/noticias\/2026\/04\/13\/alverca-devera-exercer-opcao-de-compra-sobre-rhaldney\/#breadcrumb","itemListElement":[{"@type":"ListItem","position":1,"name":"In\u00edcio","item":"https:\/\/portaltela.pt\/"},{"@type":"ListItem","position":2,"name":"Alverca dever\u00e1 exercer op\u00e7\u00e3o de compra sobre Rhaldney"}]},{"@type":"WebSite","@id":"https:\/\/portaltela.pt\/#website","url":"https:\/\/portaltela.pt\/","name":"Portal Tela Portugal","description":"","potentialAction":[{"@type":"SearchAction","target":{"@type":"EntryPoint","urlTemplate":"https:\/\/portaltela.pt\/?s={search_term_string}"},"query-input":{"@type":"PropertyValueSpecification","valueRequired":true,"valueName":"search_term_string"}}],"inLanguage":"pt-PT"},{"@type":"Person","@id":"https:\/\/portaltela.pt\/#\/schema\/person\/c4278d4a6028830caff9ee44b42d32ed","name":"Telinha","image":{"@type":"ImageObject","inLanguage":"pt-PT","@id":"https:\/\/portaltela.pt\/s.01k8rhncp4jt1\/2025\/11\/talking-bot-125x125.png","url":"https:\/\/portaltela.pt\/s.01k8rhncp4jt1\/2025\/11\/talking-bot-125x125.png","contentUrl":"https:\/\/portaltela.pt\/s.01k8rhncp4jt1\/2025\/11\/talking-bot-125x125.png","caption":"Telinha"},"sameAs":["https:\/\/portaltela.pt\/"],"url":"https:\/\/portaltela.pt\/por\/367410592786\/"}]}},"_links":{"self":[{"href":"https:\/\/portaltela.pt\/api\/wp\/v2\/posts\/443055","targetHints":{"allow":["GET"]}}],"collection":[{"href":"https:\/\/portaltela.pt\/api\/wp\/v2\/posts"}],"about":[{"href":"https:\/\/portaltela.pt\/api\/wp\/v2\/types\/post"}],"author":[{"embeddable":true,"href":"https:\/\/portaltela.pt\/api\/wp\/v2\/users\/2"}],"replies":[{"embeddable":true,"href":"https:\/\/portaltela.pt\/api\/wp\/v2\/comments?post=443055"}],"version-history":[{"count":0,"href":"https:\/\/portaltela.pt\/api\/wp\/v2\/posts\/443055\/revisions"}],"wp:featuredmedia":[{"embeddable":true,"href":"https:\/\/portaltela.pt\/api\/wp\/v2\/media\/443057"}],"wp:attachment":[{"href":"https:\/\/portaltela.pt\/api\/wp\/v2\/media?parent=443055"}],"wp:term":[{"taxonomy":"category","embeddable":true,"href":"https:\/\/portaltela.pt\/api\/wp\/v2\/categories?post=443055"},{"taxonomy":"post_tag","embeddable":true,"href":"https:\/\/portaltela.pt\/api\/wp\/v2\/tags?post=443055"}],"curies":[{"name":"wp","href":"https:\/\/api.w.org\/{rel}","templated":true}]}}