{"id":443053,"date":"2026-04-13T19:02:20","date_gmt":"2026-04-13T22:02:20","guid":{"rendered":"https:\/\/portaltela.pt\/noticias\/2026\/04\/13\/antonio-miguel-cardoso-anuncia-conferencia-cenario-eleitoral-ganha-forca\/"},"modified":"2026-04-13T19:02:20","modified_gmt":"2026-04-13T22:02:20","slug":"antonio-miguel-cardoso-anuncia-conferencia-cenario-eleitoral-ganha-forca","status":"publish","type":"post","link":"https:\/\/portaltela.pt\/desporto\/futebol\/2026\/04\/13\/antonio-miguel-cardoso-anuncia-conferencia-cenario-eleitoral-ganha-forca\/","title":{"rendered":"Ant\u00f3nio Miguel Cardoso anuncia confer\u00eancia, cen\u00e1rio eleitoral ganha for\u00e7a"},"content":{"rendered":"<p>O Vit\u00f3ria de Guimar\u00e3es anunciou uma confer\u00eancia de imprensa para as 12 horas de hoje, no Est\u00e1dio D. Afonso Henriques. Ant\u00f3nio Miguel Cardoso, acompanhado da restante dire\u00e7\u00e3o, falar\u00e1 aos media. O clube n\u00e3o revelou os motivos do encontro.<\/p>\n<p>A cidade ber\u00e7o v\u00ea neste encontro uma indica\u00e7\u00e3o de que o l\u00edder dos minhotos poder\u00e1 demitir-se para provocar elei\u00e7\u00f5es. A hip\u00f3tese insere-se numa promessa anterior de abrir um novo ciclo eleitoral se o time n\u00e3o ficar entre os cinco primeiros do campeonato.<\/p>\n<p>Ao fim da 29.\u00aa jornada, o V. Guimar\u00e3es est\u00e1 em 9.\u00ba lugar com 36 pontos, a 11 do 5.\u00ba classificado, o Famalic\u00e3o, com 47. Restam 15 jornadas e a possibilidade de alcan\u00e7ar o top 5 \u00e9 baixa. A agenda divulgada cita o presidente acompanhado por toda a dire\u00e7\u00e3o, ao contr\u00e1rio da primeira convocat\u00f3ria, que foi adiada.<\/p>\n<p>Se a demiss\u00e3o se confirmar, Cardoso poder\u00e1 tamb\u00e9m recandidatar-se a um pr\u00f3ximo mandato, conforme j\u00e1 deixou em aberto. Hoje, a imprensa espera esclarecimentos sobre os planos do clube e os pr\u00f3ximos passos a seguir.<\/p>\n<h3>Contexto e pr\u00f3ximos passos<\/h3>\n<p>A confer\u00eancia de imprensa pode esclarecer se h\u00e1 inten\u00e7\u00e3o de reorganizar a dire\u00e7\u00e3o e de quando seriam realizadas as elei\u00e7\u00f5es. O clube n\u00e3o indicou datas para o novo ciclo eleitoral al\u00e9m da confer\u00eancia de hoje. Altera\u00e7\u00f5es na dire\u00e7\u00e3o visam responder aos resultados desportivos dos \u00faltimos meses.<\/p>\n","protected":false},"excerpt":{"rendered":"<ul>\n<li>O Vit\u00f3ria Sport Clube anunciou para as 12 horas de ter\u00e7a-feira, no Est\u00e1dio D. Afonso Henriques, uma confer\u00eancia de imprensa com Ant\u00f3nio Miguel Cardoso acompanhado da restante dire\u00e7\u00e3o.<\/li>\n<li>A marca\u00e7\u00e3o n\u00e3o foi acompanhada de explica\u00e7\u00f5es p\u00fablicas, mas \u00e9 encarada como um refor\u00e7o da possibilidade de demiss\u00e3o de Cardoso e de abertura de um novo ciclo eleitoral.<\/li>\n<li>A decis\u00e3o surge na sequ\u00eancia da promessa de abrir um novo ciclo eleitoral caso a equipa n\u00e3o ficasse entre os cinco primeiros lugares do campeonato.<\/li>\n<li>Ao final da 29.\u00aa jornada, o V. Guimar\u00e3es est\u00e1 na nona posi\u00e7\u00e3o com 36 pontos, a 11 do quinto classificado, o Famalic\u00e3o, que tem 47 pontos.<\/li>\n<li>Com 15 jornadas por disputar, a hip\u00f3tese de chegar ao top cinco \u00e9 considerada remota; Cardoso poder\u00e1 recandidatar-se caso confirme a demiss\u00e3o.<\/li>\n<\/ul>\n","protected":false},"author":2,"featured_media":443054,"comment_status":"closed","ping_status":"closed","sticky":false,"template":"","format":"standard","meta":{"footnotes":""},"categories":[21,24],"tags":[1650,2939,68,32,1145,30],"class_list":["post-443053","post","type-post","status-publish","format-standard","has-post-thumbnail","hentry","category-desporto","category-futebol","tag-conferencia","tag-direcao","tag-eleicoes","tag-futebol","tag-guimaraes","tag-presidente"],"yoast_head":"<!-- This site is optimized with the Yoast SEO plugin v27.2 - https:\/\/yoast.com\/product\/yoast-seo-wordpress\/ -->\n<title>Ant\u00f3nio Miguel Cardoso anuncia confer\u00eancia, cen\u00e1rio eleitoral ganha for\u00e7a - Portal Tela Portugal<\/title>\n<meta name=\"robots\" content=\"index, follow, max-snippet:-1, max-image-preview:large, max-video-preview:-1\" \/>\n<meta property=\"og:locale\" content=\"pt_PT\" \/>\n<meta property=\"og:type\" content=\"article\" \/>\n<meta property=\"og:title\" content=\"Ant\u00f3nio Miguel Cardoso anuncia confer\u00eancia, cen\u00e1rio eleitoral ganha for\u00e7a - Portal Tela Portugal\" \/>\n<meta property=\"og:description\" content=\"O Vit\u00f3ria Sport Clube anunciou para as 12 horas de ter\u00e7a-feira, no Est\u00e1dio D. Afonso Henriques, uma confer\u00eancia de imprensa com Ant\u00f3nio Miguel Cardoso acompanhado da restante dire\u00e7\u00e3o. A marca\u00e7\u00e3o n\u00e3o foi acompanhada de explica\u00e7\u00f5es p\u00fablicas, mas \u00e9 encarada como um refor\u00e7o da possibilidade de demiss\u00e3o de Cardoso e de abertura de um novo ciclo eleitoral. A decis\u00e3o surge na sequ\u00eancia da promessa de abrir um novo ciclo eleitoral caso a equipa n\u00e3o ficasse entre os cinco primeiros lugares do campeonato. Ao final da 29.\u00aa jornada, o V. Guimar\u00e3es est\u00e1 na nona posi\u00e7\u00e3o com 36 pontos, a 11 do quinto classificado, o Famalic\u00e3o, que tem 47 pontos. Com 15 jornadas por disputar, a hip\u00f3tese de chegar ao top cinco \u00e9 considerada remota; Cardoso poder\u00e1 recandidatar-se caso confirme a demiss\u00e3o.\" \/>\n<meta property=\"og:url\" content=\"https:\/\/portaltela.pt\/noticias\/2026\/04\/13\/antonio-miguel-cardoso-anuncia-conferencia-cenario-eleitoral-ganha-forca\/\" \/>\n<meta property=\"og:site_name\" content=\"Portal Tela Portugal\" \/>\n<meta property=\"article:published_time\" content=\"2026-04-13T22:02:20+00:00\" \/>\n<meta name=\"author\" content=\"Telinha\" \/>\n<meta name=\"twitter:card\" content=\"summary_large_image\" \/>\n<meta name=\"twitter:label1\" content=\"Escrito por\" \/>\n\t<meta name=\"twitter:data1\" content=\"Telinha\" \/>\n\t<meta name=\"twitter:label2\" content=\"Tempo estimado de leitura\" \/>\n\t<meta name=\"twitter:data2\" content=\"1 minuto\" \/>\n<script type=\"application\/ld+json\" class=\"yoast-schema-graph\">{\"@context\":\"https:\/\/schema.org\",\"@graph\":[{\"@type\":\"Article\",\"@id\":\"https:\/\/portaltela.pt\/noticias\/2026\/04\/13\/antonio-miguel-cardoso-anuncia-conferencia-cenario-eleitoral-ganha-forca\/#article\",\"isPartOf\":{\"@id\":\"https:\/\/portaltela.pt\/noticias\/2026\/04\/13\/antonio-miguel-cardoso-anuncia-conferencia-cenario-eleitoral-ganha-forca\/\"},\"author\":{\"name\":\"Telinha\",\"@id\":\"https:\/\/portaltela.pt\/#\/schema\/person\/c4278d4a6028830caff9ee44b42d32ed\"},\"headline\":\"Ant\u00f3nio Miguel Cardoso anuncia confer\u00eancia, cen\u00e1rio eleitoral ganha for\u00e7a\",\"datePublished\":\"2026-04-13T22:02:20+00:00\",\"mainEntityOfPage\":{\"@id\":\"https:\/\/portaltela.pt\/noticias\/2026\/04\/13\/antonio-miguel-cardoso-anuncia-conferencia-cenario-eleitoral-ganha-forca\/\"},\"wordCount\":256,\"image\":{\"@id\":\"https:\/\/portaltela.pt\/noticias\/2026\/04\/13\/antonio-miguel-cardoso-anuncia-conferencia-cenario-eleitoral-ganha-forca\/#primaryimage\"},\"thumbnailUrl\":\"https:\/\/portaltela.pt\/s.01k8rhncp4jt1\/2026\/04\/img_920x518uu2024-06-04-12-46-39-2259309-im-639117171447364942.jpg\",\"keywords\":[\"confer\u00eancia\",\"Dire\u00e7\u00e3o\",\"elei\u00e7\u00f5es\",\"futebol\",\"Guimar\u00e3es\",\"presidente\"],\"articleSection\":[\"Desporto\",\"Futebol\"],\"inLanguage\":\"pt-PT\"},{\"@type\":\"WebPage\",\"@id\":\"https:\/\/portaltela.pt\/noticias\/2026\/04\/13\/antonio-miguel-cardoso-anuncia-conferencia-cenario-eleitoral-ganha-forca\/\",\"url\":\"https:\/\/portaltela.pt\/noticias\/2026\/04\/13\/antonio-miguel-cardoso-anuncia-conferencia-cenario-eleitoral-ganha-forca\/\",\"name\":\"Ant\u00f3nio Miguel Cardoso anuncia confer\u00eancia, cen\u00e1rio eleitoral ganha for\u00e7a - Portal Tela Portugal\",\"isPartOf\":{\"@id\":\"https:\/\/portaltela.pt\/#website\"},\"primaryImageOfPage\":{\"@id\":\"https:\/\/portaltela.pt\/noticias\/2026\/04\/13\/antonio-miguel-cardoso-anuncia-conferencia-cenario-eleitoral-ganha-forca\/#primaryimage\"},\"image\":{\"@id\":\"https:\/\/portaltela.pt\/noticias\/2026\/04\/13\/antonio-miguel-cardoso-anuncia-conferencia-cenario-eleitoral-ganha-forca\/#primaryimage\"},\"thumbnailUrl\":\"https:\/\/portaltela.pt\/s.01k8rhncp4jt1\/2026\/04\/img_920x518uu2024-06-04-12-46-39-2259309-im-639117171447364942.jpg\",\"datePublished\":\"2026-04-13T22:02:20+00:00\",\"author\":{\"@id\":\"https:\/\/portaltela.pt\/#\/schema\/person\/c4278d4a6028830caff9ee44b42d32ed\"},\"breadcrumb\":{\"@id\":\"https:\/\/portaltela.pt\/noticias\/2026\/04\/13\/antonio-miguel-cardoso-anuncia-conferencia-cenario-eleitoral-ganha-forca\/#breadcrumb\"},\"inLanguage\":\"pt-PT\",\"potentialAction\":[{\"@type\":\"ReadAction\",\"target\":[\"https:\/\/portaltela.pt\/noticias\/2026\/04\/13\/antonio-miguel-cardoso-anuncia-conferencia-cenario-eleitoral-ganha-forca\/\"]}]},{\"@type\":\"ImageObject\",\"inLanguage\":\"pt-PT\",\"@id\":\"https:\/\/portaltela.pt\/noticias\/2026\/04\/13\/antonio-miguel-cardoso-anuncia-conferencia-cenario-eleitoral-ganha-forca\/#primaryimage\",\"url\":\"https:\/\/portaltela.pt\/s.01k8rhncp4jt1\/2026\/04\/img_920x518uu2024-06-04-12-46-39-2259309-im-639117171447364942.jpg\",\"contentUrl\":\"https:\/\/portaltela.pt\/s.01k8rhncp4jt1\/2026\/04\/img_920x518uu2024-06-04-12-46-39-2259309-im-639117171447364942.jpg\",\"width\":796,\"height\":448,\"caption\":\"Ant\u00f3nio Miguel Cardoso, presidente do V. Guimar\u00e3es\"},{\"@type\":\"BreadcrumbList\",\"@id\":\"https:\/\/portaltela.pt\/noticias\/2026\/04\/13\/antonio-miguel-cardoso-anuncia-conferencia-cenario-eleitoral-ganha-forca\/#breadcrumb\",\"itemListElement\":[{\"@type\":\"ListItem\",\"position\":1,\"name\":\"In\u00edcio\",\"item\":\"https:\/\/portaltela.pt\/\"},{\"@type\":\"ListItem\",\"position\":2,\"name\":\"Ant\u00f3nio Miguel Cardoso anuncia confer\u00eancia, cen\u00e1rio eleitoral ganha for\u00e7a\"}]},{\"@type\":\"WebSite\",\"@id\":\"https:\/\/portaltela.pt\/#website\",\"url\":\"https:\/\/portaltela.pt\/\",\"name\":\"Portal Tela Portugal\",\"description\":\"\",\"potentialAction\":[{\"@type\":\"SearchAction\",\"target\":{\"@type\":\"EntryPoint\",\"urlTemplate\":\"https:\/\/portaltela.pt\/?s={search_term_string}\"},\"query-input\":{\"@type\":\"PropertyValueSpecification\",\"valueRequired\":true,\"valueName\":\"search_term_string\"}}],\"inLanguage\":\"pt-PT\"},{\"@type\":\"Person\",\"@id\":\"https:\/\/portaltela.pt\/#\/schema\/person\/c4278d4a6028830caff9ee44b42d32ed\",\"name\":\"Telinha\",\"image\":{\"@type\":\"ImageObject\",\"inLanguage\":\"pt-PT\",\"@id\":\"https:\/\/portaltela.pt\/s.01k8rhncp4jt1\/2025\/11\/talking-bot-125x125.png\",\"url\":\"https:\/\/portaltela.pt\/s.01k8rhncp4jt1\/2025\/11\/talking-bot-125x125.png\",\"contentUrl\":\"https:\/\/portaltela.pt\/s.01k8rhncp4jt1\/2025\/11\/talking-bot-125x125.png\",\"caption\":\"Telinha\"},\"sameAs\":[\"https:\/\/portaltela.pt\/\"],\"url\":\"https:\/\/portaltela.pt\/por\/367410592786\/\"}]}<\/script>\n<!-- \/ Yoast SEO plugin. -->","yoast_head_json":{"title":"Ant\u00f3nio Miguel Cardoso anuncia confer\u00eancia, cen\u00e1rio eleitoral ganha for\u00e7a - Portal Tela Portugal","robots":{"index":"index","follow":"follow","max-snippet":"max-snippet:-1","max-image-preview":"max-image-preview:large","max-video-preview":"max-video-preview:-1"},"og_locale":"pt_PT","og_type":"article","og_title":"Ant\u00f3nio Miguel Cardoso anuncia confer\u00eancia, cen\u00e1rio eleitoral ganha for\u00e7a - Portal Tela Portugal","og_description":"O Vit\u00f3ria Sport Clube anunciou para as 12 horas de ter\u00e7a-feira, no Est\u00e1dio D. Afonso Henriques, uma confer\u00eancia de imprensa com Ant\u00f3nio Miguel Cardoso acompanhado da restante dire\u00e7\u00e3o. A marca\u00e7\u00e3o n\u00e3o foi acompanhada de explica\u00e7\u00f5es p\u00fablicas, mas \u00e9 encarada como um refor\u00e7o da possibilidade de demiss\u00e3o de Cardoso e de abertura de um novo ciclo eleitoral. A decis\u00e3o surge na sequ\u00eancia da promessa de abrir um novo ciclo eleitoral caso a equipa n\u00e3o ficasse entre os cinco primeiros lugares do campeonato. Ao final da 29.\u00aa jornada, o V. Guimar\u00e3es est\u00e1 na nona posi\u00e7\u00e3o com 36 pontos, a 11 do quinto classificado, o Famalic\u00e3o, que tem 47 pontos. Com 15 jornadas por disputar, a hip\u00f3tese de chegar ao top cinco \u00e9 considerada remota; Cardoso poder\u00e1 recandidatar-se caso confirme a demiss\u00e3o.","og_url":"https:\/\/portaltela.pt\/noticias\/2026\/04\/13\/antonio-miguel-cardoso-anuncia-conferencia-cenario-eleitoral-ganha-forca\/","og_site_name":"Portal Tela Portugal","article_published_time":"2026-04-13T22:02:20+00:00","author":"Telinha","twitter_card":"summary_large_image","twitter_misc":{"Escrito por":"Telinha","Tempo estimado de leitura":"1 minuto"},"schema":{"@context":"https:\/\/schema.org","@graph":[{"@type":"Article","@id":"https:\/\/portaltela.pt\/noticias\/2026\/04\/13\/antonio-miguel-cardoso-anuncia-conferencia-cenario-eleitoral-ganha-forca\/#article","isPartOf":{"@id":"https:\/\/portaltela.pt\/noticias\/2026\/04\/13\/antonio-miguel-cardoso-anuncia-conferencia-cenario-eleitoral-ganha-forca\/"},"author":{"name":"Telinha","@id":"https:\/\/portaltela.pt\/#\/schema\/person\/c4278d4a6028830caff9ee44b42d32ed"},"headline":"Ant\u00f3nio Miguel Cardoso anuncia confer\u00eancia, cen\u00e1rio eleitoral ganha for\u00e7a","datePublished":"2026-04-13T22:02:20+00:00","mainEntityOfPage":{"@id":"https:\/\/portaltela.pt\/noticias\/2026\/04\/13\/antonio-miguel-cardoso-anuncia-conferencia-cenario-eleitoral-ganha-forca\/"},"wordCount":256,"image":{"@id":"https:\/\/portaltela.pt\/noticias\/2026\/04\/13\/antonio-miguel-cardoso-anuncia-conferencia-cenario-eleitoral-ganha-forca\/#primaryimage"},"thumbnailUrl":"https:\/\/portaltela.pt\/s.01k8rhncp4jt1\/2026\/04\/img_920x518uu2024-06-04-12-46-39-2259309-im-639117171447364942.jpg","keywords":["confer\u00eancia","Dire\u00e7\u00e3o","elei\u00e7\u00f5es","futebol","Guimar\u00e3es","presidente"],"articleSection":["Desporto","Futebol"],"inLanguage":"pt-PT"},{"@type":"WebPage","@id":"https:\/\/portaltela.pt\/noticias\/2026\/04\/13\/antonio-miguel-cardoso-anuncia-conferencia-cenario-eleitoral-ganha-forca\/","url":"https:\/\/portaltela.pt\/noticias\/2026\/04\/13\/antonio-miguel-cardoso-anuncia-conferencia-cenario-eleitoral-ganha-forca\/","name":"Ant\u00f3nio Miguel Cardoso anuncia confer\u00eancia, cen\u00e1rio eleitoral ganha for\u00e7a - Portal Tela Portugal","isPartOf":{"@id":"https:\/\/portaltela.pt\/#website"},"primaryImageOfPage":{"@id":"https:\/\/portaltela.pt\/noticias\/2026\/04\/13\/antonio-miguel-cardoso-anuncia-conferencia-cenario-eleitoral-ganha-forca\/#primaryimage"},"image":{"@id":"https:\/\/portaltela.pt\/noticias\/2026\/04\/13\/antonio-miguel-cardoso-anuncia-conferencia-cenario-eleitoral-ganha-forca\/#primaryimage"},"thumbnailUrl":"https:\/\/portaltela.pt\/s.01k8rhncp4jt1\/2026\/04\/img_920x518uu2024-06-04-12-46-39-2259309-im-639117171447364942.jpg","datePublished":"2026-04-13T22:02:20+00:00","author":{"@id":"https:\/\/portaltela.pt\/#\/schema\/person\/c4278d4a6028830caff9ee44b42d32ed"},"breadcrumb":{"@id":"https:\/\/portaltela.pt\/noticias\/2026\/04\/13\/antonio-miguel-cardoso-anuncia-conferencia-cenario-eleitoral-ganha-forca\/#breadcrumb"},"inLanguage":"pt-PT","potentialAction":[{"@type":"ReadAction","target":["https:\/\/portaltela.pt\/noticias\/2026\/04\/13\/antonio-miguel-cardoso-anuncia-conferencia-cenario-eleitoral-ganha-forca\/"]}]},{"@type":"ImageObject","inLanguage":"pt-PT","@id":"https:\/\/portaltela.pt\/noticias\/2026\/04\/13\/antonio-miguel-cardoso-anuncia-conferencia-cenario-eleitoral-ganha-forca\/#primaryimage","url":"https:\/\/portaltela.pt\/s.01k8rhncp4jt1\/2026\/04\/img_920x518uu2024-06-04-12-46-39-2259309-im-639117171447364942.jpg","contentUrl":"https:\/\/portaltela.pt\/s.01k8rhncp4jt1\/2026\/04\/img_920x518uu2024-06-04-12-46-39-2259309-im-639117171447364942.jpg","width":796,"height":448,"caption":"Ant\u00f3nio Miguel Cardoso, presidente do V. Guimar\u00e3es"},{"@type":"BreadcrumbList","@id":"https:\/\/portaltela.pt\/noticias\/2026\/04\/13\/antonio-miguel-cardoso-anuncia-conferencia-cenario-eleitoral-ganha-forca\/#breadcrumb","itemListElement":[{"@type":"ListItem","position":1,"name":"In\u00edcio","item":"https:\/\/portaltela.pt\/"},{"@type":"ListItem","position":2,"name":"Ant\u00f3nio Miguel Cardoso anuncia confer\u00eancia, cen\u00e1rio eleitoral ganha for\u00e7a"}]},{"@type":"WebSite","@id":"https:\/\/portaltela.pt\/#website","url":"https:\/\/portaltela.pt\/","name":"Portal Tela Portugal","description":"","potentialAction":[{"@type":"SearchAction","target":{"@type":"EntryPoint","urlTemplate":"https:\/\/portaltela.pt\/?s={search_term_string}"},"query-input":{"@type":"PropertyValueSpecification","valueRequired":true,"valueName":"search_term_string"}}],"inLanguage":"pt-PT"},{"@type":"Person","@id":"https:\/\/portaltela.pt\/#\/schema\/person\/c4278d4a6028830caff9ee44b42d32ed","name":"Telinha","image":{"@type":"ImageObject","inLanguage":"pt-PT","@id":"https:\/\/portaltela.pt\/s.01k8rhncp4jt1\/2025\/11\/talking-bot-125x125.png","url":"https:\/\/portaltela.pt\/s.01k8rhncp4jt1\/2025\/11\/talking-bot-125x125.png","contentUrl":"https:\/\/portaltela.pt\/s.01k8rhncp4jt1\/2025\/11\/talking-bot-125x125.png","caption":"Telinha"},"sameAs":["https:\/\/portaltela.pt\/"],"url":"https:\/\/portaltela.pt\/por\/367410592786\/"}]}},"_links":{"self":[{"href":"https:\/\/portaltela.pt\/api\/wp\/v2\/posts\/443053","targetHints":{"allow":["GET"]}}],"collection":[{"href":"https:\/\/portaltela.pt\/api\/wp\/v2\/posts"}],"about":[{"href":"https:\/\/portaltela.pt\/api\/wp\/v2\/types\/post"}],"author":[{"embeddable":true,"href":"https:\/\/portaltela.pt\/api\/wp\/v2\/users\/2"}],"replies":[{"embeddable":true,"href":"https:\/\/portaltela.pt\/api\/wp\/v2\/comments?post=443053"}],"version-history":[{"count":0,"href":"https:\/\/portaltela.pt\/api\/wp\/v2\/posts\/443053\/revisions"}],"wp:featuredmedia":[{"embeddable":true,"href":"https:\/\/portaltela.pt\/api\/wp\/v2\/media\/443054"}],"wp:attachment":[{"href":"https:\/\/portaltela.pt\/api\/wp\/v2\/media?parent=443053"}],"wp:term":[{"taxonomy":"category","embeddable":true,"href":"https:\/\/portaltela.pt\/api\/wp\/v2\/categories?post=443053"},{"taxonomy":"post_tag","embeddable":true,"href":"https:\/\/portaltela.pt\/api\/wp\/v2\/tags?post=443053"}],"curies":[{"name":"wp","href":"https:\/\/api.w.org\/{rel}","templated":true}]}}