{"id":443041,"date":"2026-04-13T18:32:21","date_gmt":"2026-04-13T21:32:21","guid":{"rendered":"https:\/\/portaltela.pt\/noticias\/2026\/04\/13\/adam-yates-confia-em-joao-almeida-para-o-giro-em-boa-forma\/"},"modified":"2026-04-13T18:32:21","modified_gmt":"2026-04-13T21:32:21","slug":"adam-yates-confia-em-joao-almeida-para-o-giro-em-boa-forma","status":"publish","type":"post","link":"https:\/\/portaltela.pt\/desporto\/futebol\/2026\/04\/13\/adam-yates-confia-em-joao-almeida-para-o-giro-em-boa-forma\/","title":{"rendered":"Adam Yates confia em Jo\u00e3o Almeida para o Giro, em boa forma"},"content":{"rendered":"<p>Adam Yates v\u00ea Jo\u00e3o Almeida em boa forma para o Giro d&#8217;Italia e garante que a UAE Emirates vai trabalhar para derrotar o favorito Jonas Vingegaard. O brit\u00e2nico participou numa confer\u00eancia de imprensa antes de O Gran Cami\u00f1o, na Corunha, Espanha.<\/p>\n<p>O piloto da equipa brit\u00e2nica afirmou que o conjunto est\u00e1 forte para a prova italiana, que come\u00e7a a 8 de maio em Nessebar, Bulg\u00e1ria, e termina a 31 de maio em Roma. Yates reconhece o enorme desafio que Vingegaard representa, preparando-se para apoiar Almeida na corrida rosa.<\/p>\n<p>No encontro em terras galegas, o brit\u00e2nico explicou que, depois da prova, seguem treinos de altitude em Serra Nevada para afinar a prepara\u00e7\u00e3o. Almeida \u00e9 visto como o principal objetivo da equipa na temporada, com Yates a atuar como seu guia de apoio.<\/p>\n<h3>Granada de prepara\u00e7\u00e3o e contexto<\/h3>\n<p>O Gran Cami\u00f1o \u00e9 encarado como uma etapa-chave de prepara\u00e7\u00e3o para o Giro, servindo tamb\u00e9m para ajustar a forma de Almeida e da equipa. Al\u00e9m de Almeida, estiveram presentes na confer\u00eancia outros nomes importantes de v\u00e1rias forma\u00e7\u00f5es, entre os quais corredores para contrarrel\u00f3gio e apoio ao l\u00edder.<\/p>\n<p>Entre os participantes estavam cavaleiros de equipas como Movistar e Visma-Lease a Bike, com foco estrat\u00e9gico nos contrarrel\u00f3gios que se disputam na cidade da Corunha. O evento assinala o retorno de Nelson Oliveira \u00e0 competi\u00e7\u00e3o ap\u00f3s les\u00e3o, integrando a forma\u00e7\u00e3o portuguesa que participa na prova galega.<\/p>\n<p>O Gran Cami\u00f1o decorre de ter\u00e7a-feira a s\u00e1bado, com a \u00faltima etapa prevista no alto do Monte de Santa Tecla. A prova galega volta a reunir, este ano, v\u00e1rios nomes de relevo para afinar a forma em Portugal antes do Giro.<\/p>\n","protected":false},"excerpt":{"rendered":"<ul>\n<li>Adam Yates afirmou que Jo\u00e3o Almeida estar\u00e1 em boa forma para o Giro d&#8217;Italia, e que a UAE Emirates lutar\u00e1 para derrotar Jonas Vingegaard.<\/li>\n<li>A declara\u00e7ao foi feita na confer\u00eancia de imprensa d&#8217;O Gran Cami\u00f1o, realizada no Est\u00e1dio Riazor, na Corunha.<\/li>\n<li>O Giro inicia em Nessebar, Bulg\u00e1ria, a 8 de maio e termina em Roma no dia 31.<\/li>\n<li>A equipa vai seguir com um est\u00e1gio de altitude em Serra Nevada para afinar o trabalho, com Almeida como foco principal.<\/li>\n<li>No Gran Cami\u00f1o tamb\u00e9m participou Nelson Oliveira, que regressa ap\u00f3s fratura, e Iv\u00e1n Romeo, que aposta no contrarrel\u00f3gio de 15 quil\u00f3metros na Corunha.<\/li>\n<\/ul>\n","protected":false},"author":2,"featured_media":443043,"comment_status":"closed","ping_status":"closed","sticky":false,"template":"","format":"standard","meta":{"footnotes":""},"categories":[21,24],"tags":[923,5416,1014,4815,3997,7573],"class_list":["post-443041","post","type-post","status-publish","format-standard","has-post-thumbnail","hentry","category-desporto","category-futebol","tag-ciclismo","tag-movistar","tag-portugal","tag-roma","tag-uae-emirates","tag-visma-lease-a-bike"],"yoast_head":"<!-- This site is optimized with the Yoast SEO plugin v27.2 - https:\/\/yoast.com\/product\/yoast-seo-wordpress\/ -->\n<title>Adam Yates confia em Jo\u00e3o Almeida para o Giro, em boa forma - Portal Tela Portugal<\/title>\n<meta name=\"robots\" content=\"index, follow, max-snippet:-1, max-image-preview:large, max-video-preview:-1\" \/>\n<meta property=\"og:locale\" content=\"pt_PT\" \/>\n<meta property=\"og:type\" content=\"article\" \/>\n<meta property=\"og:title\" content=\"Adam Yates confia em Jo\u00e3o Almeida para o Giro, em boa forma - Portal Tela Portugal\" \/>\n<meta property=\"og:description\" content=\"Adam Yates afirmou que Jo\u00e3o Almeida estar\u00e1 em boa forma para o Giro d&#039;Italia, e que a UAE Emirates lutar\u00e1 para derrotar Jonas Vingegaard. A declara\u00e7ao foi feita na confer\u00eancia de imprensa d&#039;O Gran Cami\u00f1o, realizada no Est\u00e1dio Riazor, na Corunha. O Giro inicia em Nessebar, Bulg\u00e1ria, a 8 de maio e termina em Roma no dia 31. A equipa vai seguir com um est\u00e1gio de altitude em Serra Nevada para afinar o trabalho, com Almeida como foco principal. No Gran Cami\u00f1o tamb\u00e9m participou Nelson Oliveira, que regressa ap\u00f3s fratura, e Iv\u00e1n Romeo, que aposta no contrarrel\u00f3gio de 15 quil\u00f3metros na Corunha.\" \/>\n<meta property=\"og:url\" content=\"https:\/\/portaltela.pt\/noticias\/2026\/04\/13\/adam-yates-confia-em-joao-almeida-para-o-giro-em-boa-forma\/\" \/>\n<meta property=\"og:site_name\" content=\"Portal Tela Portugal\" \/>\n<meta property=\"article:published_time\" content=\"2026-04-13T21:32:21+00:00\" \/>\n<meta name=\"author\" content=\"Telinha\" \/>\n<meta name=\"twitter:card\" content=\"summary_large_image\" \/>\n<meta name=\"twitter:label1\" content=\"Escrito por\" \/>\n\t<meta name=\"twitter:data1\" content=\"Telinha\" \/>\n\t<meta name=\"twitter:label2\" content=\"Tempo estimado de leitura\" \/>\n\t<meta name=\"twitter:data2\" content=\"1 minuto\" \/>\n<script type=\"application\/ld+json\" class=\"yoast-schema-graph\">{\"@context\":\"https:\/\/schema.org\",\"@graph\":[{\"@type\":\"Article\",\"@id\":\"https:\/\/portaltela.pt\/noticias\/2026\/04\/13\/adam-yates-confia-em-joao-almeida-para-o-giro-em-boa-forma\/#article\",\"isPartOf\":{\"@id\":\"https:\/\/portaltela.pt\/noticias\/2026\/04\/13\/adam-yates-confia-em-joao-almeida-para-o-giro-em-boa-forma\/\"},\"author\":{\"name\":\"Telinha\",\"@id\":\"https:\/\/portaltela.pt\/#\/schema\/person\/c4278d4a6028830caff9ee44b42d32ed\"},\"headline\":\"Adam Yates confia em Jo\u00e3o Almeida para o Giro, em boa forma\",\"datePublished\":\"2026-04-13T21:32:21+00:00\",\"mainEntityOfPage\":{\"@id\":\"https:\/\/portaltela.pt\/noticias\/2026\/04\/13\/adam-yates-confia-em-joao-almeida-para-o-giro-em-boa-forma\/\"},\"wordCount\":308,\"image\":{\"@id\":\"https:\/\/portaltela.pt\/noticias\/2026\/04\/13\/adam-yates-confia-em-joao-almeida-para-o-giro-em-boa-forma\/#primaryimage\"},\"thumbnailUrl\":\"https:\/\/portaltela.pt\/s.01k8rhncp4jt1\/2026\/04\/img_920x518uu2026-04-13-22-28-57-2432904.jpg\",\"keywords\":[\"ciclismo\",\"Movistar\",\"Portugal\",\"Roma\",\"UAE Emirates\",\"Visma-Lease a Bike\"],\"articleSection\":[\"Desporto\",\"Futebol\"],\"inLanguage\":\"pt-PT\"},{\"@type\":\"WebPage\",\"@id\":\"https:\/\/portaltela.pt\/noticias\/2026\/04\/13\/adam-yates-confia-em-joao-almeida-para-o-giro-em-boa-forma\/\",\"url\":\"https:\/\/portaltela.pt\/noticias\/2026\/04\/13\/adam-yates-confia-em-joao-almeida-para-o-giro-em-boa-forma\/\",\"name\":\"Adam Yates confia em Jo\u00e3o Almeida para o Giro, em boa forma - Portal Tela Portugal\",\"isPartOf\":{\"@id\":\"https:\/\/portaltela.pt\/#website\"},\"primaryImageOfPage\":{\"@id\":\"https:\/\/portaltela.pt\/noticias\/2026\/04\/13\/adam-yates-confia-em-joao-almeida-para-o-giro-em-boa-forma\/#primaryimage\"},\"image\":{\"@id\":\"https:\/\/portaltela.pt\/noticias\/2026\/04\/13\/adam-yates-confia-em-joao-almeida-para-o-giro-em-boa-forma\/#primaryimage\"},\"thumbnailUrl\":\"https:\/\/portaltela.pt\/s.01k8rhncp4jt1\/2026\/04\/img_920x518uu2026-04-13-22-28-57-2432904.jpg\",\"datePublished\":\"2026-04-13T21:32:21+00:00\",\"author\":{\"@id\":\"https:\/\/portaltela.pt\/#\/schema\/person\/c4278d4a6028830caff9ee44b42d32ed\"},\"breadcrumb\":{\"@id\":\"https:\/\/portaltela.pt\/noticias\/2026\/04\/13\/adam-yates-confia-em-joao-almeida-para-o-giro-em-boa-forma\/#breadcrumb\"},\"inLanguage\":\"pt-PT\",\"potentialAction\":[{\"@type\":\"ReadAction\",\"target\":[\"https:\/\/portaltela.pt\/noticias\/2026\/04\/13\/adam-yates-confia-em-joao-almeida-para-o-giro-em-boa-forma\/\"]}]},{\"@type\":\"ImageObject\",\"inLanguage\":\"pt-PT\",\"@id\":\"https:\/\/portaltela.pt\/noticias\/2026\/04\/13\/adam-yates-confia-em-joao-almeida-para-o-giro-em-boa-forma\/#primaryimage\",\"url\":\"https:\/\/portaltela.pt\/s.01k8rhncp4jt1\/2026\/04\/img_920x518uu2026-04-13-22-28-57-2432904.jpg\",\"contentUrl\":\"https:\/\/portaltela.pt\/s.01k8rhncp4jt1\/2026\/04\/img_920x518uu2026-04-13-22-28-57-2432904.jpg\",\"width\":796,\"height\":448,\"caption\":\"Adam Yates e Jo\u00e3o Almeida novamente juntos\"},{\"@type\":\"BreadcrumbList\",\"@id\":\"https:\/\/portaltela.pt\/noticias\/2026\/04\/13\/adam-yates-confia-em-joao-almeida-para-o-giro-em-boa-forma\/#breadcrumb\",\"itemListElement\":[{\"@type\":\"ListItem\",\"position\":1,\"name\":\"In\u00edcio\",\"item\":\"https:\/\/portaltela.pt\/\"},{\"@type\":\"ListItem\",\"position\":2,\"name\":\"Adam Yates confia em Jo\u00e3o Almeida para o Giro, em boa forma\"}]},{\"@type\":\"WebSite\",\"@id\":\"https:\/\/portaltela.pt\/#website\",\"url\":\"https:\/\/portaltela.pt\/\",\"name\":\"Portal Tela Portugal\",\"description\":\"\",\"potentialAction\":[{\"@type\":\"SearchAction\",\"target\":{\"@type\":\"EntryPoint\",\"urlTemplate\":\"https:\/\/portaltela.pt\/?s={search_term_string}\"},\"query-input\":{\"@type\":\"PropertyValueSpecification\",\"valueRequired\":true,\"valueName\":\"search_term_string\"}}],\"inLanguage\":\"pt-PT\"},{\"@type\":\"Person\",\"@id\":\"https:\/\/portaltela.pt\/#\/schema\/person\/c4278d4a6028830caff9ee44b42d32ed\",\"name\":\"Telinha\",\"image\":{\"@type\":\"ImageObject\",\"inLanguage\":\"pt-PT\",\"@id\":\"https:\/\/portaltela.pt\/s.01k8rhncp4jt1\/2025\/11\/talking-bot-125x125.png\",\"url\":\"https:\/\/portaltela.pt\/s.01k8rhncp4jt1\/2025\/11\/talking-bot-125x125.png\",\"contentUrl\":\"https:\/\/portaltela.pt\/s.01k8rhncp4jt1\/2025\/11\/talking-bot-125x125.png\",\"caption\":\"Telinha\"},\"sameAs\":[\"https:\/\/portaltela.pt\/\"],\"url\":\"https:\/\/portaltela.pt\/por\/367410592786\/\"}]}<\/script>\n<!-- \/ Yoast SEO plugin. -->","yoast_head_json":{"title":"Adam Yates confia em Jo\u00e3o Almeida para o Giro, em boa forma - Portal Tela Portugal","robots":{"index":"index","follow":"follow","max-snippet":"max-snippet:-1","max-image-preview":"max-image-preview:large","max-video-preview":"max-video-preview:-1"},"og_locale":"pt_PT","og_type":"article","og_title":"Adam Yates confia em Jo\u00e3o Almeida para o Giro, em boa forma - Portal Tela Portugal","og_description":"Adam Yates afirmou que Jo\u00e3o Almeida estar\u00e1 em boa forma para o Giro d'Italia, e que a UAE Emirates lutar\u00e1 para derrotar Jonas Vingegaard. A declara\u00e7ao foi feita na confer\u00eancia de imprensa d'O Gran Cami\u00f1o, realizada no Est\u00e1dio Riazor, na Corunha. O Giro inicia em Nessebar, Bulg\u00e1ria, a 8 de maio e termina em Roma no dia 31. A equipa vai seguir com um est\u00e1gio de altitude em Serra Nevada para afinar o trabalho, com Almeida como foco principal. No Gran Cami\u00f1o tamb\u00e9m participou Nelson Oliveira, que regressa ap\u00f3s fratura, e Iv\u00e1n Romeo, que aposta no contrarrel\u00f3gio de 15 quil\u00f3metros na Corunha.","og_url":"https:\/\/portaltela.pt\/noticias\/2026\/04\/13\/adam-yates-confia-em-joao-almeida-para-o-giro-em-boa-forma\/","og_site_name":"Portal Tela Portugal","article_published_time":"2026-04-13T21:32:21+00:00","author":"Telinha","twitter_card":"summary_large_image","twitter_misc":{"Escrito por":"Telinha","Tempo estimado de leitura":"1 minuto"},"schema":{"@context":"https:\/\/schema.org","@graph":[{"@type":"Article","@id":"https:\/\/portaltela.pt\/noticias\/2026\/04\/13\/adam-yates-confia-em-joao-almeida-para-o-giro-em-boa-forma\/#article","isPartOf":{"@id":"https:\/\/portaltela.pt\/noticias\/2026\/04\/13\/adam-yates-confia-em-joao-almeida-para-o-giro-em-boa-forma\/"},"author":{"name":"Telinha","@id":"https:\/\/portaltela.pt\/#\/schema\/person\/c4278d4a6028830caff9ee44b42d32ed"},"headline":"Adam Yates confia em Jo\u00e3o Almeida para o Giro, em boa forma","datePublished":"2026-04-13T21:32:21+00:00","mainEntityOfPage":{"@id":"https:\/\/portaltela.pt\/noticias\/2026\/04\/13\/adam-yates-confia-em-joao-almeida-para-o-giro-em-boa-forma\/"},"wordCount":308,"image":{"@id":"https:\/\/portaltela.pt\/noticias\/2026\/04\/13\/adam-yates-confia-em-joao-almeida-para-o-giro-em-boa-forma\/#primaryimage"},"thumbnailUrl":"https:\/\/portaltela.pt\/s.01k8rhncp4jt1\/2026\/04\/img_920x518uu2026-04-13-22-28-57-2432904.jpg","keywords":["ciclismo","Movistar","Portugal","Roma","UAE Emirates","Visma-Lease a Bike"],"articleSection":["Desporto","Futebol"],"inLanguage":"pt-PT"},{"@type":"WebPage","@id":"https:\/\/portaltela.pt\/noticias\/2026\/04\/13\/adam-yates-confia-em-joao-almeida-para-o-giro-em-boa-forma\/","url":"https:\/\/portaltela.pt\/noticias\/2026\/04\/13\/adam-yates-confia-em-joao-almeida-para-o-giro-em-boa-forma\/","name":"Adam Yates confia em Jo\u00e3o Almeida para o Giro, em boa forma - Portal Tela Portugal","isPartOf":{"@id":"https:\/\/portaltela.pt\/#website"},"primaryImageOfPage":{"@id":"https:\/\/portaltela.pt\/noticias\/2026\/04\/13\/adam-yates-confia-em-joao-almeida-para-o-giro-em-boa-forma\/#primaryimage"},"image":{"@id":"https:\/\/portaltela.pt\/noticias\/2026\/04\/13\/adam-yates-confia-em-joao-almeida-para-o-giro-em-boa-forma\/#primaryimage"},"thumbnailUrl":"https:\/\/portaltela.pt\/s.01k8rhncp4jt1\/2026\/04\/img_920x518uu2026-04-13-22-28-57-2432904.jpg","datePublished":"2026-04-13T21:32:21+00:00","author":{"@id":"https:\/\/portaltela.pt\/#\/schema\/person\/c4278d4a6028830caff9ee44b42d32ed"},"breadcrumb":{"@id":"https:\/\/portaltela.pt\/noticias\/2026\/04\/13\/adam-yates-confia-em-joao-almeida-para-o-giro-em-boa-forma\/#breadcrumb"},"inLanguage":"pt-PT","potentialAction":[{"@type":"ReadAction","target":["https:\/\/portaltela.pt\/noticias\/2026\/04\/13\/adam-yates-confia-em-joao-almeida-para-o-giro-em-boa-forma\/"]}]},{"@type":"ImageObject","inLanguage":"pt-PT","@id":"https:\/\/portaltela.pt\/noticias\/2026\/04\/13\/adam-yates-confia-em-joao-almeida-para-o-giro-em-boa-forma\/#primaryimage","url":"https:\/\/portaltela.pt\/s.01k8rhncp4jt1\/2026\/04\/img_920x518uu2026-04-13-22-28-57-2432904.jpg","contentUrl":"https:\/\/portaltela.pt\/s.01k8rhncp4jt1\/2026\/04\/img_920x518uu2026-04-13-22-28-57-2432904.jpg","width":796,"height":448,"caption":"Adam Yates e Jo\u00e3o Almeida novamente juntos"},{"@type":"BreadcrumbList","@id":"https:\/\/portaltela.pt\/noticias\/2026\/04\/13\/adam-yates-confia-em-joao-almeida-para-o-giro-em-boa-forma\/#breadcrumb","itemListElement":[{"@type":"ListItem","position":1,"name":"In\u00edcio","item":"https:\/\/portaltela.pt\/"},{"@type":"ListItem","position":2,"name":"Adam Yates confia em Jo\u00e3o Almeida para o Giro, em boa forma"}]},{"@type":"WebSite","@id":"https:\/\/portaltela.pt\/#website","url":"https:\/\/portaltela.pt\/","name":"Portal Tela Portugal","description":"","potentialAction":[{"@type":"SearchAction","target":{"@type":"EntryPoint","urlTemplate":"https:\/\/portaltela.pt\/?s={search_term_string}"},"query-input":{"@type":"PropertyValueSpecification","valueRequired":true,"valueName":"search_term_string"}}],"inLanguage":"pt-PT"},{"@type":"Person","@id":"https:\/\/portaltela.pt\/#\/schema\/person\/c4278d4a6028830caff9ee44b42d32ed","name":"Telinha","image":{"@type":"ImageObject","inLanguage":"pt-PT","@id":"https:\/\/portaltela.pt\/s.01k8rhncp4jt1\/2025\/11\/talking-bot-125x125.png","url":"https:\/\/portaltela.pt\/s.01k8rhncp4jt1\/2025\/11\/talking-bot-125x125.png","contentUrl":"https:\/\/portaltela.pt\/s.01k8rhncp4jt1\/2025\/11\/talking-bot-125x125.png","caption":"Telinha"},"sameAs":["https:\/\/portaltela.pt\/"],"url":"https:\/\/portaltela.pt\/por\/367410592786\/"}]}},"_links":{"self":[{"href":"https:\/\/portaltela.pt\/api\/wp\/v2\/posts\/443041","targetHints":{"allow":["GET"]}}],"collection":[{"href":"https:\/\/portaltela.pt\/api\/wp\/v2\/posts"}],"about":[{"href":"https:\/\/portaltela.pt\/api\/wp\/v2\/types\/post"}],"author":[{"embeddable":true,"href":"https:\/\/portaltela.pt\/api\/wp\/v2\/users\/2"}],"replies":[{"embeddable":true,"href":"https:\/\/portaltela.pt\/api\/wp\/v2\/comments?post=443041"}],"version-history":[{"count":0,"href":"https:\/\/portaltela.pt\/api\/wp\/v2\/posts\/443041\/revisions"}],"wp:featuredmedia":[{"embeddable":true,"href":"https:\/\/portaltela.pt\/api\/wp\/v2\/media\/443043"}],"wp:attachment":[{"href":"https:\/\/portaltela.pt\/api\/wp\/v2\/media?parent=443041"}],"wp:term":[{"taxonomy":"category","embeddable":true,"href":"https:\/\/portaltela.pt\/api\/wp\/v2\/categories?post=443041"},{"taxonomy":"post_tag","embeddable":true,"href":"https:\/\/portaltela.pt\/api\/wp\/v2\/tags?post=443041"}],"curies":[{"name":"wp","href":"https:\/\/api.w.org\/{rel}","templated":true}]}}