{"id":443032,"date":"2026-04-13T18:17:15","date_gmt":"2026-04-13T21:17:15","guid":{"rendered":"https:\/\/portaltela.pt\/noticias\/2026\/04\/13\/matosinhos-reforca-socorro-com-drones-que-detetam-vitimas-pelo-calor\/"},"modified":"2026-04-13T18:17:15","modified_gmt":"2026-04-13T21:17:15","slug":"matosinhos-reforca-socorro-com-drones-que-detetam-vitimas-pelo-calor","status":"publish","type":"post","link":"https:\/\/portaltela.pt\/seguranca\/2026\/04\/13\/matosinhos-reforca-socorro-com-drones-que-detetam-vitimas-pelo-calor\/","title":{"rendered":"Matosinhos refor\u00e7a socorro com drones que detetam v\u00edtimas pelo calor"},"content":{"rendered":"<p>As opera\u00e7\u00f5es de vigil\u00e2ncia e socorro em Matosinhos foram refor\u00e7adas com a inclus\u00e3o de tr\u00eas drones. Os aparelhos, dotados de c\u00e2mara t\u00e9rmica e megafone, permitem identificar v\u00edtimas pela emiss\u00e3o de calor, acelerando a resposta das autoridades de prote\u00e7\u00e3o civil e dos servi\u00e7os de socorro.<\/p>\n<p>Segundo a C\u00e2mara Municipal de Matosinhos, os drones v\u00e3o apoiar opera\u00e7\u00f5es de emerg\u00eancia, salvamento e monitoriza\u00e7\u00e3o da orla costeira. A medida pretende aumentar a efic\u00e1cia em situa\u00e7\u00f5es de busca e evacua\u00e7\u00e3o, bem como facilitar o acompanhamento de eventos na ba\u00eda.<\/p>\n<h3>Ingredientes t\u00e9cnicos e fun\u00e7\u00f5es<\/h3>\n<p>Os drones com c\u00e2mara t\u00e9rmica ajudam a localizar pessoas em cen\u00e1rio de visibilidade reduzida ou em \u00e1reas de dif\u00edcil acesso. O megafone facilita comunica\u00e7\u00f5es diretas com potenciais v\u00edtimas ou p\u00fablico junto \u00e0 costa, orientando instru\u00e7\u00f5es de seguran\u00e7a.<\/p>\n<p>A aquisi\u00e7\u00e3o integra a estrat\u00e9gia de refor\u00e7o operacional da prote\u00e7\u00e3o civil municipal. Al\u00e9m de facilitar opera\u00e7\u00f5es de salvamento, os aparelhos devem sustentar vigil\u00e2ncia de longo alcance na orla e melhorar a coordena\u00e7\u00e3o entre os meios de socorro presentes na regi\u00e3o.<\/p>\n","protected":false},"excerpt":{"rendered":"<ul>\n<li>Matosinhos refor\u00e7ou o socorro com tr\u00eas drones dotados de c\u00e2mara t\u00e9rmica e megafone.<\/li>\n<li>Os drones ajudam a localizar v\u00edtimas pela emiss\u00e3o de calor, permitindo uma resposta mais r\u00e1pida.<\/li>\n<li>A C\u00e2mara de Matosinhos afirmou que os aparelhos v\u00e3o apoiar opera\u00e7\u00f5es de emerg\u00eancia, salvamento e monitoriza\u00e7\u00e3o da orla costeira.<\/li>\n<li>Os dispositivos tamb\u00e9m permitem vigiar \u00e1reas de risco e atuar de forma mais eficaz em situa\u00e7\u00f5es de socorro.<\/li>\n<\/ul>\n","protected":false},"author":2,"featured_media":443034,"comment_status":"closed","ping_status":"closed","sticky":false,"template":"","format":"standard","meta":{"footnotes":""},"categories":[6779],"tags":[8102,8044,8074,960,1709,5974],"class_list":["post-443032","post","type-post","status-publish","format-standard","has-post-thumbnail","hentry","category-seguranca","tag-_acao-humanitaria","tag-_protecao-civil","tag-_urgencias","tag-emergencia-pre-hospitalar","tag-matosinhos","tag-salvamento-maritimo"],"yoast_head":"<!-- This site is optimized with the Yoast SEO plugin v27.2 - https:\/\/yoast.com\/product\/yoast-seo-wordpress\/ -->\n<title>Matosinhos refor\u00e7a socorro com drones que detetam v\u00edtimas pelo calor - Portal Tela Portugal<\/title>\n<meta name=\"robots\" content=\"index, follow, max-snippet:-1, max-image-preview:large, max-video-preview:-1\" \/>\n<meta property=\"og:locale\" content=\"pt_PT\" \/>\n<meta property=\"og:type\" content=\"article\" \/>\n<meta property=\"og:title\" content=\"Matosinhos refor\u00e7a socorro com drones que detetam v\u00edtimas pelo calor - Portal Tela Portugal\" \/>\n<meta property=\"og:description\" content=\"Matosinhos refor\u00e7ou o socorro com tr\u00eas drones dotados de c\u00e2mara t\u00e9rmica e megafone. Os drones ajudam a localizar v\u00edtimas pela emiss\u00e3o de calor, permitindo uma resposta mais r\u00e1pida. A C\u00e2mara de Matosinhos afirmou que os aparelhos v\u00e3o apoiar opera\u00e7\u00f5es de emerg\u00eancia, salvamento e monitoriza\u00e7\u00e3o da orla costeira. Os dispositivos tamb\u00e9m permitem vigiar \u00e1reas de risco e atuar de forma mais eficaz em situa\u00e7\u00f5es de socorro.\" \/>\n<meta property=\"og:url\" content=\"https:\/\/portaltela.pt\/noticias\/2026\/04\/13\/matosinhos-reforca-socorro-com-drones-que-detetam-vitimas-pelo-calor\/\" \/>\n<meta property=\"og:site_name\" content=\"Portal Tela Portugal\" \/>\n<meta property=\"article:published_time\" content=\"2026-04-13T21:17:15+00:00\" \/>\n<meta name=\"author\" content=\"Telinha\" \/>\n<meta name=\"twitter:card\" content=\"summary_large_image\" \/>\n<meta name=\"twitter:label1\" content=\"Escrito por\" \/>\n\t<meta name=\"twitter:data1\" content=\"Telinha\" \/>\n\t<meta name=\"twitter:label2\" content=\"Tempo estimado de leitura\" \/>\n\t<meta name=\"twitter:data2\" content=\"1 minuto\" \/>\n<script type=\"application\/ld+json\" class=\"yoast-schema-graph\">{\"@context\":\"https:\/\/schema.org\",\"@graph\":[{\"@type\":\"Article\",\"@id\":\"https:\/\/portaltela.pt\/noticias\/2026\/04\/13\/matosinhos-reforca-socorro-com-drones-que-detetam-vitimas-pelo-calor\/#article\",\"isPartOf\":{\"@id\":\"https:\/\/portaltela.pt\/noticias\/2026\/04\/13\/matosinhos-reforca-socorro-com-drones-que-detetam-vitimas-pelo-calor\/\"},\"author\":{\"name\":\"Telinha\",\"@id\":\"https:\/\/portaltela.pt\/#\/schema\/person\/c4278d4a6028830caff9ee44b42d32ed\"},\"headline\":\"Matosinhos refor\u00e7a socorro com drones que detetam v\u00edtimas pelo calor\",\"datePublished\":\"2026-04-13T21:17:15+00:00\",\"mainEntityOfPage\":{\"@id\":\"https:\/\/portaltela.pt\/noticias\/2026\/04\/13\/matosinhos-reforca-socorro-com-drones-que-detetam-vitimas-pelo-calor\/\"},\"wordCount\":216,\"image\":{\"@id\":\"https:\/\/portaltela.pt\/noticias\/2026\/04\/13\/matosinhos-reforca-socorro-com-drones-que-detetam-vitimas-pelo-calor\/#primaryimage\"},\"thumbnailUrl\":\"https:\/\/portaltela.pt\/s.01k8rhncp4jt1\/2026\/04\/image-808.jpg\",\"keywords\":[\"_a\u00e7\u00e3o humanit\u00e1ria\",\"_prote\u00e7\u00e3o civil\",\"_urg\u00eancias\",\"emerg\u00eancia pr\u00e9-hospitalar\",\"Matosinhos\",\"Salvamento Mar\u00edtimo\"],\"articleSection\":[\"Seguran\u00e7a\"],\"inLanguage\":\"pt-PT\"},{\"@type\":\"WebPage\",\"@id\":\"https:\/\/portaltela.pt\/noticias\/2026\/04\/13\/matosinhos-reforca-socorro-com-drones-que-detetam-vitimas-pelo-calor\/\",\"url\":\"https:\/\/portaltela.pt\/noticias\/2026\/04\/13\/matosinhos-reforca-socorro-com-drones-que-detetam-vitimas-pelo-calor\/\",\"name\":\"Matosinhos refor\u00e7a socorro com drones que detetam v\u00edtimas pelo calor - Portal Tela Portugal\",\"isPartOf\":{\"@id\":\"https:\/\/portaltela.pt\/#website\"},\"primaryImageOfPage\":{\"@id\":\"https:\/\/portaltela.pt\/noticias\/2026\/04\/13\/matosinhos-reforca-socorro-com-drones-que-detetam-vitimas-pelo-calor\/#primaryimage\"},\"image\":{\"@id\":\"https:\/\/portaltela.pt\/noticias\/2026\/04\/13\/matosinhos-reforca-socorro-com-drones-que-detetam-vitimas-pelo-calor\/#primaryimage\"},\"thumbnailUrl\":\"https:\/\/portaltela.pt\/s.01k8rhncp4jt1\/2026\/04\/image-808.jpg\",\"datePublished\":\"2026-04-13T21:17:15+00:00\",\"author\":{\"@id\":\"https:\/\/portaltela.pt\/#\/schema\/person\/c4278d4a6028830caff9ee44b42d32ed\"},\"breadcrumb\":{\"@id\":\"https:\/\/portaltela.pt\/noticias\/2026\/04\/13\/matosinhos-reforca-socorro-com-drones-que-detetam-vitimas-pelo-calor\/#breadcrumb\"},\"inLanguage\":\"pt-PT\",\"potentialAction\":[{\"@type\":\"ReadAction\",\"target\":[\"https:\/\/portaltela.pt\/noticias\/2026\/04\/13\/matosinhos-reforca-socorro-com-drones-que-detetam-vitimas-pelo-calor\/\"]}]},{\"@type\":\"ImageObject\",\"inLanguage\":\"pt-PT\",\"@id\":\"https:\/\/portaltela.pt\/noticias\/2026\/04\/13\/matosinhos-reforca-socorro-com-drones-que-detetam-vitimas-pelo-calor\/#primaryimage\",\"url\":\"https:\/\/portaltela.pt\/s.01k8rhncp4jt1\/2026\/04\/image-808.jpg\",\"contentUrl\":\"https:\/\/portaltela.pt\/s.01k8rhncp4jt1\/2026\/04\/image-808.jpg\",\"width\":796,\"height\":448,\"caption\":\"Equipamentos foram testados na praia de Matosinhos\"},{\"@type\":\"BreadcrumbList\",\"@id\":\"https:\/\/portaltela.pt\/noticias\/2026\/04\/13\/matosinhos-reforca-socorro-com-drones-que-detetam-vitimas-pelo-calor\/#breadcrumb\",\"itemListElement\":[{\"@type\":\"ListItem\",\"position\":1,\"name\":\"In\u00edcio\",\"item\":\"https:\/\/portaltela.pt\/\"},{\"@type\":\"ListItem\",\"position\":2,\"name\":\"Matosinhos refor\u00e7a socorro com drones que detetam v\u00edtimas pelo calor\"}]},{\"@type\":\"WebSite\",\"@id\":\"https:\/\/portaltela.pt\/#website\",\"url\":\"https:\/\/portaltela.pt\/\",\"name\":\"Portal Tela Portugal\",\"description\":\"\",\"potentialAction\":[{\"@type\":\"SearchAction\",\"target\":{\"@type\":\"EntryPoint\",\"urlTemplate\":\"https:\/\/portaltela.pt\/?s={search_term_string}\"},\"query-input\":{\"@type\":\"PropertyValueSpecification\",\"valueRequired\":true,\"valueName\":\"search_term_string\"}}],\"inLanguage\":\"pt-PT\"},{\"@type\":\"Person\",\"@id\":\"https:\/\/portaltela.pt\/#\/schema\/person\/c4278d4a6028830caff9ee44b42d32ed\",\"name\":\"Telinha\",\"image\":{\"@type\":\"ImageObject\",\"inLanguage\":\"pt-PT\",\"@id\":\"https:\/\/portaltela.pt\/s.01k8rhncp4jt1\/2025\/11\/talking-bot-125x125.png\",\"url\":\"https:\/\/portaltela.pt\/s.01k8rhncp4jt1\/2025\/11\/talking-bot-125x125.png\",\"contentUrl\":\"https:\/\/portaltela.pt\/s.01k8rhncp4jt1\/2025\/11\/talking-bot-125x125.png\",\"caption\":\"Telinha\"},\"sameAs\":[\"https:\/\/portaltela.pt\/\"],\"url\":\"https:\/\/portaltela.pt\/por\/367410592786\/\"}]}<\/script>\n<!-- \/ Yoast SEO plugin. -->","yoast_head_json":{"title":"Matosinhos refor\u00e7a socorro com drones que detetam v\u00edtimas pelo calor - Portal Tela Portugal","robots":{"index":"index","follow":"follow","max-snippet":"max-snippet:-1","max-image-preview":"max-image-preview:large","max-video-preview":"max-video-preview:-1"},"og_locale":"pt_PT","og_type":"article","og_title":"Matosinhos refor\u00e7a socorro com drones que detetam v\u00edtimas pelo calor - Portal Tela Portugal","og_description":"Matosinhos refor\u00e7ou o socorro com tr\u00eas drones dotados de c\u00e2mara t\u00e9rmica e megafone. Os drones ajudam a localizar v\u00edtimas pela emiss\u00e3o de calor, permitindo uma resposta mais r\u00e1pida. A C\u00e2mara de Matosinhos afirmou que os aparelhos v\u00e3o apoiar opera\u00e7\u00f5es de emerg\u00eancia, salvamento e monitoriza\u00e7\u00e3o da orla costeira. Os dispositivos tamb\u00e9m permitem vigiar \u00e1reas de risco e atuar de forma mais eficaz em situa\u00e7\u00f5es de socorro.","og_url":"https:\/\/portaltela.pt\/noticias\/2026\/04\/13\/matosinhos-reforca-socorro-com-drones-que-detetam-vitimas-pelo-calor\/","og_site_name":"Portal Tela Portugal","article_published_time":"2026-04-13T21:17:15+00:00","author":"Telinha","twitter_card":"summary_large_image","twitter_misc":{"Escrito por":"Telinha","Tempo estimado de leitura":"1 minuto"},"schema":{"@context":"https:\/\/schema.org","@graph":[{"@type":"Article","@id":"https:\/\/portaltela.pt\/noticias\/2026\/04\/13\/matosinhos-reforca-socorro-com-drones-que-detetam-vitimas-pelo-calor\/#article","isPartOf":{"@id":"https:\/\/portaltela.pt\/noticias\/2026\/04\/13\/matosinhos-reforca-socorro-com-drones-que-detetam-vitimas-pelo-calor\/"},"author":{"name":"Telinha","@id":"https:\/\/portaltela.pt\/#\/schema\/person\/c4278d4a6028830caff9ee44b42d32ed"},"headline":"Matosinhos refor\u00e7a socorro com drones que detetam v\u00edtimas pelo calor","datePublished":"2026-04-13T21:17:15+00:00","mainEntityOfPage":{"@id":"https:\/\/portaltela.pt\/noticias\/2026\/04\/13\/matosinhos-reforca-socorro-com-drones-que-detetam-vitimas-pelo-calor\/"},"wordCount":216,"image":{"@id":"https:\/\/portaltela.pt\/noticias\/2026\/04\/13\/matosinhos-reforca-socorro-com-drones-que-detetam-vitimas-pelo-calor\/#primaryimage"},"thumbnailUrl":"https:\/\/portaltela.pt\/s.01k8rhncp4jt1\/2026\/04\/image-808.jpg","keywords":["_a\u00e7\u00e3o humanit\u00e1ria","_prote\u00e7\u00e3o civil","_urg\u00eancias","emerg\u00eancia pr\u00e9-hospitalar","Matosinhos","Salvamento Mar\u00edtimo"],"articleSection":["Seguran\u00e7a"],"inLanguage":"pt-PT"},{"@type":"WebPage","@id":"https:\/\/portaltela.pt\/noticias\/2026\/04\/13\/matosinhos-reforca-socorro-com-drones-que-detetam-vitimas-pelo-calor\/","url":"https:\/\/portaltela.pt\/noticias\/2026\/04\/13\/matosinhos-reforca-socorro-com-drones-que-detetam-vitimas-pelo-calor\/","name":"Matosinhos refor\u00e7a socorro com drones que detetam v\u00edtimas pelo calor - Portal Tela Portugal","isPartOf":{"@id":"https:\/\/portaltela.pt\/#website"},"primaryImageOfPage":{"@id":"https:\/\/portaltela.pt\/noticias\/2026\/04\/13\/matosinhos-reforca-socorro-com-drones-que-detetam-vitimas-pelo-calor\/#primaryimage"},"image":{"@id":"https:\/\/portaltela.pt\/noticias\/2026\/04\/13\/matosinhos-reforca-socorro-com-drones-que-detetam-vitimas-pelo-calor\/#primaryimage"},"thumbnailUrl":"https:\/\/portaltela.pt\/s.01k8rhncp4jt1\/2026\/04\/image-808.jpg","datePublished":"2026-04-13T21:17:15+00:00","author":{"@id":"https:\/\/portaltela.pt\/#\/schema\/person\/c4278d4a6028830caff9ee44b42d32ed"},"breadcrumb":{"@id":"https:\/\/portaltela.pt\/noticias\/2026\/04\/13\/matosinhos-reforca-socorro-com-drones-que-detetam-vitimas-pelo-calor\/#breadcrumb"},"inLanguage":"pt-PT","potentialAction":[{"@type":"ReadAction","target":["https:\/\/portaltela.pt\/noticias\/2026\/04\/13\/matosinhos-reforca-socorro-com-drones-que-detetam-vitimas-pelo-calor\/"]}]},{"@type":"ImageObject","inLanguage":"pt-PT","@id":"https:\/\/portaltela.pt\/noticias\/2026\/04\/13\/matosinhos-reforca-socorro-com-drones-que-detetam-vitimas-pelo-calor\/#primaryimage","url":"https:\/\/portaltela.pt\/s.01k8rhncp4jt1\/2026\/04\/image-808.jpg","contentUrl":"https:\/\/portaltela.pt\/s.01k8rhncp4jt1\/2026\/04\/image-808.jpg","width":796,"height":448,"caption":"Equipamentos foram testados na praia de Matosinhos"},{"@type":"BreadcrumbList","@id":"https:\/\/portaltela.pt\/noticias\/2026\/04\/13\/matosinhos-reforca-socorro-com-drones-que-detetam-vitimas-pelo-calor\/#breadcrumb","itemListElement":[{"@type":"ListItem","position":1,"name":"In\u00edcio","item":"https:\/\/portaltela.pt\/"},{"@type":"ListItem","position":2,"name":"Matosinhos refor\u00e7a socorro com drones que detetam v\u00edtimas pelo calor"}]},{"@type":"WebSite","@id":"https:\/\/portaltela.pt\/#website","url":"https:\/\/portaltela.pt\/","name":"Portal Tela Portugal","description":"","potentialAction":[{"@type":"SearchAction","target":{"@type":"EntryPoint","urlTemplate":"https:\/\/portaltela.pt\/?s={search_term_string}"},"query-input":{"@type":"PropertyValueSpecification","valueRequired":true,"valueName":"search_term_string"}}],"inLanguage":"pt-PT"},{"@type":"Person","@id":"https:\/\/portaltela.pt\/#\/schema\/person\/c4278d4a6028830caff9ee44b42d32ed","name":"Telinha","image":{"@type":"ImageObject","inLanguage":"pt-PT","@id":"https:\/\/portaltela.pt\/s.01k8rhncp4jt1\/2025\/11\/talking-bot-125x125.png","url":"https:\/\/portaltela.pt\/s.01k8rhncp4jt1\/2025\/11\/talking-bot-125x125.png","contentUrl":"https:\/\/portaltela.pt\/s.01k8rhncp4jt1\/2025\/11\/talking-bot-125x125.png","caption":"Telinha"},"sameAs":["https:\/\/portaltela.pt\/"],"url":"https:\/\/portaltela.pt\/por\/367410592786\/"}]}},"_links":{"self":[{"href":"https:\/\/portaltela.pt\/api\/wp\/v2\/posts\/443032","targetHints":{"allow":["GET"]}}],"collection":[{"href":"https:\/\/portaltela.pt\/api\/wp\/v2\/posts"}],"about":[{"href":"https:\/\/portaltela.pt\/api\/wp\/v2\/types\/post"}],"author":[{"embeddable":true,"href":"https:\/\/portaltela.pt\/api\/wp\/v2\/users\/2"}],"replies":[{"embeddable":true,"href":"https:\/\/portaltela.pt\/api\/wp\/v2\/comments?post=443032"}],"version-history":[{"count":0,"href":"https:\/\/portaltela.pt\/api\/wp\/v2\/posts\/443032\/revisions"}],"wp:featuredmedia":[{"embeddable":true,"href":"https:\/\/portaltela.pt\/api\/wp\/v2\/media\/443034"}],"wp:attachment":[{"href":"https:\/\/portaltela.pt\/api\/wp\/v2\/media?parent=443032"}],"wp:term":[{"taxonomy":"category","embeddable":true,"href":"https:\/\/portaltela.pt\/api\/wp\/v2\/categories?post=443032"},{"taxonomy":"post_tag","embeddable":true,"href":"https:\/\/portaltela.pt\/api\/wp\/v2\/tags?post=443032"}],"curies":[{"name":"wp","href":"https:\/\/api.w.org\/{rel}","templated":true}]}}