{"id":442948,"date":"2026-04-13T17:02:21","date_gmt":"2026-04-13T20:02:21","guid":{"rendered":"https:\/\/portaltela.pt\/noticias\/2026\/04\/13\/real-madrid-recusa-jornada-retro-em-espanha-entre-passado-e-presente\/"},"modified":"2026-04-13T17:02:21","modified_gmt":"2026-04-13T20:02:21","slug":"real-madrid-recusa-jornada-retro-em-espanha-entre-passado-e-presente","status":"publish","type":"post","link":"https:\/\/portaltela.pt\/desporto\/futebol\/2026\/04\/13\/real-madrid-recusa-jornada-retro-em-espanha-entre-passado-e-presente\/","title":{"rendered":"Real Madrid recusa jornada retro em Espanha, entre passado e presente"},"content":{"rendered":"<p>Numa jornada de nostalgia, o Real Madrid recusou participar na iniciativa vintage da La Liga. Florentino P\u00e9rez optou por n\u00e3o alinhar com a experi\u00eancia que incluiu \u00e1rbitros, grafismos e bolas de jogo retro. O clube da capital revelou uma posi\u00e7\u00e3o de discord\u00e2ncia com a organiza\u00e7\u00e3o, mantendo-se \u00e0 margem.<\/p>\n<p>A jornada 31, que prometia revisitar \u00e9pocas passadas, viu clubes lan\u00e7arem equipamentos retro, com varia\u00e7\u00f5es de design e r\u00e9plicas hist\u00f3ricas. O Burgos chegou a ver Fer Nino celebrar um golo apontando para uma zona da camisola onde o s\u00edmbolo j\u00e1 n\u00e3o consta.<\/p>\n<h3>Participa\u00e7\u00e3o e realiza\u00e7\u00e3o t\u00e9cnica<\/h3>\n<p>Os elementos da promo\u00e7\u00e3o conservaram o esp\u00edrito antigo apenas na est\u00e9tica. Patroc\u00ednios atuais coexistiram com figuras retro, e os \u00e1rbitros utilizaram camisolas com padr\u00f5es do Mundial de 1994. A bola foi desenhada pela Puma com motivos geom\u00e9tricos dos anos 90, enquanto grafismos simulavam uma linguagem de outra era.<\/p>\n<h3>Rea\u00e7\u00e3o de clubes e sentido da iniciativa<\/h3>\n<p>A La Liga descreveu o objetivo de levar os adeptos a viverem o futebol como uma viagem no tempo, com placas, transi\u00e7\u00f5es e r\u00f3tulos gr\u00e1ficos que evocam \u00e9pocas passadas. A ideia visa tamb\u00e9m explorar o nicho de camisolas vintage, j\u00e1 em crescimento no mercado.<\/p>\n<h3>Envolvidos na controv\u00e9rsia<\/h3>\n<p>Barcelona, Getafe e Rayo Vallecano participaram de forma parcial, mencionando dificuldades log\u00edsticas. A posi\u00e7\u00e3o do Real Madrid intensificou a tens\u00e3o entre Florentino P\u00e9rez e Javier Tebas, presidente da La Liga, em torno do mote 42 legados, 42 formas de ganhar. Em 38 clubes houve ades\u00e3o \u00e0 iniciativa.<\/p>\n","protected":false},"excerpt":{"rendered":"<ul>\n<li>O Real Madrid recusou participar na jornada &#8220;vintage&#8221; da La Liga, mantendo o conflito com a Liga que persiste desde 2024 e que envolve Florentino P\u00e9rez e Javier Tebas.<\/li>\n<li>A iniciativa da La Liga visava trazer o passado \u00e0 evid\u00eancia, com equipamentos retro, \u00e1rbitros com vestu\u00e1rio diferente, bolas inspiradas em modelos antigos e grafismos de d\u00e9cadas passadas.<\/li>\n<li>A Puma desenhou uma bola especial para a jornada, enquanto as transmiss\u00f5es apresentaram grafismos e uma est\u00e9tica de videojogo do in\u00edcio dos anos 2000.<\/li>\n<li>Clubes como Barcelona, Getafe e Rayo Vallecano participaram parcialmente ou de forma promocional, citando dificuldades log\u00edsticas para se prepararem.<\/li>\n<li>A ideia de fundo era explorar o nicho de camisolas vintage, com clubes j\u00e1 a explorar edi\u00e7\u00f5es retro, mas a participa\u00e7\u00e3o ficou aqu\u00e9m do total de 42 equipas previstas (38 aderiram).<\/li>\n<\/ul>\n","protected":false},"author":2,"featured_media":442953,"comment_status":"closed","ping_status":"closed","sticky":false,"template":"","format":"standard","meta":{"footnotes":""},"categories":[21,24],"tags":[6920,2587,6395,32,1789,2714],"class_list":["post-442948","post","type-post","status-publish","format-standard","has-post-thumbnail","hentry","category-desporto","category-futebol","tag-arbitros","tag-barcelona","tag-camisolas","tag-futebol","tag-la-liga","tag-real-madrid"],"yoast_head":"<!-- This site is optimized with the Yoast SEO plugin v27.2 - https:\/\/yoast.com\/product\/yoast-seo-wordpress\/ -->\n<title>Real Madrid recusa jornada retro em Espanha, entre passado e presente - Portal Tela Portugal<\/title>\n<meta name=\"robots\" content=\"index, follow, max-snippet:-1, max-image-preview:large, max-video-preview:-1\" \/>\n<meta property=\"og:locale\" content=\"pt_PT\" \/>\n<meta property=\"og:type\" content=\"article\" \/>\n<meta property=\"og:title\" content=\"Real Madrid recusa jornada retro em Espanha, entre passado e presente - Portal Tela Portugal\" \/>\n<meta property=\"og:description\" content=\"O Real Madrid recusou participar na jornada &quot;vintage&quot; da La Liga, mantendo o conflito com a Liga que persiste desde 2024 e que envolve Florentino P\u00e9rez e Javier Tebas. A iniciativa da La Liga visava trazer o passado \u00e0 evid\u00eancia, com equipamentos retro, \u00e1rbitros com vestu\u00e1rio diferente, bolas inspiradas em modelos antigos e grafismos de d\u00e9cadas passadas. A Puma desenhou uma bola especial para a jornada, enquanto as transmiss\u00f5es apresentaram grafismos e uma est\u00e9tica de videojogo do in\u00edcio dos anos 2000. Clubes como Barcelona, Getafe e Rayo Vallecano participaram parcialmente ou de forma promocional, citando dificuldades log\u00edsticas para se prepararem. A ideia de fundo era explorar o nicho de camisolas vintage, com clubes j\u00e1 a explorar edi\u00e7\u00f5es retro, mas a participa\u00e7\u00e3o ficou aqu\u00e9m do total de 42 equipas previstas (38 aderiram).\" \/>\n<meta property=\"og:url\" content=\"https:\/\/portaltela.pt\/noticias\/2026\/04\/13\/real-madrid-recusa-jornada-retro-em-espanha-entre-passado-e-presente\/\" \/>\n<meta property=\"og:site_name\" content=\"Portal Tela Portugal\" \/>\n<meta property=\"article:published_time\" content=\"2026-04-13T20:02:21+00:00\" \/>\n<meta name=\"author\" content=\"Telinha\" \/>\n<meta name=\"twitter:card\" content=\"summary_large_image\" \/>\n<meta name=\"twitter:label1\" content=\"Escrito por\" \/>\n\t<meta name=\"twitter:data1\" content=\"Telinha\" \/>\n\t<meta name=\"twitter:label2\" content=\"Tempo estimado de leitura\" \/>\n\t<meta name=\"twitter:data2\" content=\"1 minuto\" \/>\n<script type=\"application\/ld+json\" class=\"yoast-schema-graph\">{\"@context\":\"https:\/\/schema.org\",\"@graph\":[{\"@type\":\"Article\",\"@id\":\"https:\/\/portaltela.pt\/noticias\/2026\/04\/13\/real-madrid-recusa-jornada-retro-em-espanha-entre-passado-e-presente\/#article\",\"isPartOf\":{\"@id\":\"https:\/\/portaltela.pt\/noticias\/2026\/04\/13\/real-madrid-recusa-jornada-retro-em-espanha-entre-passado-e-presente\/\"},\"author\":{\"name\":\"Telinha\",\"@id\":\"https:\/\/portaltela.pt\/#\/schema\/person\/c4278d4a6028830caff9ee44b42d32ed\"},\"headline\":\"Real Madrid recusa jornada retro em Espanha, entre passado e presente\",\"datePublished\":\"2026-04-13T20:02:21+00:00\",\"mainEntityOfPage\":{\"@id\":\"https:\/\/portaltela.pt\/noticias\/2026\/04\/13\/real-madrid-recusa-jornada-retro-em-espanha-entre-passado-e-presente\/\"},\"wordCount\":278,\"image\":{\"@id\":\"https:\/\/portaltela.pt\/noticias\/2026\/04\/13\/real-madrid-recusa-jornada-retro-em-espanha-entre-passado-e-presente\/#primaryimage\"},\"thumbnailUrl\":\"https:\/\/portaltela.pt\/s.01k8rhncp4jt1\/2026\/04\/2081006.jpg\",\"keywords\":[\"\u00e1rbitros\",\"Barcelona\",\"camisolas\",\"futebol\",\"La Liga\",\"Real Madrid\"],\"articleSection\":[\"Desporto\",\"Futebol\"],\"inLanguage\":\"pt-PT\"},{\"@type\":\"WebPage\",\"@id\":\"https:\/\/portaltela.pt\/noticias\/2026\/04\/13\/real-madrid-recusa-jornada-retro-em-espanha-entre-passado-e-presente\/\",\"url\":\"https:\/\/portaltela.pt\/noticias\/2026\/04\/13\/real-madrid-recusa-jornada-retro-em-espanha-entre-passado-e-presente\/\",\"name\":\"Real Madrid recusa jornada retro em Espanha, entre passado e presente - Portal Tela Portugal\",\"isPartOf\":{\"@id\":\"https:\/\/portaltela.pt\/#website\"},\"primaryImageOfPage\":{\"@id\":\"https:\/\/portaltela.pt\/noticias\/2026\/04\/13\/real-madrid-recusa-jornada-retro-em-espanha-entre-passado-e-presente\/#primaryimage\"},\"image\":{\"@id\":\"https:\/\/portaltela.pt\/noticias\/2026\/04\/13\/real-madrid-recusa-jornada-retro-em-espanha-entre-passado-e-presente\/#primaryimage\"},\"thumbnailUrl\":\"https:\/\/portaltela.pt\/s.01k8rhncp4jt1\/2026\/04\/2081006.jpg\",\"datePublished\":\"2026-04-13T20:02:21+00:00\",\"author\":{\"@id\":\"https:\/\/portaltela.pt\/#\/schema\/person\/c4278d4a6028830caff9ee44b42d32ed\"},\"breadcrumb\":{\"@id\":\"https:\/\/portaltela.pt\/noticias\/2026\/04\/13\/real-madrid-recusa-jornada-retro-em-espanha-entre-passado-e-presente\/#breadcrumb\"},\"inLanguage\":\"pt-PT\",\"potentialAction\":[{\"@type\":\"ReadAction\",\"target\":[\"https:\/\/portaltela.pt\/noticias\/2026\/04\/13\/real-madrid-recusa-jornada-retro-em-espanha-entre-passado-e-presente\/\"]}]},{\"@type\":\"ImageObject\",\"inLanguage\":\"pt-PT\",\"@id\":\"https:\/\/portaltela.pt\/noticias\/2026\/04\/13\/real-madrid-recusa-jornada-retro-em-espanha-entre-passado-e-presente\/#primaryimage\",\"url\":\"https:\/\/portaltela.pt\/s.01k8rhncp4jt1\/2026\/04\/2081006.jpg\",\"contentUrl\":\"https:\/\/portaltela.pt\/s.01k8rhncp4jt1\/2026\/04\/2081006.jpg\",\"width\":796,\"height\":448,\"caption\":\"A camisola retro do Villarreal para a jornada da Liga espanhola\"},{\"@type\":\"BreadcrumbList\",\"@id\":\"https:\/\/portaltela.pt\/noticias\/2026\/04\/13\/real-madrid-recusa-jornada-retro-em-espanha-entre-passado-e-presente\/#breadcrumb\",\"itemListElement\":[{\"@type\":\"ListItem\",\"position\":1,\"name\":\"In\u00edcio\",\"item\":\"https:\/\/portaltela.pt\/\"},{\"@type\":\"ListItem\",\"position\":2,\"name\":\"Real Madrid recusa jornada retro em Espanha, entre passado e presente\"}]},{\"@type\":\"WebSite\",\"@id\":\"https:\/\/portaltela.pt\/#website\",\"url\":\"https:\/\/portaltela.pt\/\",\"name\":\"Portal Tela Portugal\",\"description\":\"\",\"potentialAction\":[{\"@type\":\"SearchAction\",\"target\":{\"@type\":\"EntryPoint\",\"urlTemplate\":\"https:\/\/portaltela.pt\/?s={search_term_string}\"},\"query-input\":{\"@type\":\"PropertyValueSpecification\",\"valueRequired\":true,\"valueName\":\"search_term_string\"}}],\"inLanguage\":\"pt-PT\"},{\"@type\":\"Person\",\"@id\":\"https:\/\/portaltela.pt\/#\/schema\/person\/c4278d4a6028830caff9ee44b42d32ed\",\"name\":\"Telinha\",\"image\":{\"@type\":\"ImageObject\",\"inLanguage\":\"pt-PT\",\"@id\":\"https:\/\/portaltela.pt\/s.01k8rhncp4jt1\/2025\/11\/talking-bot-125x125.png\",\"url\":\"https:\/\/portaltela.pt\/s.01k8rhncp4jt1\/2025\/11\/talking-bot-125x125.png\",\"contentUrl\":\"https:\/\/portaltela.pt\/s.01k8rhncp4jt1\/2025\/11\/talking-bot-125x125.png\",\"caption\":\"Telinha\"},\"sameAs\":[\"https:\/\/portaltela.pt\/\"],\"url\":\"https:\/\/portaltela.pt\/por\/367410592786\/\"}]}<\/script>\n<!-- \/ Yoast SEO plugin. -->","yoast_head_json":{"title":"Real Madrid recusa jornada retro em Espanha, entre passado e presente - Portal Tela Portugal","robots":{"index":"index","follow":"follow","max-snippet":"max-snippet:-1","max-image-preview":"max-image-preview:large","max-video-preview":"max-video-preview:-1"},"og_locale":"pt_PT","og_type":"article","og_title":"Real Madrid recusa jornada retro em Espanha, entre passado e presente - Portal Tela Portugal","og_description":"O Real Madrid recusou participar na jornada \"vintage\" da La Liga, mantendo o conflito com a Liga que persiste desde 2024 e que envolve Florentino P\u00e9rez e Javier Tebas. A iniciativa da La Liga visava trazer o passado \u00e0 evid\u00eancia, com equipamentos retro, \u00e1rbitros com vestu\u00e1rio diferente, bolas inspiradas em modelos antigos e grafismos de d\u00e9cadas passadas. A Puma desenhou uma bola especial para a jornada, enquanto as transmiss\u00f5es apresentaram grafismos e uma est\u00e9tica de videojogo do in\u00edcio dos anos 2000. Clubes como Barcelona, Getafe e Rayo Vallecano participaram parcialmente ou de forma promocional, citando dificuldades log\u00edsticas para se prepararem. A ideia de fundo era explorar o nicho de camisolas vintage, com clubes j\u00e1 a explorar edi\u00e7\u00f5es retro, mas a participa\u00e7\u00e3o ficou aqu\u00e9m do total de 42 equipas previstas (38 aderiram).","og_url":"https:\/\/portaltela.pt\/noticias\/2026\/04\/13\/real-madrid-recusa-jornada-retro-em-espanha-entre-passado-e-presente\/","og_site_name":"Portal Tela Portugal","article_published_time":"2026-04-13T20:02:21+00:00","author":"Telinha","twitter_card":"summary_large_image","twitter_misc":{"Escrito por":"Telinha","Tempo estimado de leitura":"1 minuto"},"schema":{"@context":"https:\/\/schema.org","@graph":[{"@type":"Article","@id":"https:\/\/portaltela.pt\/noticias\/2026\/04\/13\/real-madrid-recusa-jornada-retro-em-espanha-entre-passado-e-presente\/#article","isPartOf":{"@id":"https:\/\/portaltela.pt\/noticias\/2026\/04\/13\/real-madrid-recusa-jornada-retro-em-espanha-entre-passado-e-presente\/"},"author":{"name":"Telinha","@id":"https:\/\/portaltela.pt\/#\/schema\/person\/c4278d4a6028830caff9ee44b42d32ed"},"headline":"Real Madrid recusa jornada retro em Espanha, entre passado e presente","datePublished":"2026-04-13T20:02:21+00:00","mainEntityOfPage":{"@id":"https:\/\/portaltela.pt\/noticias\/2026\/04\/13\/real-madrid-recusa-jornada-retro-em-espanha-entre-passado-e-presente\/"},"wordCount":278,"image":{"@id":"https:\/\/portaltela.pt\/noticias\/2026\/04\/13\/real-madrid-recusa-jornada-retro-em-espanha-entre-passado-e-presente\/#primaryimage"},"thumbnailUrl":"https:\/\/portaltela.pt\/s.01k8rhncp4jt1\/2026\/04\/2081006.jpg","keywords":["\u00e1rbitros","Barcelona","camisolas","futebol","La Liga","Real Madrid"],"articleSection":["Desporto","Futebol"],"inLanguage":"pt-PT"},{"@type":"WebPage","@id":"https:\/\/portaltela.pt\/noticias\/2026\/04\/13\/real-madrid-recusa-jornada-retro-em-espanha-entre-passado-e-presente\/","url":"https:\/\/portaltela.pt\/noticias\/2026\/04\/13\/real-madrid-recusa-jornada-retro-em-espanha-entre-passado-e-presente\/","name":"Real Madrid recusa jornada retro em Espanha, entre passado e presente - Portal Tela Portugal","isPartOf":{"@id":"https:\/\/portaltela.pt\/#website"},"primaryImageOfPage":{"@id":"https:\/\/portaltela.pt\/noticias\/2026\/04\/13\/real-madrid-recusa-jornada-retro-em-espanha-entre-passado-e-presente\/#primaryimage"},"image":{"@id":"https:\/\/portaltela.pt\/noticias\/2026\/04\/13\/real-madrid-recusa-jornada-retro-em-espanha-entre-passado-e-presente\/#primaryimage"},"thumbnailUrl":"https:\/\/portaltela.pt\/s.01k8rhncp4jt1\/2026\/04\/2081006.jpg","datePublished":"2026-04-13T20:02:21+00:00","author":{"@id":"https:\/\/portaltela.pt\/#\/schema\/person\/c4278d4a6028830caff9ee44b42d32ed"},"breadcrumb":{"@id":"https:\/\/portaltela.pt\/noticias\/2026\/04\/13\/real-madrid-recusa-jornada-retro-em-espanha-entre-passado-e-presente\/#breadcrumb"},"inLanguage":"pt-PT","potentialAction":[{"@type":"ReadAction","target":["https:\/\/portaltela.pt\/noticias\/2026\/04\/13\/real-madrid-recusa-jornada-retro-em-espanha-entre-passado-e-presente\/"]}]},{"@type":"ImageObject","inLanguage":"pt-PT","@id":"https:\/\/portaltela.pt\/noticias\/2026\/04\/13\/real-madrid-recusa-jornada-retro-em-espanha-entre-passado-e-presente\/#primaryimage","url":"https:\/\/portaltela.pt\/s.01k8rhncp4jt1\/2026\/04\/2081006.jpg","contentUrl":"https:\/\/portaltela.pt\/s.01k8rhncp4jt1\/2026\/04\/2081006.jpg","width":796,"height":448,"caption":"A camisola retro do Villarreal para a jornada da Liga espanhola"},{"@type":"BreadcrumbList","@id":"https:\/\/portaltela.pt\/noticias\/2026\/04\/13\/real-madrid-recusa-jornada-retro-em-espanha-entre-passado-e-presente\/#breadcrumb","itemListElement":[{"@type":"ListItem","position":1,"name":"In\u00edcio","item":"https:\/\/portaltela.pt\/"},{"@type":"ListItem","position":2,"name":"Real Madrid recusa jornada retro em Espanha, entre passado e presente"}]},{"@type":"WebSite","@id":"https:\/\/portaltela.pt\/#website","url":"https:\/\/portaltela.pt\/","name":"Portal Tela Portugal","description":"","potentialAction":[{"@type":"SearchAction","target":{"@type":"EntryPoint","urlTemplate":"https:\/\/portaltela.pt\/?s={search_term_string}"},"query-input":{"@type":"PropertyValueSpecification","valueRequired":true,"valueName":"search_term_string"}}],"inLanguage":"pt-PT"},{"@type":"Person","@id":"https:\/\/portaltela.pt\/#\/schema\/person\/c4278d4a6028830caff9ee44b42d32ed","name":"Telinha","image":{"@type":"ImageObject","inLanguage":"pt-PT","@id":"https:\/\/portaltela.pt\/s.01k8rhncp4jt1\/2025\/11\/talking-bot-125x125.png","url":"https:\/\/portaltela.pt\/s.01k8rhncp4jt1\/2025\/11\/talking-bot-125x125.png","contentUrl":"https:\/\/portaltela.pt\/s.01k8rhncp4jt1\/2025\/11\/talking-bot-125x125.png","caption":"Telinha"},"sameAs":["https:\/\/portaltela.pt\/"],"url":"https:\/\/portaltela.pt\/por\/367410592786\/"}]}},"_links":{"self":[{"href":"https:\/\/portaltela.pt\/api\/wp\/v2\/posts\/442948","targetHints":{"allow":["GET"]}}],"collection":[{"href":"https:\/\/portaltela.pt\/api\/wp\/v2\/posts"}],"about":[{"href":"https:\/\/portaltela.pt\/api\/wp\/v2\/types\/post"}],"author":[{"embeddable":true,"href":"https:\/\/portaltela.pt\/api\/wp\/v2\/users\/2"}],"replies":[{"embeddable":true,"href":"https:\/\/portaltela.pt\/api\/wp\/v2\/comments?post=442948"}],"version-history":[{"count":0,"href":"https:\/\/portaltela.pt\/api\/wp\/v2\/posts\/442948\/revisions"}],"wp:featuredmedia":[{"embeddable":true,"href":"https:\/\/portaltela.pt\/api\/wp\/v2\/media\/442953"}],"wp:attachment":[{"href":"https:\/\/portaltela.pt\/api\/wp\/v2\/media?parent=442948"}],"wp:term":[{"taxonomy":"category","embeddable":true,"href":"https:\/\/portaltela.pt\/api\/wp\/v2\/categories?post=442948"},{"taxonomy":"post_tag","embeddable":true,"href":"https:\/\/portaltela.pt\/api\/wp\/v2\/tags?post=442948"}],"curies":[{"name":"wp","href":"https:\/\/api.w.org\/{rel}","templated":true}]}}