{"id":442931,"date":"2026-04-13T16:47:24","date_gmt":"2026-04-13T19:47:24","guid":{"rendered":"https:\/\/portaltela.pt\/noticias\/2026\/04\/13\/inter-responsavel-por-30-dos-golos-sofridos-na-serie-a\/"},"modified":"2026-04-13T16:47:24","modified_gmt":"2026-04-13T19:47:24","slug":"inter-responsavel-por-30-dos-golos-sofridos-na-serie-a","status":"publish","type":"post","link":"https:\/\/portaltela.pt\/desporto\/futebol\/2026\/04\/13\/inter-responsavel-por-30-dos-golos-sofridos-na-serie-a\/","title":{"rendered":"Inter respons\u00e1vel por 30% dos golos sofridos na S\u00e9rie A"},"content":{"rendered":"<p>O Como segue a impressionar o futebol italiano ao longo da temporada, mantendo a defesa menos batida da Serie A com 26 golos sofridos at\u00e9 \u00e0 32.\u00aa jornada e ocupando o 5.\u00ba lugar, que d\u00e1 acesso \u00e0s competi\u00e7\u00f5es europeias. O conjunto treinado por Cesc F\u00e0bregas continua a ser, para muitos, um quebra-cabe\u00e7as.<\/p>\n<p>Quase 30% dos golos do Como no campeonato foram marcados pelo Inter, l\u00edder do campeonato. Na primeira volta, o Inter venceu por 0-4; na segunda, repetiu com um 3-4, em duelo mais equilibrado. Assim, oito tentos do Inter nasceram de um xG de apenas 2,24.<\/p>\n<h3>Ta\u00e7a de It\u00e1lia<\/h3>\n<p>Nesta \u00e9poca, Inter e Como j\u00e1 se encontraram na meia-final da Ta\u00e7a de It\u00e1lia, com um empate sem golos na primeira m\u00e3o. A segunda m\u00e3o est\u00e1 marcada para o dia 21 deste m\u00eas, \u00e0s 20h00, com perspetivas de defini\u00e7\u00e3o do duelo.<\/p>\n","protected":false},"excerpt":{"rendered":"<ul>\n<li>O Como tem a defesa menos batida da Serie A, com 26 golos sofridos, e, \u00e0 32.\u00aa jornada, ocupa o 5.\u00ba lugar.<\/li>\n<li>Cerca de trinta por cento dos golos do Como no campeonato foram marcados pelo Inter, que soma oito tentos frente \u00e0 equipa sensa\u00e7\u00e3o.<\/li>\n<li>Na primeira volta, o Inter ganhou por 0-4 ao Como; na segunda volta, repetiu a vit\u00f3ria mas por 3-4, num encontro mais equilibrado.<\/li>\n<li>Os oito tentos do Inter surgiram de um xG de apenas 2,24, o que significa que apenas dois golos eram esperados.<\/li>\n<li>Em temporada, Inter e Como j\u00e1 se defrontaram nas meias-finais da Ta\u00e7a de It\u00e1lia, com empate sem golos na primeira m\u00e3o; a segunda m\u00e3o est\u00e1 marcada para 21 deste m\u00eas, \u00e0s 20h00.<\/li>\n<\/ul>\n","protected":false},"author":2,"featured_media":442932,"comment_status":"closed","ping_status":"closed","sticky":false,"template":"","format":"standard","meta":{"footnotes":""},"categories":[21,24],"tags":[227,32,3338,2119,1857,6014],"class_list":["post-442931","post","type-post","status-publish","format-standard","has-post-thumbnail","hentry","category-desporto","category-futebol","tag-campeonato","tag-futebol","tag-futebol-internacional","tag-inter-de-milao","tag-italia","tag-noticias-internacionais"],"yoast_head":"<!-- This site is optimized with the Yoast SEO plugin v27.2 - https:\/\/yoast.com\/product\/yoast-seo-wordpress\/ -->\n<title>Inter respons\u00e1vel por 30% dos golos sofridos na S\u00e9rie A - Portal Tela Portugal<\/title>\n<meta name=\"robots\" content=\"index, follow, max-snippet:-1, max-image-preview:large, max-video-preview:-1\" \/>\n<meta property=\"og:locale\" content=\"pt_PT\" \/>\n<meta property=\"og:type\" content=\"article\" \/>\n<meta property=\"og:title\" content=\"Inter respons\u00e1vel por 30% dos golos sofridos na S\u00e9rie A - Portal Tela Portugal\" \/>\n<meta property=\"og:description\" content=\"O Como tem a defesa menos batida da Serie A, com 26 golos sofridos, e, \u00e0 32.\u00aa jornada, ocupa o 5.\u00ba lugar. Cerca de trinta por cento dos golos do Como no campeonato foram marcados pelo Inter, que soma oito tentos frente \u00e0 equipa sensa\u00e7\u00e3o. Na primeira volta, o Inter ganhou por 0-4 ao Como; na segunda volta, repetiu a vit\u00f3ria mas por 3-4, num encontro mais equilibrado. Os oito tentos do Inter surgiram de um xG de apenas 2,24, o que significa que apenas dois golos eram esperados. Em temporada, Inter e Como j\u00e1 se defrontaram nas meias-finais da Ta\u00e7a de It\u00e1lia, com empate sem golos na primeira m\u00e3o; a segunda m\u00e3o est\u00e1 marcada para 21 deste m\u00eas, \u00e0s 20h00.\" \/>\n<meta property=\"og:url\" content=\"https:\/\/portaltela.pt\/noticias\/2026\/04\/13\/inter-responsavel-por-30-dos-golos-sofridos-na-serie-a\/\" \/>\n<meta property=\"og:site_name\" content=\"Portal Tela Portugal\" \/>\n<meta property=\"article:published_time\" content=\"2026-04-13T19:47:24+00:00\" \/>\n<meta name=\"author\" content=\"Telinha\" \/>\n<meta name=\"twitter:card\" content=\"summary_large_image\" \/>\n<meta name=\"twitter:label1\" content=\"Escrito por\" \/>\n\t<meta name=\"twitter:data1\" content=\"Telinha\" \/>\n\t<meta name=\"twitter:label2\" content=\"Tempo estimado de leitura\" \/>\n\t<meta name=\"twitter:data2\" content=\"1 minuto\" \/>\n<script type=\"application\/ld+json\" class=\"yoast-schema-graph\">{\"@context\":\"https:\/\/schema.org\",\"@graph\":[{\"@type\":\"Article\",\"@id\":\"https:\/\/portaltela.pt\/noticias\/2026\/04\/13\/inter-responsavel-por-30-dos-golos-sofridos-na-serie-a\/#article\",\"isPartOf\":{\"@id\":\"https:\/\/portaltela.pt\/noticias\/2026\/04\/13\/inter-responsavel-por-30-dos-golos-sofridos-na-serie-a\/\"},\"author\":{\"name\":\"Telinha\",\"@id\":\"https:\/\/portaltela.pt\/#\/schema\/person\/c4278d4a6028830caff9ee44b42d32ed\"},\"headline\":\"Inter respons\u00e1vel por 30% dos golos sofridos na S\u00e9rie A\",\"datePublished\":\"2026-04-13T19:47:24+00:00\",\"mainEntityOfPage\":{\"@id\":\"https:\/\/portaltela.pt\/noticias\/2026\/04\/13\/inter-responsavel-por-30-dos-golos-sofridos-na-serie-a\/\"},\"wordCount\":157,\"image\":{\"@id\":\"https:\/\/portaltela.pt\/noticias\/2026\/04\/13\/inter-responsavel-por-30-dos-golos-sofridos-na-serie-a\/#primaryimage\"},\"thumbnailUrl\":\"https:\/\/portaltela.pt\/s.01k8rhncp4jt1\/2026\/04\/img_920x518uu2026-04-13-20-40-53-2432887.jpg\",\"keywords\":[\"campeonato\",\"futebol\",\"futebol internacional\",\"Inter de Mil\u00e3o\",\"It\u00e1lia\",\"not\u00edcias internacionais\"],\"articleSection\":[\"Desporto\",\"Futebol\"],\"inLanguage\":\"pt-PT\"},{\"@type\":\"WebPage\",\"@id\":\"https:\/\/portaltela.pt\/noticias\/2026\/04\/13\/inter-responsavel-por-30-dos-golos-sofridos-na-serie-a\/\",\"url\":\"https:\/\/portaltela.pt\/noticias\/2026\/04\/13\/inter-responsavel-por-30-dos-golos-sofridos-na-serie-a\/\",\"name\":\"Inter respons\u00e1vel por 30% dos golos sofridos na S\u00e9rie A - Portal Tela Portugal\",\"isPartOf\":{\"@id\":\"https:\/\/portaltela.pt\/#website\"},\"primaryImageOfPage\":{\"@id\":\"https:\/\/portaltela.pt\/noticias\/2026\/04\/13\/inter-responsavel-por-30-dos-golos-sofridos-na-serie-a\/#primaryimage\"},\"image\":{\"@id\":\"https:\/\/portaltela.pt\/noticias\/2026\/04\/13\/inter-responsavel-por-30-dos-golos-sofridos-na-serie-a\/#primaryimage\"},\"thumbnailUrl\":\"https:\/\/portaltela.pt\/s.01k8rhncp4jt1\/2026\/04\/img_920x518uu2026-04-13-20-40-53-2432887.jpg\",\"datePublished\":\"2026-04-13T19:47:24+00:00\",\"author\":{\"@id\":\"https:\/\/portaltela.pt\/#\/schema\/person\/c4278d4a6028830caff9ee44b42d32ed\"},\"breadcrumb\":{\"@id\":\"https:\/\/portaltela.pt\/noticias\/2026\/04\/13\/inter-responsavel-por-30-dos-golos-sofridos-na-serie-a\/#breadcrumb\"},\"inLanguage\":\"pt-PT\",\"potentialAction\":[{\"@type\":\"ReadAction\",\"target\":[\"https:\/\/portaltela.pt\/noticias\/2026\/04\/13\/inter-responsavel-por-30-dos-golos-sofridos-na-serie-a\/\"]}]},{\"@type\":\"ImageObject\",\"inLanguage\":\"pt-PT\",\"@id\":\"https:\/\/portaltela.pt\/noticias\/2026\/04\/13\/inter-responsavel-por-30-dos-golos-sofridos-na-serie-a\/#primaryimage\",\"url\":\"https:\/\/portaltela.pt\/s.01k8rhncp4jt1\/2026\/04\/img_920x518uu2026-04-13-20-40-53-2432887.jpg\",\"contentUrl\":\"https:\/\/portaltela.pt\/s.01k8rhncp4jt1\/2026\/04\/img_920x518uu2026-04-13-20-40-53-2432887.jpg\",\"width\":796,\"height\":448,\"caption\":\"Jogadores do Inter festejam frente ao Como\"},{\"@type\":\"BreadcrumbList\",\"@id\":\"https:\/\/portaltela.pt\/noticias\/2026\/04\/13\/inter-responsavel-por-30-dos-golos-sofridos-na-serie-a\/#breadcrumb\",\"itemListElement\":[{\"@type\":\"ListItem\",\"position\":1,\"name\":\"In\u00edcio\",\"item\":\"https:\/\/portaltela.pt\/\"},{\"@type\":\"ListItem\",\"position\":2,\"name\":\"Inter respons\u00e1vel por 30% dos golos sofridos na S\u00e9rie A\"}]},{\"@type\":\"WebSite\",\"@id\":\"https:\/\/portaltela.pt\/#website\",\"url\":\"https:\/\/portaltela.pt\/\",\"name\":\"Portal Tela Portugal\",\"description\":\"\",\"potentialAction\":[{\"@type\":\"SearchAction\",\"target\":{\"@type\":\"EntryPoint\",\"urlTemplate\":\"https:\/\/portaltela.pt\/?s={search_term_string}\"},\"query-input\":{\"@type\":\"PropertyValueSpecification\",\"valueRequired\":true,\"valueName\":\"search_term_string\"}}],\"inLanguage\":\"pt-PT\"},{\"@type\":\"Person\",\"@id\":\"https:\/\/portaltela.pt\/#\/schema\/person\/c4278d4a6028830caff9ee44b42d32ed\",\"name\":\"Telinha\",\"image\":{\"@type\":\"ImageObject\",\"inLanguage\":\"pt-PT\",\"@id\":\"https:\/\/portaltela.pt\/s.01k8rhncp4jt1\/2025\/11\/talking-bot-125x125.png\",\"url\":\"https:\/\/portaltela.pt\/s.01k8rhncp4jt1\/2025\/11\/talking-bot-125x125.png\",\"contentUrl\":\"https:\/\/portaltela.pt\/s.01k8rhncp4jt1\/2025\/11\/talking-bot-125x125.png\",\"caption\":\"Telinha\"},\"sameAs\":[\"https:\/\/portaltela.pt\/\"],\"url\":\"https:\/\/portaltela.pt\/por\/367410592786\/\"}]}<\/script>\n<!-- \/ Yoast SEO plugin. -->","yoast_head_json":{"title":"Inter respons\u00e1vel por 30% dos golos sofridos na S\u00e9rie A - Portal Tela Portugal","robots":{"index":"index","follow":"follow","max-snippet":"max-snippet:-1","max-image-preview":"max-image-preview:large","max-video-preview":"max-video-preview:-1"},"og_locale":"pt_PT","og_type":"article","og_title":"Inter respons\u00e1vel por 30% dos golos sofridos na S\u00e9rie A - Portal Tela Portugal","og_description":"O Como tem a defesa menos batida da Serie A, com 26 golos sofridos, e, \u00e0 32.\u00aa jornada, ocupa o 5.\u00ba lugar. Cerca de trinta por cento dos golos do Como no campeonato foram marcados pelo Inter, que soma oito tentos frente \u00e0 equipa sensa\u00e7\u00e3o. Na primeira volta, o Inter ganhou por 0-4 ao Como; na segunda volta, repetiu a vit\u00f3ria mas por 3-4, num encontro mais equilibrado. Os oito tentos do Inter surgiram de um xG de apenas 2,24, o que significa que apenas dois golos eram esperados. Em temporada, Inter e Como j\u00e1 se defrontaram nas meias-finais da Ta\u00e7a de It\u00e1lia, com empate sem golos na primeira m\u00e3o; a segunda m\u00e3o est\u00e1 marcada para 21 deste m\u00eas, \u00e0s 20h00.","og_url":"https:\/\/portaltela.pt\/noticias\/2026\/04\/13\/inter-responsavel-por-30-dos-golos-sofridos-na-serie-a\/","og_site_name":"Portal Tela Portugal","article_published_time":"2026-04-13T19:47:24+00:00","author":"Telinha","twitter_card":"summary_large_image","twitter_misc":{"Escrito por":"Telinha","Tempo estimado de leitura":"1 minuto"},"schema":{"@context":"https:\/\/schema.org","@graph":[{"@type":"Article","@id":"https:\/\/portaltela.pt\/noticias\/2026\/04\/13\/inter-responsavel-por-30-dos-golos-sofridos-na-serie-a\/#article","isPartOf":{"@id":"https:\/\/portaltela.pt\/noticias\/2026\/04\/13\/inter-responsavel-por-30-dos-golos-sofridos-na-serie-a\/"},"author":{"name":"Telinha","@id":"https:\/\/portaltela.pt\/#\/schema\/person\/c4278d4a6028830caff9ee44b42d32ed"},"headline":"Inter respons\u00e1vel por 30% dos golos sofridos na S\u00e9rie A","datePublished":"2026-04-13T19:47:24+00:00","mainEntityOfPage":{"@id":"https:\/\/portaltela.pt\/noticias\/2026\/04\/13\/inter-responsavel-por-30-dos-golos-sofridos-na-serie-a\/"},"wordCount":157,"image":{"@id":"https:\/\/portaltela.pt\/noticias\/2026\/04\/13\/inter-responsavel-por-30-dos-golos-sofridos-na-serie-a\/#primaryimage"},"thumbnailUrl":"https:\/\/portaltela.pt\/s.01k8rhncp4jt1\/2026\/04\/img_920x518uu2026-04-13-20-40-53-2432887.jpg","keywords":["campeonato","futebol","futebol internacional","Inter de Mil\u00e3o","It\u00e1lia","not\u00edcias internacionais"],"articleSection":["Desporto","Futebol"],"inLanguage":"pt-PT"},{"@type":"WebPage","@id":"https:\/\/portaltela.pt\/noticias\/2026\/04\/13\/inter-responsavel-por-30-dos-golos-sofridos-na-serie-a\/","url":"https:\/\/portaltela.pt\/noticias\/2026\/04\/13\/inter-responsavel-por-30-dos-golos-sofridos-na-serie-a\/","name":"Inter respons\u00e1vel por 30% dos golos sofridos na S\u00e9rie A - Portal Tela Portugal","isPartOf":{"@id":"https:\/\/portaltela.pt\/#website"},"primaryImageOfPage":{"@id":"https:\/\/portaltela.pt\/noticias\/2026\/04\/13\/inter-responsavel-por-30-dos-golos-sofridos-na-serie-a\/#primaryimage"},"image":{"@id":"https:\/\/portaltela.pt\/noticias\/2026\/04\/13\/inter-responsavel-por-30-dos-golos-sofridos-na-serie-a\/#primaryimage"},"thumbnailUrl":"https:\/\/portaltela.pt\/s.01k8rhncp4jt1\/2026\/04\/img_920x518uu2026-04-13-20-40-53-2432887.jpg","datePublished":"2026-04-13T19:47:24+00:00","author":{"@id":"https:\/\/portaltela.pt\/#\/schema\/person\/c4278d4a6028830caff9ee44b42d32ed"},"breadcrumb":{"@id":"https:\/\/portaltela.pt\/noticias\/2026\/04\/13\/inter-responsavel-por-30-dos-golos-sofridos-na-serie-a\/#breadcrumb"},"inLanguage":"pt-PT","potentialAction":[{"@type":"ReadAction","target":["https:\/\/portaltela.pt\/noticias\/2026\/04\/13\/inter-responsavel-por-30-dos-golos-sofridos-na-serie-a\/"]}]},{"@type":"ImageObject","inLanguage":"pt-PT","@id":"https:\/\/portaltela.pt\/noticias\/2026\/04\/13\/inter-responsavel-por-30-dos-golos-sofridos-na-serie-a\/#primaryimage","url":"https:\/\/portaltela.pt\/s.01k8rhncp4jt1\/2026\/04\/img_920x518uu2026-04-13-20-40-53-2432887.jpg","contentUrl":"https:\/\/portaltela.pt\/s.01k8rhncp4jt1\/2026\/04\/img_920x518uu2026-04-13-20-40-53-2432887.jpg","width":796,"height":448,"caption":"Jogadores do Inter festejam frente ao Como"},{"@type":"BreadcrumbList","@id":"https:\/\/portaltela.pt\/noticias\/2026\/04\/13\/inter-responsavel-por-30-dos-golos-sofridos-na-serie-a\/#breadcrumb","itemListElement":[{"@type":"ListItem","position":1,"name":"In\u00edcio","item":"https:\/\/portaltela.pt\/"},{"@type":"ListItem","position":2,"name":"Inter respons\u00e1vel por 30% dos golos sofridos na S\u00e9rie A"}]},{"@type":"WebSite","@id":"https:\/\/portaltela.pt\/#website","url":"https:\/\/portaltela.pt\/","name":"Portal Tela Portugal","description":"","potentialAction":[{"@type":"SearchAction","target":{"@type":"EntryPoint","urlTemplate":"https:\/\/portaltela.pt\/?s={search_term_string}"},"query-input":{"@type":"PropertyValueSpecification","valueRequired":true,"valueName":"search_term_string"}}],"inLanguage":"pt-PT"},{"@type":"Person","@id":"https:\/\/portaltela.pt\/#\/schema\/person\/c4278d4a6028830caff9ee44b42d32ed","name":"Telinha","image":{"@type":"ImageObject","inLanguage":"pt-PT","@id":"https:\/\/portaltela.pt\/s.01k8rhncp4jt1\/2025\/11\/talking-bot-125x125.png","url":"https:\/\/portaltela.pt\/s.01k8rhncp4jt1\/2025\/11\/talking-bot-125x125.png","contentUrl":"https:\/\/portaltela.pt\/s.01k8rhncp4jt1\/2025\/11\/talking-bot-125x125.png","caption":"Telinha"},"sameAs":["https:\/\/portaltela.pt\/"],"url":"https:\/\/portaltela.pt\/por\/367410592786\/"}]}},"_links":{"self":[{"href":"https:\/\/portaltela.pt\/api\/wp\/v2\/posts\/442931","targetHints":{"allow":["GET"]}}],"collection":[{"href":"https:\/\/portaltela.pt\/api\/wp\/v2\/posts"}],"about":[{"href":"https:\/\/portaltela.pt\/api\/wp\/v2\/types\/post"}],"author":[{"embeddable":true,"href":"https:\/\/portaltela.pt\/api\/wp\/v2\/users\/2"}],"replies":[{"embeddable":true,"href":"https:\/\/portaltela.pt\/api\/wp\/v2\/comments?post=442931"}],"version-history":[{"count":0,"href":"https:\/\/portaltela.pt\/api\/wp\/v2\/posts\/442931\/revisions"}],"wp:featuredmedia":[{"embeddable":true,"href":"https:\/\/portaltela.pt\/api\/wp\/v2\/media\/442932"}],"wp:attachment":[{"href":"https:\/\/portaltela.pt\/api\/wp\/v2\/media?parent=442931"}],"wp:term":[{"taxonomy":"category","embeddable":true,"href":"https:\/\/portaltela.pt\/api\/wp\/v2\/categories?post=442931"},{"taxonomy":"post_tag","embeddable":true,"href":"https:\/\/portaltela.pt\/api\/wp\/v2\/tags?post=442931"}],"curies":[{"name":"wp","href":"https:\/\/api.w.org\/{rel}","templated":true}]}}