{"id":442929,"date":"2026-04-13T16:32:43","date_gmt":"2026-04-13T19:32:43","guid":{"rendered":"https:\/\/portaltela.pt\/noticias\/2026\/04\/13\/ricardo-sa-fernandes-eleito-presidente-do-conselho-geral-da-utad-2\/"},"modified":"2026-04-13T16:32:43","modified_gmt":"2026-04-13T19:32:43","slug":"ricardo-sa-fernandes-eleito-presidente-do-conselho-geral-da-utad-2","status":"publish","type":"post","link":"https:\/\/portaltela.pt\/noticias\/politica\/2026\/04\/13\/ricardo-sa-fernandes-eleito-presidente-do-conselho-geral-da-utad-2\/","title":{"rendered":"Ricardo S\u00e1 Fernandes eleito presidente do Conselho Geral da UTAD"},"content":{"rendered":"<p>Ricardo S\u00e1 Fernandes foi eleito presidente do Conselho Geral da UTAD, numa sess\u00e3o realizada hoje, ap\u00f3s um longo impasse que envolveu disputas na composi\u00e7\u00e3o do \u00f3rg\u00e3o e interven\u00e7\u00e3o ministerial. A nomea\u00e7\u00e3o chega num momento de recupera\u00e7\u00e3o institucional para a universidade transmontana.<\/p>\n<p>Os cooptados tomaram posse na semana passada para o mandato 2025\/29 e, na reuni\u00e3o de hoje, foi tamb\u00e9m eleita a secret\u00e1ria, Marlene Loureiro. O Conselho Geral \u00e9 constitu\u00eddo por 18 membros eleitos e sete cooptados.<\/p>\n<p>Na pr\u00f3xima semana haver\u00e1 uma nova reuni\u00e3o para aprovar o calend\u00e1rio eleitoral, com a elei\u00e7\u00e3o do novo reitor prevista entre o final de maio e o in\u00edcio de junho. S\u00e1 Fernandes adiantou que dar\u00e1 o melhor pela UTAD e pela regi\u00e3o.<\/p>\n<h3>Contexto institucional<\/h3>\n<p>O processo de coopta\u00e7\u00e3o esteve em discuss\u00e3o a partir de mar\u00e7o de 2025, ap\u00f3s recurso judicial sobre o m\u00e9todo de vota\u00e7\u00e3o dos cooptados. O Supremo Tribunal Administrativo validou, em mar\u00e7o, a vota\u00e7\u00e3o por bra\u00e7o no ar.<\/p>\n<p>A crise ganhou contornos em setembro, com a sa\u00edda do anterior reitor, o que motivou interven\u00e7\u00e3o ministerial e a designa\u00e7\u00e3o de Jorge Ventura como reitor interino. O novo ciclo come\u00e7a com este desfecho, segundo o presidente eleito.<\/p>\n<p>S\u00e1 Fernandes destacou que a UTAD \u00e9 um polo de presta\u00e7\u00e3o de servi\u00e7os \u00e0 regi\u00e3o, com impacto na atra\u00e7\u00e3o de talento e na vida econ\u00f3mica local. A institui\u00e7\u00e3o pretende restabelecer funcionamento est\u00e1vel e avan\u00e7ar com o projeto estrat\u00e9gico.<\/p>\n<p>O respons\u00e1vel ficou ainda dispon\u00edvel para colaborar na abertura do curso de Medicina, com 40 vagas no pr\u00f3ximo ano letivo, reconhecendo que o dossi\u00ea ainda est\u00e1 a ser consolidado. A universidade mant\u00e9m o objetivo de avan\u00e7ar com o projeto.<\/p>\n","protected":false},"excerpt":{"rendered":"<ul>\n<li>Ricardo S\u00e1 Fernandes foi eleito presidente do Conselho Geral da Universidade de Tr\u00e1s-os-Montes e Alto Douro (UTAD) e Marlene Loureiro foi escolhida como secret\u00e1ria, para o mandato 2025\/29.<\/li>\n<li>A UTAD vivia h\u00e1 um ano um impasse causado pela diverg\u00eancia na elei\u00e7\u00e3o dos membros cooptados do Conselho Geral, que acabou em tribunal e levou \u00e0 interven\u00e7\u00e3o do Minist\u00e9rio da Educa\u00e7\u00e3o.<\/li>\n<li>Os conselheiros cooptados tomaram posse recentemente; na sequ\u00eancia, foi realizada a elei\u00e7\u00e3o para o presidente e a secret\u00e1ria do \u00f3rg\u00e3o.<\/li>\n<li>O Supremo Tribunal Administrativo validou, em mar\u00e7o, o processo de coopta\u00e7\u00e3o por bra\u00e7o no ar, pondo fim \u00e0 controv\u00e9rsia sobre o m\u00e9todo de vota\u00e7\u00e3o.<\/li>\n<li>Prev\u00ea-se, para a pr\u00f3xima semana, a aprova\u00e7\u00e3o do calend\u00e1rio eleitoral e a elei\u00e7\u00e3o do pr\u00f3ximo reitor entre o final de maio e o in\u00edcio de junho; a UTAD tamb\u00e9m trabalha na abertura do curso de Medicina com 40 vagas no pr\u00f3ximo ano letivo.<\/li>\n<\/ul>\n","protected":false},"author":2,"featured_media":442930,"comment_status":"closed","ping_status":"closed","sticky":false,"template":"","format":"standard","meta":{"footnotes":""},"categories":[1,5],"tags":[8113,168,873,163,1811,58],"class_list":["post-442929","post","type-post","status-publish","format-standard","has-post-thumbnail","hentry","category-noticias","category-politica","tag-_regiao-norte","tag-administracao-publica","tag-conselho-geral","tag-educacao","tag-tras-os-montes","tag-universidades"],"yoast_head":"<!-- This site is optimized with the Yoast SEO plugin v27.2 - https:\/\/yoast.com\/product\/yoast-seo-wordpress\/ -->\n<title>Ricardo S\u00e1 Fernandes eleito presidente do Conselho Geral da UTAD - Portal Tela Portugal<\/title>\n<meta name=\"robots\" content=\"index, follow, max-snippet:-1, max-image-preview:large, max-video-preview:-1\" \/>\n<meta property=\"og:locale\" content=\"pt_PT\" \/>\n<meta property=\"og:type\" content=\"article\" \/>\n<meta property=\"og:title\" content=\"Ricardo S\u00e1 Fernandes eleito presidente do Conselho Geral da UTAD - Portal Tela Portugal\" \/>\n<meta property=\"og:description\" content=\"Ricardo S\u00e1 Fernandes foi eleito presidente do Conselho Geral da Universidade de Tr\u00e1s-os-Montes e Alto Douro (UTAD) e Marlene Loureiro foi escolhida como secret\u00e1ria, para o mandato 2025\/29. A UTAD vivia h\u00e1 um ano um impasse causado pela diverg\u00eancia na elei\u00e7\u00e3o dos membros cooptados do Conselho Geral, que acabou em tribunal e levou \u00e0 interven\u00e7\u00e3o do Minist\u00e9rio da Educa\u00e7\u00e3o. Os conselheiros cooptados tomaram posse recentemente; na sequ\u00eancia, foi realizada a elei\u00e7\u00e3o para o presidente e a secret\u00e1ria do \u00f3rg\u00e3o. O Supremo Tribunal Administrativo validou, em mar\u00e7o, o processo de coopta\u00e7\u00e3o por bra\u00e7o no ar, pondo fim \u00e0 controv\u00e9rsia sobre o m\u00e9todo de vota\u00e7\u00e3o. Prev\u00ea-se, para a pr\u00f3xima semana, a aprova\u00e7\u00e3o do calend\u00e1rio eleitoral e a elei\u00e7\u00e3o do pr\u00f3ximo reitor entre o final de maio e o in\u00edcio de junho; a UTAD tamb\u00e9m trabalha na abertura do curso de Medicina com 40 vagas no pr\u00f3ximo ano letivo.\" \/>\n<meta property=\"og:url\" content=\"https:\/\/portaltela.pt\/noticias\/2026\/04\/13\/ricardo-sa-fernandes-eleito-presidente-do-conselho-geral-da-utad-2\/\" \/>\n<meta property=\"og:site_name\" content=\"Portal Tela Portugal\" \/>\n<meta property=\"article:published_time\" content=\"2026-04-13T19:32:43+00:00\" \/>\n<meta name=\"author\" content=\"Telinha\" \/>\n<meta name=\"twitter:card\" content=\"summary_large_image\" \/>\n<meta name=\"twitter:label1\" content=\"Escrito por\" \/>\n\t<meta name=\"twitter:data1\" content=\"Telinha\" \/>\n\t<meta name=\"twitter:label2\" content=\"Tempo estimado de leitura\" \/>\n\t<meta name=\"twitter:data2\" content=\"2 minutos\" \/>\n<script type=\"application\/ld+json\" class=\"yoast-schema-graph\">{\"@context\":\"https:\/\/schema.org\",\"@graph\":[{\"@type\":\"Article\",\"@id\":\"https:\/\/portaltela.pt\/noticias\/2026\/04\/13\/ricardo-sa-fernandes-eleito-presidente-do-conselho-geral-da-utad-2\/#article\",\"isPartOf\":{\"@id\":\"https:\/\/portaltela.pt\/noticias\/2026\/04\/13\/ricardo-sa-fernandes-eleito-presidente-do-conselho-geral-da-utad-2\/\"},\"author\":{\"name\":\"Telinha\",\"@id\":\"https:\/\/portaltela.pt\/#\/schema\/person\/c4278d4a6028830caff9ee44b42d32ed\"},\"headline\":\"Ricardo S\u00e1 Fernandes eleito presidente do Conselho Geral da UTAD\",\"datePublished\":\"2026-04-13T19:32:43+00:00\",\"mainEntityOfPage\":{\"@id\":\"https:\/\/portaltela.pt\/noticias\/2026\/04\/13\/ricardo-sa-fernandes-eleito-presidente-do-conselho-geral-da-utad-2\/\"},\"wordCount\":316,\"image\":{\"@id\":\"https:\/\/portaltela.pt\/noticias\/2026\/04\/13\/ricardo-sa-fernandes-eleito-presidente-do-conselho-geral-da-utad-2\/#primaryimage\"},\"thumbnailUrl\":\"https:\/\/portaltela.pt\/s.01k8rhncp4jt1\/2026\/04\/c80886e0-201a-40fe-ae5d-e7cf1c7dc12b_1200x675.jpg\",\"keywords\":[\"_Regi\u00e3o Norte\",\"administra\u00e7\u00e3o p\u00fablica\",\"Conselho Geral\",\"educa\u00e7\u00e3o\",\"Tr\u00e1s-os-Montes\",\"universidades\"],\"articleSection\":[\"Not\u00edcias\",\"Pol\u00edtica\"],\"inLanguage\":\"pt-PT\"},{\"@type\":\"WebPage\",\"@id\":\"https:\/\/portaltela.pt\/noticias\/2026\/04\/13\/ricardo-sa-fernandes-eleito-presidente-do-conselho-geral-da-utad-2\/\",\"url\":\"https:\/\/portaltela.pt\/noticias\/2026\/04\/13\/ricardo-sa-fernandes-eleito-presidente-do-conselho-geral-da-utad-2\/\",\"name\":\"Ricardo S\u00e1 Fernandes eleito presidente do Conselho Geral da UTAD - Portal Tela Portugal\",\"isPartOf\":{\"@id\":\"https:\/\/portaltela.pt\/#website\"},\"primaryImageOfPage\":{\"@id\":\"https:\/\/portaltela.pt\/noticias\/2026\/04\/13\/ricardo-sa-fernandes-eleito-presidente-do-conselho-geral-da-utad-2\/#primaryimage\"},\"image\":{\"@id\":\"https:\/\/portaltela.pt\/noticias\/2026\/04\/13\/ricardo-sa-fernandes-eleito-presidente-do-conselho-geral-da-utad-2\/#primaryimage\"},\"thumbnailUrl\":\"https:\/\/portaltela.pt\/s.01k8rhncp4jt1\/2026\/04\/c80886e0-201a-40fe-ae5d-e7cf1c7dc12b_1200x675.jpg\",\"datePublished\":\"2026-04-13T19:32:43+00:00\",\"author\":{\"@id\":\"https:\/\/portaltela.pt\/#\/schema\/person\/c4278d4a6028830caff9ee44b42d32ed\"},\"breadcrumb\":{\"@id\":\"https:\/\/portaltela.pt\/noticias\/2026\/04\/13\/ricardo-sa-fernandes-eleito-presidente-do-conselho-geral-da-utad-2\/#breadcrumb\"},\"inLanguage\":\"pt-PT\",\"potentialAction\":[{\"@type\":\"ReadAction\",\"target\":[\"https:\/\/portaltela.pt\/noticias\/2026\/04\/13\/ricardo-sa-fernandes-eleito-presidente-do-conselho-geral-da-utad-2\/\"]}]},{\"@type\":\"ImageObject\",\"inLanguage\":\"pt-PT\",\"@id\":\"https:\/\/portaltela.pt\/noticias\/2026\/04\/13\/ricardo-sa-fernandes-eleito-presidente-do-conselho-geral-da-utad-2\/#primaryimage\",\"url\":\"https:\/\/portaltela.pt\/s.01k8rhncp4jt1\/2026\/04\/c80886e0-201a-40fe-ae5d-e7cf1c7dc12b_1200x675.jpg\",\"contentUrl\":\"https:\/\/portaltela.pt\/s.01k8rhncp4jt1\/2026\/04\/c80886e0-201a-40fe-ae5d-e7cf1c7dc12b_1200x675.jpg\",\"width\":796,\"height\":448,\"caption\":\"A academia transmontana viveu durante um ano num impasse devido a uma diverg\u00eancia na elei\u00e7\u00e3o dos membros cooptados do Conselho Geral,\"},{\"@type\":\"BreadcrumbList\",\"@id\":\"https:\/\/portaltela.pt\/noticias\/2026\/04\/13\/ricardo-sa-fernandes-eleito-presidente-do-conselho-geral-da-utad-2\/#breadcrumb\",\"itemListElement\":[{\"@type\":\"ListItem\",\"position\":1,\"name\":\"In\u00edcio\",\"item\":\"https:\/\/portaltela.pt\/\"},{\"@type\":\"ListItem\",\"position\":2,\"name\":\"Ricardo S\u00e1 Fernandes eleito presidente do Conselho Geral da UTAD\"}]},{\"@type\":\"WebSite\",\"@id\":\"https:\/\/portaltela.pt\/#website\",\"url\":\"https:\/\/portaltela.pt\/\",\"name\":\"Portal Tela Portugal\",\"description\":\"\",\"potentialAction\":[{\"@type\":\"SearchAction\",\"target\":{\"@type\":\"EntryPoint\",\"urlTemplate\":\"https:\/\/portaltela.pt\/?s={search_term_string}\"},\"query-input\":{\"@type\":\"PropertyValueSpecification\",\"valueRequired\":true,\"valueName\":\"search_term_string\"}}],\"inLanguage\":\"pt-PT\"},{\"@type\":\"Person\",\"@id\":\"https:\/\/portaltela.pt\/#\/schema\/person\/c4278d4a6028830caff9ee44b42d32ed\",\"name\":\"Telinha\",\"image\":{\"@type\":\"ImageObject\",\"inLanguage\":\"pt-PT\",\"@id\":\"https:\/\/portaltela.pt\/s.01k8rhncp4jt1\/2025\/11\/talking-bot-125x125.png\",\"url\":\"https:\/\/portaltela.pt\/s.01k8rhncp4jt1\/2025\/11\/talking-bot-125x125.png\",\"contentUrl\":\"https:\/\/portaltela.pt\/s.01k8rhncp4jt1\/2025\/11\/talking-bot-125x125.png\",\"caption\":\"Telinha\"},\"sameAs\":[\"https:\/\/portaltela.pt\/\"],\"url\":\"https:\/\/portaltela.pt\/por\/367410592786\/\"}]}<\/script>\n<!-- \/ Yoast SEO plugin. -->","yoast_head_json":{"title":"Ricardo S\u00e1 Fernandes eleito presidente do Conselho Geral da UTAD - Portal Tela Portugal","robots":{"index":"index","follow":"follow","max-snippet":"max-snippet:-1","max-image-preview":"max-image-preview:large","max-video-preview":"max-video-preview:-1"},"og_locale":"pt_PT","og_type":"article","og_title":"Ricardo S\u00e1 Fernandes eleito presidente do Conselho Geral da UTAD - Portal Tela Portugal","og_description":"Ricardo S\u00e1 Fernandes foi eleito presidente do Conselho Geral da Universidade de Tr\u00e1s-os-Montes e Alto Douro (UTAD) e Marlene Loureiro foi escolhida como secret\u00e1ria, para o mandato 2025\/29. A UTAD vivia h\u00e1 um ano um impasse causado pela diverg\u00eancia na elei\u00e7\u00e3o dos membros cooptados do Conselho Geral, que acabou em tribunal e levou \u00e0 interven\u00e7\u00e3o do Minist\u00e9rio da Educa\u00e7\u00e3o. Os conselheiros cooptados tomaram posse recentemente; na sequ\u00eancia, foi realizada a elei\u00e7\u00e3o para o presidente e a secret\u00e1ria do \u00f3rg\u00e3o. O Supremo Tribunal Administrativo validou, em mar\u00e7o, o processo de coopta\u00e7\u00e3o por bra\u00e7o no ar, pondo fim \u00e0 controv\u00e9rsia sobre o m\u00e9todo de vota\u00e7\u00e3o. Prev\u00ea-se, para a pr\u00f3xima semana, a aprova\u00e7\u00e3o do calend\u00e1rio eleitoral e a elei\u00e7\u00e3o do pr\u00f3ximo reitor entre o final de maio e o in\u00edcio de junho; a UTAD tamb\u00e9m trabalha na abertura do curso de Medicina com 40 vagas no pr\u00f3ximo ano letivo.","og_url":"https:\/\/portaltela.pt\/noticias\/2026\/04\/13\/ricardo-sa-fernandes-eleito-presidente-do-conselho-geral-da-utad-2\/","og_site_name":"Portal Tela Portugal","article_published_time":"2026-04-13T19:32:43+00:00","author":"Telinha","twitter_card":"summary_large_image","twitter_misc":{"Escrito por":"Telinha","Tempo estimado de leitura":"2 minutos"},"schema":{"@context":"https:\/\/schema.org","@graph":[{"@type":"Article","@id":"https:\/\/portaltela.pt\/noticias\/2026\/04\/13\/ricardo-sa-fernandes-eleito-presidente-do-conselho-geral-da-utad-2\/#article","isPartOf":{"@id":"https:\/\/portaltela.pt\/noticias\/2026\/04\/13\/ricardo-sa-fernandes-eleito-presidente-do-conselho-geral-da-utad-2\/"},"author":{"name":"Telinha","@id":"https:\/\/portaltela.pt\/#\/schema\/person\/c4278d4a6028830caff9ee44b42d32ed"},"headline":"Ricardo S\u00e1 Fernandes eleito presidente do Conselho Geral da UTAD","datePublished":"2026-04-13T19:32:43+00:00","mainEntityOfPage":{"@id":"https:\/\/portaltela.pt\/noticias\/2026\/04\/13\/ricardo-sa-fernandes-eleito-presidente-do-conselho-geral-da-utad-2\/"},"wordCount":316,"image":{"@id":"https:\/\/portaltela.pt\/noticias\/2026\/04\/13\/ricardo-sa-fernandes-eleito-presidente-do-conselho-geral-da-utad-2\/#primaryimage"},"thumbnailUrl":"https:\/\/portaltela.pt\/s.01k8rhncp4jt1\/2026\/04\/c80886e0-201a-40fe-ae5d-e7cf1c7dc12b_1200x675.jpg","keywords":["_Regi\u00e3o Norte","administra\u00e7\u00e3o p\u00fablica","Conselho Geral","educa\u00e7\u00e3o","Tr\u00e1s-os-Montes","universidades"],"articleSection":["Not\u00edcias","Pol\u00edtica"],"inLanguage":"pt-PT"},{"@type":"WebPage","@id":"https:\/\/portaltela.pt\/noticias\/2026\/04\/13\/ricardo-sa-fernandes-eleito-presidente-do-conselho-geral-da-utad-2\/","url":"https:\/\/portaltela.pt\/noticias\/2026\/04\/13\/ricardo-sa-fernandes-eleito-presidente-do-conselho-geral-da-utad-2\/","name":"Ricardo S\u00e1 Fernandes eleito presidente do Conselho Geral da UTAD - Portal Tela Portugal","isPartOf":{"@id":"https:\/\/portaltela.pt\/#website"},"primaryImageOfPage":{"@id":"https:\/\/portaltela.pt\/noticias\/2026\/04\/13\/ricardo-sa-fernandes-eleito-presidente-do-conselho-geral-da-utad-2\/#primaryimage"},"image":{"@id":"https:\/\/portaltela.pt\/noticias\/2026\/04\/13\/ricardo-sa-fernandes-eleito-presidente-do-conselho-geral-da-utad-2\/#primaryimage"},"thumbnailUrl":"https:\/\/portaltela.pt\/s.01k8rhncp4jt1\/2026\/04\/c80886e0-201a-40fe-ae5d-e7cf1c7dc12b_1200x675.jpg","datePublished":"2026-04-13T19:32:43+00:00","author":{"@id":"https:\/\/portaltela.pt\/#\/schema\/person\/c4278d4a6028830caff9ee44b42d32ed"},"breadcrumb":{"@id":"https:\/\/portaltela.pt\/noticias\/2026\/04\/13\/ricardo-sa-fernandes-eleito-presidente-do-conselho-geral-da-utad-2\/#breadcrumb"},"inLanguage":"pt-PT","potentialAction":[{"@type":"ReadAction","target":["https:\/\/portaltela.pt\/noticias\/2026\/04\/13\/ricardo-sa-fernandes-eleito-presidente-do-conselho-geral-da-utad-2\/"]}]},{"@type":"ImageObject","inLanguage":"pt-PT","@id":"https:\/\/portaltela.pt\/noticias\/2026\/04\/13\/ricardo-sa-fernandes-eleito-presidente-do-conselho-geral-da-utad-2\/#primaryimage","url":"https:\/\/portaltela.pt\/s.01k8rhncp4jt1\/2026\/04\/c80886e0-201a-40fe-ae5d-e7cf1c7dc12b_1200x675.jpg","contentUrl":"https:\/\/portaltela.pt\/s.01k8rhncp4jt1\/2026\/04\/c80886e0-201a-40fe-ae5d-e7cf1c7dc12b_1200x675.jpg","width":796,"height":448,"caption":"A academia transmontana viveu durante um ano num impasse devido a uma diverg\u00eancia na elei\u00e7\u00e3o dos membros cooptados do Conselho Geral,"},{"@type":"BreadcrumbList","@id":"https:\/\/portaltela.pt\/noticias\/2026\/04\/13\/ricardo-sa-fernandes-eleito-presidente-do-conselho-geral-da-utad-2\/#breadcrumb","itemListElement":[{"@type":"ListItem","position":1,"name":"In\u00edcio","item":"https:\/\/portaltela.pt\/"},{"@type":"ListItem","position":2,"name":"Ricardo S\u00e1 Fernandes eleito presidente do Conselho Geral da UTAD"}]},{"@type":"WebSite","@id":"https:\/\/portaltela.pt\/#website","url":"https:\/\/portaltela.pt\/","name":"Portal Tela Portugal","description":"","potentialAction":[{"@type":"SearchAction","target":{"@type":"EntryPoint","urlTemplate":"https:\/\/portaltela.pt\/?s={search_term_string}"},"query-input":{"@type":"PropertyValueSpecification","valueRequired":true,"valueName":"search_term_string"}}],"inLanguage":"pt-PT"},{"@type":"Person","@id":"https:\/\/portaltela.pt\/#\/schema\/person\/c4278d4a6028830caff9ee44b42d32ed","name":"Telinha","image":{"@type":"ImageObject","inLanguage":"pt-PT","@id":"https:\/\/portaltela.pt\/s.01k8rhncp4jt1\/2025\/11\/talking-bot-125x125.png","url":"https:\/\/portaltela.pt\/s.01k8rhncp4jt1\/2025\/11\/talking-bot-125x125.png","contentUrl":"https:\/\/portaltela.pt\/s.01k8rhncp4jt1\/2025\/11\/talking-bot-125x125.png","caption":"Telinha"},"sameAs":["https:\/\/portaltela.pt\/"],"url":"https:\/\/portaltela.pt\/por\/367410592786\/"}]}},"_links":{"self":[{"href":"https:\/\/portaltela.pt\/api\/wp\/v2\/posts\/442929","targetHints":{"allow":["GET"]}}],"collection":[{"href":"https:\/\/portaltela.pt\/api\/wp\/v2\/posts"}],"about":[{"href":"https:\/\/portaltela.pt\/api\/wp\/v2\/types\/post"}],"author":[{"embeddable":true,"href":"https:\/\/portaltela.pt\/api\/wp\/v2\/users\/2"}],"replies":[{"embeddable":true,"href":"https:\/\/portaltela.pt\/api\/wp\/v2\/comments?post=442929"}],"version-history":[{"count":0,"href":"https:\/\/portaltela.pt\/api\/wp\/v2\/posts\/442929\/revisions"}],"wp:featuredmedia":[{"embeddable":true,"href":"https:\/\/portaltela.pt\/api\/wp\/v2\/media\/442930"}],"wp:attachment":[{"href":"https:\/\/portaltela.pt\/api\/wp\/v2\/media?parent=442929"}],"wp:term":[{"taxonomy":"category","embeddable":true,"href":"https:\/\/portaltela.pt\/api\/wp\/v2\/categories?post=442929"},{"taxonomy":"post_tag","embeddable":true,"href":"https:\/\/portaltela.pt\/api\/wp\/v2\/tags?post=442929"}],"curies":[{"name":"wp","href":"https:\/\/api.w.org\/{rel}","templated":true}]}}