{"id":442911,"date":"2026-04-13T16:17:23","date_gmt":"2026-04-13T19:17:23","guid":{"rendered":"https:\/\/portaltela.pt\/noticias\/2026\/04\/13\/yamal-deixa-recado-a-simeone-pedindo-favor-para-amanha\/"},"modified":"2026-04-13T16:17:23","modified_gmt":"2026-04-13T19:17:23","slug":"yamal-deixa-recado-a-simeone-pedindo-favor-para-amanha","status":"publish","type":"post","link":"https:\/\/portaltela.pt\/desporto\/futebol\/2026\/04\/13\/yamal-deixa-recado-a-simeone-pedindo-favor-para-amanha\/","title":{"rendered":"Yamal deixa recado a Simeone pedindo favor para amanh\u00e3"},"content":{"rendered":"<p>O Barcelona precisa reverter a desvantagem de 2-0 na primeira m\u00e3o dos quartos de final da Liga dos Campe\u00f5es, ao visitar o Atl\u00e9tico de Madrid no reduto colchonero. A eliminat\u00f3ria exige uma vit\u00f3ria fora de casa para seguir em frente.<\/p>\n<p>Lamine Yamal, autor de parte do discurso ofensivo do Bar\u00e7a, mostra-se confiante na reviravolta e destaca a qualidade coletiva da equipa. O jovem admite que a remontada \u00e9 poss\u00edvel e refor\u00e7a a determina\u00e7\u00e3o do plantel para manter o s\u00edmbolo do clube.<\/p>\n<p>O t\u00e9cnico Hansi Flick elogia o desempenho do extremo espanhol na primeira m\u00e3o e incentiva jogadas individuais. O treinador alem\u00e3o sublinha a necessidade de jogar como equipa e lembra que os jogos podem decidir-se num \u00fanico lance.<\/p>\n<h3>Desempenho de Yamal e aposta no coletivo<\/h3>\n<p>Yamal sublinha a motiva\u00e7\u00e3o da equipa e o foco em n\u00e3o perder o estilo de jogo. O jogador pede uma resposta firme e antecipadamente diz que o encontro requer intensidade para manter as suas hip\u00f3teses vivas.<\/p>\n<h3>Rea\u00e7\u00e3o do treinador<\/h3>\n<p>Flick refor\u00e7a a ideia de uni\u00e3o entre os jogadores e a import\u00e2ncia de manter a solidez defensiva. O treinador aponta que o Bar\u00e7a depende de momentos decisivos para abrir a eliminat\u00f3ria.<\/p>\n","protected":false},"excerpt":{"rendered":"<ul>\n<li>Barcelona precisa de virar o 2-0 da 1.\u00aa m\u00e3o frente ao Atl\u00e9tico de Madrid para chegar \u00e0s meias-finais da Liga dos Campe\u00f5es.<\/li>\n<li>Lamine Yamal afirma que a remontada \u00e9 poss\u00edvel e que n\u00e3o \u00e9 apenas por ele que o Bar\u00e7a pode vencer, mantendo o foco na equipa.<\/li>\n<li>O jovem deixou um recado a Diego Simeone, pedindo um duelo um contra um para fazer a diferen\u00e7a.<\/li>\n<li>O treinador Hansi Flick elogia o desempenho de Yamal na primeira m\u00e3o e diz que ele pode mudar o jogo com jogadas individuais.<\/li>\n<li>Flick pede uni\u00e3o no grupo e refor\u00e7a a import\u00e2ncia de jogar como equipa, j\u00e1 que os lances decisivos podem surgir num \u00fanico momento.<\/li>\n<\/ul>\n","protected":false},"author":2,"featured_media":442912,"comment_status":"closed","ping_status":"closed","sticky":false,"template":"","format":"standard","meta":{"footnotes":""},"categories":[21,24],"tags":[7902,7755,3577,242,6959,2477],"class_list":["post-442911","post","type-post","status-publish","format-standard","has-post-thumbnail","hentry","category-desporto","category-futebol","tag-_desporto","tag-_futebol","tag-champions-league","tag-jogadores","tag-jogadores-internacionais","tag-treinadores"],"yoast_head":"<!-- This site is optimized with the Yoast SEO plugin v27.2 - https:\/\/yoast.com\/product\/yoast-seo-wordpress\/ -->\n<title>Yamal deixa recado a Simeone pedindo favor para amanh\u00e3 - Portal Tela Portugal<\/title>\n<meta name=\"robots\" content=\"index, follow, max-snippet:-1, max-image-preview:large, max-video-preview:-1\" \/>\n<meta property=\"og:locale\" content=\"pt_PT\" \/>\n<meta property=\"og:type\" content=\"article\" \/>\n<meta property=\"og:title\" content=\"Yamal deixa recado a Simeone pedindo favor para amanh\u00e3 - Portal Tela Portugal\" \/>\n<meta property=\"og:description\" content=\"Barcelona precisa de virar o 2-0 da 1.\u00aa m\u00e3o frente ao Atl\u00e9tico de Madrid para chegar \u00e0s meias-finais da Liga dos Campe\u00f5es. Lamine Yamal afirma que a remontada \u00e9 poss\u00edvel e que n\u00e3o \u00e9 apenas por ele que o Bar\u00e7a pode vencer, mantendo o foco na equipa. O jovem deixou um recado a Diego Simeone, pedindo um duelo um contra um para fazer a diferen\u00e7a. O treinador Hansi Flick elogia o desempenho de Yamal na primeira m\u00e3o e diz que ele pode mudar o jogo com jogadas individuais. Flick pede uni\u00e3o no grupo e refor\u00e7a a import\u00e2ncia de jogar como equipa, j\u00e1 que os lances decisivos podem surgir num \u00fanico momento.\" \/>\n<meta property=\"og:url\" content=\"https:\/\/portaltela.pt\/noticias\/2026\/04\/13\/yamal-deixa-recado-a-simeone-pedindo-favor-para-amanha\/\" \/>\n<meta property=\"og:site_name\" content=\"Portal Tela Portugal\" \/>\n<meta property=\"article:published_time\" content=\"2026-04-13T19:17:23+00:00\" \/>\n<meta name=\"author\" content=\"Telinha\" \/>\n<meta name=\"twitter:card\" content=\"summary_large_image\" \/>\n<meta name=\"twitter:label1\" content=\"Escrito por\" \/>\n\t<meta name=\"twitter:data1\" content=\"Telinha\" \/>\n\t<meta name=\"twitter:label2\" content=\"Tempo estimado de leitura\" \/>\n\t<meta name=\"twitter:data2\" content=\"1 minuto\" \/>\n<script type=\"application\/ld+json\" class=\"yoast-schema-graph\">{\"@context\":\"https:\/\/schema.org\",\"@graph\":[{\"@type\":\"Article\",\"@id\":\"https:\/\/portaltela.pt\/noticias\/2026\/04\/13\/yamal-deixa-recado-a-simeone-pedindo-favor-para-amanha\/#article\",\"isPartOf\":{\"@id\":\"https:\/\/portaltela.pt\/noticias\/2026\/04\/13\/yamal-deixa-recado-a-simeone-pedindo-favor-para-amanha\/\"},\"author\":{\"name\":\"Telinha\",\"@id\":\"https:\/\/portaltela.pt\/#\/schema\/person\/c4278d4a6028830caff9ee44b42d32ed\"},\"headline\":\"Yamal deixa recado a Simeone pedindo favor para amanh\u00e3\",\"datePublished\":\"2026-04-13T19:17:23+00:00\",\"mainEntityOfPage\":{\"@id\":\"https:\/\/portaltela.pt\/noticias\/2026\/04\/13\/yamal-deixa-recado-a-simeone-pedindo-favor-para-amanha\/\"},\"wordCount\":225,\"image\":{\"@id\":\"https:\/\/portaltela.pt\/noticias\/2026\/04\/13\/yamal-deixa-recado-a-simeone-pedindo-favor-para-amanha\/#primaryimage\"},\"thumbnailUrl\":\"https:\/\/portaltela.pt\/s.01k8rhncp4jt1\/2026\/04\/img_920x518uu2026-04-13-20-04-45-2432869.jpg\",\"keywords\":[\"_desporto\",\"_futebol\",\"Champions League\",\"jogadores\",\"jogadores internacionais\",\"treinadores\"],\"articleSection\":[\"Desporto\",\"Futebol\"],\"inLanguage\":\"pt-PT\"},{\"@type\":\"WebPage\",\"@id\":\"https:\/\/portaltela.pt\/noticias\/2026\/04\/13\/yamal-deixa-recado-a-simeone-pedindo-favor-para-amanha\/\",\"url\":\"https:\/\/portaltela.pt\/noticias\/2026\/04\/13\/yamal-deixa-recado-a-simeone-pedindo-favor-para-amanha\/\",\"name\":\"Yamal deixa recado a Simeone pedindo favor para amanh\u00e3 - Portal Tela Portugal\",\"isPartOf\":{\"@id\":\"https:\/\/portaltela.pt\/#website\"},\"primaryImageOfPage\":{\"@id\":\"https:\/\/portaltela.pt\/noticias\/2026\/04\/13\/yamal-deixa-recado-a-simeone-pedindo-favor-para-amanha\/#primaryimage\"},\"image\":{\"@id\":\"https:\/\/portaltela.pt\/noticias\/2026\/04\/13\/yamal-deixa-recado-a-simeone-pedindo-favor-para-amanha\/#primaryimage\"},\"thumbnailUrl\":\"https:\/\/portaltela.pt\/s.01k8rhncp4jt1\/2026\/04\/img_920x518uu2026-04-13-20-04-45-2432869.jpg\",\"datePublished\":\"2026-04-13T19:17:23+00:00\",\"author\":{\"@id\":\"https:\/\/portaltela.pt\/#\/schema\/person\/c4278d4a6028830caff9ee44b42d32ed\"},\"breadcrumb\":{\"@id\":\"https:\/\/portaltela.pt\/noticias\/2026\/04\/13\/yamal-deixa-recado-a-simeone-pedindo-favor-para-amanha\/#breadcrumb\"},\"inLanguage\":\"pt-PT\",\"potentialAction\":[{\"@type\":\"ReadAction\",\"target\":[\"https:\/\/portaltela.pt\/noticias\/2026\/04\/13\/yamal-deixa-recado-a-simeone-pedindo-favor-para-amanha\/\"]}]},{\"@type\":\"ImageObject\",\"inLanguage\":\"pt-PT\",\"@id\":\"https:\/\/portaltela.pt\/noticias\/2026\/04\/13\/yamal-deixa-recado-a-simeone-pedindo-favor-para-amanha\/#primaryimage\",\"url\":\"https:\/\/portaltela.pt\/s.01k8rhncp4jt1\/2026\/04\/img_920x518uu2026-04-13-20-04-45-2432869.jpg\",\"contentUrl\":\"https:\/\/portaltela.pt\/s.01k8rhncp4jt1\/2026\/04\/img_920x518uu2026-04-13-20-04-45-2432869.jpg\",\"width\":796,\"height\":448,\"caption\":\"Yamal antecipa jogo da Champions\"},{\"@type\":\"BreadcrumbList\",\"@id\":\"https:\/\/portaltela.pt\/noticias\/2026\/04\/13\/yamal-deixa-recado-a-simeone-pedindo-favor-para-amanha\/#breadcrumb\",\"itemListElement\":[{\"@type\":\"ListItem\",\"position\":1,\"name\":\"In\u00edcio\",\"item\":\"https:\/\/portaltela.pt\/\"},{\"@type\":\"ListItem\",\"position\":2,\"name\":\"Yamal deixa recado a Simeone pedindo favor para amanh\u00e3\"}]},{\"@type\":\"WebSite\",\"@id\":\"https:\/\/portaltela.pt\/#website\",\"url\":\"https:\/\/portaltela.pt\/\",\"name\":\"Portal Tela Portugal\",\"description\":\"\",\"potentialAction\":[{\"@type\":\"SearchAction\",\"target\":{\"@type\":\"EntryPoint\",\"urlTemplate\":\"https:\/\/portaltela.pt\/?s={search_term_string}\"},\"query-input\":{\"@type\":\"PropertyValueSpecification\",\"valueRequired\":true,\"valueName\":\"search_term_string\"}}],\"inLanguage\":\"pt-PT\"},{\"@type\":\"Person\",\"@id\":\"https:\/\/portaltela.pt\/#\/schema\/person\/c4278d4a6028830caff9ee44b42d32ed\",\"name\":\"Telinha\",\"image\":{\"@type\":\"ImageObject\",\"inLanguage\":\"pt-PT\",\"@id\":\"https:\/\/portaltela.pt\/s.01k8rhncp4jt1\/2025\/11\/talking-bot-125x125.png\",\"url\":\"https:\/\/portaltela.pt\/s.01k8rhncp4jt1\/2025\/11\/talking-bot-125x125.png\",\"contentUrl\":\"https:\/\/portaltela.pt\/s.01k8rhncp4jt1\/2025\/11\/talking-bot-125x125.png\",\"caption\":\"Telinha\"},\"sameAs\":[\"https:\/\/portaltela.pt\/\"],\"url\":\"https:\/\/portaltela.pt\/por\/367410592786\/\"}]}<\/script>\n<!-- \/ Yoast SEO plugin. -->","yoast_head_json":{"title":"Yamal deixa recado a Simeone pedindo favor para amanh\u00e3 - Portal Tela Portugal","robots":{"index":"index","follow":"follow","max-snippet":"max-snippet:-1","max-image-preview":"max-image-preview:large","max-video-preview":"max-video-preview:-1"},"og_locale":"pt_PT","og_type":"article","og_title":"Yamal deixa recado a Simeone pedindo favor para amanh\u00e3 - Portal Tela Portugal","og_description":"Barcelona precisa de virar o 2-0 da 1.\u00aa m\u00e3o frente ao Atl\u00e9tico de Madrid para chegar \u00e0s meias-finais da Liga dos Campe\u00f5es. Lamine Yamal afirma que a remontada \u00e9 poss\u00edvel e que n\u00e3o \u00e9 apenas por ele que o Bar\u00e7a pode vencer, mantendo o foco na equipa. O jovem deixou um recado a Diego Simeone, pedindo um duelo um contra um para fazer a diferen\u00e7a. O treinador Hansi Flick elogia o desempenho de Yamal na primeira m\u00e3o e diz que ele pode mudar o jogo com jogadas individuais. Flick pede uni\u00e3o no grupo e refor\u00e7a a import\u00e2ncia de jogar como equipa, j\u00e1 que os lances decisivos podem surgir num \u00fanico momento.","og_url":"https:\/\/portaltela.pt\/noticias\/2026\/04\/13\/yamal-deixa-recado-a-simeone-pedindo-favor-para-amanha\/","og_site_name":"Portal Tela Portugal","article_published_time":"2026-04-13T19:17:23+00:00","author":"Telinha","twitter_card":"summary_large_image","twitter_misc":{"Escrito por":"Telinha","Tempo estimado de leitura":"1 minuto"},"schema":{"@context":"https:\/\/schema.org","@graph":[{"@type":"Article","@id":"https:\/\/portaltela.pt\/noticias\/2026\/04\/13\/yamal-deixa-recado-a-simeone-pedindo-favor-para-amanha\/#article","isPartOf":{"@id":"https:\/\/portaltela.pt\/noticias\/2026\/04\/13\/yamal-deixa-recado-a-simeone-pedindo-favor-para-amanha\/"},"author":{"name":"Telinha","@id":"https:\/\/portaltela.pt\/#\/schema\/person\/c4278d4a6028830caff9ee44b42d32ed"},"headline":"Yamal deixa recado a Simeone pedindo favor para amanh\u00e3","datePublished":"2026-04-13T19:17:23+00:00","mainEntityOfPage":{"@id":"https:\/\/portaltela.pt\/noticias\/2026\/04\/13\/yamal-deixa-recado-a-simeone-pedindo-favor-para-amanha\/"},"wordCount":225,"image":{"@id":"https:\/\/portaltela.pt\/noticias\/2026\/04\/13\/yamal-deixa-recado-a-simeone-pedindo-favor-para-amanha\/#primaryimage"},"thumbnailUrl":"https:\/\/portaltela.pt\/s.01k8rhncp4jt1\/2026\/04\/img_920x518uu2026-04-13-20-04-45-2432869.jpg","keywords":["_desporto","_futebol","Champions League","jogadores","jogadores internacionais","treinadores"],"articleSection":["Desporto","Futebol"],"inLanguage":"pt-PT"},{"@type":"WebPage","@id":"https:\/\/portaltela.pt\/noticias\/2026\/04\/13\/yamal-deixa-recado-a-simeone-pedindo-favor-para-amanha\/","url":"https:\/\/portaltela.pt\/noticias\/2026\/04\/13\/yamal-deixa-recado-a-simeone-pedindo-favor-para-amanha\/","name":"Yamal deixa recado a Simeone pedindo favor para amanh\u00e3 - Portal Tela Portugal","isPartOf":{"@id":"https:\/\/portaltela.pt\/#website"},"primaryImageOfPage":{"@id":"https:\/\/portaltela.pt\/noticias\/2026\/04\/13\/yamal-deixa-recado-a-simeone-pedindo-favor-para-amanha\/#primaryimage"},"image":{"@id":"https:\/\/portaltela.pt\/noticias\/2026\/04\/13\/yamal-deixa-recado-a-simeone-pedindo-favor-para-amanha\/#primaryimage"},"thumbnailUrl":"https:\/\/portaltela.pt\/s.01k8rhncp4jt1\/2026\/04\/img_920x518uu2026-04-13-20-04-45-2432869.jpg","datePublished":"2026-04-13T19:17:23+00:00","author":{"@id":"https:\/\/portaltela.pt\/#\/schema\/person\/c4278d4a6028830caff9ee44b42d32ed"},"breadcrumb":{"@id":"https:\/\/portaltela.pt\/noticias\/2026\/04\/13\/yamal-deixa-recado-a-simeone-pedindo-favor-para-amanha\/#breadcrumb"},"inLanguage":"pt-PT","potentialAction":[{"@type":"ReadAction","target":["https:\/\/portaltela.pt\/noticias\/2026\/04\/13\/yamal-deixa-recado-a-simeone-pedindo-favor-para-amanha\/"]}]},{"@type":"ImageObject","inLanguage":"pt-PT","@id":"https:\/\/portaltela.pt\/noticias\/2026\/04\/13\/yamal-deixa-recado-a-simeone-pedindo-favor-para-amanha\/#primaryimage","url":"https:\/\/portaltela.pt\/s.01k8rhncp4jt1\/2026\/04\/img_920x518uu2026-04-13-20-04-45-2432869.jpg","contentUrl":"https:\/\/portaltela.pt\/s.01k8rhncp4jt1\/2026\/04\/img_920x518uu2026-04-13-20-04-45-2432869.jpg","width":796,"height":448,"caption":"Yamal antecipa jogo da Champions"},{"@type":"BreadcrumbList","@id":"https:\/\/portaltela.pt\/noticias\/2026\/04\/13\/yamal-deixa-recado-a-simeone-pedindo-favor-para-amanha\/#breadcrumb","itemListElement":[{"@type":"ListItem","position":1,"name":"In\u00edcio","item":"https:\/\/portaltela.pt\/"},{"@type":"ListItem","position":2,"name":"Yamal deixa recado a Simeone pedindo favor para amanh\u00e3"}]},{"@type":"WebSite","@id":"https:\/\/portaltela.pt\/#website","url":"https:\/\/portaltela.pt\/","name":"Portal Tela Portugal","description":"","potentialAction":[{"@type":"SearchAction","target":{"@type":"EntryPoint","urlTemplate":"https:\/\/portaltela.pt\/?s={search_term_string}"},"query-input":{"@type":"PropertyValueSpecification","valueRequired":true,"valueName":"search_term_string"}}],"inLanguage":"pt-PT"},{"@type":"Person","@id":"https:\/\/portaltela.pt\/#\/schema\/person\/c4278d4a6028830caff9ee44b42d32ed","name":"Telinha","image":{"@type":"ImageObject","inLanguage":"pt-PT","@id":"https:\/\/portaltela.pt\/s.01k8rhncp4jt1\/2025\/11\/talking-bot-125x125.png","url":"https:\/\/portaltela.pt\/s.01k8rhncp4jt1\/2025\/11\/talking-bot-125x125.png","contentUrl":"https:\/\/portaltela.pt\/s.01k8rhncp4jt1\/2025\/11\/talking-bot-125x125.png","caption":"Telinha"},"sameAs":["https:\/\/portaltela.pt\/"],"url":"https:\/\/portaltela.pt\/por\/367410592786\/"}]}},"_links":{"self":[{"href":"https:\/\/portaltela.pt\/api\/wp\/v2\/posts\/442911","targetHints":{"allow":["GET"]}}],"collection":[{"href":"https:\/\/portaltela.pt\/api\/wp\/v2\/posts"}],"about":[{"href":"https:\/\/portaltela.pt\/api\/wp\/v2\/types\/post"}],"author":[{"embeddable":true,"href":"https:\/\/portaltela.pt\/api\/wp\/v2\/users\/2"}],"replies":[{"embeddable":true,"href":"https:\/\/portaltela.pt\/api\/wp\/v2\/comments?post=442911"}],"version-history":[{"count":0,"href":"https:\/\/portaltela.pt\/api\/wp\/v2\/posts\/442911\/revisions"}],"wp:featuredmedia":[{"embeddable":true,"href":"https:\/\/portaltela.pt\/api\/wp\/v2\/media\/442912"}],"wp:attachment":[{"href":"https:\/\/portaltela.pt\/api\/wp\/v2\/media?parent=442911"}],"wp:term":[{"taxonomy":"category","embeddable":true,"href":"https:\/\/portaltela.pt\/api\/wp\/v2\/categories?post=442911"},{"taxonomy":"post_tag","embeddable":true,"href":"https:\/\/portaltela.pt\/api\/wp\/v2\/tags?post=442911"}],"curies":[{"name":"wp","href":"https:\/\/api.w.org\/{rel}","templated":true}]}}