{"id":442825,"date":"2026-04-13T15:32:11","date_gmt":"2026-04-13T18:32:11","guid":{"rendered":"https:\/\/portaltela.pt\/noticias\/2026\/04\/13\/transtejo-apresenta-estudo-sobre-terminal-fluvial-em-alhos-vedros\/"},"modified":"2026-04-13T15:32:11","modified_gmt":"2026-04-13T18:32:11","slug":"transtejo-apresenta-estudo-sobre-terminal-fluvial-em-alhos-vedros","status":"publish","type":"post","link":"https:\/\/portaltela.pt\/noticias\/politica\/2026\/04\/13\/transtejo-apresenta-estudo-sobre-terminal-fluvial-em-alhos-vedros\/","title":{"rendered":"Transtejo apresenta estudo sobre terminal fluvial em Alhos Vedros"},"content":{"rendered":"<p>A Transtejo Soflusa lan\u00e7ou um estudo de navegabilidade para avaliar a instala\u00e7\u00e3o de um terminal fluvial no Cais de Alhos Vedros, no concelho da Moita. O objetivo \u00e9 criar uma liga\u00e7\u00e3o direta ao terminal fluvial do Montijo, com rotas para Lisboa.<\/p>\n<p>O projeto envolve a autorregi\u00e3o de Moita e a operadora de transportes. A ideia passa por refor\u00e7ar a oferta de transporte p\u00fablico de passageiros entre as margens do Tejo, conectando Alhos Vedros ao Montijo e, a partir da\u00ed, a Lisboa.<\/p>\n<p>Segundo o comunicado, a constru\u00e7\u00e3o da infraestrutura est\u00e1 or\u00e7ada em mais de oito milh\u00f5es de euros. A autarquia de Moita espera que a obra tenha in\u00edcio ainda neste mandato.<\/p>\n<p>A proposta visa, em detalhe, facilitar uma liga\u00e7\u00e3o direta entre o Montijo e Lisboa por via fluvial, consolidando a rede j\u00e1 existente de navega\u00e7\u00e3o gerida pela Transtejo Soflusa. O estudo dever\u00e1 indicar viabilidade t\u00e9cnica e econ\u00f3mica do projeto.<\/p>\n","protected":false},"excerpt":{"rendered":"<ul>\n<li>A Transtejo Soflusa lan\u00e7ou um estudo de navegabilidade para avaliar a instala\u00e7\u00e3o de um terminal fluvial no Cais de Alhos Vedros, no concelho da Moita.<\/li>\n<li>O objetivo \u00e9 criar uma liga\u00e7\u00e3o direta ao terminal fluvial do Montijo, assegurando carreiras para Lisboa.<\/li>\n<li>A infraestrutura ter\u00e1 um custo superior a oito milh\u00f5es de euros.<\/li>\n<li>O autarca espera que a obra comece ainda neste mandato.<\/li>\n<\/ul>\n","protected":false},"author":2,"featured_media":442827,"comment_status":"closed","ping_status":"closed","sticky":false,"template":"","format":"standard","meta":{"footnotes":""},"categories":[1,5],"tags":[5639,981,3569,1058,2408,192],"class_list":["post-442825","post","type-post","status-publish","format-standard","has-post-thumbnail","hentry","category-noticias","category-politica","tag-alhos-vedros","tag-lisboa","tag-moita","tag-montijo","tag-tejo","tag-transporte"],"yoast_head":"<!-- This site is optimized with the Yoast SEO plugin v27.2 - https:\/\/yoast.com\/product\/yoast-seo-wordpress\/ -->\n<title>Transtejo apresenta estudo sobre terminal fluvial em Alhos Vedros - Portal Tela Portugal<\/title>\n<meta name=\"robots\" content=\"index, follow, max-snippet:-1, max-image-preview:large, max-video-preview:-1\" \/>\n<meta property=\"og:locale\" content=\"pt_PT\" \/>\n<meta property=\"og:type\" content=\"article\" \/>\n<meta property=\"og:title\" content=\"Transtejo apresenta estudo sobre terminal fluvial em Alhos Vedros - Portal Tela Portugal\" \/>\n<meta property=\"og:description\" content=\"A Transtejo Soflusa lan\u00e7ou um estudo de navegabilidade para avaliar a instala\u00e7\u00e3o de um terminal fluvial no Cais de Alhos Vedros, no concelho da Moita. O objetivo \u00e9 criar uma liga\u00e7\u00e3o direta ao terminal fluvial do Montijo, assegurando carreiras para Lisboa. A infraestrutura ter\u00e1 um custo superior a oito milh\u00f5es de euros. O autarca espera que a obra comece ainda neste mandato.\" \/>\n<meta property=\"og:url\" content=\"https:\/\/portaltela.pt\/noticias\/2026\/04\/13\/transtejo-apresenta-estudo-sobre-terminal-fluvial-em-alhos-vedros\/\" \/>\n<meta property=\"og:site_name\" content=\"Portal Tela Portugal\" \/>\n<meta property=\"article:published_time\" content=\"2026-04-13T18:32:11+00:00\" \/>\n<meta name=\"author\" content=\"Telinha\" \/>\n<meta name=\"twitter:card\" content=\"summary_large_image\" \/>\n<meta name=\"twitter:label1\" content=\"Escrito por\" \/>\n\t<meta name=\"twitter:data1\" content=\"Telinha\" \/>\n\t<meta name=\"twitter:label2\" content=\"Tempo estimado de leitura\" \/>\n\t<meta name=\"twitter:data2\" content=\"1 minuto\" \/>\n<script type=\"application\/ld+json\" class=\"yoast-schema-graph\">{\"@context\":\"https:\/\/schema.org\",\"@graph\":[{\"@type\":\"Article\",\"@id\":\"https:\/\/portaltela.pt\/noticias\/2026\/04\/13\/transtejo-apresenta-estudo-sobre-terminal-fluvial-em-alhos-vedros\/#article\",\"isPartOf\":{\"@id\":\"https:\/\/portaltela.pt\/noticias\/2026\/04\/13\/transtejo-apresenta-estudo-sobre-terminal-fluvial-em-alhos-vedros\/\"},\"author\":{\"name\":\"Telinha\",\"@id\":\"https:\/\/portaltela.pt\/#\/schema\/person\/c4278d4a6028830caff9ee44b42d32ed\"},\"headline\":\"Transtejo apresenta estudo sobre terminal fluvial em Alhos Vedros\",\"datePublished\":\"2026-04-13T18:32:11+00:00\",\"mainEntityOfPage\":{\"@id\":\"https:\/\/portaltela.pt\/noticias\/2026\/04\/13\/transtejo-apresenta-estudo-sobre-terminal-fluvial-em-alhos-vedros\/\"},\"wordCount\":170,\"image\":{\"@id\":\"https:\/\/portaltela.pt\/noticias\/2026\/04\/13\/transtejo-apresenta-estudo-sobre-terminal-fluvial-em-alhos-vedros\/#primaryimage\"},\"thumbnailUrl\":\"https:\/\/portaltela.pt\/s.01k8rhncp4jt1\/2026\/04\/2080971.jpg\",\"keywords\":[\"Alhos Vedros\",\"Lisboa\",\"Moita\",\"Montijo\",\"Tejo\",\"transporte\"],\"articleSection\":[\"Not\u00edcias\",\"Pol\u00edtica\"],\"inLanguage\":\"pt-PT\"},{\"@type\":\"WebPage\",\"@id\":\"https:\/\/portaltela.pt\/noticias\/2026\/04\/13\/transtejo-apresenta-estudo-sobre-terminal-fluvial-em-alhos-vedros\/\",\"url\":\"https:\/\/portaltela.pt\/noticias\/2026\/04\/13\/transtejo-apresenta-estudo-sobre-terminal-fluvial-em-alhos-vedros\/\",\"name\":\"Transtejo apresenta estudo sobre terminal fluvial em Alhos Vedros - Portal Tela Portugal\",\"isPartOf\":{\"@id\":\"https:\/\/portaltela.pt\/#website\"},\"primaryImageOfPage\":{\"@id\":\"https:\/\/portaltela.pt\/noticias\/2026\/04\/13\/transtejo-apresenta-estudo-sobre-terminal-fluvial-em-alhos-vedros\/#primaryimage\"},\"image\":{\"@id\":\"https:\/\/portaltela.pt\/noticias\/2026\/04\/13\/transtejo-apresenta-estudo-sobre-terminal-fluvial-em-alhos-vedros\/#primaryimage\"},\"thumbnailUrl\":\"https:\/\/portaltela.pt\/s.01k8rhncp4jt1\/2026\/04\/2080971.jpg\",\"datePublished\":\"2026-04-13T18:32:11+00:00\",\"author\":{\"@id\":\"https:\/\/portaltela.pt\/#\/schema\/person\/c4278d4a6028830caff9ee44b42d32ed\"},\"breadcrumb\":{\"@id\":\"https:\/\/portaltela.pt\/noticias\/2026\/04\/13\/transtejo-apresenta-estudo-sobre-terminal-fluvial-em-alhos-vedros\/#breadcrumb\"},\"inLanguage\":\"pt-PT\",\"potentialAction\":[{\"@type\":\"ReadAction\",\"target\":[\"https:\/\/portaltela.pt\/noticias\/2026\/04\/13\/transtejo-apresenta-estudo-sobre-terminal-fluvial-em-alhos-vedros\/\"]}]},{\"@type\":\"ImageObject\",\"inLanguage\":\"pt-PT\",\"@id\":\"https:\/\/portaltela.pt\/noticias\/2026\/04\/13\/transtejo-apresenta-estudo-sobre-terminal-fluvial-em-alhos-vedros\/#primaryimage\",\"url\":\"https:\/\/portaltela.pt\/s.01k8rhncp4jt1\/2026\/04\/2080971.jpg\",\"contentUrl\":\"https:\/\/portaltela.pt\/s.01k8rhncp4jt1\/2026\/04\/2080971.jpg\",\"width\":796,\"height\":448,\"caption\":\"Em aberto est\u00e1 ainda a hip\u00f3tese de Alhos Vedros poder vir a contar com liga\u00e7\u00f5es directas a Lisboa\"},{\"@type\":\"BreadcrumbList\",\"@id\":\"https:\/\/portaltela.pt\/noticias\/2026\/04\/13\/transtejo-apresenta-estudo-sobre-terminal-fluvial-em-alhos-vedros\/#breadcrumb\",\"itemListElement\":[{\"@type\":\"ListItem\",\"position\":1,\"name\":\"In\u00edcio\",\"item\":\"https:\/\/portaltela.pt\/\"},{\"@type\":\"ListItem\",\"position\":2,\"name\":\"Transtejo apresenta estudo sobre terminal fluvial em Alhos Vedros\"}]},{\"@type\":\"WebSite\",\"@id\":\"https:\/\/portaltela.pt\/#website\",\"url\":\"https:\/\/portaltela.pt\/\",\"name\":\"Portal Tela Portugal\",\"description\":\"\",\"potentialAction\":[{\"@type\":\"SearchAction\",\"target\":{\"@type\":\"EntryPoint\",\"urlTemplate\":\"https:\/\/portaltela.pt\/?s={search_term_string}\"},\"query-input\":{\"@type\":\"PropertyValueSpecification\",\"valueRequired\":true,\"valueName\":\"search_term_string\"}}],\"inLanguage\":\"pt-PT\"},{\"@type\":\"Person\",\"@id\":\"https:\/\/portaltela.pt\/#\/schema\/person\/c4278d4a6028830caff9ee44b42d32ed\",\"name\":\"Telinha\",\"image\":{\"@type\":\"ImageObject\",\"inLanguage\":\"pt-PT\",\"@id\":\"https:\/\/portaltela.pt\/s.01k8rhncp4jt1\/2025\/11\/talking-bot-125x125.png\",\"url\":\"https:\/\/portaltela.pt\/s.01k8rhncp4jt1\/2025\/11\/talking-bot-125x125.png\",\"contentUrl\":\"https:\/\/portaltela.pt\/s.01k8rhncp4jt1\/2025\/11\/talking-bot-125x125.png\",\"caption\":\"Telinha\"},\"sameAs\":[\"https:\/\/portaltela.pt\/\"],\"url\":\"https:\/\/portaltela.pt\/por\/367410592786\/\"}]}<\/script>\n<!-- \/ Yoast SEO plugin. -->","yoast_head_json":{"title":"Transtejo apresenta estudo sobre terminal fluvial em Alhos Vedros - Portal Tela Portugal","robots":{"index":"index","follow":"follow","max-snippet":"max-snippet:-1","max-image-preview":"max-image-preview:large","max-video-preview":"max-video-preview:-1"},"og_locale":"pt_PT","og_type":"article","og_title":"Transtejo apresenta estudo sobre terminal fluvial em Alhos Vedros - Portal Tela Portugal","og_description":"A Transtejo Soflusa lan\u00e7ou um estudo de navegabilidade para avaliar a instala\u00e7\u00e3o de um terminal fluvial no Cais de Alhos Vedros, no concelho da Moita. O objetivo \u00e9 criar uma liga\u00e7\u00e3o direta ao terminal fluvial do Montijo, assegurando carreiras para Lisboa. A infraestrutura ter\u00e1 um custo superior a oito milh\u00f5es de euros. O autarca espera que a obra comece ainda neste mandato.","og_url":"https:\/\/portaltela.pt\/noticias\/2026\/04\/13\/transtejo-apresenta-estudo-sobre-terminal-fluvial-em-alhos-vedros\/","og_site_name":"Portal Tela Portugal","article_published_time":"2026-04-13T18:32:11+00:00","author":"Telinha","twitter_card":"summary_large_image","twitter_misc":{"Escrito por":"Telinha","Tempo estimado de leitura":"1 minuto"},"schema":{"@context":"https:\/\/schema.org","@graph":[{"@type":"Article","@id":"https:\/\/portaltela.pt\/noticias\/2026\/04\/13\/transtejo-apresenta-estudo-sobre-terminal-fluvial-em-alhos-vedros\/#article","isPartOf":{"@id":"https:\/\/portaltela.pt\/noticias\/2026\/04\/13\/transtejo-apresenta-estudo-sobre-terminal-fluvial-em-alhos-vedros\/"},"author":{"name":"Telinha","@id":"https:\/\/portaltela.pt\/#\/schema\/person\/c4278d4a6028830caff9ee44b42d32ed"},"headline":"Transtejo apresenta estudo sobre terminal fluvial em Alhos Vedros","datePublished":"2026-04-13T18:32:11+00:00","mainEntityOfPage":{"@id":"https:\/\/portaltela.pt\/noticias\/2026\/04\/13\/transtejo-apresenta-estudo-sobre-terminal-fluvial-em-alhos-vedros\/"},"wordCount":170,"image":{"@id":"https:\/\/portaltela.pt\/noticias\/2026\/04\/13\/transtejo-apresenta-estudo-sobre-terminal-fluvial-em-alhos-vedros\/#primaryimage"},"thumbnailUrl":"https:\/\/portaltela.pt\/s.01k8rhncp4jt1\/2026\/04\/2080971.jpg","keywords":["Alhos Vedros","Lisboa","Moita","Montijo","Tejo","transporte"],"articleSection":["Not\u00edcias","Pol\u00edtica"],"inLanguage":"pt-PT"},{"@type":"WebPage","@id":"https:\/\/portaltela.pt\/noticias\/2026\/04\/13\/transtejo-apresenta-estudo-sobre-terminal-fluvial-em-alhos-vedros\/","url":"https:\/\/portaltela.pt\/noticias\/2026\/04\/13\/transtejo-apresenta-estudo-sobre-terminal-fluvial-em-alhos-vedros\/","name":"Transtejo apresenta estudo sobre terminal fluvial em Alhos Vedros - Portal Tela Portugal","isPartOf":{"@id":"https:\/\/portaltela.pt\/#website"},"primaryImageOfPage":{"@id":"https:\/\/portaltela.pt\/noticias\/2026\/04\/13\/transtejo-apresenta-estudo-sobre-terminal-fluvial-em-alhos-vedros\/#primaryimage"},"image":{"@id":"https:\/\/portaltela.pt\/noticias\/2026\/04\/13\/transtejo-apresenta-estudo-sobre-terminal-fluvial-em-alhos-vedros\/#primaryimage"},"thumbnailUrl":"https:\/\/portaltela.pt\/s.01k8rhncp4jt1\/2026\/04\/2080971.jpg","datePublished":"2026-04-13T18:32:11+00:00","author":{"@id":"https:\/\/portaltela.pt\/#\/schema\/person\/c4278d4a6028830caff9ee44b42d32ed"},"breadcrumb":{"@id":"https:\/\/portaltela.pt\/noticias\/2026\/04\/13\/transtejo-apresenta-estudo-sobre-terminal-fluvial-em-alhos-vedros\/#breadcrumb"},"inLanguage":"pt-PT","potentialAction":[{"@type":"ReadAction","target":["https:\/\/portaltela.pt\/noticias\/2026\/04\/13\/transtejo-apresenta-estudo-sobre-terminal-fluvial-em-alhos-vedros\/"]}]},{"@type":"ImageObject","inLanguage":"pt-PT","@id":"https:\/\/portaltela.pt\/noticias\/2026\/04\/13\/transtejo-apresenta-estudo-sobre-terminal-fluvial-em-alhos-vedros\/#primaryimage","url":"https:\/\/portaltela.pt\/s.01k8rhncp4jt1\/2026\/04\/2080971.jpg","contentUrl":"https:\/\/portaltela.pt\/s.01k8rhncp4jt1\/2026\/04\/2080971.jpg","width":796,"height":448,"caption":"Em aberto est\u00e1 ainda a hip\u00f3tese de Alhos Vedros poder vir a contar com liga\u00e7\u00f5es directas a Lisboa"},{"@type":"BreadcrumbList","@id":"https:\/\/portaltela.pt\/noticias\/2026\/04\/13\/transtejo-apresenta-estudo-sobre-terminal-fluvial-em-alhos-vedros\/#breadcrumb","itemListElement":[{"@type":"ListItem","position":1,"name":"In\u00edcio","item":"https:\/\/portaltela.pt\/"},{"@type":"ListItem","position":2,"name":"Transtejo apresenta estudo sobre terminal fluvial em Alhos Vedros"}]},{"@type":"WebSite","@id":"https:\/\/portaltela.pt\/#website","url":"https:\/\/portaltela.pt\/","name":"Portal Tela Portugal","description":"","potentialAction":[{"@type":"SearchAction","target":{"@type":"EntryPoint","urlTemplate":"https:\/\/portaltela.pt\/?s={search_term_string}"},"query-input":{"@type":"PropertyValueSpecification","valueRequired":true,"valueName":"search_term_string"}}],"inLanguage":"pt-PT"},{"@type":"Person","@id":"https:\/\/portaltela.pt\/#\/schema\/person\/c4278d4a6028830caff9ee44b42d32ed","name":"Telinha","image":{"@type":"ImageObject","inLanguage":"pt-PT","@id":"https:\/\/portaltela.pt\/s.01k8rhncp4jt1\/2025\/11\/talking-bot-125x125.png","url":"https:\/\/portaltela.pt\/s.01k8rhncp4jt1\/2025\/11\/talking-bot-125x125.png","contentUrl":"https:\/\/portaltela.pt\/s.01k8rhncp4jt1\/2025\/11\/talking-bot-125x125.png","caption":"Telinha"},"sameAs":["https:\/\/portaltela.pt\/"],"url":"https:\/\/portaltela.pt\/por\/367410592786\/"}]}},"_links":{"self":[{"href":"https:\/\/portaltela.pt\/api\/wp\/v2\/posts\/442825","targetHints":{"allow":["GET"]}}],"collection":[{"href":"https:\/\/portaltela.pt\/api\/wp\/v2\/posts"}],"about":[{"href":"https:\/\/portaltela.pt\/api\/wp\/v2\/types\/post"}],"author":[{"embeddable":true,"href":"https:\/\/portaltela.pt\/api\/wp\/v2\/users\/2"}],"replies":[{"embeddable":true,"href":"https:\/\/portaltela.pt\/api\/wp\/v2\/comments?post=442825"}],"version-history":[{"count":0,"href":"https:\/\/portaltela.pt\/api\/wp\/v2\/posts\/442825\/revisions"}],"wp:featuredmedia":[{"embeddable":true,"href":"https:\/\/portaltela.pt\/api\/wp\/v2\/media\/442827"}],"wp:attachment":[{"href":"https:\/\/portaltela.pt\/api\/wp\/v2\/media?parent=442825"}],"wp:term":[{"taxonomy":"category","embeddable":true,"href":"https:\/\/portaltela.pt\/api\/wp\/v2\/categories?post=442825"},{"taxonomy":"post_tag","embeddable":true,"href":"https:\/\/portaltela.pt\/api\/wp\/v2\/tags?post=442825"}],"curies":[{"name":"wp","href":"https:\/\/api.w.org\/{rel}","templated":true}]}}