{"id":442781,"date":"2026-04-13T14:32:17","date_gmt":"2026-04-13T17:32:17","guid":{"rendered":"https:\/\/portaltela.pt\/noticias\/2026\/04\/13\/farioli-e-pietuszewski-crescimento-reacao-no-banco-e-cartao-desnecessario\/"},"modified":"2026-04-13T14:32:17","modified_gmt":"2026-04-13T17:32:17","slug":"farioli-e-pietuszewski-crescimento-reacao-no-banco-e-cartao-desnecessario","status":"publish","type":"post","link":"https:\/\/portaltela.pt\/desporto\/futebol\/2026\/04\/13\/farioli-e-pietuszewski-crescimento-reacao-no-banco-e-cartao-desnecessario\/","title":{"rendered":"Farioli e Pietuszewski: crescimento, rea\u00e7\u00e3o no banco e cart\u00e3o desnecess\u00e1rio"},"content":{"rendered":"<p>O FC Porto venceu o Estoril, por 3-1, na ronda disputada no est\u00e1dio Ant\u00f3nio Coimbra da Mota, no domingo. O resultado consolidou a dist\u00e2ncia da equipa azul e branca face aos principais perseguintes no campeonato.<\/p>\n<p>O encontro ficou ainda marcado pela emo\u00e7\u00e3o da bancada, com apoio aos jogadores e \u00e0 equipa t\u00e9cnica ao longo dos minutos finais. O plantel portista controlou o ritmo e fez valer a vantagem constru\u00edda ao longo do jogo.<\/p>\n<p>No final da confer\u00eancia de imprensa do t\u00e9cnico Francesco Farioli, ocorreu uma conversa junto ao relvado com Pietuszewski, epis\u00f3dio registado pouco depois do apito final. A troca ocorreu de forma discreta, sem que tenha sido divulgado conte\u00fado p\u00fablico da conversa.<\/p>\n<h3>Intera\u00e7\u00e3o no relvado ap\u00f3s a confer\u00eancia<\/h3>\n<p>A an\u00e1lise da situa\u00e7\u00e3o aponta para uma demonstra\u00e7\u00e3o de uni\u00e3o entre treinador e jogador, ocorrida ap\u00f3s o encontro. A ocasi\u00e3o manteve-se junto ao espa\u00e7o reservado para a imprensa, antes de os elementos abandonarem o recinto.<\/p>\n","protected":false},"excerpt":{"rendered":"<ul>\n<li>O Estoril-Poporto terminou 1-3, com triunfo do Porto.<\/li>\n<li>O jogo ocorreu no est\u00e1dio Ant\u00f3nio Coimbra da Mota, no domingo.<\/li>\n<li>Ap\u00f3s a confer\u00eancia de imprensa de Francesco Farioli, o t\u00e9cnico italiano, houve uma conversa junto ao relvado com Pietuszewski.<\/li>\n<li>Farioli tinha previsto mais tempo de jogo para o jovem Pietuszewski.<\/li>\n<li>A situa\u00e7\u00e3o gerou reac\u00e7\u00e3o no banco durante o final da partida.<\/li>\n<\/ul>\n","protected":false},"author":2,"featured_media":442784,"comment_status":"closed","ping_status":"closed","sticky":false,"template":"","format":"standard","meta":{"footnotes":""},"categories":[21,24],"tags":[7755,999,3752,982,1014,2477],"class_list":["post-442781","post","type-post","status-publish","format-standard","has-post-thumbnail","hentry","category-desporto","category-futebol","tag-_futebol","tag-estoril","tag-pietuszewski","tag-porto","tag-portugal","tag-treinadores"],"yoast_head":"<!-- This site is optimized with the Yoast SEO plugin v27.2 - https:\/\/yoast.com\/product\/yoast-seo-wordpress\/ -->\n<title>Farioli e Pietuszewski: crescimento, rea\u00e7\u00e3o no banco e cart\u00e3o desnecess\u00e1rio - Portal Tela Portugal<\/title>\n<meta name=\"robots\" content=\"index, follow, max-snippet:-1, max-image-preview:large, max-video-preview:-1\" \/>\n<meta property=\"og:locale\" content=\"pt_PT\" \/>\n<meta property=\"og:type\" content=\"article\" \/>\n<meta property=\"og:title\" content=\"Farioli e Pietuszewski: crescimento, rea\u00e7\u00e3o no banco e cart\u00e3o desnecess\u00e1rio - Portal Tela Portugal\" \/>\n<meta property=\"og:description\" content=\"O Estoril-Poporto terminou 1-3, com triunfo do Porto. O jogo ocorreu no est\u00e1dio Ant\u00f3nio Coimbra da Mota, no domingo. Ap\u00f3s a confer\u00eancia de imprensa de Francesco Farioli, o t\u00e9cnico italiano, houve uma conversa junto ao relvado com Pietuszewski. Farioli tinha previsto mais tempo de jogo para o jovem Pietuszewski. A situa\u00e7\u00e3o gerou reac\u00e7\u00e3o no banco durante o final da partida.\" \/>\n<meta property=\"og:url\" content=\"https:\/\/portaltela.pt\/noticias\/2026\/04\/13\/farioli-e-pietuszewski-crescimento-reacao-no-banco-e-cartao-desnecessario\/\" \/>\n<meta property=\"og:site_name\" content=\"Portal Tela Portugal\" \/>\n<meta property=\"article:published_time\" content=\"2026-04-13T17:32:17+00:00\" \/>\n<meta name=\"author\" content=\"Telinha\" \/>\n<meta name=\"twitter:card\" content=\"summary_large_image\" \/>\n<meta name=\"twitter:label1\" content=\"Escrito por\" \/>\n\t<meta name=\"twitter:data1\" content=\"Telinha\" \/>\n\t<meta name=\"twitter:label2\" content=\"Tempo estimado de leitura\" \/>\n\t<meta name=\"twitter:data2\" content=\"1 minuto\" \/>\n<script type=\"application\/ld+json\" class=\"yoast-schema-graph\">{\"@context\":\"https:\/\/schema.org\",\"@graph\":[{\"@type\":\"Article\",\"@id\":\"https:\/\/portaltela.pt\/noticias\/2026\/04\/13\/farioli-e-pietuszewski-crescimento-reacao-no-banco-e-cartao-desnecessario\/#article\",\"isPartOf\":{\"@id\":\"https:\/\/portaltela.pt\/noticias\/2026\/04\/13\/farioli-e-pietuszewski-crescimento-reacao-no-banco-e-cartao-desnecessario\/\"},\"author\":{\"name\":\"Telinha\",\"@id\":\"https:\/\/portaltela.pt\/#\/schema\/person\/c4278d4a6028830caff9ee44b42d32ed\"},\"headline\":\"Farioli e Pietuszewski: crescimento, rea\u00e7\u00e3o no banco e cart\u00e3o desnecess\u00e1rio\",\"datePublished\":\"2026-04-13T17:32:17+00:00\",\"mainEntityOfPage\":{\"@id\":\"https:\/\/portaltela.pt\/noticias\/2026\/04\/13\/farioli-e-pietuszewski-crescimento-reacao-no-banco-e-cartao-desnecessario\/\"},\"wordCount\":187,\"image\":{\"@id\":\"https:\/\/portaltela.pt\/noticias\/2026\/04\/13\/farioli-e-pietuszewski-crescimento-reacao-no-banco-e-cartao-desnecessario\/#primaryimage\"},\"thumbnailUrl\":\"https:\/\/portaltela.pt\/s.01k8rhncp4jt1\/2026\/04\/img_920x518uu2026-04-13-18-22-29-2432826-im-639117013765873340.jpg\",\"keywords\":[\"_futebol\",\"Estoril\",\"Pietuszewski\",\"Porto\",\"Portugal\",\"treinadores\"],\"articleSection\":[\"Desporto\",\"Futebol\"],\"inLanguage\":\"pt-PT\"},{\"@type\":\"WebPage\",\"@id\":\"https:\/\/portaltela.pt\/noticias\/2026\/04\/13\/farioli-e-pietuszewski-crescimento-reacao-no-banco-e-cartao-desnecessario\/\",\"url\":\"https:\/\/portaltela.pt\/noticias\/2026\/04\/13\/farioli-e-pietuszewski-crescimento-reacao-no-banco-e-cartao-desnecessario\/\",\"name\":\"Farioli e Pietuszewski: crescimento, rea\u00e7\u00e3o no banco e cart\u00e3o desnecess\u00e1rio - Portal Tela Portugal\",\"isPartOf\":{\"@id\":\"https:\/\/portaltela.pt\/#website\"},\"primaryImageOfPage\":{\"@id\":\"https:\/\/portaltela.pt\/noticias\/2026\/04\/13\/farioli-e-pietuszewski-crescimento-reacao-no-banco-e-cartao-desnecessario\/#primaryimage\"},\"image\":{\"@id\":\"https:\/\/portaltela.pt\/noticias\/2026\/04\/13\/farioli-e-pietuszewski-crescimento-reacao-no-banco-e-cartao-desnecessario\/#primaryimage\"},\"thumbnailUrl\":\"https:\/\/portaltela.pt\/s.01k8rhncp4jt1\/2026\/04\/img_920x518uu2026-04-13-18-22-29-2432826-im-639117013765873340.jpg\",\"datePublished\":\"2026-04-13T17:32:17+00:00\",\"author\":{\"@id\":\"https:\/\/portaltela.pt\/#\/schema\/person\/c4278d4a6028830caff9ee44b42d32ed\"},\"breadcrumb\":{\"@id\":\"https:\/\/portaltela.pt\/noticias\/2026\/04\/13\/farioli-e-pietuszewski-crescimento-reacao-no-banco-e-cartao-desnecessario\/#breadcrumb\"},\"inLanguage\":\"pt-PT\",\"potentialAction\":[{\"@type\":\"ReadAction\",\"target\":[\"https:\/\/portaltela.pt\/noticias\/2026\/04\/13\/farioli-e-pietuszewski-crescimento-reacao-no-banco-e-cartao-desnecessario\/\"]}]},{\"@type\":\"ImageObject\",\"inLanguage\":\"pt-PT\",\"@id\":\"https:\/\/portaltela.pt\/noticias\/2026\/04\/13\/farioli-e-pietuszewski-crescimento-reacao-no-banco-e-cartao-desnecessario\/#primaryimage\",\"url\":\"https:\/\/portaltela.pt\/s.01k8rhncp4jt1\/2026\/04\/img_920x518uu2026-04-13-18-22-29-2432826-im-639117013765873340.jpg\",\"contentUrl\":\"https:\/\/portaltela.pt\/s.01k8rhncp4jt1\/2026\/04\/img_920x518uu2026-04-13-18-22-29-2432826-im-639117013765873340.jpg\",\"width\":796,\"height\":448,\"caption\":\"FC Porto mant\u00e9m dist\u00e2ncia para rivais com vit\u00f3ria do Drag\u00e3o\"},{\"@type\":\"BreadcrumbList\",\"@id\":\"https:\/\/portaltela.pt\/noticias\/2026\/04\/13\/farioli-e-pietuszewski-crescimento-reacao-no-banco-e-cartao-desnecessario\/#breadcrumb\",\"itemListElement\":[{\"@type\":\"ListItem\",\"position\":1,\"name\":\"In\u00edcio\",\"item\":\"https:\/\/portaltela.pt\/\"},{\"@type\":\"ListItem\",\"position\":2,\"name\":\"Farioli e Pietuszewski: crescimento, rea\u00e7\u00e3o no banco e cart\u00e3o desnecess\u00e1rio\"}]},{\"@type\":\"WebSite\",\"@id\":\"https:\/\/portaltela.pt\/#website\",\"url\":\"https:\/\/portaltela.pt\/\",\"name\":\"Portal Tela Portugal\",\"description\":\"\",\"potentialAction\":[{\"@type\":\"SearchAction\",\"target\":{\"@type\":\"EntryPoint\",\"urlTemplate\":\"https:\/\/portaltela.pt\/?s={search_term_string}\"},\"query-input\":{\"@type\":\"PropertyValueSpecification\",\"valueRequired\":true,\"valueName\":\"search_term_string\"}}],\"inLanguage\":\"pt-PT\"},{\"@type\":\"Person\",\"@id\":\"https:\/\/portaltela.pt\/#\/schema\/person\/c4278d4a6028830caff9ee44b42d32ed\",\"name\":\"Telinha\",\"image\":{\"@type\":\"ImageObject\",\"inLanguage\":\"pt-PT\",\"@id\":\"https:\/\/portaltela.pt\/s.01k8rhncp4jt1\/2025\/11\/talking-bot-125x125.png\",\"url\":\"https:\/\/portaltela.pt\/s.01k8rhncp4jt1\/2025\/11\/talking-bot-125x125.png\",\"contentUrl\":\"https:\/\/portaltela.pt\/s.01k8rhncp4jt1\/2025\/11\/talking-bot-125x125.png\",\"caption\":\"Telinha\"},\"sameAs\":[\"https:\/\/portaltela.pt\/\"],\"url\":\"https:\/\/portaltela.pt\/por\/367410592786\/\"}]}<\/script>\n<!-- \/ Yoast SEO plugin. -->","yoast_head_json":{"title":"Farioli e Pietuszewski: crescimento, rea\u00e7\u00e3o no banco e cart\u00e3o desnecess\u00e1rio - Portal Tela Portugal","robots":{"index":"index","follow":"follow","max-snippet":"max-snippet:-1","max-image-preview":"max-image-preview:large","max-video-preview":"max-video-preview:-1"},"og_locale":"pt_PT","og_type":"article","og_title":"Farioli e Pietuszewski: crescimento, rea\u00e7\u00e3o no banco e cart\u00e3o desnecess\u00e1rio - Portal Tela Portugal","og_description":"O Estoril-Poporto terminou 1-3, com triunfo do Porto. O jogo ocorreu no est\u00e1dio Ant\u00f3nio Coimbra da Mota, no domingo. Ap\u00f3s a confer\u00eancia de imprensa de Francesco Farioli, o t\u00e9cnico italiano, houve uma conversa junto ao relvado com Pietuszewski. Farioli tinha previsto mais tempo de jogo para o jovem Pietuszewski. A situa\u00e7\u00e3o gerou reac\u00e7\u00e3o no banco durante o final da partida.","og_url":"https:\/\/portaltela.pt\/noticias\/2026\/04\/13\/farioli-e-pietuszewski-crescimento-reacao-no-banco-e-cartao-desnecessario\/","og_site_name":"Portal Tela Portugal","article_published_time":"2026-04-13T17:32:17+00:00","author":"Telinha","twitter_card":"summary_large_image","twitter_misc":{"Escrito por":"Telinha","Tempo estimado de leitura":"1 minuto"},"schema":{"@context":"https:\/\/schema.org","@graph":[{"@type":"Article","@id":"https:\/\/portaltela.pt\/noticias\/2026\/04\/13\/farioli-e-pietuszewski-crescimento-reacao-no-banco-e-cartao-desnecessario\/#article","isPartOf":{"@id":"https:\/\/portaltela.pt\/noticias\/2026\/04\/13\/farioli-e-pietuszewski-crescimento-reacao-no-banco-e-cartao-desnecessario\/"},"author":{"name":"Telinha","@id":"https:\/\/portaltela.pt\/#\/schema\/person\/c4278d4a6028830caff9ee44b42d32ed"},"headline":"Farioli e Pietuszewski: crescimento, rea\u00e7\u00e3o no banco e cart\u00e3o desnecess\u00e1rio","datePublished":"2026-04-13T17:32:17+00:00","mainEntityOfPage":{"@id":"https:\/\/portaltela.pt\/noticias\/2026\/04\/13\/farioli-e-pietuszewski-crescimento-reacao-no-banco-e-cartao-desnecessario\/"},"wordCount":187,"image":{"@id":"https:\/\/portaltela.pt\/noticias\/2026\/04\/13\/farioli-e-pietuszewski-crescimento-reacao-no-banco-e-cartao-desnecessario\/#primaryimage"},"thumbnailUrl":"https:\/\/portaltela.pt\/s.01k8rhncp4jt1\/2026\/04\/img_920x518uu2026-04-13-18-22-29-2432826-im-639117013765873340.jpg","keywords":["_futebol","Estoril","Pietuszewski","Porto","Portugal","treinadores"],"articleSection":["Desporto","Futebol"],"inLanguage":"pt-PT"},{"@type":"WebPage","@id":"https:\/\/portaltela.pt\/noticias\/2026\/04\/13\/farioli-e-pietuszewski-crescimento-reacao-no-banco-e-cartao-desnecessario\/","url":"https:\/\/portaltela.pt\/noticias\/2026\/04\/13\/farioli-e-pietuszewski-crescimento-reacao-no-banco-e-cartao-desnecessario\/","name":"Farioli e Pietuszewski: crescimento, rea\u00e7\u00e3o no banco e cart\u00e3o desnecess\u00e1rio - Portal Tela Portugal","isPartOf":{"@id":"https:\/\/portaltela.pt\/#website"},"primaryImageOfPage":{"@id":"https:\/\/portaltela.pt\/noticias\/2026\/04\/13\/farioli-e-pietuszewski-crescimento-reacao-no-banco-e-cartao-desnecessario\/#primaryimage"},"image":{"@id":"https:\/\/portaltela.pt\/noticias\/2026\/04\/13\/farioli-e-pietuszewski-crescimento-reacao-no-banco-e-cartao-desnecessario\/#primaryimage"},"thumbnailUrl":"https:\/\/portaltela.pt\/s.01k8rhncp4jt1\/2026\/04\/img_920x518uu2026-04-13-18-22-29-2432826-im-639117013765873340.jpg","datePublished":"2026-04-13T17:32:17+00:00","author":{"@id":"https:\/\/portaltela.pt\/#\/schema\/person\/c4278d4a6028830caff9ee44b42d32ed"},"breadcrumb":{"@id":"https:\/\/portaltela.pt\/noticias\/2026\/04\/13\/farioli-e-pietuszewski-crescimento-reacao-no-banco-e-cartao-desnecessario\/#breadcrumb"},"inLanguage":"pt-PT","potentialAction":[{"@type":"ReadAction","target":["https:\/\/portaltela.pt\/noticias\/2026\/04\/13\/farioli-e-pietuszewski-crescimento-reacao-no-banco-e-cartao-desnecessario\/"]}]},{"@type":"ImageObject","inLanguage":"pt-PT","@id":"https:\/\/portaltela.pt\/noticias\/2026\/04\/13\/farioli-e-pietuszewski-crescimento-reacao-no-banco-e-cartao-desnecessario\/#primaryimage","url":"https:\/\/portaltela.pt\/s.01k8rhncp4jt1\/2026\/04\/img_920x518uu2026-04-13-18-22-29-2432826-im-639117013765873340.jpg","contentUrl":"https:\/\/portaltela.pt\/s.01k8rhncp4jt1\/2026\/04\/img_920x518uu2026-04-13-18-22-29-2432826-im-639117013765873340.jpg","width":796,"height":448,"caption":"FC Porto mant\u00e9m dist\u00e2ncia para rivais com vit\u00f3ria do Drag\u00e3o"},{"@type":"BreadcrumbList","@id":"https:\/\/portaltela.pt\/noticias\/2026\/04\/13\/farioli-e-pietuszewski-crescimento-reacao-no-banco-e-cartao-desnecessario\/#breadcrumb","itemListElement":[{"@type":"ListItem","position":1,"name":"In\u00edcio","item":"https:\/\/portaltela.pt\/"},{"@type":"ListItem","position":2,"name":"Farioli e Pietuszewski: crescimento, rea\u00e7\u00e3o no banco e cart\u00e3o desnecess\u00e1rio"}]},{"@type":"WebSite","@id":"https:\/\/portaltela.pt\/#website","url":"https:\/\/portaltela.pt\/","name":"Portal Tela Portugal","description":"","potentialAction":[{"@type":"SearchAction","target":{"@type":"EntryPoint","urlTemplate":"https:\/\/portaltela.pt\/?s={search_term_string}"},"query-input":{"@type":"PropertyValueSpecification","valueRequired":true,"valueName":"search_term_string"}}],"inLanguage":"pt-PT"},{"@type":"Person","@id":"https:\/\/portaltela.pt\/#\/schema\/person\/c4278d4a6028830caff9ee44b42d32ed","name":"Telinha","image":{"@type":"ImageObject","inLanguage":"pt-PT","@id":"https:\/\/portaltela.pt\/s.01k8rhncp4jt1\/2025\/11\/talking-bot-125x125.png","url":"https:\/\/portaltela.pt\/s.01k8rhncp4jt1\/2025\/11\/talking-bot-125x125.png","contentUrl":"https:\/\/portaltela.pt\/s.01k8rhncp4jt1\/2025\/11\/talking-bot-125x125.png","caption":"Telinha"},"sameAs":["https:\/\/portaltela.pt\/"],"url":"https:\/\/portaltela.pt\/por\/367410592786\/"}]}},"_links":{"self":[{"href":"https:\/\/portaltela.pt\/api\/wp\/v2\/posts\/442781","targetHints":{"allow":["GET"]}}],"collection":[{"href":"https:\/\/portaltela.pt\/api\/wp\/v2\/posts"}],"about":[{"href":"https:\/\/portaltela.pt\/api\/wp\/v2\/types\/post"}],"author":[{"embeddable":true,"href":"https:\/\/portaltela.pt\/api\/wp\/v2\/users\/2"}],"replies":[{"embeddable":true,"href":"https:\/\/portaltela.pt\/api\/wp\/v2\/comments?post=442781"}],"version-history":[{"count":0,"href":"https:\/\/portaltela.pt\/api\/wp\/v2\/posts\/442781\/revisions"}],"wp:featuredmedia":[{"embeddable":true,"href":"https:\/\/portaltela.pt\/api\/wp\/v2\/media\/442784"}],"wp:attachment":[{"href":"https:\/\/portaltela.pt\/api\/wp\/v2\/media?parent=442781"}],"wp:term":[{"taxonomy":"category","embeddable":true,"href":"https:\/\/portaltela.pt\/api\/wp\/v2\/categories?post=442781"},{"taxonomy":"post_tag","embeddable":true,"href":"https:\/\/portaltela.pt\/api\/wp\/v2\/tags?post=442781"}],"curies":[{"name":"wp","href":"https:\/\/api.w.org\/{rel}","templated":true}]}}