{"id":442779,"date":"2026-04-13T14:32:14","date_gmt":"2026-04-13T17:32:14","guid":{"rendered":"https:\/\/portaltela.pt\/noticias\/2026\/04\/13\/goncalo-moreira-celebra-estreia-pelo-benfica-como-um-dos-dias-mais-felizes\/"},"modified":"2026-04-13T14:32:14","modified_gmt":"2026-04-13T17:32:14","slug":"goncalo-moreira-celebra-estreia-pelo-benfica-como-um-dos-dias-mais-felizes","status":"publish","type":"post","link":"https:\/\/portaltela.pt\/desporto\/futebol\/2026\/04\/13\/goncalo-moreira-celebra-estreia-pelo-benfica-como-um-dos-dias-mais-felizes\/","title":{"rendered":"Gon\u00e7alo Moreira celebra estreia pelo Benfica como um dos dias mais felizes"},"content":{"rendered":"<p>Gon\u00e7alo Moreira estreou-se pela equipa principal do Benfica no encontro frente ao Nacional, ap\u00f3s 198 dias desde a confirma\u00e7\u00e3o de Jos\u00e9 Mourinho de interesse no jogador. O jovem m\u00e9dio de 20 anos entrou nos descontos, num momento de gest\u00e3o de minutos e de reconhecimento pelo trabalho desenvolvido no Seixal.<\/p>\n<p>O jogador atualizou em exclusivo \u00e0 BTV a import\u00e2ncia da ocasi\u00e3o, revelando que sonhava desde pequeno entrar no onze principal. Em 2009, ao ver a Luz pela primeira vez, imaginou pisar o relvado de Benfica. Os pais acompanharam com orgulho a evolu\u00e7\u00e3o do filho.<\/p>\n<p>Mourinho confirmou a continuidade de Moreira na pr\u00e9-temporada da pr\u00f3xima \u00e9poca, segundo o jornal Record. O t\u00e9cnico referiu que a entrada do atleta nos \u00faltimos minutos serve como pr\u00e9mio e refor\u00e7ou a integra\u00e7\u00e3o do jogador numa gest\u00e3o estrat\u00e9gica do Seixal.<\/p>\n<h3>Confirma\u00e7\u00e3o de pr\u00e9-temporada<\/h3>\n<p>A utilizabilidade de Moreira na pr\u00f3xima fase do planeamento j\u00e1 tinha sido antecipada pela imprensa, com o pr\u00f3prio Mourinho a afirmar que o talento do jogador o coloca num grupo privilegiado dentro do Seixal. O objetivo \u00e9 promover o crescimento at\u00e9 ao final da \u00e9poca.<\/p>\n<p>O clube pretende manter o foco no desenvolvimento do atleta, garantindo oportunidades de treino e de competi\u00e7\u00e3o que contribuam para o seu amadurecimento com o plantel principal. A decis\u00e3o de manter Moreira no radar da equipa principal visa acelerar o seu progresso.<\/p>\n","protected":false},"excerpt":{"rendered":"<ul>\n<li>Gon\u00e7alo Moreira, m\u00e9dio de 20 anos, estreia-se pela equipa principal do Benfica frente ao Nacional, entrando nos descontos.<\/li>\n<li>Foi a segunda convocat\u00f3ria e aconteceu cento e noventa e oito dias ap\u00f3s Jos\u00e9 Mourinho ter revelado ter \u201cfraquinho\u201d por ele.<\/li>\n<li>O jogador descreveu o momento como um sonho de crian\u00e7a realizado, agradecendo a oportunidade e salientando a necessidade de continuar a trabalhar.<\/li>\n<li>Mourinho confirmou que Moreira vai integrar a pr\u00e9-temporada da pr\u00f3xima \u00e9poca, incluindo-o numa \u201cpequena elite dentro da elite do Seixal\u201d e dando-lhe oportunidades de crescimento.<\/li>\n<li>O t\u00e9cnico acrescentou que Moreira poder\u00e1 celebrar com os pais ap\u00f3s o jogo, numa altura em que o jogador fica dispon\u00edvel para futuras ocasi\u00f5es.<\/li>\n<\/ul>\n","protected":false},"author":2,"featured_media":442782,"comment_status":"closed","ping_status":"closed","sticky":false,"template":"","format":"standard","meta":{"footnotes":""},"categories":[21,24],"tags":[7902,7755,1946,242,2844,1064],"class_list":["post-442779","post","type-post","status-publish","format-standard","has-post-thumbnail","hentry","category-desporto","category-futebol","tag-_desporto","tag-_futebol","tag-benfica","tag-jogadores","tag-jovens","tag-seixal"],"yoast_head":"<!-- This site is optimized with the Yoast SEO plugin v27.2 - https:\/\/yoast.com\/product\/yoast-seo-wordpress\/ -->\n<title>Gon\u00e7alo Moreira celebra estreia pelo Benfica como um dos dias mais felizes - Portal Tela Portugal<\/title>\n<meta name=\"robots\" content=\"index, follow, max-snippet:-1, max-image-preview:large, max-video-preview:-1\" \/>\n<meta property=\"og:locale\" content=\"pt_PT\" \/>\n<meta property=\"og:type\" content=\"article\" \/>\n<meta property=\"og:title\" content=\"Gon\u00e7alo Moreira celebra estreia pelo Benfica como um dos dias mais felizes - Portal Tela Portugal\" \/>\n<meta property=\"og:description\" content=\"Gon\u00e7alo Moreira, m\u00e9dio de 20 anos, estreia-se pela equipa principal do Benfica frente ao Nacional, entrando nos descontos. Foi a segunda convocat\u00f3ria e aconteceu cento e noventa e oito dias ap\u00f3s Jos\u00e9 Mourinho ter revelado ter \u201cfraquinho\u201d por ele. O jogador descreveu o momento como um sonho de crian\u00e7a realizado, agradecendo a oportunidade e salientando a necessidade de continuar a trabalhar. Mourinho confirmou que Moreira vai integrar a pr\u00e9-temporada da pr\u00f3xima \u00e9poca, incluindo-o numa \u201cpequena elite dentro da elite do Seixal\u201d e dando-lhe oportunidades de crescimento. O t\u00e9cnico acrescentou que Moreira poder\u00e1 celebrar com os pais ap\u00f3s o jogo, numa altura em que o jogador fica dispon\u00edvel para futuras ocasi\u00f5es.\" \/>\n<meta property=\"og:url\" content=\"https:\/\/portaltela.pt\/noticias\/2026\/04\/13\/goncalo-moreira-celebra-estreia-pelo-benfica-como-um-dos-dias-mais-felizes\/\" \/>\n<meta property=\"og:site_name\" content=\"Portal Tela Portugal\" \/>\n<meta property=\"article:published_time\" content=\"2026-04-13T17:32:14+00:00\" \/>\n<meta name=\"author\" content=\"Telinha\" \/>\n<meta name=\"twitter:card\" content=\"summary_large_image\" \/>\n<meta name=\"twitter:label1\" content=\"Escrito por\" \/>\n\t<meta name=\"twitter:data1\" content=\"Telinha\" \/>\n\t<meta name=\"twitter:label2\" content=\"Tempo estimado de leitura\" \/>\n\t<meta name=\"twitter:data2\" content=\"1 minuto\" \/>\n<script type=\"application\/ld+json\" class=\"yoast-schema-graph\">{\"@context\":\"https:\/\/schema.org\",\"@graph\":[{\"@type\":\"Article\",\"@id\":\"https:\/\/portaltela.pt\/noticias\/2026\/04\/13\/goncalo-moreira-celebra-estreia-pelo-benfica-como-um-dos-dias-mais-felizes\/#article\",\"isPartOf\":{\"@id\":\"https:\/\/portaltela.pt\/noticias\/2026\/04\/13\/goncalo-moreira-celebra-estreia-pelo-benfica-como-um-dos-dias-mais-felizes\/\"},\"author\":{\"name\":\"Telinha\",\"@id\":\"https:\/\/portaltela.pt\/#\/schema\/person\/c4278d4a6028830caff9ee44b42d32ed\"},\"headline\":\"Gon\u00e7alo Moreira celebra estreia pelo Benfica como um dos dias mais felizes\",\"datePublished\":\"2026-04-13T17:32:14+00:00\",\"mainEntityOfPage\":{\"@id\":\"https:\/\/portaltela.pt\/noticias\/2026\/04\/13\/goncalo-moreira-celebra-estreia-pelo-benfica-como-um-dos-dias-mais-felizes\/\"},\"wordCount\":253,\"image\":{\"@id\":\"https:\/\/portaltela.pt\/noticias\/2026\/04\/13\/goncalo-moreira-celebra-estreia-pelo-benfica-como-um-dos-dias-mais-felizes\/#primaryimage\"},\"thumbnailUrl\":\"https:\/\/portaltela.pt\/s.01k8rhncp4jt1\/2026\/04\/img_920x518uu2026-04-13-18-26-42-2432827.jpg\",\"keywords\":[\"_desporto\",\"_futebol\",\"Benfica\",\"jogadores\",\"jovens\",\"Seixal\"],\"articleSection\":[\"Desporto\",\"Futebol\"],\"inLanguage\":\"pt-PT\"},{\"@type\":\"WebPage\",\"@id\":\"https:\/\/portaltela.pt\/noticias\/2026\/04\/13\/goncalo-moreira-celebra-estreia-pelo-benfica-como-um-dos-dias-mais-felizes\/\",\"url\":\"https:\/\/portaltela.pt\/noticias\/2026\/04\/13\/goncalo-moreira-celebra-estreia-pelo-benfica-como-um-dos-dias-mais-felizes\/\",\"name\":\"Gon\u00e7alo Moreira celebra estreia pelo Benfica como um dos dias mais felizes - Portal Tela Portugal\",\"isPartOf\":{\"@id\":\"https:\/\/portaltela.pt\/#website\"},\"primaryImageOfPage\":{\"@id\":\"https:\/\/portaltela.pt\/noticias\/2026\/04\/13\/goncalo-moreira-celebra-estreia-pelo-benfica-como-um-dos-dias-mais-felizes\/#primaryimage\"},\"image\":{\"@id\":\"https:\/\/portaltela.pt\/noticias\/2026\/04\/13\/goncalo-moreira-celebra-estreia-pelo-benfica-como-um-dos-dias-mais-felizes\/#primaryimage\"},\"thumbnailUrl\":\"https:\/\/portaltela.pt\/s.01k8rhncp4jt1\/2026\/04\/img_920x518uu2026-04-13-18-26-42-2432827.jpg\",\"datePublished\":\"2026-04-13T17:32:14+00:00\",\"author\":{\"@id\":\"https:\/\/portaltela.pt\/#\/schema\/person\/c4278d4a6028830caff9ee44b42d32ed\"},\"breadcrumb\":{\"@id\":\"https:\/\/portaltela.pt\/noticias\/2026\/04\/13\/goncalo-moreira-celebra-estreia-pelo-benfica-como-um-dos-dias-mais-felizes\/#breadcrumb\"},\"inLanguage\":\"pt-PT\",\"potentialAction\":[{\"@type\":\"ReadAction\",\"target\":[\"https:\/\/portaltela.pt\/noticias\/2026\/04\/13\/goncalo-moreira-celebra-estreia-pelo-benfica-como-um-dos-dias-mais-felizes\/\"]}]},{\"@type\":\"ImageObject\",\"inLanguage\":\"pt-PT\",\"@id\":\"https:\/\/portaltela.pt\/noticias\/2026\/04\/13\/goncalo-moreira-celebra-estreia-pelo-benfica-como-um-dos-dias-mais-felizes\/#primaryimage\",\"url\":\"https:\/\/portaltela.pt\/s.01k8rhncp4jt1\/2026\/04\/img_920x518uu2026-04-13-18-26-42-2432827.jpg\",\"contentUrl\":\"https:\/\/portaltela.pt\/s.01k8rhncp4jt1\/2026\/04\/img_920x518uu2026-04-13-18-26-42-2432827.jpg\",\"width\":796,\"height\":448,\"caption\":\"Gon\u00e7alo Moreira estreou-se pela equipa principal do Benfica\"},{\"@type\":\"BreadcrumbList\",\"@id\":\"https:\/\/portaltela.pt\/noticias\/2026\/04\/13\/goncalo-moreira-celebra-estreia-pelo-benfica-como-um-dos-dias-mais-felizes\/#breadcrumb\",\"itemListElement\":[{\"@type\":\"ListItem\",\"position\":1,\"name\":\"In\u00edcio\",\"item\":\"https:\/\/portaltela.pt\/\"},{\"@type\":\"ListItem\",\"position\":2,\"name\":\"Gon\u00e7alo Moreira celebra estreia pelo Benfica como um dos dias mais felizes\"}]},{\"@type\":\"WebSite\",\"@id\":\"https:\/\/portaltela.pt\/#website\",\"url\":\"https:\/\/portaltela.pt\/\",\"name\":\"Portal Tela Portugal\",\"description\":\"\",\"potentialAction\":[{\"@type\":\"SearchAction\",\"target\":{\"@type\":\"EntryPoint\",\"urlTemplate\":\"https:\/\/portaltela.pt\/?s={search_term_string}\"},\"query-input\":{\"@type\":\"PropertyValueSpecification\",\"valueRequired\":true,\"valueName\":\"search_term_string\"}}],\"inLanguage\":\"pt-PT\"},{\"@type\":\"Person\",\"@id\":\"https:\/\/portaltela.pt\/#\/schema\/person\/c4278d4a6028830caff9ee44b42d32ed\",\"name\":\"Telinha\",\"image\":{\"@type\":\"ImageObject\",\"inLanguage\":\"pt-PT\",\"@id\":\"https:\/\/portaltela.pt\/s.01k8rhncp4jt1\/2025\/11\/talking-bot-125x125.png\",\"url\":\"https:\/\/portaltela.pt\/s.01k8rhncp4jt1\/2025\/11\/talking-bot-125x125.png\",\"contentUrl\":\"https:\/\/portaltela.pt\/s.01k8rhncp4jt1\/2025\/11\/talking-bot-125x125.png\",\"caption\":\"Telinha\"},\"sameAs\":[\"https:\/\/portaltela.pt\/\"],\"url\":\"https:\/\/portaltela.pt\/por\/367410592786\/\"}]}<\/script>\n<!-- \/ Yoast SEO plugin. -->","yoast_head_json":{"title":"Gon\u00e7alo Moreira celebra estreia pelo Benfica como um dos dias mais felizes - Portal Tela Portugal","robots":{"index":"index","follow":"follow","max-snippet":"max-snippet:-1","max-image-preview":"max-image-preview:large","max-video-preview":"max-video-preview:-1"},"og_locale":"pt_PT","og_type":"article","og_title":"Gon\u00e7alo Moreira celebra estreia pelo Benfica como um dos dias mais felizes - Portal Tela Portugal","og_description":"Gon\u00e7alo Moreira, m\u00e9dio de 20 anos, estreia-se pela equipa principal do Benfica frente ao Nacional, entrando nos descontos. Foi a segunda convocat\u00f3ria e aconteceu cento e noventa e oito dias ap\u00f3s Jos\u00e9 Mourinho ter revelado ter \u201cfraquinho\u201d por ele. O jogador descreveu o momento como um sonho de crian\u00e7a realizado, agradecendo a oportunidade e salientando a necessidade de continuar a trabalhar. Mourinho confirmou que Moreira vai integrar a pr\u00e9-temporada da pr\u00f3xima \u00e9poca, incluindo-o numa \u201cpequena elite dentro da elite do Seixal\u201d e dando-lhe oportunidades de crescimento. O t\u00e9cnico acrescentou que Moreira poder\u00e1 celebrar com os pais ap\u00f3s o jogo, numa altura em que o jogador fica dispon\u00edvel para futuras ocasi\u00f5es.","og_url":"https:\/\/portaltela.pt\/noticias\/2026\/04\/13\/goncalo-moreira-celebra-estreia-pelo-benfica-como-um-dos-dias-mais-felizes\/","og_site_name":"Portal Tela Portugal","article_published_time":"2026-04-13T17:32:14+00:00","author":"Telinha","twitter_card":"summary_large_image","twitter_misc":{"Escrito por":"Telinha","Tempo estimado de leitura":"1 minuto"},"schema":{"@context":"https:\/\/schema.org","@graph":[{"@type":"Article","@id":"https:\/\/portaltela.pt\/noticias\/2026\/04\/13\/goncalo-moreira-celebra-estreia-pelo-benfica-como-um-dos-dias-mais-felizes\/#article","isPartOf":{"@id":"https:\/\/portaltela.pt\/noticias\/2026\/04\/13\/goncalo-moreira-celebra-estreia-pelo-benfica-como-um-dos-dias-mais-felizes\/"},"author":{"name":"Telinha","@id":"https:\/\/portaltela.pt\/#\/schema\/person\/c4278d4a6028830caff9ee44b42d32ed"},"headline":"Gon\u00e7alo Moreira celebra estreia pelo Benfica como um dos dias mais felizes","datePublished":"2026-04-13T17:32:14+00:00","mainEntityOfPage":{"@id":"https:\/\/portaltela.pt\/noticias\/2026\/04\/13\/goncalo-moreira-celebra-estreia-pelo-benfica-como-um-dos-dias-mais-felizes\/"},"wordCount":253,"image":{"@id":"https:\/\/portaltela.pt\/noticias\/2026\/04\/13\/goncalo-moreira-celebra-estreia-pelo-benfica-como-um-dos-dias-mais-felizes\/#primaryimage"},"thumbnailUrl":"https:\/\/portaltela.pt\/s.01k8rhncp4jt1\/2026\/04\/img_920x518uu2026-04-13-18-26-42-2432827.jpg","keywords":["_desporto","_futebol","Benfica","jogadores","jovens","Seixal"],"articleSection":["Desporto","Futebol"],"inLanguage":"pt-PT"},{"@type":"WebPage","@id":"https:\/\/portaltela.pt\/noticias\/2026\/04\/13\/goncalo-moreira-celebra-estreia-pelo-benfica-como-um-dos-dias-mais-felizes\/","url":"https:\/\/portaltela.pt\/noticias\/2026\/04\/13\/goncalo-moreira-celebra-estreia-pelo-benfica-como-um-dos-dias-mais-felizes\/","name":"Gon\u00e7alo Moreira celebra estreia pelo Benfica como um dos dias mais felizes - Portal Tela Portugal","isPartOf":{"@id":"https:\/\/portaltela.pt\/#website"},"primaryImageOfPage":{"@id":"https:\/\/portaltela.pt\/noticias\/2026\/04\/13\/goncalo-moreira-celebra-estreia-pelo-benfica-como-um-dos-dias-mais-felizes\/#primaryimage"},"image":{"@id":"https:\/\/portaltela.pt\/noticias\/2026\/04\/13\/goncalo-moreira-celebra-estreia-pelo-benfica-como-um-dos-dias-mais-felizes\/#primaryimage"},"thumbnailUrl":"https:\/\/portaltela.pt\/s.01k8rhncp4jt1\/2026\/04\/img_920x518uu2026-04-13-18-26-42-2432827.jpg","datePublished":"2026-04-13T17:32:14+00:00","author":{"@id":"https:\/\/portaltela.pt\/#\/schema\/person\/c4278d4a6028830caff9ee44b42d32ed"},"breadcrumb":{"@id":"https:\/\/portaltela.pt\/noticias\/2026\/04\/13\/goncalo-moreira-celebra-estreia-pelo-benfica-como-um-dos-dias-mais-felizes\/#breadcrumb"},"inLanguage":"pt-PT","potentialAction":[{"@type":"ReadAction","target":["https:\/\/portaltela.pt\/noticias\/2026\/04\/13\/goncalo-moreira-celebra-estreia-pelo-benfica-como-um-dos-dias-mais-felizes\/"]}]},{"@type":"ImageObject","inLanguage":"pt-PT","@id":"https:\/\/portaltela.pt\/noticias\/2026\/04\/13\/goncalo-moreira-celebra-estreia-pelo-benfica-como-um-dos-dias-mais-felizes\/#primaryimage","url":"https:\/\/portaltela.pt\/s.01k8rhncp4jt1\/2026\/04\/img_920x518uu2026-04-13-18-26-42-2432827.jpg","contentUrl":"https:\/\/portaltela.pt\/s.01k8rhncp4jt1\/2026\/04\/img_920x518uu2026-04-13-18-26-42-2432827.jpg","width":796,"height":448,"caption":"Gon\u00e7alo Moreira estreou-se pela equipa principal do Benfica"},{"@type":"BreadcrumbList","@id":"https:\/\/portaltela.pt\/noticias\/2026\/04\/13\/goncalo-moreira-celebra-estreia-pelo-benfica-como-um-dos-dias-mais-felizes\/#breadcrumb","itemListElement":[{"@type":"ListItem","position":1,"name":"In\u00edcio","item":"https:\/\/portaltela.pt\/"},{"@type":"ListItem","position":2,"name":"Gon\u00e7alo Moreira celebra estreia pelo Benfica como um dos dias mais felizes"}]},{"@type":"WebSite","@id":"https:\/\/portaltela.pt\/#website","url":"https:\/\/portaltela.pt\/","name":"Portal Tela Portugal","description":"","potentialAction":[{"@type":"SearchAction","target":{"@type":"EntryPoint","urlTemplate":"https:\/\/portaltela.pt\/?s={search_term_string}"},"query-input":{"@type":"PropertyValueSpecification","valueRequired":true,"valueName":"search_term_string"}}],"inLanguage":"pt-PT"},{"@type":"Person","@id":"https:\/\/portaltela.pt\/#\/schema\/person\/c4278d4a6028830caff9ee44b42d32ed","name":"Telinha","image":{"@type":"ImageObject","inLanguage":"pt-PT","@id":"https:\/\/portaltela.pt\/s.01k8rhncp4jt1\/2025\/11\/talking-bot-125x125.png","url":"https:\/\/portaltela.pt\/s.01k8rhncp4jt1\/2025\/11\/talking-bot-125x125.png","contentUrl":"https:\/\/portaltela.pt\/s.01k8rhncp4jt1\/2025\/11\/talking-bot-125x125.png","caption":"Telinha"},"sameAs":["https:\/\/portaltela.pt\/"],"url":"https:\/\/portaltela.pt\/por\/367410592786\/"}]}},"_links":{"self":[{"href":"https:\/\/portaltela.pt\/api\/wp\/v2\/posts\/442779","targetHints":{"allow":["GET"]}}],"collection":[{"href":"https:\/\/portaltela.pt\/api\/wp\/v2\/posts"}],"about":[{"href":"https:\/\/portaltela.pt\/api\/wp\/v2\/types\/post"}],"author":[{"embeddable":true,"href":"https:\/\/portaltela.pt\/api\/wp\/v2\/users\/2"}],"replies":[{"embeddable":true,"href":"https:\/\/portaltela.pt\/api\/wp\/v2\/comments?post=442779"}],"version-history":[{"count":0,"href":"https:\/\/portaltela.pt\/api\/wp\/v2\/posts\/442779\/revisions"}],"wp:featuredmedia":[{"embeddable":true,"href":"https:\/\/portaltela.pt\/api\/wp\/v2\/media\/442782"}],"wp:attachment":[{"href":"https:\/\/portaltela.pt\/api\/wp\/v2\/media?parent=442779"}],"wp:term":[{"taxonomy":"category","embeddable":true,"href":"https:\/\/portaltela.pt\/api\/wp\/v2\/categories?post=442779"},{"taxonomy":"post_tag","embeddable":true,"href":"https:\/\/portaltela.pt\/api\/wp\/v2\/tags?post=442779"}],"curies":[{"name":"wp","href":"https:\/\/api.w.org\/{rel}","templated":true}]}}