{"id":442776,"date":"2026-04-13T14:32:09","date_gmt":"2026-04-13T17:32:09","guid":{"rendered":"https:\/\/portaltela.pt\/noticias\/2026\/04\/13\/easyjet-reduz-operacoes-na-madeira-com-alteracoes-ao-subsidio-de-mobilidade\/"},"modified":"2026-04-13T14:32:09","modified_gmt":"2026-04-13T17:32:09","slug":"easyjet-reduz-operacoes-na-madeira-com-alteracoes-ao-subsidio-de-mobilidade","status":"publish","type":"post","link":"https:\/\/portaltela.pt\/noticias\/economia\/2026\/04\/13\/easyjet-reduz-operacoes-na-madeira-com-alteracoes-ao-subsidio-de-mobilidade\/","title":{"rendered":"EasyJet reduz opera\u00e7\u00f5es na Madeira com altera\u00e7\u00f5es ao subs\u00eddio de mobilidade"},"content":{"rendered":"<p>A Easyjet Portugal admite que pode reduzir a opera\u00e7\u00e3o nas rotas dom\u00e9sticas caso entre em vigor o fim dos tetos m\u00e1ximos do subs\u00eddio social de mobilidade. A ressalva foi feita pelo diretor-geral da empresa em Portugal, Jos\u00e9 Lopes, durante uma confer\u00eancia no Funchal, realizada com a Secretaria Regional do Turismo.<\/p>\n<p>Lopes afirmou que a retirada do limite superior pode levar a um aumento artificial dos pre\u00e7os, o que, na sua perspetiva, n\u00e3o traria benef\u00edcios aos residentes e poderia afastar visitantes, passageiros relevantes nas rotas internas da Madeira.<\/p>\n<p>Na confer\u00eancia, que abordou a atividade e compromissos de longo prazo da empresa na regi\u00e3o, o executivo destacou que a Easyjet lidera as opera\u00e7\u00f5es a\u00e9reas na Madeira e registou evolu\u00e7\u00e3o consider\u00e1vel desde 2007, ano em que come\u00e7ou a operar na ilha.<\/p>\n<h3>Perspetiva do operador e planeamento para o ver\u00e3o<\/h3>\n<p>Para o ver\u00e3o, a IATA prev\u00ea que a Easyjet opere cerca de 5 700 voos no Aeroporto da Madeira, mais 5% face a 2023, com mais de um milh\u00e3o de lugares dispon\u00edveis, mais 4% do que no ano anterior, e 15 rotas para seis pa\u00edses, mais uma do que em 2023, incluindo Nice, Fran\u00e7a.<\/p>\n<p>No Aeroporto de Porto Santo, mant\u00eam-se as duas rotas existentes, para Lisboa e para o Porto, ainda que com constrangimentos que afetam a liga\u00e7\u00e3o a Lisboa, indicou a transportadora.<\/p>\n<p>Jos\u00e9 Lopes ressalvou que o plano de opera\u00e7\u00e3o foi elaborado com base nos cen\u00e1rios atuais e que, se as mudan\u00e7as ao subs\u00eddio de mobilidade entrarem em vigor, haver\u00e1 impactos na atividade da Easyjet. O respons\u00e1vel n\u00e3o afastou por completo a possibilidade de reduzir a capacidade no mercado.<\/p>\n<p>Questionado, o gestor citou o caso dos A\u00e7ores, para onde a Easyjet j\u00e1 n\u00e3o opera. Nesse arquip\u00e9lago, o subs\u00eddio n\u00e3o tinha teto m\u00e1ximo, o que resultou em pre\u00e7os mais elevados, menos passageiros e custos maiores para o er\u00e1rio.<\/p>\n<h3>Contexto pol\u00edtico e efeitos esperados<\/h3>\n<p>O secret\u00e1rio regional do Turismo, Eduardo Jesus, explicou que as propostas da Madeira n\u00e3o visam eliminar o teto m\u00e1ximo atual, atribuindo a mudan\u00e7a aos A\u00e7ores, e alegou que grande parte das passagens n\u00e3o atinge os 400 euros. Revelou previs\u00f5es de aumento de despesa p\u00fablica sem o teto.<\/p>\n<p>As altera\u00e7\u00f5es ao subs\u00eddio social de mobilidade foram aprovadas na Assembleia da Rep\u00fablica na sexta-feira, mas ainda n\u00e3o entraram em vigor. O diploma permite que o acesso ao subs\u00eddio passe a designar-se mecanismo de continuidade territorial e elimina o requisito da situa\u00e7\u00e3o contributiva e da apresenta\u00e7\u00e3o de recibos, al\u00e9m de reduzir o teto m\u00e1ximo eleg\u00edvel.<\/p>\n<p>O subs\u00eddio social de mobilidade define uma tarifa m\u00e1xima de 79 euros para residentes e 59 euros para estudantes, em viagens Madeira-continente (ida e volta). O teto m\u00e1ximo do custo eleg\u00edvel mantinha-se em 400 euros. Se a passagem superar esse teto, o valor excedente fica a cargo do passageiro.<\/p>\n","protected":false},"excerpt":{"rendered":"<ul>\n<li>A Easyjet admite reduzir a opera\u00e7\u00e3o em rotas dom\u00e9sticas caso entre em vigor o fim dos tetos do subs\u00eddio social de mobilidade para residentes da Madeira e A\u00e7ores.<\/li>\n<li>O subs\u00eddio fixa tarifa m\u00e1xima de 79 euros para residentes e 59 euros para estudantes nas liga\u00e7\u00f5es entre a Madeira e o continente, com um teto m\u00e1ximo de 400 euros.<\/li>\n<li>O diretor-geral da Easyjet em Portugal, Jos\u00e9 Lopes, afirmou que retirar o teto pode elevar artificialmente os pre\u00e7os, n\u00e3o trazer benef\u00edcios e afastar visitantes.<\/li>\n<li>Para o ver\u00e3o, a IATA prev\u00ea 5.700 voos no aeroporto da Madeira, mais de um milh\u00e3o de lugares e 15 rotas para seis pa\u00edses, incluindo Nice; h\u00e1 aumento de 5% face ao per\u00edodo hom\u00f3logo.<\/li>\n<li>No Porto Santo, mant\u00eam-se as duas rotas existentes (Lisboa e Porto) mas houve redu\u00e7\u00e3o para Lisboa; as mudan\u00e7as foram aprovadas na Assembleia da Rep\u00fablica e entram em vigor ap\u00f3s an\u00e1lise, com o regime de continuidade territorial.<\/li>\n<\/ul>\n","protected":false},"author":2,"featured_media":442778,"comment_status":"closed","ping_status":"closed","sticky":false,"template":"","format":"standard","meta":{"footnotes":""},"categories":[2,6735],"tags":[3302,7183,28,859,2110,169],"class_list":["post-442776","post","type-post","status-publish","format-standard","has-post-thumbnail","hentry","category-economia","category-negocios","tag-aeroportos","tag-aviacao","tag-economia","tag-madeira","tag-mobilidade","tag-turismo"],"yoast_head":"<!-- This site is optimized with the Yoast SEO plugin v27.2 - https:\/\/yoast.com\/product\/yoast-seo-wordpress\/ -->\n<title>EasyJet reduz opera\u00e7\u00f5es na Madeira com altera\u00e7\u00f5es ao subs\u00eddio de mobilidade - Portal Tela Portugal<\/title>\n<meta name=\"robots\" content=\"index, follow, max-snippet:-1, max-image-preview:large, max-video-preview:-1\" \/>\n<meta property=\"og:locale\" content=\"pt_PT\" \/>\n<meta property=\"og:type\" content=\"article\" \/>\n<meta property=\"og:title\" content=\"EasyJet reduz opera\u00e7\u00f5es na Madeira com altera\u00e7\u00f5es ao subs\u00eddio de mobilidade - Portal Tela Portugal\" \/>\n<meta property=\"og:description\" content=\"A Easyjet admite reduzir a opera\u00e7\u00e3o em rotas dom\u00e9sticas caso entre em vigor o fim dos tetos do subs\u00eddio social de mobilidade para residentes da Madeira e A\u00e7ores. O subs\u00eddio fixa tarifa m\u00e1xima de 79 euros para residentes e 59 euros para estudantes nas liga\u00e7\u00f5es entre a Madeira e o continente, com um teto m\u00e1ximo de 400 euros. O diretor-geral da Easyjet em Portugal, Jos\u00e9 Lopes, afirmou que retirar o teto pode elevar artificialmente os pre\u00e7os, n\u00e3o trazer benef\u00edcios e afastar visitantes. Para o ver\u00e3o, a IATA prev\u00ea 5.700 voos no aeroporto da Madeira, mais de um milh\u00e3o de lugares e 15 rotas para seis pa\u00edses, incluindo Nice; h\u00e1 aumento de 5% face ao per\u00edodo hom\u00f3logo. No Porto Santo, mant\u00eam-se as duas rotas existentes (Lisboa e Porto) mas houve redu\u00e7\u00e3o para Lisboa; as mudan\u00e7as foram aprovadas na Assembleia da Rep\u00fablica e entram em vigor ap\u00f3s an\u00e1lise, com o regime de continuidade territorial.\" \/>\n<meta property=\"og:url\" content=\"https:\/\/portaltela.pt\/noticias\/2026\/04\/13\/easyjet-reduz-operacoes-na-madeira-com-alteracoes-ao-subsidio-de-mobilidade\/\" \/>\n<meta property=\"og:site_name\" content=\"Portal Tela Portugal\" \/>\n<meta property=\"article:published_time\" content=\"2026-04-13T17:32:09+00:00\" \/>\n<meta name=\"author\" content=\"Telinha\" \/>\n<meta name=\"twitter:card\" content=\"summary_large_image\" \/>\n<meta name=\"twitter:label1\" content=\"Escrito por\" \/>\n\t<meta name=\"twitter:data1\" content=\"Telinha\" \/>\n\t<meta name=\"twitter:label2\" content=\"Tempo estimado de leitura\" \/>\n\t<meta name=\"twitter:data2\" content=\"3 minutos\" \/>\n<script type=\"application\/ld+json\" class=\"yoast-schema-graph\">{\"@context\":\"https:\/\/schema.org\",\"@graph\":[{\"@type\":\"Article\",\"@id\":\"https:\/\/portaltela.pt\/noticias\/2026\/04\/13\/easyjet-reduz-operacoes-na-madeira-com-alteracoes-ao-subsidio-de-mobilidade\/#article\",\"isPartOf\":{\"@id\":\"https:\/\/portaltela.pt\/noticias\/2026\/04\/13\/easyjet-reduz-operacoes-na-madeira-com-alteracoes-ao-subsidio-de-mobilidade\/\"},\"author\":{\"name\":\"Telinha\",\"@id\":\"https:\/\/portaltela.pt\/#\/schema\/person\/c4278d4a6028830caff9ee44b42d32ed\"},\"headline\":\"EasyJet reduz opera\u00e7\u00f5es na Madeira com altera\u00e7\u00f5es ao subs\u00eddio de mobilidade\",\"datePublished\":\"2026-04-13T17:32:09+00:00\",\"mainEntityOfPage\":{\"@id\":\"https:\/\/portaltela.pt\/noticias\/2026\/04\/13\/easyjet-reduz-operacoes-na-madeira-com-alteracoes-ao-subsidio-de-mobilidade\/\"},\"wordCount\":522,\"image\":{\"@id\":\"https:\/\/portaltela.pt\/noticias\/2026\/04\/13\/easyjet-reduz-operacoes-na-madeira-com-alteracoes-ao-subsidio-de-mobilidade\/#primaryimage\"},\"thumbnailUrl\":\"https:\/\/portaltela.pt\/s.01k8rhncp4jt1\/2026\/04\/img_1500x1000uu2020-05-28-08-10-49-945300.jpg\",\"keywords\":[\"aeroportos\",\"avia\u00e7\u00e3o\",\"economia\",\"Madeira\",\"mobilidade\",\"turismo\"],\"articleSection\":[\"Economia\",\"Neg\u00f3cios\"],\"inLanguage\":\"pt-PT\"},{\"@type\":\"WebPage\",\"@id\":\"https:\/\/portaltela.pt\/noticias\/2026\/04\/13\/easyjet-reduz-operacoes-na-madeira-com-alteracoes-ao-subsidio-de-mobilidade\/\",\"url\":\"https:\/\/portaltela.pt\/noticias\/2026\/04\/13\/easyjet-reduz-operacoes-na-madeira-com-alteracoes-ao-subsidio-de-mobilidade\/\",\"name\":\"EasyJet reduz opera\u00e7\u00f5es na Madeira com altera\u00e7\u00f5es ao subs\u00eddio de mobilidade - Portal Tela Portugal\",\"isPartOf\":{\"@id\":\"https:\/\/portaltela.pt\/#website\"},\"primaryImageOfPage\":{\"@id\":\"https:\/\/portaltela.pt\/noticias\/2026\/04\/13\/easyjet-reduz-operacoes-na-madeira-com-alteracoes-ao-subsidio-de-mobilidade\/#primaryimage\"},\"image\":{\"@id\":\"https:\/\/portaltela.pt\/noticias\/2026\/04\/13\/easyjet-reduz-operacoes-na-madeira-com-alteracoes-ao-subsidio-de-mobilidade\/#primaryimage\"},\"thumbnailUrl\":\"https:\/\/portaltela.pt\/s.01k8rhncp4jt1\/2026\/04\/img_1500x1000uu2020-05-28-08-10-49-945300.jpg\",\"datePublished\":\"2026-04-13T17:32:09+00:00\",\"author\":{\"@id\":\"https:\/\/portaltela.pt\/#\/schema\/person\/c4278d4a6028830caff9ee44b42d32ed\"},\"breadcrumb\":{\"@id\":\"https:\/\/portaltela.pt\/noticias\/2026\/04\/13\/easyjet-reduz-operacoes-na-madeira-com-alteracoes-ao-subsidio-de-mobilidade\/#breadcrumb\"},\"inLanguage\":\"pt-PT\",\"potentialAction\":[{\"@type\":\"ReadAction\",\"target\":[\"https:\/\/portaltela.pt\/noticias\/2026\/04\/13\/easyjet-reduz-operacoes-na-madeira-com-alteracoes-ao-subsidio-de-mobilidade\/\"]}]},{\"@type\":\"ImageObject\",\"inLanguage\":\"pt-PT\",\"@id\":\"https:\/\/portaltela.pt\/noticias\/2026\/04\/13\/easyjet-reduz-operacoes-na-madeira-com-alteracoes-ao-subsidio-de-mobilidade\/#primaryimage\",\"url\":\"https:\/\/portaltela.pt\/s.01k8rhncp4jt1\/2026\/04\/img_1500x1000uu2020-05-28-08-10-49-945300.jpg\",\"contentUrl\":\"https:\/\/portaltela.pt\/s.01k8rhncp4jt1\/2026\/04\/img_1500x1000uu2020-05-28-08-10-49-945300.jpg\",\"width\":796,\"height\":448,\"caption\":\"EasyJet passa a operar exclusivamente no Terminal 1 no aeroporto de Lisboa\"},{\"@type\":\"BreadcrumbList\",\"@id\":\"https:\/\/portaltela.pt\/noticias\/2026\/04\/13\/easyjet-reduz-operacoes-na-madeira-com-alteracoes-ao-subsidio-de-mobilidade\/#breadcrumb\",\"itemListElement\":[{\"@type\":\"ListItem\",\"position\":1,\"name\":\"In\u00edcio\",\"item\":\"https:\/\/portaltela.pt\/\"},{\"@type\":\"ListItem\",\"position\":2,\"name\":\"EasyJet reduz opera\u00e7\u00f5es na Madeira com altera\u00e7\u00f5es ao subs\u00eddio de mobilidade\"}]},{\"@type\":\"WebSite\",\"@id\":\"https:\/\/portaltela.pt\/#website\",\"url\":\"https:\/\/portaltela.pt\/\",\"name\":\"Portal Tela Portugal\",\"description\":\"\",\"potentialAction\":[{\"@type\":\"SearchAction\",\"target\":{\"@type\":\"EntryPoint\",\"urlTemplate\":\"https:\/\/portaltela.pt\/?s={search_term_string}\"},\"query-input\":{\"@type\":\"PropertyValueSpecification\",\"valueRequired\":true,\"valueName\":\"search_term_string\"}}],\"inLanguage\":\"pt-PT\"},{\"@type\":\"Person\",\"@id\":\"https:\/\/portaltela.pt\/#\/schema\/person\/c4278d4a6028830caff9ee44b42d32ed\",\"name\":\"Telinha\",\"image\":{\"@type\":\"ImageObject\",\"inLanguage\":\"pt-PT\",\"@id\":\"https:\/\/portaltela.pt\/s.01k8rhncp4jt1\/2025\/11\/talking-bot-125x125.png\",\"url\":\"https:\/\/portaltela.pt\/s.01k8rhncp4jt1\/2025\/11\/talking-bot-125x125.png\",\"contentUrl\":\"https:\/\/portaltela.pt\/s.01k8rhncp4jt1\/2025\/11\/talking-bot-125x125.png\",\"caption\":\"Telinha\"},\"sameAs\":[\"https:\/\/portaltela.pt\/\"],\"url\":\"https:\/\/portaltela.pt\/por\/367410592786\/\"}]}<\/script>\n<!-- \/ Yoast SEO plugin. -->","yoast_head_json":{"title":"EasyJet reduz opera\u00e7\u00f5es na Madeira com altera\u00e7\u00f5es ao subs\u00eddio de mobilidade - Portal Tela Portugal","robots":{"index":"index","follow":"follow","max-snippet":"max-snippet:-1","max-image-preview":"max-image-preview:large","max-video-preview":"max-video-preview:-1"},"og_locale":"pt_PT","og_type":"article","og_title":"EasyJet reduz opera\u00e7\u00f5es na Madeira com altera\u00e7\u00f5es ao subs\u00eddio de mobilidade - Portal Tela Portugal","og_description":"A Easyjet admite reduzir a opera\u00e7\u00e3o em rotas dom\u00e9sticas caso entre em vigor o fim dos tetos do subs\u00eddio social de mobilidade para residentes da Madeira e A\u00e7ores. O subs\u00eddio fixa tarifa m\u00e1xima de 79 euros para residentes e 59 euros para estudantes nas liga\u00e7\u00f5es entre a Madeira e o continente, com um teto m\u00e1ximo de 400 euros. O diretor-geral da Easyjet em Portugal, Jos\u00e9 Lopes, afirmou que retirar o teto pode elevar artificialmente os pre\u00e7os, n\u00e3o trazer benef\u00edcios e afastar visitantes. Para o ver\u00e3o, a IATA prev\u00ea 5.700 voos no aeroporto da Madeira, mais de um milh\u00e3o de lugares e 15 rotas para seis pa\u00edses, incluindo Nice; h\u00e1 aumento de 5% face ao per\u00edodo hom\u00f3logo. No Porto Santo, mant\u00eam-se as duas rotas existentes (Lisboa e Porto) mas houve redu\u00e7\u00e3o para Lisboa; as mudan\u00e7as foram aprovadas na Assembleia da Rep\u00fablica e entram em vigor ap\u00f3s an\u00e1lise, com o regime de continuidade territorial.","og_url":"https:\/\/portaltela.pt\/noticias\/2026\/04\/13\/easyjet-reduz-operacoes-na-madeira-com-alteracoes-ao-subsidio-de-mobilidade\/","og_site_name":"Portal Tela Portugal","article_published_time":"2026-04-13T17:32:09+00:00","author":"Telinha","twitter_card":"summary_large_image","twitter_misc":{"Escrito por":"Telinha","Tempo estimado de leitura":"3 minutos"},"schema":{"@context":"https:\/\/schema.org","@graph":[{"@type":"Article","@id":"https:\/\/portaltela.pt\/noticias\/2026\/04\/13\/easyjet-reduz-operacoes-na-madeira-com-alteracoes-ao-subsidio-de-mobilidade\/#article","isPartOf":{"@id":"https:\/\/portaltela.pt\/noticias\/2026\/04\/13\/easyjet-reduz-operacoes-na-madeira-com-alteracoes-ao-subsidio-de-mobilidade\/"},"author":{"name":"Telinha","@id":"https:\/\/portaltela.pt\/#\/schema\/person\/c4278d4a6028830caff9ee44b42d32ed"},"headline":"EasyJet reduz opera\u00e7\u00f5es na Madeira com altera\u00e7\u00f5es ao subs\u00eddio de mobilidade","datePublished":"2026-04-13T17:32:09+00:00","mainEntityOfPage":{"@id":"https:\/\/portaltela.pt\/noticias\/2026\/04\/13\/easyjet-reduz-operacoes-na-madeira-com-alteracoes-ao-subsidio-de-mobilidade\/"},"wordCount":522,"image":{"@id":"https:\/\/portaltela.pt\/noticias\/2026\/04\/13\/easyjet-reduz-operacoes-na-madeira-com-alteracoes-ao-subsidio-de-mobilidade\/#primaryimage"},"thumbnailUrl":"https:\/\/portaltela.pt\/s.01k8rhncp4jt1\/2026\/04\/img_1500x1000uu2020-05-28-08-10-49-945300.jpg","keywords":["aeroportos","avia\u00e7\u00e3o","economia","Madeira","mobilidade","turismo"],"articleSection":["Economia","Neg\u00f3cios"],"inLanguage":"pt-PT"},{"@type":"WebPage","@id":"https:\/\/portaltela.pt\/noticias\/2026\/04\/13\/easyjet-reduz-operacoes-na-madeira-com-alteracoes-ao-subsidio-de-mobilidade\/","url":"https:\/\/portaltela.pt\/noticias\/2026\/04\/13\/easyjet-reduz-operacoes-na-madeira-com-alteracoes-ao-subsidio-de-mobilidade\/","name":"EasyJet reduz opera\u00e7\u00f5es na Madeira com altera\u00e7\u00f5es ao subs\u00eddio de mobilidade - Portal Tela Portugal","isPartOf":{"@id":"https:\/\/portaltela.pt\/#website"},"primaryImageOfPage":{"@id":"https:\/\/portaltela.pt\/noticias\/2026\/04\/13\/easyjet-reduz-operacoes-na-madeira-com-alteracoes-ao-subsidio-de-mobilidade\/#primaryimage"},"image":{"@id":"https:\/\/portaltela.pt\/noticias\/2026\/04\/13\/easyjet-reduz-operacoes-na-madeira-com-alteracoes-ao-subsidio-de-mobilidade\/#primaryimage"},"thumbnailUrl":"https:\/\/portaltela.pt\/s.01k8rhncp4jt1\/2026\/04\/img_1500x1000uu2020-05-28-08-10-49-945300.jpg","datePublished":"2026-04-13T17:32:09+00:00","author":{"@id":"https:\/\/portaltela.pt\/#\/schema\/person\/c4278d4a6028830caff9ee44b42d32ed"},"breadcrumb":{"@id":"https:\/\/portaltela.pt\/noticias\/2026\/04\/13\/easyjet-reduz-operacoes-na-madeira-com-alteracoes-ao-subsidio-de-mobilidade\/#breadcrumb"},"inLanguage":"pt-PT","potentialAction":[{"@type":"ReadAction","target":["https:\/\/portaltela.pt\/noticias\/2026\/04\/13\/easyjet-reduz-operacoes-na-madeira-com-alteracoes-ao-subsidio-de-mobilidade\/"]}]},{"@type":"ImageObject","inLanguage":"pt-PT","@id":"https:\/\/portaltela.pt\/noticias\/2026\/04\/13\/easyjet-reduz-operacoes-na-madeira-com-alteracoes-ao-subsidio-de-mobilidade\/#primaryimage","url":"https:\/\/portaltela.pt\/s.01k8rhncp4jt1\/2026\/04\/img_1500x1000uu2020-05-28-08-10-49-945300.jpg","contentUrl":"https:\/\/portaltela.pt\/s.01k8rhncp4jt1\/2026\/04\/img_1500x1000uu2020-05-28-08-10-49-945300.jpg","width":796,"height":448,"caption":"EasyJet passa a operar exclusivamente no Terminal 1 no aeroporto de Lisboa"},{"@type":"BreadcrumbList","@id":"https:\/\/portaltela.pt\/noticias\/2026\/04\/13\/easyjet-reduz-operacoes-na-madeira-com-alteracoes-ao-subsidio-de-mobilidade\/#breadcrumb","itemListElement":[{"@type":"ListItem","position":1,"name":"In\u00edcio","item":"https:\/\/portaltela.pt\/"},{"@type":"ListItem","position":2,"name":"EasyJet reduz opera\u00e7\u00f5es na Madeira com altera\u00e7\u00f5es ao subs\u00eddio de mobilidade"}]},{"@type":"WebSite","@id":"https:\/\/portaltela.pt\/#website","url":"https:\/\/portaltela.pt\/","name":"Portal Tela Portugal","description":"","potentialAction":[{"@type":"SearchAction","target":{"@type":"EntryPoint","urlTemplate":"https:\/\/portaltela.pt\/?s={search_term_string}"},"query-input":{"@type":"PropertyValueSpecification","valueRequired":true,"valueName":"search_term_string"}}],"inLanguage":"pt-PT"},{"@type":"Person","@id":"https:\/\/portaltela.pt\/#\/schema\/person\/c4278d4a6028830caff9ee44b42d32ed","name":"Telinha","image":{"@type":"ImageObject","inLanguage":"pt-PT","@id":"https:\/\/portaltela.pt\/s.01k8rhncp4jt1\/2025\/11\/talking-bot-125x125.png","url":"https:\/\/portaltela.pt\/s.01k8rhncp4jt1\/2025\/11\/talking-bot-125x125.png","contentUrl":"https:\/\/portaltela.pt\/s.01k8rhncp4jt1\/2025\/11\/talking-bot-125x125.png","caption":"Telinha"},"sameAs":["https:\/\/portaltela.pt\/"],"url":"https:\/\/portaltela.pt\/por\/367410592786\/"}]}},"_links":{"self":[{"href":"https:\/\/portaltela.pt\/api\/wp\/v2\/posts\/442776","targetHints":{"allow":["GET"]}}],"collection":[{"href":"https:\/\/portaltela.pt\/api\/wp\/v2\/posts"}],"about":[{"href":"https:\/\/portaltela.pt\/api\/wp\/v2\/types\/post"}],"author":[{"embeddable":true,"href":"https:\/\/portaltela.pt\/api\/wp\/v2\/users\/2"}],"replies":[{"embeddable":true,"href":"https:\/\/portaltela.pt\/api\/wp\/v2\/comments?post=442776"}],"version-history":[{"count":0,"href":"https:\/\/portaltela.pt\/api\/wp\/v2\/posts\/442776\/revisions"}],"wp:featuredmedia":[{"embeddable":true,"href":"https:\/\/portaltela.pt\/api\/wp\/v2\/media\/442778"}],"wp:attachment":[{"href":"https:\/\/portaltela.pt\/api\/wp\/v2\/media?parent=442776"}],"wp:term":[{"taxonomy":"category","embeddable":true,"href":"https:\/\/portaltela.pt\/api\/wp\/v2\/categories?post=442776"},{"taxonomy":"post_tag","embeddable":true,"href":"https:\/\/portaltela.pt\/api\/wp\/v2\/tags?post=442776"}],"curies":[{"name":"wp","href":"https:\/\/api.w.org\/{rel}","templated":true}]}}