{"id":442775,"date":"2026-04-13T14:32:08","date_gmt":"2026-04-13T17:32:08","guid":{"rendered":"https:\/\/portaltela.pt\/noticias\/2026\/04\/13\/jefferson-encada-falha-jogo-com-o-arouca-por-castigo\/"},"modified":"2026-04-13T14:32:08","modified_gmt":"2026-04-13T17:32:08","slug":"jefferson-encada-falha-jogo-com-o-arouca-por-castigo","status":"publish","type":"post","link":"https:\/\/portaltela.pt\/desporto\/futebol\/2026\/04\/13\/jefferson-encada-falha-jogo-com-o-arouca-por-castigo\/","title":{"rendered":"Jefferson Encada falha jogo com o Arouca por castigo"},"content":{"rendered":"<p>Jefferson Encada ficar\u00e1 de fora do jogo entre Estrela da Amadora e Arouca, da jornada 30 da Liga, marcado para domingo \u00e0s 15h30. O motivo \u00e9 o castigo por acumula\u00e7\u00e3o de cart\u00f5es. O lateral guineense viu o quinto amarelo na derrota sofrida contra o Sporting.<\/p>\n<p>O defesa, internacional pela Guin\u00e9-Bissau, tem 27 anos e recebeu o carto certo na partida em que o Estrela perdeu por 1-0. Com isso, fica indispon\u00edvel para a desloca\u00e7\u00e3o a Arouca.<\/p>\n<p>Encada chegou a Portugal a custo zero nesta temporada, vindo do Pharco, do Egito. No passado jogou pelo Olhanense, Vitoria de Guimar\u00e3es e Leix\u00f5es. A camisola 17 tem apresentado alguma instabilidade f\u00edsica, mas soma duas assist\u00eancias em 23 jogos pelo Estrela.<\/p>\n<p>O jogador assinala contrato at\u00e9 2028 e est\u00e1 avaliado em 400 mil euros segundo o site Transfermarkt. Nesta \u00e9poca, tem sido titular em parte dos encontros, com participa\u00e7\u00e3o regular em defesa.<\/p>\n","protected":false},"excerpt":{"rendered":"<ul>\n<li>Jefferson Encada vai falhar o jogo do Estrela da Amadora com o Arouca, na jornada 30 da Liga, marcado para domingo \u00e0s 15h30, devido a castigo ap\u00f3s o quinto cart\u00e3o amarelo.<\/li>\n<li>O defesa lateral guineense, 27 anos, viu o quinto amarelo na derrota frente ao Sporting, por 1-0.<\/li>\n<li>Encada regressou a Portugal esta temporada a custo zero, vindo do Pharco, do Egito.<\/li>\n<li>Em Portugal, j\u00e1 representou Olhanense, V. Guimar\u00e3es e Leix\u00f5es; tem contrato at\u00e9 2028.<\/li>\n<li>Est\u00e1 avaliado em 400 mil euros pelo Transfermarkt, apesar de ter duas assist\u00eancias em 23 jogos esta \u00e9poca.<\/li>\n<\/ul>\n","protected":false},"author":2,"featured_media":442777,"comment_status":"closed","ping_status":"closed","sticky":false,"template":"","format":"standard","meta":{"footnotes":""},"categories":[21,24],"tags":[6122,152,32,242,1786,5661],"class_list":["post-442775","post","type-post","status-publish","format-standard","has-post-thumbnail","hentry","category-desporto","category-futebol","tag-cartoes","tag-desporto","tag-futebol","tag-jogadores","tag-liga","tag-pessoas-publicas"],"yoast_head":"<!-- This site is optimized with the Yoast SEO plugin v27.2 - https:\/\/yoast.com\/product\/yoast-seo-wordpress\/ -->\n<title>Jefferson Encada falha jogo com o Arouca por castigo - Portal Tela Portugal<\/title>\n<meta name=\"robots\" content=\"index, follow, max-snippet:-1, max-image-preview:large, max-video-preview:-1\" \/>\n<meta property=\"og:locale\" content=\"pt_PT\" \/>\n<meta property=\"og:type\" content=\"article\" \/>\n<meta property=\"og:title\" content=\"Jefferson Encada falha jogo com o Arouca por castigo - Portal Tela Portugal\" \/>\n<meta property=\"og:description\" content=\"Jefferson Encada vai falhar o jogo do Estrela da Amadora com o Arouca, na jornada 30 da Liga, marcado para domingo \u00e0s 15h30, devido a castigo ap\u00f3s o quinto cart\u00e3o amarelo. O defesa lateral guineense, 27 anos, viu o quinto amarelo na derrota frente ao Sporting, por 1-0. Encada regressou a Portugal esta temporada a custo zero, vindo do Pharco, do Egito. Em Portugal, j\u00e1 representou Olhanense, V. Guimar\u00e3es e Leix\u00f5es; tem contrato at\u00e9 2028. Est\u00e1 avaliado em 400 mil euros pelo Transfermarkt, apesar de ter duas assist\u00eancias em 23 jogos esta \u00e9poca.\" \/>\n<meta property=\"og:url\" content=\"https:\/\/portaltela.pt\/noticias\/2026\/04\/13\/jefferson-encada-falha-jogo-com-o-arouca-por-castigo\/\" \/>\n<meta property=\"og:site_name\" content=\"Portal Tela Portugal\" \/>\n<meta property=\"article:published_time\" content=\"2026-04-13T17:32:08+00:00\" \/>\n<meta name=\"author\" content=\"Telinha\" \/>\n<meta name=\"twitter:card\" content=\"summary_large_image\" \/>\n<meta name=\"twitter:label1\" content=\"Escrito por\" \/>\n\t<meta name=\"twitter:data1\" content=\"Telinha\" \/>\n\t<meta name=\"twitter:label2\" content=\"Tempo estimado de leitura\" \/>\n\t<meta name=\"twitter:data2\" content=\"1 minuto\" \/>\n<script type=\"application\/ld+json\" class=\"yoast-schema-graph\">{\"@context\":\"https:\/\/schema.org\",\"@graph\":[{\"@type\":\"Article\",\"@id\":\"https:\/\/portaltela.pt\/noticias\/2026\/04\/13\/jefferson-encada-falha-jogo-com-o-arouca-por-castigo\/#article\",\"isPartOf\":{\"@id\":\"https:\/\/portaltela.pt\/noticias\/2026\/04\/13\/jefferson-encada-falha-jogo-com-o-arouca-por-castigo\/\"},\"author\":{\"name\":\"Telinha\",\"@id\":\"https:\/\/portaltela.pt\/#\/schema\/person\/c4278d4a6028830caff9ee44b42d32ed\"},\"headline\":\"Jefferson Encada falha jogo com o Arouca por castigo\",\"datePublished\":\"2026-04-13T17:32:08+00:00\",\"mainEntityOfPage\":{\"@id\":\"https:\/\/portaltela.pt\/noticias\/2026\/04\/13\/jefferson-encada-falha-jogo-com-o-arouca-por-castigo\/\"},\"wordCount\":160,\"image\":{\"@id\":\"https:\/\/portaltela.pt\/noticias\/2026\/04\/13\/jefferson-encada-falha-jogo-com-o-arouca-por-castigo\/#primaryimage\"},\"thumbnailUrl\":\"https:\/\/portaltela.pt\/s.01k8rhncp4jt1\/2026\/04\/img_920x518uu2025-11-21-17-26-51-2404127-im-639117005148398837.jpg\",\"keywords\":[\"cart\u00f5es\",\"desporto\",\"futebol\",\"jogadores\",\"Liga\",\"pessoas p\u00fablicas\"],\"articleSection\":[\"Desporto\",\"Futebol\"],\"inLanguage\":\"pt-PT\"},{\"@type\":\"WebPage\",\"@id\":\"https:\/\/portaltela.pt\/noticias\/2026\/04\/13\/jefferson-encada-falha-jogo-com-o-arouca-por-castigo\/\",\"url\":\"https:\/\/portaltela.pt\/noticias\/2026\/04\/13\/jefferson-encada-falha-jogo-com-o-arouca-por-castigo\/\",\"name\":\"Jefferson Encada falha jogo com o Arouca por castigo - Portal Tela Portugal\",\"isPartOf\":{\"@id\":\"https:\/\/portaltela.pt\/#website\"},\"primaryImageOfPage\":{\"@id\":\"https:\/\/portaltela.pt\/noticias\/2026\/04\/13\/jefferson-encada-falha-jogo-com-o-arouca-por-castigo\/#primaryimage\"},\"image\":{\"@id\":\"https:\/\/portaltela.pt\/noticias\/2026\/04\/13\/jefferson-encada-falha-jogo-com-o-arouca-por-castigo\/#primaryimage\"},\"thumbnailUrl\":\"https:\/\/portaltela.pt\/s.01k8rhncp4jt1\/2026\/04\/img_920x518uu2025-11-21-17-26-51-2404127-im-639117005148398837.jpg\",\"datePublished\":\"2026-04-13T17:32:08+00:00\",\"author\":{\"@id\":\"https:\/\/portaltela.pt\/#\/schema\/person\/c4278d4a6028830caff9ee44b42d32ed\"},\"breadcrumb\":{\"@id\":\"https:\/\/portaltela.pt\/noticias\/2026\/04\/13\/jefferson-encada-falha-jogo-com-o-arouca-por-castigo\/#breadcrumb\"},\"inLanguage\":\"pt-PT\",\"potentialAction\":[{\"@type\":\"ReadAction\",\"target\":[\"https:\/\/portaltela.pt\/noticias\/2026\/04\/13\/jefferson-encada-falha-jogo-com-o-arouca-por-castigo\/\"]}]},{\"@type\":\"ImageObject\",\"inLanguage\":\"pt-PT\",\"@id\":\"https:\/\/portaltela.pt\/noticias\/2026\/04\/13\/jefferson-encada-falha-jogo-com-o-arouca-por-castigo\/#primaryimage\",\"url\":\"https:\/\/portaltela.pt\/s.01k8rhncp4jt1\/2026\/04\/img_920x518uu2025-11-21-17-26-51-2404127-im-639117005148398837.jpg\",\"contentUrl\":\"https:\/\/portaltela.pt\/s.01k8rhncp4jt1\/2026\/04\/img_920x518uu2025-11-21-17-26-51-2404127-im-639117005148398837.jpg\",\"width\":796,\"height\":448,\"caption\":\"Encada tem lidado com alguns problemas f\u00edsicos esta temporada\"},{\"@type\":\"BreadcrumbList\",\"@id\":\"https:\/\/portaltela.pt\/noticias\/2026\/04\/13\/jefferson-encada-falha-jogo-com-o-arouca-por-castigo\/#breadcrumb\",\"itemListElement\":[{\"@type\":\"ListItem\",\"position\":1,\"name\":\"In\u00edcio\",\"item\":\"https:\/\/portaltela.pt\/\"},{\"@type\":\"ListItem\",\"position\":2,\"name\":\"Jefferson Encada falha jogo com o Arouca por castigo\"}]},{\"@type\":\"WebSite\",\"@id\":\"https:\/\/portaltela.pt\/#website\",\"url\":\"https:\/\/portaltela.pt\/\",\"name\":\"Portal Tela Portugal\",\"description\":\"\",\"potentialAction\":[{\"@type\":\"SearchAction\",\"target\":{\"@type\":\"EntryPoint\",\"urlTemplate\":\"https:\/\/portaltela.pt\/?s={search_term_string}\"},\"query-input\":{\"@type\":\"PropertyValueSpecification\",\"valueRequired\":true,\"valueName\":\"search_term_string\"}}],\"inLanguage\":\"pt-PT\"},{\"@type\":\"Person\",\"@id\":\"https:\/\/portaltela.pt\/#\/schema\/person\/c4278d4a6028830caff9ee44b42d32ed\",\"name\":\"Telinha\",\"image\":{\"@type\":\"ImageObject\",\"inLanguage\":\"pt-PT\",\"@id\":\"https:\/\/portaltela.pt\/s.01k8rhncp4jt1\/2025\/11\/talking-bot-125x125.png\",\"url\":\"https:\/\/portaltela.pt\/s.01k8rhncp4jt1\/2025\/11\/talking-bot-125x125.png\",\"contentUrl\":\"https:\/\/portaltela.pt\/s.01k8rhncp4jt1\/2025\/11\/talking-bot-125x125.png\",\"caption\":\"Telinha\"},\"sameAs\":[\"https:\/\/portaltela.pt\/\"],\"url\":\"https:\/\/portaltela.pt\/por\/367410592786\/\"}]}<\/script>\n<!-- \/ Yoast SEO plugin. -->","yoast_head_json":{"title":"Jefferson Encada falha jogo com o Arouca por castigo - Portal Tela Portugal","robots":{"index":"index","follow":"follow","max-snippet":"max-snippet:-1","max-image-preview":"max-image-preview:large","max-video-preview":"max-video-preview:-1"},"og_locale":"pt_PT","og_type":"article","og_title":"Jefferson Encada falha jogo com o Arouca por castigo - Portal Tela Portugal","og_description":"Jefferson Encada vai falhar o jogo do Estrela da Amadora com o Arouca, na jornada 30 da Liga, marcado para domingo \u00e0s 15h30, devido a castigo ap\u00f3s o quinto cart\u00e3o amarelo. O defesa lateral guineense, 27 anos, viu o quinto amarelo na derrota frente ao Sporting, por 1-0. Encada regressou a Portugal esta temporada a custo zero, vindo do Pharco, do Egito. Em Portugal, j\u00e1 representou Olhanense, V. Guimar\u00e3es e Leix\u00f5es; tem contrato at\u00e9 2028. Est\u00e1 avaliado em 400 mil euros pelo Transfermarkt, apesar de ter duas assist\u00eancias em 23 jogos esta \u00e9poca.","og_url":"https:\/\/portaltela.pt\/noticias\/2026\/04\/13\/jefferson-encada-falha-jogo-com-o-arouca-por-castigo\/","og_site_name":"Portal Tela Portugal","article_published_time":"2026-04-13T17:32:08+00:00","author":"Telinha","twitter_card":"summary_large_image","twitter_misc":{"Escrito por":"Telinha","Tempo estimado de leitura":"1 minuto"},"schema":{"@context":"https:\/\/schema.org","@graph":[{"@type":"Article","@id":"https:\/\/portaltela.pt\/noticias\/2026\/04\/13\/jefferson-encada-falha-jogo-com-o-arouca-por-castigo\/#article","isPartOf":{"@id":"https:\/\/portaltela.pt\/noticias\/2026\/04\/13\/jefferson-encada-falha-jogo-com-o-arouca-por-castigo\/"},"author":{"name":"Telinha","@id":"https:\/\/portaltela.pt\/#\/schema\/person\/c4278d4a6028830caff9ee44b42d32ed"},"headline":"Jefferson Encada falha jogo com o Arouca por castigo","datePublished":"2026-04-13T17:32:08+00:00","mainEntityOfPage":{"@id":"https:\/\/portaltela.pt\/noticias\/2026\/04\/13\/jefferson-encada-falha-jogo-com-o-arouca-por-castigo\/"},"wordCount":160,"image":{"@id":"https:\/\/portaltela.pt\/noticias\/2026\/04\/13\/jefferson-encada-falha-jogo-com-o-arouca-por-castigo\/#primaryimage"},"thumbnailUrl":"https:\/\/portaltela.pt\/s.01k8rhncp4jt1\/2026\/04\/img_920x518uu2025-11-21-17-26-51-2404127-im-639117005148398837.jpg","keywords":["cart\u00f5es","desporto","futebol","jogadores","Liga","pessoas p\u00fablicas"],"articleSection":["Desporto","Futebol"],"inLanguage":"pt-PT"},{"@type":"WebPage","@id":"https:\/\/portaltela.pt\/noticias\/2026\/04\/13\/jefferson-encada-falha-jogo-com-o-arouca-por-castigo\/","url":"https:\/\/portaltela.pt\/noticias\/2026\/04\/13\/jefferson-encada-falha-jogo-com-o-arouca-por-castigo\/","name":"Jefferson Encada falha jogo com o Arouca por castigo - Portal Tela Portugal","isPartOf":{"@id":"https:\/\/portaltela.pt\/#website"},"primaryImageOfPage":{"@id":"https:\/\/portaltela.pt\/noticias\/2026\/04\/13\/jefferson-encada-falha-jogo-com-o-arouca-por-castigo\/#primaryimage"},"image":{"@id":"https:\/\/portaltela.pt\/noticias\/2026\/04\/13\/jefferson-encada-falha-jogo-com-o-arouca-por-castigo\/#primaryimage"},"thumbnailUrl":"https:\/\/portaltela.pt\/s.01k8rhncp4jt1\/2026\/04\/img_920x518uu2025-11-21-17-26-51-2404127-im-639117005148398837.jpg","datePublished":"2026-04-13T17:32:08+00:00","author":{"@id":"https:\/\/portaltela.pt\/#\/schema\/person\/c4278d4a6028830caff9ee44b42d32ed"},"breadcrumb":{"@id":"https:\/\/portaltela.pt\/noticias\/2026\/04\/13\/jefferson-encada-falha-jogo-com-o-arouca-por-castigo\/#breadcrumb"},"inLanguage":"pt-PT","potentialAction":[{"@type":"ReadAction","target":["https:\/\/portaltela.pt\/noticias\/2026\/04\/13\/jefferson-encada-falha-jogo-com-o-arouca-por-castigo\/"]}]},{"@type":"ImageObject","inLanguage":"pt-PT","@id":"https:\/\/portaltela.pt\/noticias\/2026\/04\/13\/jefferson-encada-falha-jogo-com-o-arouca-por-castigo\/#primaryimage","url":"https:\/\/portaltela.pt\/s.01k8rhncp4jt1\/2026\/04\/img_920x518uu2025-11-21-17-26-51-2404127-im-639117005148398837.jpg","contentUrl":"https:\/\/portaltela.pt\/s.01k8rhncp4jt1\/2026\/04\/img_920x518uu2025-11-21-17-26-51-2404127-im-639117005148398837.jpg","width":796,"height":448,"caption":"Encada tem lidado com alguns problemas f\u00edsicos esta temporada"},{"@type":"BreadcrumbList","@id":"https:\/\/portaltela.pt\/noticias\/2026\/04\/13\/jefferson-encada-falha-jogo-com-o-arouca-por-castigo\/#breadcrumb","itemListElement":[{"@type":"ListItem","position":1,"name":"In\u00edcio","item":"https:\/\/portaltela.pt\/"},{"@type":"ListItem","position":2,"name":"Jefferson Encada falha jogo com o Arouca por castigo"}]},{"@type":"WebSite","@id":"https:\/\/portaltela.pt\/#website","url":"https:\/\/portaltela.pt\/","name":"Portal Tela Portugal","description":"","potentialAction":[{"@type":"SearchAction","target":{"@type":"EntryPoint","urlTemplate":"https:\/\/portaltela.pt\/?s={search_term_string}"},"query-input":{"@type":"PropertyValueSpecification","valueRequired":true,"valueName":"search_term_string"}}],"inLanguage":"pt-PT"},{"@type":"Person","@id":"https:\/\/portaltela.pt\/#\/schema\/person\/c4278d4a6028830caff9ee44b42d32ed","name":"Telinha","image":{"@type":"ImageObject","inLanguage":"pt-PT","@id":"https:\/\/portaltela.pt\/s.01k8rhncp4jt1\/2025\/11\/talking-bot-125x125.png","url":"https:\/\/portaltela.pt\/s.01k8rhncp4jt1\/2025\/11\/talking-bot-125x125.png","contentUrl":"https:\/\/portaltela.pt\/s.01k8rhncp4jt1\/2025\/11\/talking-bot-125x125.png","caption":"Telinha"},"sameAs":["https:\/\/portaltela.pt\/"],"url":"https:\/\/portaltela.pt\/por\/367410592786\/"}]}},"_links":{"self":[{"href":"https:\/\/portaltela.pt\/api\/wp\/v2\/posts\/442775","targetHints":{"allow":["GET"]}}],"collection":[{"href":"https:\/\/portaltela.pt\/api\/wp\/v2\/posts"}],"about":[{"href":"https:\/\/portaltela.pt\/api\/wp\/v2\/types\/post"}],"author":[{"embeddable":true,"href":"https:\/\/portaltela.pt\/api\/wp\/v2\/users\/2"}],"replies":[{"embeddable":true,"href":"https:\/\/portaltela.pt\/api\/wp\/v2\/comments?post=442775"}],"version-history":[{"count":0,"href":"https:\/\/portaltela.pt\/api\/wp\/v2\/posts\/442775\/revisions"}],"wp:featuredmedia":[{"embeddable":true,"href":"https:\/\/portaltela.pt\/api\/wp\/v2\/media\/442777"}],"wp:attachment":[{"href":"https:\/\/portaltela.pt\/api\/wp\/v2\/media?parent=442775"}],"wp:term":[{"taxonomy":"category","embeddable":true,"href":"https:\/\/portaltela.pt\/api\/wp\/v2\/categories?post=442775"},{"taxonomy":"post_tag","embeddable":true,"href":"https:\/\/portaltela.pt\/api\/wp\/v2\/tags?post=442775"}],"curies":[{"name":"wp","href":"https:\/\/api.w.org\/{rel}","templated":true}]}}