{"id":442563,"date":"2026-04-13T11:47:31","date_gmt":"2026-04-13T14:47:31","guid":{"rendered":"https:\/\/portaltela.pt\/noticias\/2026\/04\/13\/perdao-pode-trazer-beneficios-para-a-saude-segundo-estudos\/"},"modified":"2026-04-13T11:47:31","modified_gmt":"2026-04-13T14:47:31","slug":"perdao-pode-trazer-beneficios-para-a-saude-segundo-estudos","status":"publish","type":"post","link":"https:\/\/portaltela.pt\/saude\/2026\/04\/13\/perdao-pode-trazer-beneficios-para-a-saude-segundo-estudos\/","title":{"rendered":"Perd\u00e3o pode trazer benef\u00edcios para a sa\u00fade, segundo estudos"},"content":{"rendered":"<p>Foram analisados dados de mais de 200 mil adultos de 23 pa\u00edses, num estudo da Universidade de Harvard sobre os efeitos do perd\u00e3o na sa\u00fade mental. A investiga\u00e7\u00e3o decomp\u00f5e-se em v\u00e1rias tem\u00e1ticas, incluindo emo\u00e7\u00f5es, qualidade de vida e bem-estar psicol\u00f3gico.<\/p>\n<p>O estudo acompanhou participantes ao longo de uma segunda avalia\u00e7\u00e3o, um ano ap\u00f3s a primeira fase, para medir altera\u00e7\u00f5es que possam decorrer do perd\u00e3o. A equipa pretende avan\u00e7ar com novas fases para aprofundar os impactos a longo prazo.<\/p>\n<p>Resultados preliminares sugerem que o perd\u00e3o se associa a menor depress\u00e3o, maior bem-estar e maior satisfa\u00e7\u00e3o pessoal. O comportamento de perdoar pode influenciar a forma como lidamos com conflitos quotidianos, apontam os investigadores.<\/p>\n<h3>Contexto e interpreta\u00e7\u00e3o<\/h3>\n<p>Os investigadores destacam que pessoas que perdoam tendem a ser mais gratas e generosas, com maior propens\u00e3o para ajudar os outros. Contribui para rela\u00e7\u00f5es mais est\u00e1veis e para uma maior coes\u00e3o social, segundo a an\u00e1lise.<\/p>\n<p>A investiga\u00e7\u00e3o abrange 23 pa\u00edses, com amostra distribu\u00edda quase igualmente entre homens e mulheres, e com os n\u00edveis de perd\u00e3o variando entre continentes. A \u00c1frica do Sul registou os valores mais altos, enquanto Jap\u00e3o e Turquia apresentaram os \u00edndices mais baixos.<\/p>\n<h3>Observa\u00e7\u00f5es finais<\/h3>\n<p>Os autores lembram que o contexto pessoal \u00e9 decisivo e n\u00e3o deve ser desvalorizado na leitura dos resultados. O estudo continua em curso para explorar efeitos em comportamentos a longo prazo e em \u00e1reas mais profundas da sa\u00fade mental.<\/p>\n","protected":false},"excerpt":{"rendered":"<ul>\n<li>Estudo de Harvard, com mais de 207 mil participantes de 23 pa\u00edses, associa o perd\u00e3o a menor depress\u00e3o e a rela\u00e7\u00f5es sociais mais equilibradas.<\/li>\n<li>A investiga\u00e7\u00e3o realizou-se em duas etapas: recolha de dados iniciais e, um ano depois, avalia\u00e7\u00e3o de mudan\u00e7as.<\/li>\n<li>Quem perdoa com mais frequ\u00eancia tende a sentir mais gratid\u00e3o e generosidade, al\u00e9m de rela\u00e7\u00f5es mais est\u00e1veis.<\/li>\n<li>\u00c1frica do Sul apresentou os n\u00edveis mais altos de perd\u00e3o; Jap\u00e3o e Turquia ficaram entre os mais baixos; a amostra n\u00e3o incluiu Portugal e tinha 51% de mulheres.<\/li>\n<li>Os resultados foram publicados na revista npj Mental Health Research; o estudo continua para explorar efeitos a longo prazo e em \u00e1reas mais profundas da sa\u00fade mental.<\/li>\n<\/ul>\n","protected":false},"author":2,"featured_media":442565,"comment_status":"closed","ping_status":"closed","sticky":false,"template":"","format":"standard","meta":{"footnotes":""},"categories":[6745],"tags":[7411,1992,215,172,55],"class_list":["post-442563","post","type-post","status-publish","format-standard","has-post-thumbnail","hentry","category-saude","tag-bem-estar","tag-ciencia","tag-investigacao","tag-saude","tag-saude-mental"],"yoast_head":"<!-- This site is optimized with the Yoast SEO plugin v27.2 - https:\/\/yoast.com\/product\/yoast-seo-wordpress\/ -->\n<title>Perd\u00e3o pode trazer benef\u00edcios para a sa\u00fade, segundo estudos - Portal Tela Portugal<\/title>\n<meta name=\"robots\" content=\"index, follow, max-snippet:-1, max-image-preview:large, max-video-preview:-1\" \/>\n<meta property=\"og:locale\" content=\"pt_PT\" \/>\n<meta property=\"og:type\" content=\"article\" \/>\n<meta property=\"og:title\" content=\"Perd\u00e3o pode trazer benef\u00edcios para a sa\u00fade, segundo estudos - Portal Tela Portugal\" \/>\n<meta property=\"og:description\" content=\"Estudo de Harvard, com mais de 207 mil participantes de 23 pa\u00edses, associa o perd\u00e3o a menor depress\u00e3o e a rela\u00e7\u00f5es sociais mais equilibradas. A investiga\u00e7\u00e3o realizou-se em duas etapas: recolha de dados iniciais e, um ano depois, avalia\u00e7\u00e3o de mudan\u00e7as. Quem perdoa com mais frequ\u00eancia tende a sentir mais gratid\u00e3o e generosidade, al\u00e9m de rela\u00e7\u00f5es mais est\u00e1veis. \u00c1frica do Sul apresentou os n\u00edveis mais altos de perd\u00e3o; Jap\u00e3o e Turquia ficaram entre os mais baixos; a amostra n\u00e3o incluiu Portugal e tinha 51% de mulheres. Os resultados foram publicados na revista npj Mental Health Research; o estudo continua para explorar efeitos a longo prazo e em \u00e1reas mais profundas da sa\u00fade mental.\" \/>\n<meta property=\"og:url\" content=\"https:\/\/portaltela.pt\/noticias\/2026\/04\/13\/perdao-pode-trazer-beneficios-para-a-saude-segundo-estudos\/\" \/>\n<meta property=\"og:site_name\" content=\"Portal Tela Portugal\" \/>\n<meta property=\"article:published_time\" content=\"2026-04-13T14:47:31+00:00\" \/>\n<meta name=\"author\" content=\"Telinha\" \/>\n<meta name=\"twitter:card\" content=\"summary_large_image\" \/>\n<meta name=\"twitter:label1\" content=\"Escrito por\" \/>\n\t<meta name=\"twitter:data1\" content=\"Telinha\" \/>\n\t<meta name=\"twitter:label2\" content=\"Tempo estimado de leitura\" \/>\n\t<meta name=\"twitter:data2\" content=\"1 minuto\" \/>\n<script type=\"application\/ld+json\" class=\"yoast-schema-graph\">{\"@context\":\"https:\/\/schema.org\",\"@graph\":[{\"@type\":\"Article\",\"@id\":\"https:\/\/portaltela.pt\/noticias\/2026\/04\/13\/perdao-pode-trazer-beneficios-para-a-saude-segundo-estudos\/#article\",\"isPartOf\":{\"@id\":\"https:\/\/portaltela.pt\/noticias\/2026\/04\/13\/perdao-pode-trazer-beneficios-para-a-saude-segundo-estudos\/\"},\"author\":{\"name\":\"Telinha\",\"@id\":\"https:\/\/portaltela.pt\/#\/schema\/person\/c4278d4a6028830caff9ee44b42d32ed\"},\"headline\":\"Perd\u00e3o pode trazer benef\u00edcios para a sa\u00fade, segundo estudos\",\"datePublished\":\"2026-04-13T14:47:31+00:00\",\"mainEntityOfPage\":{\"@id\":\"https:\/\/portaltela.pt\/noticias\/2026\/04\/13\/perdao-pode-trazer-beneficios-para-a-saude-segundo-estudos\/\"},\"wordCount\":271,\"image\":{\"@id\":\"https:\/\/portaltela.pt\/noticias\/2026\/04\/13\/perdao-pode-trazer-beneficios-para-a-saude-segundo-estudos\/#primaryimage\"},\"thumbnailUrl\":\"https:\/\/portaltela.pt\/s.01k8rhncp4jt1\/2026\/04\/image-783.jpg\",\"keywords\":[\"Bem-Estar\",\"ci\u00eancia\",\"investiga\u00e7\u00e3o\",\"sa\u00fade\",\"sa\u00fade mental\"],\"articleSection\":[\"Sa\u00fade\"],\"inLanguage\":\"pt-PT\"},{\"@type\":\"WebPage\",\"@id\":\"https:\/\/portaltela.pt\/noticias\/2026\/04\/13\/perdao-pode-trazer-beneficios-para-a-saude-segundo-estudos\/\",\"url\":\"https:\/\/portaltela.pt\/noticias\/2026\/04\/13\/perdao-pode-trazer-beneficios-para-a-saude-segundo-estudos\/\",\"name\":\"Perd\u00e3o pode trazer benef\u00edcios para a sa\u00fade, segundo estudos - Portal Tela Portugal\",\"isPartOf\":{\"@id\":\"https:\/\/portaltela.pt\/#website\"},\"primaryImageOfPage\":{\"@id\":\"https:\/\/portaltela.pt\/noticias\/2026\/04\/13\/perdao-pode-trazer-beneficios-para-a-saude-segundo-estudos\/#primaryimage\"},\"image\":{\"@id\":\"https:\/\/portaltela.pt\/noticias\/2026\/04\/13\/perdao-pode-trazer-beneficios-para-a-saude-segundo-estudos\/#primaryimage\"},\"thumbnailUrl\":\"https:\/\/portaltela.pt\/s.01k8rhncp4jt1\/2026\/04\/image-783.jpg\",\"datePublished\":\"2026-04-13T14:47:31+00:00\",\"author\":{\"@id\":\"https:\/\/portaltela.pt\/#\/schema\/person\/c4278d4a6028830caff9ee44b42d32ed\"},\"breadcrumb\":{\"@id\":\"https:\/\/portaltela.pt\/noticias\/2026\/04\/13\/perdao-pode-trazer-beneficios-para-a-saude-segundo-estudos\/#breadcrumb\"},\"inLanguage\":\"pt-PT\",\"potentialAction\":[{\"@type\":\"ReadAction\",\"target\":[\"https:\/\/portaltela.pt\/noticias\/2026\/04\/13\/perdao-pode-trazer-beneficios-para-a-saude-segundo-estudos\/\"]}]},{\"@type\":\"ImageObject\",\"inLanguage\":\"pt-PT\",\"@id\":\"https:\/\/portaltela.pt\/noticias\/2026\/04\/13\/perdao-pode-trazer-beneficios-para-a-saude-segundo-estudos\/#primaryimage\",\"url\":\"https:\/\/portaltela.pt\/s.01k8rhncp4jt1\/2026\/04\/image-783.jpg\",\"contentUrl\":\"https:\/\/portaltela.pt\/s.01k8rhncp4jt1\/2026\/04\/image-783.jpg\",\"width\":796,\"height\":448,\"caption\":\"Imagem de contexto do artigo Perd\u00e3o pode ser mais saud\u00e1vel do que o que se pensa\"},{\"@type\":\"BreadcrumbList\",\"@id\":\"https:\/\/portaltela.pt\/noticias\/2026\/04\/13\/perdao-pode-trazer-beneficios-para-a-saude-segundo-estudos\/#breadcrumb\",\"itemListElement\":[{\"@type\":\"ListItem\",\"position\":1,\"name\":\"In\u00edcio\",\"item\":\"https:\/\/portaltela.pt\/\"},{\"@type\":\"ListItem\",\"position\":2,\"name\":\"Perd\u00e3o pode trazer benef\u00edcios para a sa\u00fade, segundo estudos\"}]},{\"@type\":\"WebSite\",\"@id\":\"https:\/\/portaltela.pt\/#website\",\"url\":\"https:\/\/portaltela.pt\/\",\"name\":\"Portal Tela Portugal\",\"description\":\"\",\"potentialAction\":[{\"@type\":\"SearchAction\",\"target\":{\"@type\":\"EntryPoint\",\"urlTemplate\":\"https:\/\/portaltela.pt\/?s={search_term_string}\"},\"query-input\":{\"@type\":\"PropertyValueSpecification\",\"valueRequired\":true,\"valueName\":\"search_term_string\"}}],\"inLanguage\":\"pt-PT\"},{\"@type\":\"Person\",\"@id\":\"https:\/\/portaltela.pt\/#\/schema\/person\/c4278d4a6028830caff9ee44b42d32ed\",\"name\":\"Telinha\",\"image\":{\"@type\":\"ImageObject\",\"inLanguage\":\"pt-PT\",\"@id\":\"https:\/\/portaltela.pt\/s.01k8rhncp4jt1\/2025\/11\/talking-bot-125x125.png\",\"url\":\"https:\/\/portaltela.pt\/s.01k8rhncp4jt1\/2025\/11\/talking-bot-125x125.png\",\"contentUrl\":\"https:\/\/portaltela.pt\/s.01k8rhncp4jt1\/2025\/11\/talking-bot-125x125.png\",\"caption\":\"Telinha\"},\"sameAs\":[\"https:\/\/portaltela.pt\/\"],\"url\":\"https:\/\/portaltela.pt\/por\/367410592786\/\"}]}<\/script>\n<!-- \/ Yoast SEO plugin. -->","yoast_head_json":{"title":"Perd\u00e3o pode trazer benef\u00edcios para a sa\u00fade, segundo estudos - Portal Tela Portugal","robots":{"index":"index","follow":"follow","max-snippet":"max-snippet:-1","max-image-preview":"max-image-preview:large","max-video-preview":"max-video-preview:-1"},"og_locale":"pt_PT","og_type":"article","og_title":"Perd\u00e3o pode trazer benef\u00edcios para a sa\u00fade, segundo estudos - Portal Tela Portugal","og_description":"Estudo de Harvard, com mais de 207 mil participantes de 23 pa\u00edses, associa o perd\u00e3o a menor depress\u00e3o e a rela\u00e7\u00f5es sociais mais equilibradas. A investiga\u00e7\u00e3o realizou-se em duas etapas: recolha de dados iniciais e, um ano depois, avalia\u00e7\u00e3o de mudan\u00e7as. Quem perdoa com mais frequ\u00eancia tende a sentir mais gratid\u00e3o e generosidade, al\u00e9m de rela\u00e7\u00f5es mais est\u00e1veis. \u00c1frica do Sul apresentou os n\u00edveis mais altos de perd\u00e3o; Jap\u00e3o e Turquia ficaram entre os mais baixos; a amostra n\u00e3o incluiu Portugal e tinha 51% de mulheres. Os resultados foram publicados na revista npj Mental Health Research; o estudo continua para explorar efeitos a longo prazo e em \u00e1reas mais profundas da sa\u00fade mental.","og_url":"https:\/\/portaltela.pt\/noticias\/2026\/04\/13\/perdao-pode-trazer-beneficios-para-a-saude-segundo-estudos\/","og_site_name":"Portal Tela Portugal","article_published_time":"2026-04-13T14:47:31+00:00","author":"Telinha","twitter_card":"summary_large_image","twitter_misc":{"Escrito por":"Telinha","Tempo estimado de leitura":"1 minuto"},"schema":{"@context":"https:\/\/schema.org","@graph":[{"@type":"Article","@id":"https:\/\/portaltela.pt\/noticias\/2026\/04\/13\/perdao-pode-trazer-beneficios-para-a-saude-segundo-estudos\/#article","isPartOf":{"@id":"https:\/\/portaltela.pt\/noticias\/2026\/04\/13\/perdao-pode-trazer-beneficios-para-a-saude-segundo-estudos\/"},"author":{"name":"Telinha","@id":"https:\/\/portaltela.pt\/#\/schema\/person\/c4278d4a6028830caff9ee44b42d32ed"},"headline":"Perd\u00e3o pode trazer benef\u00edcios para a sa\u00fade, segundo estudos","datePublished":"2026-04-13T14:47:31+00:00","mainEntityOfPage":{"@id":"https:\/\/portaltela.pt\/noticias\/2026\/04\/13\/perdao-pode-trazer-beneficios-para-a-saude-segundo-estudos\/"},"wordCount":271,"image":{"@id":"https:\/\/portaltela.pt\/noticias\/2026\/04\/13\/perdao-pode-trazer-beneficios-para-a-saude-segundo-estudos\/#primaryimage"},"thumbnailUrl":"https:\/\/portaltela.pt\/s.01k8rhncp4jt1\/2026\/04\/image-783.jpg","keywords":["Bem-Estar","ci\u00eancia","investiga\u00e7\u00e3o","sa\u00fade","sa\u00fade mental"],"articleSection":["Sa\u00fade"],"inLanguage":"pt-PT"},{"@type":"WebPage","@id":"https:\/\/portaltela.pt\/noticias\/2026\/04\/13\/perdao-pode-trazer-beneficios-para-a-saude-segundo-estudos\/","url":"https:\/\/portaltela.pt\/noticias\/2026\/04\/13\/perdao-pode-trazer-beneficios-para-a-saude-segundo-estudos\/","name":"Perd\u00e3o pode trazer benef\u00edcios para a sa\u00fade, segundo estudos - Portal Tela Portugal","isPartOf":{"@id":"https:\/\/portaltela.pt\/#website"},"primaryImageOfPage":{"@id":"https:\/\/portaltela.pt\/noticias\/2026\/04\/13\/perdao-pode-trazer-beneficios-para-a-saude-segundo-estudos\/#primaryimage"},"image":{"@id":"https:\/\/portaltela.pt\/noticias\/2026\/04\/13\/perdao-pode-trazer-beneficios-para-a-saude-segundo-estudos\/#primaryimage"},"thumbnailUrl":"https:\/\/portaltela.pt\/s.01k8rhncp4jt1\/2026\/04\/image-783.jpg","datePublished":"2026-04-13T14:47:31+00:00","author":{"@id":"https:\/\/portaltela.pt\/#\/schema\/person\/c4278d4a6028830caff9ee44b42d32ed"},"breadcrumb":{"@id":"https:\/\/portaltela.pt\/noticias\/2026\/04\/13\/perdao-pode-trazer-beneficios-para-a-saude-segundo-estudos\/#breadcrumb"},"inLanguage":"pt-PT","potentialAction":[{"@type":"ReadAction","target":["https:\/\/portaltela.pt\/noticias\/2026\/04\/13\/perdao-pode-trazer-beneficios-para-a-saude-segundo-estudos\/"]}]},{"@type":"ImageObject","inLanguage":"pt-PT","@id":"https:\/\/portaltela.pt\/noticias\/2026\/04\/13\/perdao-pode-trazer-beneficios-para-a-saude-segundo-estudos\/#primaryimage","url":"https:\/\/portaltela.pt\/s.01k8rhncp4jt1\/2026\/04\/image-783.jpg","contentUrl":"https:\/\/portaltela.pt\/s.01k8rhncp4jt1\/2026\/04\/image-783.jpg","width":796,"height":448,"caption":"Imagem de contexto do artigo Perd\u00e3o pode ser mais saud\u00e1vel do que o que se pensa"},{"@type":"BreadcrumbList","@id":"https:\/\/portaltela.pt\/noticias\/2026\/04\/13\/perdao-pode-trazer-beneficios-para-a-saude-segundo-estudos\/#breadcrumb","itemListElement":[{"@type":"ListItem","position":1,"name":"In\u00edcio","item":"https:\/\/portaltela.pt\/"},{"@type":"ListItem","position":2,"name":"Perd\u00e3o pode trazer benef\u00edcios para a sa\u00fade, segundo estudos"}]},{"@type":"WebSite","@id":"https:\/\/portaltela.pt\/#website","url":"https:\/\/portaltela.pt\/","name":"Portal Tela Portugal","description":"","potentialAction":[{"@type":"SearchAction","target":{"@type":"EntryPoint","urlTemplate":"https:\/\/portaltela.pt\/?s={search_term_string}"},"query-input":{"@type":"PropertyValueSpecification","valueRequired":true,"valueName":"search_term_string"}}],"inLanguage":"pt-PT"},{"@type":"Person","@id":"https:\/\/portaltela.pt\/#\/schema\/person\/c4278d4a6028830caff9ee44b42d32ed","name":"Telinha","image":{"@type":"ImageObject","inLanguage":"pt-PT","@id":"https:\/\/portaltela.pt\/s.01k8rhncp4jt1\/2025\/11\/talking-bot-125x125.png","url":"https:\/\/portaltela.pt\/s.01k8rhncp4jt1\/2025\/11\/talking-bot-125x125.png","contentUrl":"https:\/\/portaltela.pt\/s.01k8rhncp4jt1\/2025\/11\/talking-bot-125x125.png","caption":"Telinha"},"sameAs":["https:\/\/portaltela.pt\/"],"url":"https:\/\/portaltela.pt\/por\/367410592786\/"}]}},"_links":{"self":[{"href":"https:\/\/portaltela.pt\/api\/wp\/v2\/posts\/442563","targetHints":{"allow":["GET"]}}],"collection":[{"href":"https:\/\/portaltela.pt\/api\/wp\/v2\/posts"}],"about":[{"href":"https:\/\/portaltela.pt\/api\/wp\/v2\/types\/post"}],"author":[{"embeddable":true,"href":"https:\/\/portaltela.pt\/api\/wp\/v2\/users\/2"}],"replies":[{"embeddable":true,"href":"https:\/\/portaltela.pt\/api\/wp\/v2\/comments?post=442563"}],"version-history":[{"count":0,"href":"https:\/\/portaltela.pt\/api\/wp\/v2\/posts\/442563\/revisions"}],"wp:featuredmedia":[{"embeddable":true,"href":"https:\/\/portaltela.pt\/api\/wp\/v2\/media\/442565"}],"wp:attachment":[{"href":"https:\/\/portaltela.pt\/api\/wp\/v2\/media?parent=442563"}],"wp:term":[{"taxonomy":"category","embeddable":true,"href":"https:\/\/portaltela.pt\/api\/wp\/v2\/categories?post=442563"},{"taxonomy":"post_tag","embeddable":true,"href":"https:\/\/portaltela.pt\/api\/wp\/v2\/tags?post=442563"}],"curies":[{"name":"wp","href":"https:\/\/api.w.org\/{rel}","templated":true}]}}