{"id":442537,"date":"2026-04-13T11:32:29","date_gmt":"2026-04-13T14:32:29","guid":{"rendered":"https:\/\/portaltela.pt\/noticias\/2026\/04\/13\/telefonema-do-presidente-emociona-ginasta-vasco-peso\/"},"modified":"2026-04-13T11:32:29","modified_gmt":"2026-04-13T14:32:29","slug":"telefonema-do-presidente-emociona-ginasta-vasco-peso","status":"publish","type":"post","link":"https:\/\/portaltela.pt\/desporto\/futebol\/2026\/04\/13\/telefonema-do-presidente-emociona-ginasta-vasco-peso\/","title":{"rendered":"Telefonema do Presidente emociona ginasta Vasco Peso"},"content":{"rendered":"<p>Pouco depois de se sagrar campe\u00e3 europeia de tumbling s\u00e9nior, o ginasta Vasco Peso recebeu um telefonema surpreendente. A chamada partiu de Ant\u00f3nio Jos\u00e9 Seguro, numa conversa que a Federa\u00e7\u00e3o de Gin\u00e1stica de Portugal (FGP) tornou p\u00fablica esta segunda-feira. O contacto ocorreu ap\u00f3s os resultados da Sele\u00e7\u00e3o Nacional de Trampolins no Europeu de Portim\u00e3o.<\/p>\n<p>O momento emocionou o atleta, que n\u00e3o disfar\u00e7ou o entusiasmo ao saber que falava com o presidente da Rep\u00fablica. Segundo a nota oficial, Seguro ligou ao presidente da Federa\u00e7\u00e3o de Gin\u00e1stica de Portugal, Lu\u00eds Arrais, para felicitar Peso pela conquista hist\u00f3rica.<\/p>\n<p>A FGP destacou que, mesmo ap\u00f3s o triunfo, o ginasta ficou surpreendido com a chamada. A publica\u00e7\u00e3o ressalta ainda que o telefonema \u00e9 considerado por Peso como um divisor de \u00e1guas, sublinhando o impacto positivo da comunica\u00e7\u00e3o entre o n\u00edvel desportivo e o topo institucional.<\/p>\n<h3>Rea\u00e7\u00e3o e Contexto<\/h3>\n<p>A organiza\u00e7\u00e3o associada relatou que o contacto foi feito numa altura em que Portugal celebrava os bons resultados da sele\u00e7\u00e3o de trampolins. Peso participou na cerim\u00f3nia de entrega de medalhas, mantendo o foco na conquista europeia obtida pelo pa\u00eds no setor de tumbling.<\/p>\n<p>A Federa\u00e7\u00e3o Nacional descreveu o epis\u00f3dio como uma oportunidade de reconhecimento ao esfor\u00e7o dos atletas e \u00e0 modalidade. O comunicado n\u00e3o avan\u00e7ou com mais detalhes sobre futuras felicita\u00e7\u00f5es oficiais ou contactos subsequentes entre as entidades desportivas e o poder central.<\/p>\n","protected":false},"excerpt":{"rendered":"<ul>\n<li>O ginasta Vasco Peso foi campe\u00e3o europeu de tumbling s\u00e9nior e recebeu um telefonema do presidente da Rep\u00fablica, Ant\u00f3nio Jos\u00e9 Seguro.<\/li>\n<li>O momento emocionou o atleta, que ficou surpreendido com a liga\u00e7\u00e3o logo ap\u00f3s a conquista.<\/li>\n<li>A frase publicada pela Federa\u00e7\u00e3o de Gin\u00e1stica de Portugal explica que Seguro ligou para felicitar o ginasta pela vit\u00f3ria hist\u00f3rica.<\/li>\n<li>A conversa ocorreu depois dos bons resultados da Sele\u00e7\u00e3o Nacional de Trampolins no Europeu de Portim\u00e3o.<\/li>\n<li>Peso classificou o contacto como uma chamada que fez a diferen\u00e7a, expressando a frase: \u201cEra o presidente da Rep\u00fablica! Acabei de falar com o presidente de Portugal\u201d.<\/li>\n<\/ul>\n","protected":false},"author":2,"featured_media":442542,"comment_status":"closed","ping_status":"closed","sticky":false,"template":"","format":"standard","meta":{"footnotes":""},"categories":[21,24],"tags":[152,138,5661,1014,30,4488],"class_list":["post-442537","post","type-post","status-publish","format-standard","has-post-thumbnail","hentry","category-desporto","category-futebol","tag-desporto","tag-ginastica","tag-pessoas-publicas","tag-portugal","tag-presidente","tag-reconhecimento-internacional"],"yoast_head":"<!-- This site is optimized with the Yoast SEO plugin v27.2 - https:\/\/yoast.com\/product\/yoast-seo-wordpress\/ -->\n<title>Telefonema do Presidente emociona ginasta Vasco Peso - Portal Tela Portugal<\/title>\n<meta name=\"robots\" content=\"index, follow, max-snippet:-1, max-image-preview:large, max-video-preview:-1\" \/>\n<meta property=\"og:locale\" content=\"pt_PT\" \/>\n<meta property=\"og:type\" content=\"article\" \/>\n<meta property=\"og:title\" content=\"Telefonema do Presidente emociona ginasta Vasco Peso - Portal Tela Portugal\" \/>\n<meta property=\"og:description\" content=\"O ginasta Vasco Peso foi campe\u00e3o europeu de tumbling s\u00e9nior e recebeu um telefonema do presidente da Rep\u00fablica, Ant\u00f3nio Jos\u00e9 Seguro. O momento emocionou o atleta, que ficou surpreendido com a liga\u00e7\u00e3o logo ap\u00f3s a conquista. A frase publicada pela Federa\u00e7\u00e3o de Gin\u00e1stica de Portugal explica que Seguro ligou para felicitar o ginasta pela vit\u00f3ria hist\u00f3rica. A conversa ocorreu depois dos bons resultados da Sele\u00e7\u00e3o Nacional de Trampolins no Europeu de Portim\u00e3o. Peso classificou o contacto como uma chamada que fez a diferen\u00e7a, expressando a frase: \u201cEra o presidente da Rep\u00fablica! Acabei de falar com o presidente de Portugal\u201d.\" \/>\n<meta property=\"og:url\" content=\"https:\/\/portaltela.pt\/noticias\/2026\/04\/13\/telefonema-do-presidente-emociona-ginasta-vasco-peso\/\" \/>\n<meta property=\"og:site_name\" content=\"Portal Tela Portugal\" \/>\n<meta property=\"article:published_time\" content=\"2026-04-13T14:32:29+00:00\" \/>\n<meta name=\"author\" content=\"Telinha\" \/>\n<meta name=\"twitter:card\" content=\"summary_large_image\" \/>\n<meta name=\"twitter:label1\" content=\"Escrito por\" \/>\n\t<meta name=\"twitter:data1\" content=\"Telinha\" \/>\n\t<meta name=\"twitter:label2\" content=\"Tempo estimado de leitura\" \/>\n\t<meta name=\"twitter:data2\" content=\"1 minuto\" \/>\n<script type=\"application\/ld+json\" class=\"yoast-schema-graph\">{\"@context\":\"https:\/\/schema.org\",\"@graph\":[{\"@type\":\"Article\",\"@id\":\"https:\/\/portaltela.pt\/noticias\/2026\/04\/13\/telefonema-do-presidente-emociona-ginasta-vasco-peso\/#article\",\"isPartOf\":{\"@id\":\"https:\/\/portaltela.pt\/noticias\/2026\/04\/13\/telefonema-do-presidente-emociona-ginasta-vasco-peso\/\"},\"author\":{\"name\":\"Telinha\",\"@id\":\"https:\/\/portaltela.pt\/#\/schema\/person\/c4278d4a6028830caff9ee44b42d32ed\"},\"headline\":\"Telefonema do Presidente emociona ginasta Vasco Peso\",\"datePublished\":\"2026-04-13T14:32:29+00:00\",\"mainEntityOfPage\":{\"@id\":\"https:\/\/portaltela.pt\/noticias\/2026\/04\/13\/telefonema-do-presidente-emociona-ginasta-vasco-peso\/\"},\"wordCount\":261,\"image\":{\"@id\":\"https:\/\/portaltela.pt\/noticias\/2026\/04\/13\/telefonema-do-presidente-emociona-ginasta-vasco-peso\/#primaryimage\"},\"thumbnailUrl\":\"https:\/\/portaltela.pt\/s.01k8rhncp4jt1\/2026\/04\/image-781.jpg\",\"keywords\":[\"desporto\",\"gin\u00e1stica\",\"pessoas p\u00fablicas\",\"Portugal\",\"presidente\",\"reconhecimento internacional\"],\"articleSection\":[\"Desporto\",\"Futebol\"],\"inLanguage\":\"pt-PT\"},{\"@type\":\"WebPage\",\"@id\":\"https:\/\/portaltela.pt\/noticias\/2026\/04\/13\/telefonema-do-presidente-emociona-ginasta-vasco-peso\/\",\"url\":\"https:\/\/portaltela.pt\/noticias\/2026\/04\/13\/telefonema-do-presidente-emociona-ginasta-vasco-peso\/\",\"name\":\"Telefonema do Presidente emociona ginasta Vasco Peso - Portal Tela Portugal\",\"isPartOf\":{\"@id\":\"https:\/\/portaltela.pt\/#website\"},\"primaryImageOfPage\":{\"@id\":\"https:\/\/portaltela.pt\/noticias\/2026\/04\/13\/telefonema-do-presidente-emociona-ginasta-vasco-peso\/#primaryimage\"},\"image\":{\"@id\":\"https:\/\/portaltela.pt\/noticias\/2026\/04\/13\/telefonema-do-presidente-emociona-ginasta-vasco-peso\/#primaryimage\"},\"thumbnailUrl\":\"https:\/\/portaltela.pt\/s.01k8rhncp4jt1\/2026\/04\/image-781.jpg\",\"datePublished\":\"2026-04-13T14:32:29+00:00\",\"author\":{\"@id\":\"https:\/\/portaltela.pt\/#\/schema\/person\/c4278d4a6028830caff9ee44b42d32ed\"},\"breadcrumb\":{\"@id\":\"https:\/\/portaltela.pt\/noticias\/2026\/04\/13\/telefonema-do-presidente-emociona-ginasta-vasco-peso\/#breadcrumb\"},\"inLanguage\":\"pt-PT\",\"potentialAction\":[{\"@type\":\"ReadAction\",\"target\":[\"https:\/\/portaltela.pt\/noticias\/2026\/04\/13\/telefonema-do-presidente-emociona-ginasta-vasco-peso\/\"]}]},{\"@type\":\"ImageObject\",\"inLanguage\":\"pt-PT\",\"@id\":\"https:\/\/portaltela.pt\/noticias\/2026\/04\/13\/telefonema-do-presidente-emociona-ginasta-vasco-peso\/#primaryimage\",\"url\":\"https:\/\/portaltela.pt\/s.01k8rhncp4jt1\/2026\/04\/image-781.jpg\",\"contentUrl\":\"https:\/\/portaltela.pt\/s.01k8rhncp4jt1\/2026\/04\/image-781.jpg\",\"width\":796,\"height\":448,\"caption\":\"Vasco Peso no lugar mais alto do p\u00f3dio\"},{\"@type\":\"BreadcrumbList\",\"@id\":\"https:\/\/portaltela.pt\/noticias\/2026\/04\/13\/telefonema-do-presidente-emociona-ginasta-vasco-peso\/#breadcrumb\",\"itemListElement\":[{\"@type\":\"ListItem\",\"position\":1,\"name\":\"In\u00edcio\",\"item\":\"https:\/\/portaltela.pt\/\"},{\"@type\":\"ListItem\",\"position\":2,\"name\":\"Telefonema do Presidente emociona ginasta Vasco Peso\"}]},{\"@type\":\"WebSite\",\"@id\":\"https:\/\/portaltela.pt\/#website\",\"url\":\"https:\/\/portaltela.pt\/\",\"name\":\"Portal Tela Portugal\",\"description\":\"\",\"potentialAction\":[{\"@type\":\"SearchAction\",\"target\":{\"@type\":\"EntryPoint\",\"urlTemplate\":\"https:\/\/portaltela.pt\/?s={search_term_string}\"},\"query-input\":{\"@type\":\"PropertyValueSpecification\",\"valueRequired\":true,\"valueName\":\"search_term_string\"}}],\"inLanguage\":\"pt-PT\"},{\"@type\":\"Person\",\"@id\":\"https:\/\/portaltela.pt\/#\/schema\/person\/c4278d4a6028830caff9ee44b42d32ed\",\"name\":\"Telinha\",\"image\":{\"@type\":\"ImageObject\",\"inLanguage\":\"pt-PT\",\"@id\":\"https:\/\/portaltela.pt\/s.01k8rhncp4jt1\/2025\/11\/talking-bot-125x125.png\",\"url\":\"https:\/\/portaltela.pt\/s.01k8rhncp4jt1\/2025\/11\/talking-bot-125x125.png\",\"contentUrl\":\"https:\/\/portaltela.pt\/s.01k8rhncp4jt1\/2025\/11\/talking-bot-125x125.png\",\"caption\":\"Telinha\"},\"sameAs\":[\"https:\/\/portaltela.pt\/\"],\"url\":\"https:\/\/portaltela.pt\/por\/367410592786\/\"}]}<\/script>\n<!-- \/ Yoast SEO plugin. -->","yoast_head_json":{"title":"Telefonema do Presidente emociona ginasta Vasco Peso - Portal Tela Portugal","robots":{"index":"index","follow":"follow","max-snippet":"max-snippet:-1","max-image-preview":"max-image-preview:large","max-video-preview":"max-video-preview:-1"},"og_locale":"pt_PT","og_type":"article","og_title":"Telefonema do Presidente emociona ginasta Vasco Peso - Portal Tela Portugal","og_description":"O ginasta Vasco Peso foi campe\u00e3o europeu de tumbling s\u00e9nior e recebeu um telefonema do presidente da Rep\u00fablica, Ant\u00f3nio Jos\u00e9 Seguro. O momento emocionou o atleta, que ficou surpreendido com a liga\u00e7\u00e3o logo ap\u00f3s a conquista. A frase publicada pela Federa\u00e7\u00e3o de Gin\u00e1stica de Portugal explica que Seguro ligou para felicitar o ginasta pela vit\u00f3ria hist\u00f3rica. A conversa ocorreu depois dos bons resultados da Sele\u00e7\u00e3o Nacional de Trampolins no Europeu de Portim\u00e3o. Peso classificou o contacto como uma chamada que fez a diferen\u00e7a, expressando a frase: \u201cEra o presidente da Rep\u00fablica! Acabei de falar com o presidente de Portugal\u201d.","og_url":"https:\/\/portaltela.pt\/noticias\/2026\/04\/13\/telefonema-do-presidente-emociona-ginasta-vasco-peso\/","og_site_name":"Portal Tela Portugal","article_published_time":"2026-04-13T14:32:29+00:00","author":"Telinha","twitter_card":"summary_large_image","twitter_misc":{"Escrito por":"Telinha","Tempo estimado de leitura":"1 minuto"},"schema":{"@context":"https:\/\/schema.org","@graph":[{"@type":"Article","@id":"https:\/\/portaltela.pt\/noticias\/2026\/04\/13\/telefonema-do-presidente-emociona-ginasta-vasco-peso\/#article","isPartOf":{"@id":"https:\/\/portaltela.pt\/noticias\/2026\/04\/13\/telefonema-do-presidente-emociona-ginasta-vasco-peso\/"},"author":{"name":"Telinha","@id":"https:\/\/portaltela.pt\/#\/schema\/person\/c4278d4a6028830caff9ee44b42d32ed"},"headline":"Telefonema do Presidente emociona ginasta Vasco Peso","datePublished":"2026-04-13T14:32:29+00:00","mainEntityOfPage":{"@id":"https:\/\/portaltela.pt\/noticias\/2026\/04\/13\/telefonema-do-presidente-emociona-ginasta-vasco-peso\/"},"wordCount":261,"image":{"@id":"https:\/\/portaltela.pt\/noticias\/2026\/04\/13\/telefonema-do-presidente-emociona-ginasta-vasco-peso\/#primaryimage"},"thumbnailUrl":"https:\/\/portaltela.pt\/s.01k8rhncp4jt1\/2026\/04\/image-781.jpg","keywords":["desporto","gin\u00e1stica","pessoas p\u00fablicas","Portugal","presidente","reconhecimento internacional"],"articleSection":["Desporto","Futebol"],"inLanguage":"pt-PT"},{"@type":"WebPage","@id":"https:\/\/portaltela.pt\/noticias\/2026\/04\/13\/telefonema-do-presidente-emociona-ginasta-vasco-peso\/","url":"https:\/\/portaltela.pt\/noticias\/2026\/04\/13\/telefonema-do-presidente-emociona-ginasta-vasco-peso\/","name":"Telefonema do Presidente emociona ginasta Vasco Peso - Portal Tela Portugal","isPartOf":{"@id":"https:\/\/portaltela.pt\/#website"},"primaryImageOfPage":{"@id":"https:\/\/portaltela.pt\/noticias\/2026\/04\/13\/telefonema-do-presidente-emociona-ginasta-vasco-peso\/#primaryimage"},"image":{"@id":"https:\/\/portaltela.pt\/noticias\/2026\/04\/13\/telefonema-do-presidente-emociona-ginasta-vasco-peso\/#primaryimage"},"thumbnailUrl":"https:\/\/portaltela.pt\/s.01k8rhncp4jt1\/2026\/04\/image-781.jpg","datePublished":"2026-04-13T14:32:29+00:00","author":{"@id":"https:\/\/portaltela.pt\/#\/schema\/person\/c4278d4a6028830caff9ee44b42d32ed"},"breadcrumb":{"@id":"https:\/\/portaltela.pt\/noticias\/2026\/04\/13\/telefonema-do-presidente-emociona-ginasta-vasco-peso\/#breadcrumb"},"inLanguage":"pt-PT","potentialAction":[{"@type":"ReadAction","target":["https:\/\/portaltela.pt\/noticias\/2026\/04\/13\/telefonema-do-presidente-emociona-ginasta-vasco-peso\/"]}]},{"@type":"ImageObject","inLanguage":"pt-PT","@id":"https:\/\/portaltela.pt\/noticias\/2026\/04\/13\/telefonema-do-presidente-emociona-ginasta-vasco-peso\/#primaryimage","url":"https:\/\/portaltela.pt\/s.01k8rhncp4jt1\/2026\/04\/image-781.jpg","contentUrl":"https:\/\/portaltela.pt\/s.01k8rhncp4jt1\/2026\/04\/image-781.jpg","width":796,"height":448,"caption":"Vasco Peso no lugar mais alto do p\u00f3dio"},{"@type":"BreadcrumbList","@id":"https:\/\/portaltela.pt\/noticias\/2026\/04\/13\/telefonema-do-presidente-emociona-ginasta-vasco-peso\/#breadcrumb","itemListElement":[{"@type":"ListItem","position":1,"name":"In\u00edcio","item":"https:\/\/portaltela.pt\/"},{"@type":"ListItem","position":2,"name":"Telefonema do Presidente emociona ginasta Vasco Peso"}]},{"@type":"WebSite","@id":"https:\/\/portaltela.pt\/#website","url":"https:\/\/portaltela.pt\/","name":"Portal Tela Portugal","description":"","potentialAction":[{"@type":"SearchAction","target":{"@type":"EntryPoint","urlTemplate":"https:\/\/portaltela.pt\/?s={search_term_string}"},"query-input":{"@type":"PropertyValueSpecification","valueRequired":true,"valueName":"search_term_string"}}],"inLanguage":"pt-PT"},{"@type":"Person","@id":"https:\/\/portaltela.pt\/#\/schema\/person\/c4278d4a6028830caff9ee44b42d32ed","name":"Telinha","image":{"@type":"ImageObject","inLanguage":"pt-PT","@id":"https:\/\/portaltela.pt\/s.01k8rhncp4jt1\/2025\/11\/talking-bot-125x125.png","url":"https:\/\/portaltela.pt\/s.01k8rhncp4jt1\/2025\/11\/talking-bot-125x125.png","contentUrl":"https:\/\/portaltela.pt\/s.01k8rhncp4jt1\/2025\/11\/talking-bot-125x125.png","caption":"Telinha"},"sameAs":["https:\/\/portaltela.pt\/"],"url":"https:\/\/portaltela.pt\/por\/367410592786\/"}]}},"_links":{"self":[{"href":"https:\/\/portaltela.pt\/api\/wp\/v2\/posts\/442537","targetHints":{"allow":["GET"]}}],"collection":[{"href":"https:\/\/portaltela.pt\/api\/wp\/v2\/posts"}],"about":[{"href":"https:\/\/portaltela.pt\/api\/wp\/v2\/types\/post"}],"author":[{"embeddable":true,"href":"https:\/\/portaltela.pt\/api\/wp\/v2\/users\/2"}],"replies":[{"embeddable":true,"href":"https:\/\/portaltela.pt\/api\/wp\/v2\/comments?post=442537"}],"version-history":[{"count":0,"href":"https:\/\/portaltela.pt\/api\/wp\/v2\/posts\/442537\/revisions"}],"wp:featuredmedia":[{"embeddable":true,"href":"https:\/\/portaltela.pt\/api\/wp\/v2\/media\/442542"}],"wp:attachment":[{"href":"https:\/\/portaltela.pt\/api\/wp\/v2\/media?parent=442537"}],"wp:term":[{"taxonomy":"category","embeddable":true,"href":"https:\/\/portaltela.pt\/api\/wp\/v2\/categories?post=442537"},{"taxonomy":"post_tag","embeddable":true,"href":"https:\/\/portaltela.pt\/api\/wp\/v2\/tags?post=442537"}],"curies":[{"name":"wp","href":"https:\/\/api.w.org\/{rel}","templated":true}]}}