{"id":442506,"date":"2026-04-13T11:17:21","date_gmt":"2026-04-13T14:17:21","guid":{"rendered":"https:\/\/portaltela.pt\/noticias\/2026\/04\/13\/oscar-freire-condenado-por-perseguicao-e-injurias-a-mulher\/"},"modified":"2026-04-13T11:17:21","modified_gmt":"2026-04-13T14:17:21","slug":"oscar-freire-condenado-por-perseguicao-e-injurias-a-mulher","status":"publish","type":"post","link":"https:\/\/portaltela.pt\/noticias\/2026\/04\/13\/oscar-freire-condenado-por-perseguicao-e-injurias-a-mulher\/","title":{"rendered":"\u00d3scar Freire condenado por persegui\u00e7\u00e3o e inj\u00farias \u00e0 mulher"},"content":{"rendered":"<p>\u00d3scar Freire foi detido pela pol\u00edcia espanhola neste domingo, ap\u00f3s a mulher apresentar queixa por inj\u00farias e ass\u00e9dio moral. O antigo ciclista, tricampe\u00e3o mundial de estrada, foi apresentado a um juiz e condenado por um delito leve de inj\u00farias.<\/p>\n<p>A senten\u00e7a determina que Freire tem nove dias para mudar de morada, ficando proibido de se aproximar a menos de 200 metros da casa ou do local de trabalho da v\u00edtima durante seis meses. N\u00e3o poder\u00e1 ainda comunicar com a mulher durante esse per\u00edodo. O casal est\u00e1 a avan\u00e7ar com o div\u00f3rcio.<\/p>\n<p>Segundo a imprensa espanhola, a queixa descreve persegui\u00e7\u00e3o constante, insults e difama\u00e7\u00e3o por parte de Freire. H\u00e1 ainda a suspeita de que o marido usava microfones ocultos para ouvir a v\u00edtima.<\/p>\n","protected":false},"excerpt":{"rendered":"<ul>\n<li>\u00d3scar Freire foi detido pela pol\u00edcia espanhola neste domingo, ap\u00f3s a queixa da mulher por inj\u00farias e ass\u00e9dio moral.<\/li>\n<li>O ex-ciclista, tricampe\u00e3o mundial de estrada, foi presente a um juiz e condenado por inj\u00farias de forma leve.<\/li>\n<li>A senten\u00e7a permite-lhe ficar nove dias sem mudar de morada, pro\u00edbe-o de se aproximar a menos de 200 metros da casa ou do local de trabalho da v\u00edtima durante seis meses e impede qualquer comunica\u00e7\u00e3o com a v\u00edtima nesse per\u00edodo.<\/li>\n<li>O div\u00f3rcio do casal est\u00e1 em curso.<\/li>\n<li>A imprensa indica que a mulher alegou persegui\u00e7\u00e3o constante e insultos, com suspeitas de escuta por microfones ocultos.<\/li>\n<\/ul>\n","protected":false},"author":2,"featured_media":442511,"comment_status":"closed","ping_status":"closed","sticky":false,"template":"","format":"standard","meta":{"footnotes":""},"categories":[6815,1],"tags":[147,6039,6333,250,52,1165],"class_list":["post-442506","post","type-post","status-publish","format-standard","has-post-thumbnail","hentry","category-justica","category-noticias","tag-crime","tag-injuria","tag-perseguicao","tag-seguranca-publica","tag-tribunal","tag-violencia-de-genero"],"yoast_head":"<!-- This site is optimized with the Yoast SEO plugin v27.2 - https:\/\/yoast.com\/product\/yoast-seo-wordpress\/ -->\n<title>\u00d3scar Freire condenado por persegui\u00e7\u00e3o e inj\u00farias \u00e0 mulher - Portal Tela Portugal<\/title>\n<meta name=\"robots\" content=\"index, follow, max-snippet:-1, max-image-preview:large, max-video-preview:-1\" \/>\n<meta property=\"og:locale\" content=\"pt_PT\" \/>\n<meta property=\"og:type\" content=\"article\" \/>\n<meta property=\"og:title\" content=\"\u00d3scar Freire condenado por persegui\u00e7\u00e3o e inj\u00farias \u00e0 mulher - Portal Tela Portugal\" \/>\n<meta property=\"og:description\" content=\"\u00d3scar Freire foi detido pela pol\u00edcia espanhola neste domingo, ap\u00f3s a queixa da mulher por inj\u00farias e ass\u00e9dio moral. O ex-ciclista, tricampe\u00e3o mundial de estrada, foi presente a um juiz e condenado por inj\u00farias de forma leve. A senten\u00e7a permite-lhe ficar nove dias sem mudar de morada, pro\u00edbe-o de se aproximar a menos de 200 metros da casa ou do local de trabalho da v\u00edtima durante seis meses e impede qualquer comunica\u00e7\u00e3o com a v\u00edtima nesse per\u00edodo. O div\u00f3rcio do casal est\u00e1 em curso. A imprensa indica que a mulher alegou persegui\u00e7\u00e3o constante e insultos, com suspeitas de escuta por microfones ocultos.\" \/>\n<meta property=\"og:url\" content=\"https:\/\/portaltela.pt\/noticias\/2026\/04\/13\/oscar-freire-condenado-por-perseguicao-e-injurias-a-mulher\/\" \/>\n<meta property=\"og:site_name\" content=\"Portal Tela Portugal\" \/>\n<meta property=\"article:published_time\" content=\"2026-04-13T14:17:21+00:00\" \/>\n<meta name=\"author\" content=\"Telinha\" \/>\n<meta name=\"twitter:card\" content=\"summary_large_image\" \/>\n<meta name=\"twitter:label1\" content=\"Escrito por\" \/>\n\t<meta name=\"twitter:data1\" content=\"Telinha\" \/>\n\t<meta name=\"twitter:label2\" content=\"Tempo estimado de leitura\" \/>\n\t<meta name=\"twitter:data2\" content=\"1 minuto\" \/>\n<script type=\"application\/ld+json\" class=\"yoast-schema-graph\">{\"@context\":\"https:\/\/schema.org\",\"@graph\":[{\"@type\":\"Article\",\"@id\":\"https:\/\/portaltela.pt\/noticias\/2026\/04\/13\/oscar-freire-condenado-por-perseguicao-e-injurias-a-mulher\/#article\",\"isPartOf\":{\"@id\":\"https:\/\/portaltela.pt\/noticias\/2026\/04\/13\/oscar-freire-condenado-por-perseguicao-e-injurias-a-mulher\/\"},\"author\":{\"name\":\"Telinha\",\"@id\":\"https:\/\/portaltela.pt\/#\/schema\/person\/c4278d4a6028830caff9ee44b42d32ed\"},\"headline\":\"\u00d3scar Freire condenado por persegui\u00e7\u00e3o e inj\u00farias \u00e0 mulher\",\"datePublished\":\"2026-04-13T14:17:21+00:00\",\"mainEntityOfPage\":{\"@id\":\"https:\/\/portaltela.pt\/noticias\/2026\/04\/13\/oscar-freire-condenado-por-perseguicao-e-injurias-a-mulher\/\"},\"wordCount\":146,\"image\":{\"@id\":\"https:\/\/portaltela.pt\/noticias\/2026\/04\/13\/oscar-freire-condenado-por-perseguicao-e-injurias-a-mulher\/#primaryimage\"},\"thumbnailUrl\":\"https:\/\/portaltela.pt\/s.01k8rhncp4jt1\/2026\/04\/img_920x518uu2026-04-13-15-07-11-2432781.jpg\",\"keywords\":[\"crime\",\"inj\u00faria\",\"persegui\u00e7\u00e3o\",\"seguran\u00e7a p\u00fablica\",\"tribunal\",\"viol\u00eancia de g\u00e9nero\"],\"articleSection\":[\"Justi\u00e7a\",\"Not\u00edcias\"],\"inLanguage\":\"pt-PT\"},{\"@type\":\"WebPage\",\"@id\":\"https:\/\/portaltela.pt\/noticias\/2026\/04\/13\/oscar-freire-condenado-por-perseguicao-e-injurias-a-mulher\/\",\"url\":\"https:\/\/portaltela.pt\/noticias\/2026\/04\/13\/oscar-freire-condenado-por-perseguicao-e-injurias-a-mulher\/\",\"name\":\"\u00d3scar Freire condenado por persegui\u00e7\u00e3o e inj\u00farias \u00e0 mulher - Portal Tela Portugal\",\"isPartOf\":{\"@id\":\"https:\/\/portaltela.pt\/#website\"},\"primaryImageOfPage\":{\"@id\":\"https:\/\/portaltela.pt\/noticias\/2026\/04\/13\/oscar-freire-condenado-por-perseguicao-e-injurias-a-mulher\/#primaryimage\"},\"image\":{\"@id\":\"https:\/\/portaltela.pt\/noticias\/2026\/04\/13\/oscar-freire-condenado-por-perseguicao-e-injurias-a-mulher\/#primaryimage\"},\"thumbnailUrl\":\"https:\/\/portaltela.pt\/s.01k8rhncp4jt1\/2026\/04\/img_920x518uu2026-04-13-15-07-11-2432781.jpg\",\"datePublished\":\"2026-04-13T14:17:21+00:00\",\"author\":{\"@id\":\"https:\/\/portaltela.pt\/#\/schema\/person\/c4278d4a6028830caff9ee44b42d32ed\"},\"breadcrumb\":{\"@id\":\"https:\/\/portaltela.pt\/noticias\/2026\/04\/13\/oscar-freire-condenado-por-perseguicao-e-injurias-a-mulher\/#breadcrumb\"},\"inLanguage\":\"pt-PT\",\"potentialAction\":[{\"@type\":\"ReadAction\",\"target\":[\"https:\/\/portaltela.pt\/noticias\/2026\/04\/13\/oscar-freire-condenado-por-perseguicao-e-injurias-a-mulher\/\"]}]},{\"@type\":\"ImageObject\",\"inLanguage\":\"pt-PT\",\"@id\":\"https:\/\/portaltela.pt\/noticias\/2026\/04\/13\/oscar-freire-condenado-por-perseguicao-e-injurias-a-mulher\/#primaryimage\",\"url\":\"https:\/\/portaltela.pt\/s.01k8rhncp4jt1\/2026\/04\/img_920x518uu2026-04-13-15-07-11-2432781.jpg\",\"contentUrl\":\"https:\/\/portaltela.pt\/s.01k8rhncp4jt1\/2026\/04\/img_920x518uu2026-04-13-15-07-11-2432781.jpg\",\"width\":796,\"height\":448,\"caption\":\"\u00d3scar Freire\"},{\"@type\":\"BreadcrumbList\",\"@id\":\"https:\/\/portaltela.pt\/noticias\/2026\/04\/13\/oscar-freire-condenado-por-perseguicao-e-injurias-a-mulher\/#breadcrumb\",\"itemListElement\":[{\"@type\":\"ListItem\",\"position\":1,\"name\":\"In\u00edcio\",\"item\":\"https:\/\/portaltela.pt\/\"},{\"@type\":\"ListItem\",\"position\":2,\"name\":\"\u00d3scar Freire condenado por persegui\u00e7\u00e3o e inj\u00farias \u00e0 mulher\"}]},{\"@type\":\"WebSite\",\"@id\":\"https:\/\/portaltela.pt\/#website\",\"url\":\"https:\/\/portaltela.pt\/\",\"name\":\"Portal Tela Portugal\",\"description\":\"\",\"potentialAction\":[{\"@type\":\"SearchAction\",\"target\":{\"@type\":\"EntryPoint\",\"urlTemplate\":\"https:\/\/portaltela.pt\/?s={search_term_string}\"},\"query-input\":{\"@type\":\"PropertyValueSpecification\",\"valueRequired\":true,\"valueName\":\"search_term_string\"}}],\"inLanguage\":\"pt-PT\"},{\"@type\":\"Person\",\"@id\":\"https:\/\/portaltela.pt\/#\/schema\/person\/c4278d4a6028830caff9ee44b42d32ed\",\"name\":\"Telinha\",\"image\":{\"@type\":\"ImageObject\",\"inLanguage\":\"pt-PT\",\"@id\":\"https:\/\/portaltela.pt\/s.01k8rhncp4jt1\/2025\/11\/talking-bot-125x125.png\",\"url\":\"https:\/\/portaltela.pt\/s.01k8rhncp4jt1\/2025\/11\/talking-bot-125x125.png\",\"contentUrl\":\"https:\/\/portaltela.pt\/s.01k8rhncp4jt1\/2025\/11\/talking-bot-125x125.png\",\"caption\":\"Telinha\"},\"sameAs\":[\"https:\/\/portaltela.pt\/\"],\"url\":\"https:\/\/portaltela.pt\/por\/367410592786\/\"}]}<\/script>\n<!-- \/ Yoast SEO plugin. -->","yoast_head_json":{"title":"\u00d3scar Freire condenado por persegui\u00e7\u00e3o e inj\u00farias \u00e0 mulher - Portal Tela Portugal","robots":{"index":"index","follow":"follow","max-snippet":"max-snippet:-1","max-image-preview":"max-image-preview:large","max-video-preview":"max-video-preview:-1"},"og_locale":"pt_PT","og_type":"article","og_title":"\u00d3scar Freire condenado por persegui\u00e7\u00e3o e inj\u00farias \u00e0 mulher - Portal Tela Portugal","og_description":"\u00d3scar Freire foi detido pela pol\u00edcia espanhola neste domingo, ap\u00f3s a queixa da mulher por inj\u00farias e ass\u00e9dio moral. O ex-ciclista, tricampe\u00e3o mundial de estrada, foi presente a um juiz e condenado por inj\u00farias de forma leve. A senten\u00e7a permite-lhe ficar nove dias sem mudar de morada, pro\u00edbe-o de se aproximar a menos de 200 metros da casa ou do local de trabalho da v\u00edtima durante seis meses e impede qualquer comunica\u00e7\u00e3o com a v\u00edtima nesse per\u00edodo. O div\u00f3rcio do casal est\u00e1 em curso. A imprensa indica que a mulher alegou persegui\u00e7\u00e3o constante e insultos, com suspeitas de escuta por microfones ocultos.","og_url":"https:\/\/portaltela.pt\/noticias\/2026\/04\/13\/oscar-freire-condenado-por-perseguicao-e-injurias-a-mulher\/","og_site_name":"Portal Tela Portugal","article_published_time":"2026-04-13T14:17:21+00:00","author":"Telinha","twitter_card":"summary_large_image","twitter_misc":{"Escrito por":"Telinha","Tempo estimado de leitura":"1 minuto"},"schema":{"@context":"https:\/\/schema.org","@graph":[{"@type":"Article","@id":"https:\/\/portaltela.pt\/noticias\/2026\/04\/13\/oscar-freire-condenado-por-perseguicao-e-injurias-a-mulher\/#article","isPartOf":{"@id":"https:\/\/portaltela.pt\/noticias\/2026\/04\/13\/oscar-freire-condenado-por-perseguicao-e-injurias-a-mulher\/"},"author":{"name":"Telinha","@id":"https:\/\/portaltela.pt\/#\/schema\/person\/c4278d4a6028830caff9ee44b42d32ed"},"headline":"\u00d3scar Freire condenado por persegui\u00e7\u00e3o e inj\u00farias \u00e0 mulher","datePublished":"2026-04-13T14:17:21+00:00","mainEntityOfPage":{"@id":"https:\/\/portaltela.pt\/noticias\/2026\/04\/13\/oscar-freire-condenado-por-perseguicao-e-injurias-a-mulher\/"},"wordCount":146,"image":{"@id":"https:\/\/portaltela.pt\/noticias\/2026\/04\/13\/oscar-freire-condenado-por-perseguicao-e-injurias-a-mulher\/#primaryimage"},"thumbnailUrl":"https:\/\/portaltela.pt\/s.01k8rhncp4jt1\/2026\/04\/img_920x518uu2026-04-13-15-07-11-2432781.jpg","keywords":["crime","inj\u00faria","persegui\u00e7\u00e3o","seguran\u00e7a p\u00fablica","tribunal","viol\u00eancia de g\u00e9nero"],"articleSection":["Justi\u00e7a","Not\u00edcias"],"inLanguage":"pt-PT"},{"@type":"WebPage","@id":"https:\/\/portaltela.pt\/noticias\/2026\/04\/13\/oscar-freire-condenado-por-perseguicao-e-injurias-a-mulher\/","url":"https:\/\/portaltela.pt\/noticias\/2026\/04\/13\/oscar-freire-condenado-por-perseguicao-e-injurias-a-mulher\/","name":"\u00d3scar Freire condenado por persegui\u00e7\u00e3o e inj\u00farias \u00e0 mulher - Portal Tela Portugal","isPartOf":{"@id":"https:\/\/portaltela.pt\/#website"},"primaryImageOfPage":{"@id":"https:\/\/portaltela.pt\/noticias\/2026\/04\/13\/oscar-freire-condenado-por-perseguicao-e-injurias-a-mulher\/#primaryimage"},"image":{"@id":"https:\/\/portaltela.pt\/noticias\/2026\/04\/13\/oscar-freire-condenado-por-perseguicao-e-injurias-a-mulher\/#primaryimage"},"thumbnailUrl":"https:\/\/portaltela.pt\/s.01k8rhncp4jt1\/2026\/04\/img_920x518uu2026-04-13-15-07-11-2432781.jpg","datePublished":"2026-04-13T14:17:21+00:00","author":{"@id":"https:\/\/portaltela.pt\/#\/schema\/person\/c4278d4a6028830caff9ee44b42d32ed"},"breadcrumb":{"@id":"https:\/\/portaltela.pt\/noticias\/2026\/04\/13\/oscar-freire-condenado-por-perseguicao-e-injurias-a-mulher\/#breadcrumb"},"inLanguage":"pt-PT","potentialAction":[{"@type":"ReadAction","target":["https:\/\/portaltela.pt\/noticias\/2026\/04\/13\/oscar-freire-condenado-por-perseguicao-e-injurias-a-mulher\/"]}]},{"@type":"ImageObject","inLanguage":"pt-PT","@id":"https:\/\/portaltela.pt\/noticias\/2026\/04\/13\/oscar-freire-condenado-por-perseguicao-e-injurias-a-mulher\/#primaryimage","url":"https:\/\/portaltela.pt\/s.01k8rhncp4jt1\/2026\/04\/img_920x518uu2026-04-13-15-07-11-2432781.jpg","contentUrl":"https:\/\/portaltela.pt\/s.01k8rhncp4jt1\/2026\/04\/img_920x518uu2026-04-13-15-07-11-2432781.jpg","width":796,"height":448,"caption":"\u00d3scar Freire"},{"@type":"BreadcrumbList","@id":"https:\/\/portaltela.pt\/noticias\/2026\/04\/13\/oscar-freire-condenado-por-perseguicao-e-injurias-a-mulher\/#breadcrumb","itemListElement":[{"@type":"ListItem","position":1,"name":"In\u00edcio","item":"https:\/\/portaltela.pt\/"},{"@type":"ListItem","position":2,"name":"\u00d3scar Freire condenado por persegui\u00e7\u00e3o e inj\u00farias \u00e0 mulher"}]},{"@type":"WebSite","@id":"https:\/\/portaltela.pt\/#website","url":"https:\/\/portaltela.pt\/","name":"Portal Tela Portugal","description":"","potentialAction":[{"@type":"SearchAction","target":{"@type":"EntryPoint","urlTemplate":"https:\/\/portaltela.pt\/?s={search_term_string}"},"query-input":{"@type":"PropertyValueSpecification","valueRequired":true,"valueName":"search_term_string"}}],"inLanguage":"pt-PT"},{"@type":"Person","@id":"https:\/\/portaltela.pt\/#\/schema\/person\/c4278d4a6028830caff9ee44b42d32ed","name":"Telinha","image":{"@type":"ImageObject","inLanguage":"pt-PT","@id":"https:\/\/portaltela.pt\/s.01k8rhncp4jt1\/2025\/11\/talking-bot-125x125.png","url":"https:\/\/portaltela.pt\/s.01k8rhncp4jt1\/2025\/11\/talking-bot-125x125.png","contentUrl":"https:\/\/portaltela.pt\/s.01k8rhncp4jt1\/2025\/11\/talking-bot-125x125.png","caption":"Telinha"},"sameAs":["https:\/\/portaltela.pt\/"],"url":"https:\/\/portaltela.pt\/por\/367410592786\/"}]}},"_links":{"self":[{"href":"https:\/\/portaltela.pt\/api\/wp\/v2\/posts\/442506","targetHints":{"allow":["GET"]}}],"collection":[{"href":"https:\/\/portaltela.pt\/api\/wp\/v2\/posts"}],"about":[{"href":"https:\/\/portaltela.pt\/api\/wp\/v2\/types\/post"}],"author":[{"embeddable":true,"href":"https:\/\/portaltela.pt\/api\/wp\/v2\/users\/2"}],"replies":[{"embeddable":true,"href":"https:\/\/portaltela.pt\/api\/wp\/v2\/comments?post=442506"}],"version-history":[{"count":0,"href":"https:\/\/portaltela.pt\/api\/wp\/v2\/posts\/442506\/revisions"}],"wp:featuredmedia":[{"embeddable":true,"href":"https:\/\/portaltela.pt\/api\/wp\/v2\/media\/442511"}],"wp:attachment":[{"href":"https:\/\/portaltela.pt\/api\/wp\/v2\/media?parent=442506"}],"wp:term":[{"taxonomy":"category","embeddable":true,"href":"https:\/\/portaltela.pt\/api\/wp\/v2\/categories?post=442506"},{"taxonomy":"post_tag","embeddable":true,"href":"https:\/\/portaltela.pt\/api\/wp\/v2\/tags?post=442506"}],"curies":[{"name":"wp","href":"https:\/\/api.w.org\/{rel}","templated":true}]}}