{"id":442501,"date":"2026-04-13T11:17:20","date_gmt":"2026-04-13T14:17:20","guid":{"rendered":"https:\/\/portaltela.pt\/noticias\/2026\/04\/13\/jogador-de-futebol-entre-influencers-implicados-em-violacao-de-menor-em-loures\/"},"modified":"2026-04-13T11:17:20","modified_gmt":"2026-04-13T14:17:20","slug":"jogador-de-futebol-entre-influencers-implicados-em-violacao-de-menor-em-loures","status":"publish","type":"post","link":"https:\/\/portaltela.pt\/noticias\/2026\/04\/13\/jogador-de-futebol-entre-influencers-implicados-em-violacao-de-menor-em-loures\/","title":{"rendered":"Jogador de futebol entre influencers implicados em viola\u00e7\u00e3o de menor em Loures"},"content":{"rendered":"<p>Um caso de viol\u00eancia sexual envolve quatro influencers, ocorrida em Santo Ant\u00f3nio dos Cavaleiros, Loures. Uma menor de 16 anos foi v\u00edtima de viola\u00e7\u00e3o, humilha\u00e7\u00e3o e insultos, durante cerca de duas horas, com registo em v\u00eddeo feito pelos alegados aggressors para partilha online.<\/p>\n<p>Entre os arguidos, est\u00e1 um jogador de futebol natural do Barreiro, com idade entre 19 e 21 anos, que registou a viola\u00e7\u00e3o com o telem\u00f3vel. Desta acusa\u00e7\u00e3o consta ainda que o mesmo ter\u00e1 agredido a v\u00edtima com bofetadas e palmadas.<\/p>\n<p>Esta segunda-feira, os quatro acusados come\u00e7aram a ser julgados no Tribunal de Loures. Respondem por crime de viola\u00e7\u00e3o, 27 de pornografia de menores, quatro de ofensas \u00e0 integridade f\u00edsica e sete de inj\u00farias, no \u00e2mbito de uma acusa\u00e7\u00e3o particular apresentada pela v\u00edtima.<\/p>\n","protected":false},"excerpt":{"rendered":"<ul>\n<li>Em Loures, na \u00e1rea de Santo Ant\u00f3nio dos Cavaleiros, uma menor com dezasseis anos foi violada, humilhada e insultada por quatro influencers que filmaram os abusos para poderem mostrar e gabar-se do ato.<\/li>\n<li>O epis\u00f3dio ocorreu durante cerca de duas horas, com a v\u00edtima filmada a  filmar os abusos.<\/li>\n<li>O primeiro arguido, com idades entre dezenove e vinte e um anos, \u00e9 jogador de futebol natural do Barreiro e registou a viola\u00e7\u00e3o em grupo com o telem\u00f3vel; \u00e9 tamb\u00e9m acusado de agredir a v\u00edtima com bofetadas e palmadas.<\/li>\n<li>Os quatro arguidos come\u00e7aram esta segunda-feira a ser julgados no Tribunal de Loures; respondem por viola\u00e7\u00e3o, vinte e sete crimes de pornografia de menores, quatro de ofensas \u00e0 integridade f\u00edsica e sete de inj\u00farias, no \u00e2mbito de uma acusa\u00e7\u00e3o particular movida pela v\u00edtima.<\/li>\n<li>A acusa\u00e7\u00e3o \u00e9 apresentada pela pr\u00f3pria v\u00edtima, atrav\u00e9s de uma queixa particular.<\/li>\n<\/ul>\n","protected":false},"author":2,"featured_media":442507,"comment_status":"closed","ping_status":"closed","sticky":false,"template":"","format":"standard","meta":{"footnotes":""},"categories":[7386,1],"tags":[7861,177,1680,1432,1825,7489],"class_list":["post-442501","post","type-post","status-publish","format-standard","has-post-thumbnail","hentry","category-crimes-contra-a-pessoa","category-noticias","tag-crime-sexual","tag-crimes","tag-loures","tag-pornografia-de-menores","tag-violacao","tag-violencia-de-menor-dependente-ou-em-situacao-vulneravel"],"yoast_head":"<!-- This site is optimized with the Yoast SEO plugin v27.2 - https:\/\/yoast.com\/product\/yoast-seo-wordpress\/ -->\n<title>Jogador de futebol entre influencers implicados em viola\u00e7\u00e3o de menor em Loures - Portal Tela Portugal<\/title>\n<meta name=\"robots\" content=\"index, follow, max-snippet:-1, max-image-preview:large, max-video-preview:-1\" \/>\n<meta property=\"og:locale\" content=\"pt_PT\" \/>\n<meta property=\"og:type\" content=\"article\" \/>\n<meta property=\"og:title\" content=\"Jogador de futebol entre influencers implicados em viola\u00e7\u00e3o de menor em Loures - Portal Tela Portugal\" \/>\n<meta property=\"og:description\" content=\"Em Loures, na \u00e1rea de Santo Ant\u00f3nio dos Cavaleiros, uma menor com dezasseis anos foi violada, humilhada e insultada por quatro influencers que filmaram os abusos para poderem mostrar e gabar-se do ato. O epis\u00f3dio ocorreu durante cerca de duas horas, com a v\u00edtima filmada a filmar os abusos. O primeiro arguido, com idades entre dezenove e vinte e um anos, \u00e9 jogador de futebol natural do Barreiro e registou a viola\u00e7\u00e3o em grupo com o telem\u00f3vel; \u00e9 tamb\u00e9m acusado de agredir a v\u00edtima com bofetadas e palmadas. Os quatro arguidos come\u00e7aram esta segunda-feira a ser julgados no Tribunal de Loures; respondem por viola\u00e7\u00e3o, vinte e sete crimes de pornografia de menores, quatro de ofensas \u00e0 integridade f\u00edsica e sete de inj\u00farias, no \u00e2mbito de uma acusa\u00e7\u00e3o particular movida pela v\u00edtima. A acusa\u00e7\u00e3o \u00e9 apresentada pela pr\u00f3pria v\u00edtima, atrav\u00e9s de uma queixa particular.\" \/>\n<meta property=\"og:url\" content=\"https:\/\/portaltela.pt\/noticias\/2026\/04\/13\/jogador-de-futebol-entre-influencers-implicados-em-violacao-de-menor-em-loures\/\" \/>\n<meta property=\"og:site_name\" content=\"Portal Tela Portugal\" \/>\n<meta property=\"article:published_time\" content=\"2026-04-13T14:17:20+00:00\" \/>\n<meta name=\"author\" content=\"Telinha\" \/>\n<meta name=\"twitter:card\" content=\"summary_large_image\" \/>\n<meta name=\"twitter:label1\" content=\"Escrito por\" \/>\n\t<meta name=\"twitter:data1\" content=\"Telinha\" \/>\n\t<meta name=\"twitter:label2\" content=\"Tempo estimado de leitura\" \/>\n\t<meta name=\"twitter:data2\" content=\"1 minuto\" \/>\n<script type=\"application\/ld+json\" class=\"yoast-schema-graph\">{\"@context\":\"https:\/\/schema.org\",\"@graph\":[{\"@type\":\"Article\",\"@id\":\"https:\/\/portaltela.pt\/noticias\/2026\/04\/13\/jogador-de-futebol-entre-influencers-implicados-em-violacao-de-menor-em-loures\/#article\",\"isPartOf\":{\"@id\":\"https:\/\/portaltela.pt\/noticias\/2026\/04\/13\/jogador-de-futebol-entre-influencers-implicados-em-violacao-de-menor-em-loures\/\"},\"author\":{\"name\":\"Telinha\",\"@id\":\"https:\/\/portaltela.pt\/#\/schema\/person\/c4278d4a6028830caff9ee44b42d32ed\"},\"headline\":\"Jogador de futebol entre influencers implicados em viola\u00e7\u00e3o de menor em Loures\",\"datePublished\":\"2026-04-13T14:17:20+00:00\",\"mainEntityOfPage\":{\"@id\":\"https:\/\/portaltela.pt\/noticias\/2026\/04\/13\/jogador-de-futebol-entre-influencers-implicados-em-violacao-de-menor-em-loures\/\"},\"wordCount\":149,\"image\":{\"@id\":\"https:\/\/portaltela.pt\/noticias\/2026\/04\/13\/jogador-de-futebol-entre-influencers-implicados-em-violacao-de-menor-em-loures\/#primaryimage\"},\"thumbnailUrl\":\"https:\/\/portaltela.pt\/s.01k8rhncp4jt1\/2026\/04\/819039b6-0731-4873-9ec4-b729d29be04d_1200x675.jpg\",\"keywords\":[\"crime sexual\",\"crimes\",\"Loures\",\"pornografia de menores\",\"viola\u00e7\u00e3o\",\"viol\u00eancia de menor dependente ou em situa\u00e7\u00e3o vulner\u00e1vel\"],\"articleSection\":[\"Crimes contra a pessoa\",\"Not\u00edcias\"],\"inLanguage\":\"pt-PT\"},{\"@type\":\"WebPage\",\"@id\":\"https:\/\/portaltela.pt\/noticias\/2026\/04\/13\/jogador-de-futebol-entre-influencers-implicados-em-violacao-de-menor-em-loures\/\",\"url\":\"https:\/\/portaltela.pt\/noticias\/2026\/04\/13\/jogador-de-futebol-entre-influencers-implicados-em-violacao-de-menor-em-loures\/\",\"name\":\"Jogador de futebol entre influencers implicados em viola\u00e7\u00e3o de menor em Loures - Portal Tela Portugal\",\"isPartOf\":{\"@id\":\"https:\/\/portaltela.pt\/#website\"},\"primaryImageOfPage\":{\"@id\":\"https:\/\/portaltela.pt\/noticias\/2026\/04\/13\/jogador-de-futebol-entre-influencers-implicados-em-violacao-de-menor-em-loures\/#primaryimage\"},\"image\":{\"@id\":\"https:\/\/portaltela.pt\/noticias\/2026\/04\/13\/jogador-de-futebol-entre-influencers-implicados-em-violacao-de-menor-em-loures\/#primaryimage\"},\"thumbnailUrl\":\"https:\/\/portaltela.pt\/s.01k8rhncp4jt1\/2026\/04\/819039b6-0731-4873-9ec4-b729d29be04d_1200x675.jpg\",\"datePublished\":\"2026-04-13T14:17:20+00:00\",\"author\":{\"@id\":\"https:\/\/portaltela.pt\/#\/schema\/person\/c4278d4a6028830caff9ee44b42d32ed\"},\"breadcrumb\":{\"@id\":\"https:\/\/portaltela.pt\/noticias\/2026\/04\/13\/jogador-de-futebol-entre-influencers-implicados-em-violacao-de-menor-em-loures\/#breadcrumb\"},\"inLanguage\":\"pt-PT\",\"potentialAction\":[{\"@type\":\"ReadAction\",\"target\":[\"https:\/\/portaltela.pt\/noticias\/2026\/04\/13\/jogador-de-futebol-entre-influencers-implicados-em-violacao-de-menor-em-loures\/\"]}]},{\"@type\":\"ImageObject\",\"inLanguage\":\"pt-PT\",\"@id\":\"https:\/\/portaltela.pt\/noticias\/2026\/04\/13\/jogador-de-futebol-entre-influencers-implicados-em-violacao-de-menor-em-loures\/#primaryimage\",\"url\":\"https:\/\/portaltela.pt\/s.01k8rhncp4jt1\/2026\/04\/819039b6-0731-4873-9ec4-b729d29be04d_1200x675.jpg\",\"contentUrl\":\"https:\/\/portaltela.pt\/s.01k8rhncp4jt1\/2026\/04\/819039b6-0731-4873-9ec4-b729d29be04d_1200x675.jpg\",\"width\":796,\"height\":448,\"caption\":\"V\u00edtima de viola\u00e7\u00e3o fez queixa na GNR\"},{\"@type\":\"BreadcrumbList\",\"@id\":\"https:\/\/portaltela.pt\/noticias\/2026\/04\/13\/jogador-de-futebol-entre-influencers-implicados-em-violacao-de-menor-em-loures\/#breadcrumb\",\"itemListElement\":[{\"@type\":\"ListItem\",\"position\":1,\"name\":\"In\u00edcio\",\"item\":\"https:\/\/portaltela.pt\/\"},{\"@type\":\"ListItem\",\"position\":2,\"name\":\"Jogador de futebol entre influencers implicados em viola\u00e7\u00e3o de menor em Loures\"}]},{\"@type\":\"WebSite\",\"@id\":\"https:\/\/portaltela.pt\/#website\",\"url\":\"https:\/\/portaltela.pt\/\",\"name\":\"Portal Tela Portugal\",\"description\":\"\",\"potentialAction\":[{\"@type\":\"SearchAction\",\"target\":{\"@type\":\"EntryPoint\",\"urlTemplate\":\"https:\/\/portaltela.pt\/?s={search_term_string}\"},\"query-input\":{\"@type\":\"PropertyValueSpecification\",\"valueRequired\":true,\"valueName\":\"search_term_string\"}}],\"inLanguage\":\"pt-PT\"},{\"@type\":\"Person\",\"@id\":\"https:\/\/portaltela.pt\/#\/schema\/person\/c4278d4a6028830caff9ee44b42d32ed\",\"name\":\"Telinha\",\"image\":{\"@type\":\"ImageObject\",\"inLanguage\":\"pt-PT\",\"@id\":\"https:\/\/portaltela.pt\/s.01k8rhncp4jt1\/2025\/11\/talking-bot-125x125.png\",\"url\":\"https:\/\/portaltela.pt\/s.01k8rhncp4jt1\/2025\/11\/talking-bot-125x125.png\",\"contentUrl\":\"https:\/\/portaltela.pt\/s.01k8rhncp4jt1\/2025\/11\/talking-bot-125x125.png\",\"caption\":\"Telinha\"},\"sameAs\":[\"https:\/\/portaltela.pt\/\"],\"url\":\"https:\/\/portaltela.pt\/por\/367410592786\/\"}]}<\/script>\n<!-- \/ Yoast SEO plugin. -->","yoast_head_json":{"title":"Jogador de futebol entre influencers implicados em viola\u00e7\u00e3o de menor em Loures - Portal Tela Portugal","robots":{"index":"index","follow":"follow","max-snippet":"max-snippet:-1","max-image-preview":"max-image-preview:large","max-video-preview":"max-video-preview:-1"},"og_locale":"pt_PT","og_type":"article","og_title":"Jogador de futebol entre influencers implicados em viola\u00e7\u00e3o de menor em Loures - Portal Tela Portugal","og_description":"Em Loures, na \u00e1rea de Santo Ant\u00f3nio dos Cavaleiros, uma menor com dezasseis anos foi violada, humilhada e insultada por quatro influencers que filmaram os abusos para poderem mostrar e gabar-se do ato. O epis\u00f3dio ocorreu durante cerca de duas horas, com a v\u00edtima filmada a filmar os abusos. O primeiro arguido, com idades entre dezenove e vinte e um anos, \u00e9 jogador de futebol natural do Barreiro e registou a viola\u00e7\u00e3o em grupo com o telem\u00f3vel; \u00e9 tamb\u00e9m acusado de agredir a v\u00edtima com bofetadas e palmadas. Os quatro arguidos come\u00e7aram esta segunda-feira a ser julgados no Tribunal de Loures; respondem por viola\u00e7\u00e3o, vinte e sete crimes de pornografia de menores, quatro de ofensas \u00e0 integridade f\u00edsica e sete de inj\u00farias, no \u00e2mbito de uma acusa\u00e7\u00e3o particular movida pela v\u00edtima. A acusa\u00e7\u00e3o \u00e9 apresentada pela pr\u00f3pria v\u00edtima, atrav\u00e9s de uma queixa particular.","og_url":"https:\/\/portaltela.pt\/noticias\/2026\/04\/13\/jogador-de-futebol-entre-influencers-implicados-em-violacao-de-menor-em-loures\/","og_site_name":"Portal Tela Portugal","article_published_time":"2026-04-13T14:17:20+00:00","author":"Telinha","twitter_card":"summary_large_image","twitter_misc":{"Escrito por":"Telinha","Tempo estimado de leitura":"1 minuto"},"schema":{"@context":"https:\/\/schema.org","@graph":[{"@type":"Article","@id":"https:\/\/portaltela.pt\/noticias\/2026\/04\/13\/jogador-de-futebol-entre-influencers-implicados-em-violacao-de-menor-em-loures\/#article","isPartOf":{"@id":"https:\/\/portaltela.pt\/noticias\/2026\/04\/13\/jogador-de-futebol-entre-influencers-implicados-em-violacao-de-menor-em-loures\/"},"author":{"name":"Telinha","@id":"https:\/\/portaltela.pt\/#\/schema\/person\/c4278d4a6028830caff9ee44b42d32ed"},"headline":"Jogador de futebol entre influencers implicados em viola\u00e7\u00e3o de menor em Loures","datePublished":"2026-04-13T14:17:20+00:00","mainEntityOfPage":{"@id":"https:\/\/portaltela.pt\/noticias\/2026\/04\/13\/jogador-de-futebol-entre-influencers-implicados-em-violacao-de-menor-em-loures\/"},"wordCount":149,"image":{"@id":"https:\/\/portaltela.pt\/noticias\/2026\/04\/13\/jogador-de-futebol-entre-influencers-implicados-em-violacao-de-menor-em-loures\/#primaryimage"},"thumbnailUrl":"https:\/\/portaltela.pt\/s.01k8rhncp4jt1\/2026\/04\/819039b6-0731-4873-9ec4-b729d29be04d_1200x675.jpg","keywords":["crime sexual","crimes","Loures","pornografia de menores","viola\u00e7\u00e3o","viol\u00eancia de menor dependente ou em situa\u00e7\u00e3o vulner\u00e1vel"],"articleSection":["Crimes contra a pessoa","Not\u00edcias"],"inLanguage":"pt-PT"},{"@type":"WebPage","@id":"https:\/\/portaltela.pt\/noticias\/2026\/04\/13\/jogador-de-futebol-entre-influencers-implicados-em-violacao-de-menor-em-loures\/","url":"https:\/\/portaltela.pt\/noticias\/2026\/04\/13\/jogador-de-futebol-entre-influencers-implicados-em-violacao-de-menor-em-loures\/","name":"Jogador de futebol entre influencers implicados em viola\u00e7\u00e3o de menor em Loures - Portal Tela Portugal","isPartOf":{"@id":"https:\/\/portaltela.pt\/#website"},"primaryImageOfPage":{"@id":"https:\/\/portaltela.pt\/noticias\/2026\/04\/13\/jogador-de-futebol-entre-influencers-implicados-em-violacao-de-menor-em-loures\/#primaryimage"},"image":{"@id":"https:\/\/portaltela.pt\/noticias\/2026\/04\/13\/jogador-de-futebol-entre-influencers-implicados-em-violacao-de-menor-em-loures\/#primaryimage"},"thumbnailUrl":"https:\/\/portaltela.pt\/s.01k8rhncp4jt1\/2026\/04\/819039b6-0731-4873-9ec4-b729d29be04d_1200x675.jpg","datePublished":"2026-04-13T14:17:20+00:00","author":{"@id":"https:\/\/portaltela.pt\/#\/schema\/person\/c4278d4a6028830caff9ee44b42d32ed"},"breadcrumb":{"@id":"https:\/\/portaltela.pt\/noticias\/2026\/04\/13\/jogador-de-futebol-entre-influencers-implicados-em-violacao-de-menor-em-loures\/#breadcrumb"},"inLanguage":"pt-PT","potentialAction":[{"@type":"ReadAction","target":["https:\/\/portaltela.pt\/noticias\/2026\/04\/13\/jogador-de-futebol-entre-influencers-implicados-em-violacao-de-menor-em-loures\/"]}]},{"@type":"ImageObject","inLanguage":"pt-PT","@id":"https:\/\/portaltela.pt\/noticias\/2026\/04\/13\/jogador-de-futebol-entre-influencers-implicados-em-violacao-de-menor-em-loures\/#primaryimage","url":"https:\/\/portaltela.pt\/s.01k8rhncp4jt1\/2026\/04\/819039b6-0731-4873-9ec4-b729d29be04d_1200x675.jpg","contentUrl":"https:\/\/portaltela.pt\/s.01k8rhncp4jt1\/2026\/04\/819039b6-0731-4873-9ec4-b729d29be04d_1200x675.jpg","width":796,"height":448,"caption":"V\u00edtima de viola\u00e7\u00e3o fez queixa na GNR"},{"@type":"BreadcrumbList","@id":"https:\/\/portaltela.pt\/noticias\/2026\/04\/13\/jogador-de-futebol-entre-influencers-implicados-em-violacao-de-menor-em-loures\/#breadcrumb","itemListElement":[{"@type":"ListItem","position":1,"name":"In\u00edcio","item":"https:\/\/portaltela.pt\/"},{"@type":"ListItem","position":2,"name":"Jogador de futebol entre influencers implicados em viola\u00e7\u00e3o de menor em Loures"}]},{"@type":"WebSite","@id":"https:\/\/portaltela.pt\/#website","url":"https:\/\/portaltela.pt\/","name":"Portal Tela Portugal","description":"","potentialAction":[{"@type":"SearchAction","target":{"@type":"EntryPoint","urlTemplate":"https:\/\/portaltela.pt\/?s={search_term_string}"},"query-input":{"@type":"PropertyValueSpecification","valueRequired":true,"valueName":"search_term_string"}}],"inLanguage":"pt-PT"},{"@type":"Person","@id":"https:\/\/portaltela.pt\/#\/schema\/person\/c4278d4a6028830caff9ee44b42d32ed","name":"Telinha","image":{"@type":"ImageObject","inLanguage":"pt-PT","@id":"https:\/\/portaltela.pt\/s.01k8rhncp4jt1\/2025\/11\/talking-bot-125x125.png","url":"https:\/\/portaltela.pt\/s.01k8rhncp4jt1\/2025\/11\/talking-bot-125x125.png","contentUrl":"https:\/\/portaltela.pt\/s.01k8rhncp4jt1\/2025\/11\/talking-bot-125x125.png","caption":"Telinha"},"sameAs":["https:\/\/portaltela.pt\/"],"url":"https:\/\/portaltela.pt\/por\/367410592786\/"}]}},"_links":{"self":[{"href":"https:\/\/portaltela.pt\/api\/wp\/v2\/posts\/442501","targetHints":{"allow":["GET"]}}],"collection":[{"href":"https:\/\/portaltela.pt\/api\/wp\/v2\/posts"}],"about":[{"href":"https:\/\/portaltela.pt\/api\/wp\/v2\/types\/post"}],"author":[{"embeddable":true,"href":"https:\/\/portaltela.pt\/api\/wp\/v2\/users\/2"}],"replies":[{"embeddable":true,"href":"https:\/\/portaltela.pt\/api\/wp\/v2\/comments?post=442501"}],"version-history":[{"count":0,"href":"https:\/\/portaltela.pt\/api\/wp\/v2\/posts\/442501\/revisions"}],"wp:featuredmedia":[{"embeddable":true,"href":"https:\/\/portaltela.pt\/api\/wp\/v2\/media\/442507"}],"wp:attachment":[{"href":"https:\/\/portaltela.pt\/api\/wp\/v2\/media?parent=442501"}],"wp:term":[{"taxonomy":"category","embeddable":true,"href":"https:\/\/portaltela.pt\/api\/wp\/v2\/categories?post=442501"},{"taxonomy":"post_tag","embeddable":true,"href":"https:\/\/portaltela.pt\/api\/wp\/v2\/tags?post=442501"}],"curies":[{"name":"wp","href":"https:\/\/api.w.org\/{rel}","templated":true}]}}